{"id":3649,"date":"2017-10-28T11:47:58","date_gmt":"2017-10-28T19:47:58","guid":{"rendered":"http:\/\/www.entremundos.org\/revista\/?p=3649"},"modified":"2017-12-08T20:06:03","modified_gmt":"2017-12-09T04:06:03","slug":"datos-no-mienten-racismo-desigualdad-guatemala","status":"publish","type":"post","link":"https:\/\/www.entremundos.org\/revista\/uncategorized\/datos-no-mienten-racismo-desigualdad-guatemala\/","title":{"rendered":"Los datos no mienten: El racismo de la desigualdad en Guatemala"},"content":{"rendered":"<p>Esta es la Parte II del art\u00edculo \u00ab<em><a href=\"http:\/\/www.entremundos.org\/revista\/uncategorized\/los-datos-no-mie\u2026dad-de-guatemala\/\">Los datos no mienten: La alarmante desigualdad de Guatemala<\/a><\/em>\u00bb<\/p>\n<p>El Estado de Guatemala esta entre los peores del mundo en cuanto a gasto social, seg\u00fan el Banco Mundial y la ONU. (Vea: <em><a href=\"http:\/\/www.entremundos.org\/revista\/economia\/el-gasto-publico\u2026l-peor-del-mundo\/\">El gasto p\u00fablico de Guatemala: \u00bfEl peor del mundo?<\/a><\/em>) Gasta muy poco, y lo poco que gasta est\u00e1 distribuido de manera desigual.<\/p>\n<figure id=\"attachment_3650\" aria-describedby=\"caption-attachment-3650\" style=\"width: 960px\" class=\"wp-caption aligncenter\"><a href=\"https:\/\/i0.wp.com\/www.entremundos.org\/revista\/wp-content\/uploads\/2017\/10\/racismoinstitucionalizado.png\"><img data-recalc-dims=\"1\" loading=\"lazy\" decoding=\"async\" class=\"wp-image-3650 size-large\" src=\"https:\/\/i0.wp.com\/www.entremundos.org\/revista\/wp-content\/uploads\/2017\/10\/racismoinstitucionalizado-1024x564.png?resize=640%2C353\" alt=\"\" width=\"640\" height=\"353\" srcset=\"https:\/\/i0.wp.com\/www.entremundos.org\/revista\/wp-content\/uploads\/2017\/10\/racismoinstitucionalizado.png?resize=1024%2C564&amp;ssl=1 1024w, https:\/\/i0.wp.com\/www.entremundos.org\/revista\/wp-content\/uploads\/2017\/10\/racismoinstitucionalizado.png?resize=300%2C165&amp;ssl=1 300w, https:\/\/i0.wp.com\/www.entremundos.org\/revista\/wp-content\/uploads\/2017\/10\/racismoinstitucionalizado.png?resize=768%2C423&amp;ssl=1 768w, https:\/\/i0.wp.com\/www.entremundos.org\/revista\/wp-content\/uploads\/2017\/10\/racismoinstitucionalizado.png?resize=335%2C185&amp;ssl=1 335w, https:\/\/i0.wp.com\/www.entremundos.org\/revista\/wp-content\/uploads\/2017\/10\/racismoinstitucionalizado.png?resize=1050%2C579&amp;ssl=1 1050w, https:\/\/i0.wp.com\/www.entremundos.org\/revista\/wp-content\/uploads\/2017\/10\/racismoinstitucionalizado.png?w=1094&amp;ssl=1 1094w\" sizes=\"auto, (max-width: 640px) 100vw, 640px\" \/><\/a><figcaption id=\"caption-attachment-3650\" class=\"wp-caption-text\">Fuente: Instituto Centroamericano de Estudios Fiscales con base en informaci\u00f3n oficial.<\/figcaption><\/figure>\n<p>Este racismo institucionalizado hace que la desnutrici\u00f3n cr\u00f3nica sea especialmente com\u00fan entre la ni\u00f1ez ind\u00edgena. Afecta a aproximadamente al 47% de los ni\u00f1os y ni\u00f1as guatemaltecos, y a cerca del 66% de los ni\u00f1os y ni\u00f1as ind\u00edgenas. Incluso en Korea del Norte, la tasa es <a href=\"https:\/\/www.voanews.com\/a\/un-report-says-more-north-korean-children-treated-for-malnutrition\/2867477.html\">menor del 30%<\/a>, seg\u00fan la ONU.<\/p>\n<p><a href=\"https:\/\/i0.wp.com\/www.entremundos.org\/revista\/wp-content\/uploads\/2017\/10\/desnutricioncronica.png\"><img data-recalc-dims=\"1\" loading=\"lazy\" decoding=\"async\" class=\"aligncenter wp-image-3652\" src=\"https:\/\/i0.wp.com\/www.entremundos.org\/revista\/wp-content\/uploads\/2017\/10\/desnutricioncronica-1024x726.png?resize=552%2C391\" alt=\"\" width=\"552\" height=\"391\" srcset=\"https:\/\/i0.wp.com\/www.entremundos.org\/revista\/wp-content\/uploads\/2017\/10\/desnutricioncronica.png?resize=1024%2C726&amp;ssl=1 1024w, https:\/\/i0.wp.com\/www.entremundos.org\/revista\/wp-content\/uploads\/2017\/10\/desnutricioncronica.png?resize=300%2C213&amp;ssl=1 300w, https:\/\/i0.wp.com\/www.entremundos.org\/revista\/wp-content\/uploads\/2017\/10\/desnutricioncronica.png?resize=768%2C545&amp;ssl=1 768w, https:\/\/i0.wp.com\/www.entremundos.org\/revista\/wp-content\/uploads\/2017\/10\/desnutricioncronica.png?resize=335%2C238&amp;ssl=1 335w, https:\/\/i0.wp.com\/www.entremundos.org\/revista\/wp-content\/uploads\/2017\/10\/desnutricioncronica.png?resize=1050%2C745&amp;ssl=1 1050w, https:\/\/i0.wp.com\/www.entremundos.org\/revista\/wp-content\/uploads\/2017\/10\/desnutricioncronica.png?w=1410&amp;ssl=1 1410w, https:\/\/i0.wp.com\/www.entremundos.org\/revista\/wp-content\/uploads\/2017\/10\/desnutricioncronica.png?w=1280&amp;ssl=1 1280w\" sizes=\"auto, (max-width: 552px) 100vw, 552px\" \/><\/a><\/p>\n<p>As\u00ed como la desigualdad en el gasto social hace m\u00e1s vulnerables a las familias ind\u00edgenas ante el incremento de los precios de los alimentos y vuelve a los ni\u00f1os m\u00e1s propensos a padecer desnutrici\u00f3n cr\u00f3nica, tambi\u00e9n hace que la educaci\u00f3n sea menos accesible para las comunidades ind\u00edgenas. La siguiente gr\u00e1fica de \u00ab<a href=\"http:\/\/paraisodesigual.gt\/\">Para\u00edso Desigual<\/a>\u00bb muestra el problema generalizada de la no asistencia a la escuela.<\/p>\n<p><a href=\"https:\/\/i0.wp.com\/www.entremundos.org\/revista\/wp-content\/uploads\/2017\/10\/icefieducacion.png\"><img data-recalc-dims=\"1\" loading=\"lazy\" decoding=\"async\" class=\"aligncenter size-large wp-image-3631\" src=\"https:\/\/i0.wp.com\/www.entremundos.org\/revista\/wp-content\/uploads\/2017\/10\/icefieducacion-1024x451.png?resize=640%2C282\" alt=\"\" width=\"640\" height=\"282\" srcset=\"https:\/\/i0.wp.com\/www.entremundos.org\/revista\/wp-content\/uploads\/2017\/10\/icefieducacion.png?resize=1024%2C451&amp;ssl=1 1024w, https:\/\/i0.wp.com\/www.entremundos.org\/revista\/wp-content\/uploads\/2017\/10\/icefieducacion.png?resize=300%2C132&amp;ssl=1 300w, https:\/\/i0.wp.com\/www.entremundos.org\/revista\/wp-content\/uploads\/2017\/10\/icefieducacion.png?resize=768%2C338&amp;ssl=1 768w, https:\/\/i0.wp.com\/www.entremundos.org\/revista\/wp-content\/uploads\/2017\/10\/icefieducacion.png?resize=335%2C147&amp;ssl=1 335w, https:\/\/i0.wp.com\/www.entremundos.org\/revista\/wp-content\/uploads\/2017\/10\/icefieducacion.png?resize=1050%2C462&amp;ssl=1 1050w, https:\/\/i0.wp.com\/www.entremundos.org\/revista\/wp-content\/uploads\/2017\/10\/icefieducacion.png?w=1636&amp;ssl=1 1636w, https:\/\/i0.wp.com\/www.entremundos.org\/revista\/wp-content\/uploads\/2017\/10\/icefieducacion.png?w=1280&amp;ssl=1 1280w\" sizes=\"auto, (max-width: 640px) 100vw, 640px\" \/><\/a><\/p>\n<p>Otra tendencia que perjudica a las comunidades ind\u00edgenas de Guatemala \u2013 y tambi\u00e9n a todos los guatemaltecos &#8211; es la concentraci\u00f3n de tierras en cada vez menos manos. Este fen\u00f3meno est\u00e1 contribuyendo al incremento de la concentraci\u00f3n de la riqueza, la inseguridad alimentaria y la desigualdad. <a href=\"http:\/\/icefi.org\/noticias\/analisis-del-icefi-sobre-desigualdad-se-presentan-comunidad-universitaria\">92% de los peque\u00f1os agricultores ocupan \u00fanicamente 22% de la tierra cultivable de Guatemala, mientras que el 2% de los terratenientes controlan el 57% de la tierra cultivable<\/a> del pa\u00eds.<\/p>\n<p>La mayor\u00eda de la poblaci\u00f3n ind\u00edgena de Guatemala, aproximadamente el 50% del pa\u00eds, vive en \u00e1reas rurales, donde la concentraci\u00f3n de tierra ha aumentado la pobreza. Tambi\u00e9n ha contribuido a los aumentos continuos y agudos en los precios de los alimentos a nivel nacional.<\/p>\n<p>Esta gr\u00e1fica de <a href=\"http:\/\/icefi.org\/noticias\/el-foro-paraiso-desigual-promovio-el-dialogo-ciudadano-sobre-la-desigualdad-en-guatemala\">una presentaci\u00f3n de la campa\u00f1a Para\u00edso Desigual<\/a> muestra que los terrenos de los terratenientes no-ind\u00edgenas son en promedio m\u00e1s de 5 veces m\u00e1s grandes que los terrenos ind\u00edgenas. 65.4% de las fincas est\u00e1n en manos ind\u00edgenas, pero estas fincas usan solo el 26.8% del total de la tierra cultivable del pa\u00eds.<\/p>\n<p><a href=\"https:\/\/i0.wp.com\/www.entremundos.org\/revista\/wp-content\/uploads\/2017\/10\/tierrasindnoind-1.png\"><img data-recalc-dims=\"1\" loading=\"lazy\" decoding=\"async\" class=\"aligncenter wp-image-3656\" src=\"https:\/\/i0.wp.com\/www.entremundos.org\/revista\/wp-content\/uploads\/2017\/10\/tierrasindnoind-1.png?resize=501%2C371\" alt=\"\" width=\"501\" height=\"371\" srcset=\"https:\/\/i0.wp.com\/www.entremundos.org\/revista\/wp-content\/uploads\/2017\/10\/tierrasindnoind-1.png?w=754&amp;ssl=1 754w, https:\/\/i0.wp.com\/www.entremundos.org\/revista\/wp-content\/uploads\/2017\/10\/tierrasindnoind-1.png?resize=300%2C222&amp;ssl=1 300w, https:\/\/i0.wp.com\/www.entremundos.org\/revista\/wp-content\/uploads\/2017\/10\/tierrasindnoind-1.png?resize=72%2C54&amp;ssl=1 72w, https:\/\/i0.wp.com\/www.entremundos.org\/revista\/wp-content\/uploads\/2017\/10\/tierrasindnoind-1.png?resize=335%2C248&amp;ssl=1 335w\" sizes=\"auto, (max-width: 501px) 100vw, 501px\" \/><\/a><\/p>\n<p>El aumento en la concentraci\u00f3n de tierras en pocas manos aumenta la pobreza, no solo entre los peque\u00f1os agricultores quienes tienen cada vez menos tierra, sino tambi\u00e9n entre la poblaci\u00f3n guatemalteca en general. En la gran mayor\u00eda de los terrenos no-ind\u00edgenas se cultivan productos como la palma africana, banano, az\u00facar y caucho, productos que se destinan principalmente a la exportaci\u00f3n.<\/p>\n<p>Los cultivos peque\u00f1os (generalmente de gente ind\u00edgena), cuya \u00e1rea se est\u00e1 reduciendo, producen verduras y otros alimentos destinados principalmente a los mercados de nacionales. Los precios de los alimentos suben cuando se usa m\u00e1s tierra para cultivar productos para mercados extranjeros y menos tierra para cultivar productos para los mercados de Guatemala. Los precios altos afectan a todo el pa\u00eds, y especialmente a los m\u00e1s pobres.<\/p>\n<p>La gr\u00e1fica a continuaci\u00f3n muestra el crecimiento del \u00e1rea total de tierras controladas por las grandes fincas de ca\u00f1a de az\u00facar y de palma africana, dos cultivos cuyos productos se destinan en su mayor\u00eda al extranjero. Los porcentajes representan el crecimiento del \u00e1rea entre 1990 y 2010. Este crecimiento ha perjudicado a los cultivos peque\u00f1os y los precios de los alimentos.<\/p>\n<p><a href=\"https:\/\/i0.wp.com\/www.entremundos.org\/revista\/wp-content\/uploads\/2017\/10\/superficiedeproduccion.png\"><img data-recalc-dims=\"1\" loading=\"lazy\" decoding=\"async\" class=\"aligncenter size-full wp-image-3658\" src=\"https:\/\/i0.wp.com\/www.entremundos.org\/revista\/wp-content\/uploads\/2017\/10\/superficiedeproduccion.png?resize=640%2C456\" alt=\"\" width=\"640\" height=\"456\" srcset=\"https:\/\/i0.wp.com\/www.entremundos.org\/revista\/wp-content\/uploads\/2017\/10\/superficiedeproduccion.png?w=842&amp;ssl=1 842w, https:\/\/i0.wp.com\/www.entremundos.org\/revista\/wp-content\/uploads\/2017\/10\/superficiedeproduccion.png?resize=300%2C214&amp;ssl=1 300w, https:\/\/i0.wp.com\/www.entremundos.org\/revista\/wp-content\/uploads\/2017\/10\/superficiedeproduccion.png?resize=768%2C547&amp;ssl=1 768w, https:\/\/i0.wp.com\/www.entremundos.org\/revista\/wp-content\/uploads\/2017\/10\/superficiedeproduccion.png?resize=335%2C239&amp;ssl=1 335w\" sizes=\"auto, (max-width: 640px) 100vw, 640px\" \/><\/a><\/p>\n<p>El costo de la \u00abcanasta b\u00e1sica\u00bb, una medida de los alimentos necesarios por una familia de cinco miembros que llene los requerimientos nutricionales m\u00e1s b\u00e1sicos, ha ido en aumento. El Instituto Nacional de Estad\u00edsticas (INE) report\u00f3 que en junio 2017 el costo de la canasta b\u00e1sica lleg\u00f3 a Q4,351.<\/p>\n<p><a href=\"https:\/\/i0.wp.com\/www.entremundos.org\/revista\/wp-content\/uploads\/2017\/10\/canastabasica.png\"><img data-recalc-dims=\"1\" loading=\"lazy\" decoding=\"async\" class=\"aligncenter size-large wp-image-3660\" src=\"https:\/\/i0.wp.com\/www.entremundos.org\/revista\/wp-content\/uploads\/2017\/10\/canastabasica-1024x337.png?resize=640%2C211\" alt=\"\" width=\"640\" height=\"211\" srcset=\"https:\/\/i0.wp.com\/www.entremundos.org\/revista\/wp-content\/uploads\/2017\/10\/canastabasica.png?resize=1024%2C337&amp;ssl=1 1024w, https:\/\/i0.wp.com\/www.entremundos.org\/revista\/wp-content\/uploads\/2017\/10\/canastabasica.png?resize=300%2C99&amp;ssl=1 300w, https:\/\/i0.wp.com\/www.entremundos.org\/revista\/wp-content\/uploads\/2017\/10\/canastabasica.png?resize=768%2C252&amp;ssl=1 768w, https:\/\/i0.wp.com\/www.entremundos.org\/revista\/wp-content\/uploads\/2017\/10\/canastabasica.png?resize=335%2C110&amp;ssl=1 335w, https:\/\/i0.wp.com\/www.entremundos.org\/revista\/wp-content\/uploads\/2017\/10\/canastabasica.png?resize=1050%2C345&amp;ssl=1 1050w, https:\/\/i0.wp.com\/www.entremundos.org\/revista\/wp-content\/uploads\/2017\/10\/canastabasica.png?w=1576&amp;ssl=1 1576w, https:\/\/i0.wp.com\/www.entremundos.org\/revista\/wp-content\/uploads\/2017\/10\/canastabasica.png?w=1280&amp;ssl=1 1280w\" sizes=\"auto, (max-width: 640px) 100vw, 640px\" \/><\/a><\/p>\n<p>En enero 2014, el costo ni llegaba a Q3,000. Es un aumento de 45% en solo tres a\u00f1os. En el mismo periodo, seg\u00fan el INE, el \u00edndice de precios al consumidor (IPC) solo aument\u00f3 UN 13%, mostrando que los precios de los alimentos est\u00e1n aumentando mucho m\u00e1s r\u00e1pido que los precios de todo lo dem\u00e1s.<\/p>\n<p>Aunque <a href=\"https:\/\/www.plazapublica.com.gt\/content\/no-medimos-bien-la-inflacion-de-los-precios-de-los-alimentos\">nuevas investigaciones sugieren<\/a> que el INE sobreestima por mucho los precios de los alimentos, es cierto que en junio la libra del tomate <a href=\"http:\/\/www.prensalibre.com\/economia\/economia\/amas-de-casa-se-quejan-por-precios-elevados-del-tomate\">lleg\u00f3 a costar Q8<\/a> en la Ciudad de Guatemala.<\/p>\n<p>La \u00abcanasta b\u00e1sica vital\u00bb, una medida de los costos b\u00e1sicos necesarios para mantener a una familia de cinco miembros fuera de la pobreza, que incluyen gastos b\u00e1sicos en educaci\u00f3n, transporte, ropa, vivienda y otros gastos, tambi\u00e9n ha ido aumentando llegando en junio a costar Q7,940.<\/p>\n<p>Los costos mensuales de la canasta b\u00e1sica (Q4,170.6) y la canasta b\u00e1sica vital (Q7,610.68) exceden por mucho el ingreso promedio a nivel nacional de <a href=\"https:\/\/elperiodico.com.gt\/inversion\/2017\/04\/18\/salarios-estan-por-debajo-de-las-demandas-laborales-en-la-ciudad-y-el-area-rural\/\">Q2,158 al mes<\/a>. El acaparamiento de tierra afecta a todos.<\/p>\n<p>Vea tambi\u00e9n: <em><a href=\"http:\/\/www.entremundos.org\/revista\/uncategorized\/los-datos-no-mie\u2026udica-los-pobres\/\">Los datos no mienten: El sistema tributario de Guatemala favorece a los ricos y perjudica a los pobres<\/a><\/em>.<\/p>\n","protected":false},"excerpt":{"rendered":"<p>Esta es la Parte II del art\u00edculo \u00abLos datos no mienten: La alarmante desigualdad de Guatemala\u00bb El Estado de Guatemala esta entre los peores del mundo en cuanto a gasto social, seg\u00fan el Banco Mundial y la ONU. (Vea: El gasto p\u00fablico de Guatemala: \u00bfEl peor del mundo?) Gasta muy poco, y lo poco que [&hellip;]<\/p>\n","protected":false},"author":1,"featured_media":3650,"comment_status":"closed","ping_status":"closed","sticky":false,"template":"","format":"standard","meta":{"_exactmetrics_skip_tracking":false,"_exactmetrics_sitenote_active":false,"_exactmetrics_sitenote_note":"","_exactmetrics_sitenote_category":0,"jetpack_post_was_ever_published":false,"_jetpack_newsletter_access":"","_jetpack_dont_email_post_to_subs":false,"_jetpack_newsletter_tier_id":0,"_jetpack_memberships_contains_paywalled_content":false,"_jetpack_memberships_contains_paid_content":false,"footnotes":""},"categories":[454,1],"tags":[493,1093,1090,1091,49,731,800,65,815,1092,592],"class_list":["post-3649","post","type-post","status-publish","format-standard","has-post-thumbnail","hentry","category-pagetwo","category-uncategorized","tag-acaparamiento-de-tierras","tag-canasta-basica","tag-concentracion","tag-concentracion-de-tierras","tag-economia","tag-educacion","tag-gasto-publico","tag-guatemala","tag-paraiso-desigual","tag-precios-de-los-alimentos","tag-racismo"],"jetpack_featured_media_url":"https:\/\/i0.wp.com\/www.entremundos.org\/revista\/wp-content\/uploads\/2017\/10\/racismoinstitucionalizado.png?fit=1094%2C603&ssl=1","jetpack_shortlink":"https:\/\/wp.me\/p7ljt7-WR","jetpack-related-posts":[{"id":12859,"url":"https:\/\/www.entremundos.org\/revista\/politica\/mujeres-indigenas-y-rurales-en-defensa-del-territorio-frente-al-extractivismo-en-guatemala\/","url_meta":{"origin":3649,"position":0},"title":"Mujeres ind\u00edgenas y rurales en defensa del territorio frente al extractivismo en Guatemala","author":"EntreMundos","date":"21 mayo, 2025","format":false,"excerpt":"Por Asociadas Por lo Justo (JASS) Este es un resumen de un mapeo realizado por JASS, para compartir sus an\u00e1lisis, sus luchas y los impactos en sus vidas. El objetivo es contar las luchas por el territorio frente al extractivismo en Guatemala e identificar el papel y el impacto en\u2026","rel":"","context":"En \u00abFrontPage\u00bb","block_context":{"text":"FrontPage","link":"https:\/\/www.entremundos.org\/revista\/category\/frontpage\/"},"img":{"alt_text":"","src":"https:\/\/i0.wp.com\/www.entremundos.org\/revista\/wp-content\/uploads\/2025\/05\/2-scaled.png?fit=1200%2C843&ssl=1&resize=350%2C200","width":350,"height":200,"srcset":"https:\/\/i0.wp.com\/www.entremundos.org\/revista\/wp-content\/uploads\/2025\/05\/2-scaled.png?fit=1200%2C843&ssl=1&resize=350%2C200 1x, https:\/\/i0.wp.com\/www.entremundos.org\/revista\/wp-content\/uploads\/2025\/05\/2-scaled.png?fit=1200%2C843&ssl=1&resize=525%2C300 1.5x, https:\/\/i0.wp.com\/www.entremundos.org\/revista\/wp-content\/uploads\/2025\/05\/2-scaled.png?fit=1200%2C843&ssl=1&resize=700%2C400 2x, https:\/\/i0.wp.com\/www.entremundos.org\/revista\/wp-content\/uploads\/2025\/05\/2-scaled.png?fit=1200%2C843&ssl=1&resize=1050%2C600 3x"},"classes":[]},{"id":13246,"url":"https:\/\/www.entremundos.org\/revista\/politica\/el-mundo-no-es-como-lo-imaginamos\/","url_meta":{"origin":3649,"position":1},"title":"El mundo no es como lo imaginamos","author":"EntreMundos","date":"17 septiembre, 2025","format":false,"excerpt":"Por Juan Jos\u00e9 Hurtado Paz y Paz \"Ojal\u00e1 viviera en la teor\u00eda, porque en teor\u00eda todo est\u00e1 bien\" \u00a0Cita atribuida a Quino (Joaqu\u00edn Salvador Lavado Tej\u00f3n), en boca de su personaje Mafalda\u00a0 Vivimos en un mundo injusto, desigual, que excluye a las mayor\u00edas de oportunidades y posibilidades, y que niega\u2026","rel":"","context":"En \u00abFrontPage\u00bb","block_context":{"text":"FrontPage","link":"https:\/\/www.entremundos.org\/revista\/category\/frontpage\/"},"img":{"alt_text":"","src":"https:\/\/i0.wp.com\/www.entremundos.org\/revista\/wp-content\/uploads\/2025\/09\/img86.jpg?fit=1200%2C683&ssl=1&resize=350%2C200","width":350,"height":200,"srcset":"https:\/\/i0.wp.com\/www.entremundos.org\/revista\/wp-content\/uploads\/2025\/09\/img86.jpg?fit=1200%2C683&ssl=1&resize=350%2C200 1x, https:\/\/i0.wp.com\/www.entremundos.org\/revista\/wp-content\/uploads\/2025\/09\/img86.jpg?fit=1200%2C683&ssl=1&resize=525%2C300 1.5x, https:\/\/i0.wp.com\/www.entremundos.org\/revista\/wp-content\/uploads\/2025\/09\/img86.jpg?fit=1200%2C683&ssl=1&resize=700%2C400 2x, https:\/\/i0.wp.com\/www.entremundos.org\/revista\/wp-content\/uploads\/2025\/09\/img86.jpg?fit=1200%2C683&ssl=1&resize=1050%2C600 3x"},"classes":[]},{"id":12488,"url":"https:\/\/www.entremundos.org\/revista\/politica\/de-la-lucha-a-la-agricultura-en-las-montanas-de-guatemala\/","url_meta":{"origin":3649,"position":2},"title":"De la lucha a la agricultura en las monta\u00f1as de Guatemala","author":"EntreMundos","date":"13 noviembre, 2024","format":false,"excerpt":"POR JONATHAN LOTT A la sombra de las monta\u00f1as selv\u00e1ticas de Guatemala, anta\u00f1o cargadas del espectro del conflicto, el olor del caf\u00e9 flota en el aire. Una generaci\u00f3n despu\u00e9s del hist\u00f3rico acuerdo de paz que puso fin a la guerra civil guatemalteca (1960-1996), decenas de exguerrilleros trabajan ahora la tierra\u2026","rel":"","context":"En \u00abFrontPage\u00bb","block_context":{"text":"FrontPage","link":"https:\/\/www.entremundos.org\/revista\/category\/frontpage\/"},"img":{"alt_text":"","src":"https:\/\/i0.wp.com\/www.entremundos.org\/revista\/wp-content\/uploads\/2024\/11\/anita2-e1731543808410.jpg?fit=910%2C671&ssl=1&resize=350%2C200","width":350,"height":200,"srcset":"https:\/\/i0.wp.com\/www.entremundos.org\/revista\/wp-content\/uploads\/2024\/11\/anita2-e1731543808410.jpg?fit=910%2C671&ssl=1&resize=350%2C200 1x, https:\/\/i0.wp.com\/www.entremundos.org\/revista\/wp-content\/uploads\/2024\/11\/anita2-e1731543808410.jpg?fit=910%2C671&ssl=1&resize=525%2C300 1.5x, https:\/\/i0.wp.com\/www.entremundos.org\/revista\/wp-content\/uploads\/2024\/11\/anita2-e1731543808410.jpg?fit=910%2C671&ssl=1&resize=700%2C400 2x"},"classes":[]},{"id":13649,"url":"https:\/\/www.entremundos.org\/revista\/politica\/la-urgencia-de-comprender-la-historia-y-sus-lecciones\/","url_meta":{"origin":3649,"position":3},"title":"La urgencia de comprender la historia y sus lecciones","author":"EntreMundos","date":"4 abril, 2026","format":false,"excerpt":"POR JUAN JOS\u00c9 HURTADO PAZ En los \u00faltimos meses se escuchan voces que defienden la intervenci\u00f3n imperialista yanqui contra Venezuela con el argumento aparentemente simple y moralizante: hab\u00eda una dictadura y deb\u00eda ser removida. Bajo esta narrativa, la intervenci\u00f3n externa se presenta como una acci\u00f3n necesaria, casi humanitaria, destinada a\u2026","rel":"","context":"En \u00abFrontPage\u00bb","block_context":{"text":"FrontPage","link":"https:\/\/www.entremundos.org\/revista\/category\/frontpage\/"},"img":{"alt_text":"","src":"","width":0,"height":0},"classes":[]},{"id":13642,"url":"https:\/\/www.entremundos.org\/revista\/politica\/las-mujeres-inspiran-es-hora-de-acabar-con-las-brechas-de-desigualdad\/","url_meta":{"origin":3649,"position":4},"title":"Las mujeres inspiran: Es hora de acabar con las brechas de desigualdad","author":"EntreMundos","date":"4 abril, 2026","format":false,"excerpt":"POR MARIANA L\u00d3PEZ La discriminaci\u00f3n y racismo son temas que se han abordado e incluso se ha dicho que ya se han superado estando lejos de ser parte de nuestra realidad, sin embargo, basta con observar para comprender que una cosa es el discurso y otra la pr\u00e1ctica. En la\u2026","rel":"","context":"En \u00abFrontPage\u00bb","block_context":{"text":"FrontPage","link":"https:\/\/www.entremundos.org\/revista\/category\/frontpage\/"},"img":{"alt_text":"","src":"https:\/\/i0.wp.com\/www.entremundos.org\/revista\/wp-content\/uploads\/2026\/03\/649499575_1230883245899060_5224768132019882352_n.jpg?fit=1200%2C800&ssl=1&resize=350%2C200","width":350,"height":200,"srcset":"https:\/\/i0.wp.com\/www.entremundos.org\/revista\/wp-content\/uploads\/2026\/03\/649499575_1230883245899060_5224768132019882352_n.jpg?fit=1200%2C800&ssl=1&resize=350%2C200 1x, https:\/\/i0.wp.com\/www.entremundos.org\/revista\/wp-content\/uploads\/2026\/03\/649499575_1230883245899060_5224768132019882352_n.jpg?fit=1200%2C800&ssl=1&resize=525%2C300 1.5x, https:\/\/i0.wp.com\/www.entremundos.org\/revista\/wp-content\/uploads\/2026\/03\/649499575_1230883245899060_5224768132019882352_n.jpg?fit=1200%2C800&ssl=1&resize=700%2C400 2x, https:\/\/i0.wp.com\/www.entremundos.org\/revista\/wp-content\/uploads\/2026\/03\/649499575_1230883245899060_5224768132019882352_n.jpg?fit=1200%2C800&ssl=1&resize=1050%2C600 3x"},"classes":[]},{"id":10833,"url":"https:\/\/www.entremundos.org\/revista\/politica\/violencia-contra-las-mujeres-dominio-masculino-en-la-politica\/","url_meta":{"origin":3649,"position":5},"title":"Violencia contra las mujeres: dominio masculino en la pol\u00edtica","author":"EntreMundos","date":"29 mayo, 2023","format":false,"excerpt":"Silvia Lilian Trujillo La violencia pol\u00edtica es sistem\u00e1tica y permanente, se produce para inhibir, ralentizar o restringir la participaci\u00f3n pol\u00edtica de mujeres, en el marco de un sistema que se resiste a aceptar su igualdad de derechos. Mientras no se trabaje para acabar con esta violencia espec\u00edfica la calidad de\u2026","rel":"","context":"En \u00abFrontPage\u00bb","block_context":{"text":"FrontPage","link":"https:\/\/www.entremundos.org\/revista\/category\/frontpage\/"},"img":{"alt_text":"","src":"https:\/\/i0.wp.com\/www.entremundos.org\/revista\/wp-content\/uploads\/2023\/05\/000_16w772-1.jpg?fit=1200%2C799&ssl=1&resize=350%2C200","width":350,"height":200,"srcset":"https:\/\/i0.wp.com\/www.entremundos.org\/revista\/wp-content\/uploads\/2023\/05\/000_16w772-1.jpg?fit=1200%2C799&ssl=1&resize=350%2C200 1x, https:\/\/i0.wp.com\/www.entremundos.org\/revista\/wp-content\/uploads\/2023\/05\/000_16w772-1.jpg?fit=1200%2C799&ssl=1&resize=525%2C300 1.5x, https:\/\/i0.wp.com\/www.entremundos.org\/revista\/wp-content\/uploads\/2023\/05\/000_16w772-1.jpg?fit=1200%2C799&ssl=1&resize=700%2C400 2x, https:\/\/i0.wp.com\/www.entremundos.org\/revista\/wp-content\/uploads\/2023\/05\/000_16w772-1.jpg?fit=1200%2C799&ssl=1&resize=1050%2C600 3x"},"classes":[]}],"jetpack_sharing_enabled":true,"_links":{"self":[{"href":"https:\/\/www.entremundos.org\/revista\/wp-json\/wp\/v2\/posts\/3649","targetHints":{"allow":["GET"]}}],"collection":[{"href":"https:\/\/www.entremundos.org\/revista\/wp-json\/wp\/v2\/posts"}],"about":[{"href":"https:\/\/www.entremundos.org\/revista\/wp-json\/wp\/v2\/types\/post"}],"author":[{"embeddable":true,"href":"https:\/\/www.entremundos.org\/revista\/wp-json\/wp\/v2\/users\/1"}],"replies":[{"embeddable":true,"href":"https:\/\/www.entremundos.org\/revista\/wp-json\/wp\/v2\/comments?post=3649"}],"version-history":[{"count":8,"href":"https:\/\/www.entremundos.org\/revista\/wp-json\/wp\/v2\/posts\/3649\/revisions"}],"predecessor-version":[{"id":3807,"href":"https:\/\/www.entremundos.org\/revista\/wp-json\/wp\/v2\/posts\/3649\/revisions\/3807"}],"wp:featuredmedia":[{"embeddable":true,"href":"https:\/\/www.entremundos.org\/revista\/wp-json\/wp\/v2\/media\/3650"}],"wp:attachment":[{"href":"https:\/\/www.entremundos.org\/revista\/wp-json\/wp\/v2\/media?parent=3649"}],"wp:term":[{"taxonomy":"category","embeddable":true,"href":"https:\/\/www.entremundos.org\/revista\/wp-json\/wp\/v2\/categories?post=3649"},{"taxonomy":"post_tag","embeddable":true,"href":"https:\/\/www.entremundos.org\/revista\/wp-json\/wp\/v2\/tags?post=3649"}],"curies":[{"name":"wp","href":"https:\/\/api.w.org\/{rel}","templated":true}]}}