{"id":4192,"date":"2018-07-05T09:02:57","date_gmt":"2018-07-05T17:02:57","guid":{"rendered":"http:\/\/www.entremundos.org\/revista\/?p=4192"},"modified":"2018-07-30T08:56:39","modified_gmt":"2018-07-30T16:56:39","slug":"comercio-justo-y-politica-social","status":"publish","type":"post","link":"https:\/\/www.entremundos.org\/revista\/uncategorized\/comercio-justo-y-politica-social\/","title":{"rendered":"Comercio Justo y Pol\u00edtica Social"},"content":{"rendered":"<p>&nbsp;<\/p>\n<p><a href=\"https:\/\/i0.wp.com\/www.entremundos.org\/revista\/wp-content\/uploads\/2018\/07\/grupo-de-mujeres-organizadas.-acd-guatemala.jpg\"><img data-recalc-dims=\"1\" loading=\"lazy\" decoding=\"async\" class=\"wp-image-4230 size-full\" src=\"https:\/\/i0.wp.com\/www.entremundos.org\/revista\/wp-content\/uploads\/2018\/07\/grupo-de-mujeres-organizadas.-acd-guatemala.jpg?resize=640%2C480\" alt=\"\" width=\"640\" height=\"480\" srcset=\"https:\/\/i0.wp.com\/www.entremundos.org\/revista\/wp-content\/uploads\/2018\/07\/grupo-de-mujeres-organizadas.-acd-guatemala.jpg?w=1152&amp;ssl=1 1152w, https:\/\/i0.wp.com\/www.entremundos.org\/revista\/wp-content\/uploads\/2018\/07\/grupo-de-mujeres-organizadas.-acd-guatemala.jpg?resize=300%2C225&amp;ssl=1 300w, https:\/\/i0.wp.com\/www.entremundos.org\/revista\/wp-content\/uploads\/2018\/07\/grupo-de-mujeres-organizadas.-acd-guatemala.jpg?resize=768%2C576&amp;ssl=1 768w, https:\/\/i0.wp.com\/www.entremundos.org\/revista\/wp-content\/uploads\/2018\/07\/grupo-de-mujeres-organizadas.-acd-guatemala.jpg?resize=1024%2C768&amp;ssl=1 1024w, https:\/\/i0.wp.com\/www.entremundos.org\/revista\/wp-content\/uploads\/2018\/07\/grupo-de-mujeres-organizadas.-acd-guatemala.jpg?resize=72%2C54&amp;ssl=1 72w, https:\/\/i0.wp.com\/www.entremundos.org\/revista\/wp-content\/uploads\/2018\/07\/grupo-de-mujeres-organizadas.-acd-guatemala.jpg?resize=335%2C251&amp;ssl=1 335w, https:\/\/i0.wp.com\/www.entremundos.org\/revista\/wp-content\/uploads\/2018\/07\/grupo-de-mujeres-organizadas.-acd-guatemala.jpg?resize=1050%2C788&amp;ssl=1 1050w\" sizes=\"auto, (max-width: 640px) 100vw, 640px\" \/><\/a>Por: Luc\u00eda Mu\u00f1oz<\/p>\n<p style=\"text-align: justify;\">Para hablar de comercio justo, hay que debatir sobre la desigualdad. Seg\u00fan el Centro de Estudios Distributivos, Laborales y Sociales, Am\u00e9rica Latina es la segunda regi\u00f3n m\u00e1s desigual del planeta. En este contexto, es importante ubicar variables que permitan explicar los altos niveles de desigualdad y pobreza; en dicho sentido, esta propuesta posiciona <em>el ingreso<\/em> para hacerlo.<\/p>\n<p style=\"text-align: justify;\">El debate sobre el ingreso de la persona y de las familias no es nuevo en nuestra regi\u00f3n; ha sido discutido en el seno del Banco Mundial desde 1998. Caetano y de Armas, profesores de CLACSO refrescan el debate desde el 2015 debido a la gran contradicci\u00f3n entre la oferta y la demanda que crecen en un mundo globalizado a diferencia del ingreso de las mayor\u00edas en Am\u00e9rica Latina.<\/p>\n<p style=\"text-align: justify;\">No se trata entonces de que la poblaci\u00f3n latinoamericana no sea productiva, sino que el ingreso sigue siendo mal distribuido. Vale la pena preguntar entonces \u00bfqu\u00e9 posici\u00f3n tiene el sujeto en la sociedad latinoamericana actual regida por un sistema neoliberal? Laura Tavares, profesora de FLACSO-Brasil compart\u00eda recientemente en una conferencia, que, para hablar de ingresos en Am\u00e9rica Latina, es imperante incluir el debate de pol\u00edtica social para ampliar la discusi\u00f3n.<\/p>\n<p style=\"text-align: justify;\">Esta afirmaci\u00f3n abre la puerta a dudas met\u00f3dicas y temas que pueden contextualizarse, como la forma de comerciar. Sobre esta cuesti\u00f3n es donde tiene cabida el comercio justo, que es entendido como el mecanismo capaz de ofrecer mejores condiciones a productores locales apegados a la equidad y a la justicia, abriendo el camino para garantizar pr\u00e1cticas y precios justos, erradicar explotaci\u00f3n, entre tantas otras ventajas. No obstante, el comercio justo no es el total responsable de los derechos fundamentales de la persona.\u00a0 \u00bfQu\u00e9 quiero decir con esto? Que el arduo trabajo para garantizar un comercio que verdaderamente dignifique al sujeto presenta un reto hist\u00f3rico muy simple: el mercado, el cual ha sido perversamente configurado para la oferta y la demanda y para procurar altas ganancias sin contemplar los derechos sociales.<\/p>\n<figure id=\"attachment_4196\" aria-describedby=\"caption-attachment-4196\" style=\"width: 400px\" class=\"wp-caption alignleft\"><a href=\"https:\/\/i0.wp.com\/www.entremundos.org\/revista\/wp-content\/uploads\/2018\/07\/acd-1.jpg\"><img data-recalc-dims=\"1\" loading=\"lazy\" decoding=\"async\" class=\"wp-image-4196\" src=\"https:\/\/i0.wp.com\/www.entremundos.org\/revista\/wp-content\/uploads\/2018\/07\/acd-1-200x300.jpg?resize=400%2C600\" alt=\"\" width=\"400\" height=\"600\" srcset=\"https:\/\/i0.wp.com\/www.entremundos.org\/revista\/wp-content\/uploads\/2018\/07\/acd-1.jpg?resize=200%2C300&amp;ssl=1 200w, https:\/\/i0.wp.com\/www.entremundos.org\/revista\/wp-content\/uploads\/2018\/07\/acd-1.jpg?resize=683%2C1024&amp;ssl=1 683w, https:\/\/i0.wp.com\/www.entremundos.org\/revista\/wp-content\/uploads\/2018\/07\/acd-1.jpg?resize=335%2C503&amp;ssl=1 335w, https:\/\/i0.wp.com\/www.entremundos.org\/revista\/wp-content\/uploads\/2018\/07\/acd-1.jpg?w=720&amp;ssl=1 720w\" sizes=\"auto, (max-width: 400px) 100vw, 400px\" \/><\/a><figcaption id=\"caption-attachment-4196\" class=\"wp-caption-text\">El Comercio Justo proporciona un mejor estilo de vida a nuevas generaciones. Foto: ACD Guatemala.<\/figcaption><\/figure>\n<p style=\"text-align: justify;\"><span style=\"text-align: justify; font-size: 16px;\">En ese tenor, la meta hist\u00f3rica radica en que paralelamente a la lucha por las condiciones justas de comercio, se luche por una pol\u00edtica social universal que atienda de manera urgente y directa la pobreza multidimensional en Guatemala. Tavares, defiende que \u201cas\u00ed como la exclusi\u00f3n social no puede medirse solo por el ingreso monetario de las personas, siendo necesaria la incorporaci\u00f3n de otros elementos como el acceso a servicios y bienes p\u00fablicos sociales, la inclusi\u00f3n social implica un conjunto de acciones m\u00e1s amplio que solo garantizar ingresos en un mercado\u201d.\u00a0 A la luz de esta tesis, el intercambio de mercanc\u00eda basada en principios rectores debe ser valorado e impulsado, pero ser\u00e1 insuficiente en tanto las luchas no evidencien la ausencia de condiciones sociales en donde el responsable es el Estado.<\/span><\/p>\n<p style=\"text-align: justify;\">Es indiscutible que el comercio justo en el pa\u00eds ha rescatado de malas pr\u00e1cticas y beneficiado a miles de artesanos, cooperativas cafetaleras, familias agricultoras, mujeres organizadas y asociaciones, en acompa\u00f1amiento de organizaciones sin fines de lucro y organismos internacionales para la transferencia de conocimientos y fortalecimiento de las capacidades instaladas. Apoy\u00e1ndome en las tesis de los profesores citados mi propuesta es sencilla: la lucha por la mejor distribuci\u00f3n del ingreso es permanente; no obstante, repetir la misma f\u00f3rmula sin comprometer las agendas p\u00fablicas (servicios p\u00fablicos, salud, educaci\u00f3n, empleo digno, seguridad, recreaci\u00f3n, vivienda, resoluci\u00f3n de conflictos, por mencionar algunos) es asignarle al mercado una responsabilidad de desarrollo integral que jam\u00e1s va cumplir por s\u00ed s\u00f3lo. Es preciso entonces, que todos incidamos por la integralidad.<\/p>\n<h5 style=\"text-align: justify;\"><em>Lucia Mu\u00f1oz Argueta, amante de las luchas, Internacionalista y Antrop\u00f3loga Social. Tambi\u00e9n es Investigadora, Profesora y Fundadora de ACD Guatemala.<\/em><\/h5>\n<p>Grupo de mujeres organizadas. Foto de Portada: ACD Guatemala<\/p>\n","protected":false},"excerpt":{"rendered":"<p>&nbsp; Por: Luc\u00eda Mu\u00f1oz Para hablar de comercio justo, hay que debatir sobre la desigualdad. Seg\u00fan el Centro de Estudios Distributivos, Laborales y Sociales, Am\u00e9rica Latina es la segunda regi\u00f3n m\u00e1s desigual del planeta. En este contexto, es importante ubicar variables que permitan explicar los altos niveles de desigualdad y pobreza; en dicho sentido, esta [&hellip;]<\/p>\n","protected":false},"author":1,"featured_media":0,"comment_status":"closed","ping_status":"closed","sticky":false,"template":"","format":"standard","meta":{"_exactmetrics_skip_tracking":false,"_exactmetrics_sitenote_active":false,"_exactmetrics_sitenote_note":"","_exactmetrics_sitenote_category":0,"jetpack_post_was_ever_published":false,"_jetpack_newsletter_access":"","_jetpack_dont_email_post_to_subs":false,"_jetpack_newsletter_tier_id":0,"_jetpack_memberships_contains_paywalled_content":false,"_jetpack_memberships_contains_paid_content":false,"footnotes":""},"categories":[402,380,1],"tags":[1261,1272,36,1276,1273,1259,65,1274,103,1275,1260,121],"class_list":["post-4192","post","type-post","status-publish","format-standard","hentry","category-accion-comunitaria-3","category-economia","category-uncategorized","tag-articulos","tag-comercio","tag-comercio-justo","tag-comercio-justo-guatemala","tag-comercio-sostenible","tag-entremundos","tag-guatemala","tag-oportunidades","tag-politica","tag-politica-social","tag-revista","tag-xela"],"jetpack_featured_media_url":"","jetpack_shortlink":"https:\/\/wp.me\/p7ljt7-15C","jetpack-related-posts":[{"id":13642,"url":"https:\/\/www.entremundos.org\/revista\/politica\/las-mujeres-inspiran-es-hora-de-acabar-con-las-brechas-de-desigualdad\/","url_meta":{"origin":4192,"position":0},"title":"Las mujeres inspiran: Es hora de acabar con las brechas de desigualdad","author":"EntreMundos","date":"4 abril, 2026","format":false,"excerpt":"POR MARIANA L\u00d3PEZ La discriminaci\u00f3n y racismo son temas que se han abordado e incluso se ha dicho que ya se han superado estando lejos de ser parte de nuestra realidad, sin embargo, basta con observar para comprender que una cosa es el discurso y otra la pr\u00e1ctica. En la\u2026","rel":"","context":"En \u00abFrontPage\u00bb","block_context":{"text":"FrontPage","link":"https:\/\/www.entremundos.org\/revista\/category\/frontpage\/"},"img":{"alt_text":"","src":"https:\/\/i0.wp.com\/www.entremundos.org\/revista\/wp-content\/uploads\/2026\/03\/649499575_1230883245899060_5224768132019882352_n.jpg?fit=1200%2C800&ssl=1&resize=350%2C200","width":350,"height":200,"srcset":"https:\/\/i0.wp.com\/www.entremundos.org\/revista\/wp-content\/uploads\/2026\/03\/649499575_1230883245899060_5224768132019882352_n.jpg?fit=1200%2C800&ssl=1&resize=350%2C200 1x, https:\/\/i0.wp.com\/www.entremundos.org\/revista\/wp-content\/uploads\/2026\/03\/649499575_1230883245899060_5224768132019882352_n.jpg?fit=1200%2C800&ssl=1&resize=525%2C300 1.5x, https:\/\/i0.wp.com\/www.entremundos.org\/revista\/wp-content\/uploads\/2026\/03\/649499575_1230883245899060_5224768132019882352_n.jpg?fit=1200%2C800&ssl=1&resize=700%2C400 2x, https:\/\/i0.wp.com\/www.entremundos.org\/revista\/wp-content\/uploads\/2026\/03\/649499575_1230883245899060_5224768132019882352_n.jpg?fit=1200%2C800&ssl=1&resize=1050%2C600 3x"},"classes":[]},{"id":10833,"url":"https:\/\/www.entremundos.org\/revista\/politica\/violencia-contra-las-mujeres-dominio-masculino-en-la-politica\/","url_meta":{"origin":4192,"position":1},"title":"Violencia contra las mujeres: dominio masculino en la pol\u00edtica","author":"EntreMundos","date":"29 mayo, 2023","format":false,"excerpt":"Silvia Lilian Trujillo La violencia pol\u00edtica es sistem\u00e1tica y permanente, se produce para inhibir, ralentizar o restringir la participaci\u00f3n pol\u00edtica de mujeres, en el marco de un sistema que se resiste a aceptar su igualdad de derechos. Mientras no se trabaje para acabar con esta violencia espec\u00edfica la calidad de\u2026","rel":"","context":"En \u00abFrontPage\u00bb","block_context":{"text":"FrontPage","link":"https:\/\/www.entremundos.org\/revista\/category\/frontpage\/"},"img":{"alt_text":"","src":"https:\/\/i0.wp.com\/www.entremundos.org\/revista\/wp-content\/uploads\/2023\/05\/000_16w772-1.jpg?fit=1200%2C799&ssl=1&resize=350%2C200","width":350,"height":200,"srcset":"https:\/\/i0.wp.com\/www.entremundos.org\/revista\/wp-content\/uploads\/2023\/05\/000_16w772-1.jpg?fit=1200%2C799&ssl=1&resize=350%2C200 1x, https:\/\/i0.wp.com\/www.entremundos.org\/revista\/wp-content\/uploads\/2023\/05\/000_16w772-1.jpg?fit=1200%2C799&ssl=1&resize=525%2C300 1.5x, https:\/\/i0.wp.com\/www.entremundos.org\/revista\/wp-content\/uploads\/2023\/05\/000_16w772-1.jpg?fit=1200%2C799&ssl=1&resize=700%2C400 2x, https:\/\/i0.wp.com\/www.entremundos.org\/revista\/wp-content\/uploads\/2023\/05\/000_16w772-1.jpg?fit=1200%2C799&ssl=1&resize=1050%2C600 3x"},"classes":[]},{"id":12859,"url":"https:\/\/www.entremundos.org\/revista\/politica\/mujeres-indigenas-y-rurales-en-defensa-del-territorio-frente-al-extractivismo-en-guatemala\/","url_meta":{"origin":4192,"position":2},"title":"Mujeres ind\u00edgenas y rurales en defensa del territorio frente al extractivismo en Guatemala","author":"EntreMundos","date":"21 mayo, 2025","format":false,"excerpt":"Por Asociadas Por lo Justo (JASS) Este es un resumen de un mapeo realizado por JASS, para compartir sus an\u00e1lisis, sus luchas y los impactos en sus vidas. El objetivo es contar las luchas por el territorio frente al extractivismo en Guatemala e identificar el papel y el impacto en\u2026","rel":"","context":"En \u00abFrontPage\u00bb","block_context":{"text":"FrontPage","link":"https:\/\/www.entremundos.org\/revista\/category\/frontpage\/"},"img":{"alt_text":"","src":"https:\/\/i0.wp.com\/www.entremundos.org\/revista\/wp-content\/uploads\/2025\/05\/2-scaled.png?fit=1200%2C843&ssl=1&resize=350%2C200","width":350,"height":200,"srcset":"https:\/\/i0.wp.com\/www.entremundos.org\/revista\/wp-content\/uploads\/2025\/05\/2-scaled.png?fit=1200%2C843&ssl=1&resize=350%2C200 1x, https:\/\/i0.wp.com\/www.entremundos.org\/revista\/wp-content\/uploads\/2025\/05\/2-scaled.png?fit=1200%2C843&ssl=1&resize=525%2C300 1.5x, https:\/\/i0.wp.com\/www.entremundos.org\/revista\/wp-content\/uploads\/2025\/05\/2-scaled.png?fit=1200%2C843&ssl=1&resize=700%2C400 2x, https:\/\/i0.wp.com\/www.entremundos.org\/revista\/wp-content\/uploads\/2025\/05\/2-scaled.png?fit=1200%2C843&ssl=1&resize=1050%2C600 3x"},"classes":[]},{"id":13250,"url":"https:\/\/www.entremundos.org\/revista\/politica\/pymes-migracion-y-el-reto-de-la-informalidad-en-guatemala-una-economia-que-resiste-desde-abajo\/","url_meta":{"origin":4192,"position":3},"title":"PYMES, migraci\u00f3n y el reto de la informalidad en Guatemala: Una econom\u00eda que resiste desde abajo","author":"EntreMundos","date":"17 septiembre, 2025","format":false,"excerpt":"Por Alexander Castillo Este art\u00edculo analiza el papel crucial que juegan las Peque\u00f1as y Medianas Empresas (PYMES) y la migraci\u00f3n en la econom\u00eda guatemalteca. Con base en datos actuales, se resalta que m\u00e1s del 90\u202f% de las empresas del pa\u00eds son peque\u00f1as o medianas, y que las remesas representan cerca\u2026","rel":"","context":"En \u00abFrontPage\u00bb","block_context":{"text":"FrontPage","link":"https:\/\/www.entremundos.org\/revista\/category\/frontpage\/"},"img":{"alt_text":"","src":"","width":0,"height":0},"classes":[]},{"id":12622,"url":"https:\/\/www.entremundos.org\/revista\/politica\/presupuesto-nacional-procesos-y-elementos-importantes\/","url_meta":{"origin":4192,"position":4},"title":"Presupuesto nacional; Procesos y elementos importantes","author":"EntreMundos","date":"16 enero, 2025","format":false,"excerpt":"POR YESSICA PASTOR El siguiente es un extracto de una de las conversaciones sostenidas dentro de la serie de encuentros virtuales sobre incidencia pol\u00edtica del Directorio Guatemala. A continuaci\u00f3n, la intervenci\u00f3n de Ricardo Barrientos, director ejecutivo del Instituto Centroamericano de Estudios Fiscales (ICEFI). \u00bfQu\u00e9 factores pol\u00edticos considera que influyeron en\u2026","rel":"","context":"En \u00abPol\u00edtica\u00bb","block_context":{"text":"Pol\u00edtica","link":"https:\/\/www.entremundos.org\/revista\/category\/politica\/"},"img":{"alt_text":"","src":"https:\/\/i0.wp.com\/www.entremundos.org\/revista\/wp-content\/uploads\/2025\/01\/minifi.jpg?fit=1200%2C900&ssl=1&resize=350%2C200","width":350,"height":200,"srcset":"https:\/\/i0.wp.com\/www.entremundos.org\/revista\/wp-content\/uploads\/2025\/01\/minifi.jpg?fit=1200%2C900&ssl=1&resize=350%2C200 1x, https:\/\/i0.wp.com\/www.entremundos.org\/revista\/wp-content\/uploads\/2025\/01\/minifi.jpg?fit=1200%2C900&ssl=1&resize=525%2C300 1.5x, https:\/\/i0.wp.com\/www.entremundos.org\/revista\/wp-content\/uploads\/2025\/01\/minifi.jpg?fit=1200%2C900&ssl=1&resize=700%2C400 2x, https:\/\/i0.wp.com\/www.entremundos.org\/revista\/wp-content\/uploads\/2025\/01\/minifi.jpg?fit=1200%2C900&ssl=1&resize=1050%2C600 3x"},"classes":[]},{"id":13649,"url":"https:\/\/www.entremundos.org\/revista\/politica\/la-urgencia-de-comprender-la-historia-y-sus-lecciones\/","url_meta":{"origin":4192,"position":5},"title":"La urgencia de comprender la historia y sus lecciones","author":"EntreMundos","date":"4 abril, 2026","format":false,"excerpt":"POR JUAN JOS\u00c9 HURTADO PAZ En los \u00faltimos meses se escuchan voces que defienden la intervenci\u00f3n imperialista yanqui contra Venezuela con el argumento aparentemente simple y moralizante: hab\u00eda una dictadura y deb\u00eda ser removida. Bajo esta narrativa, la intervenci\u00f3n externa se presenta como una acci\u00f3n necesaria, casi humanitaria, destinada a\u2026","rel":"","context":"En \u00abFrontPage\u00bb","block_context":{"text":"FrontPage","link":"https:\/\/www.entremundos.org\/revista\/category\/frontpage\/"},"img":{"alt_text":"","src":"","width":0,"height":0},"classes":[]}],"jetpack_sharing_enabled":true,"_links":{"self":[{"href":"https:\/\/www.entremundos.org\/revista\/wp-json\/wp\/v2\/posts\/4192","targetHints":{"allow":["GET"]}}],"collection":[{"href":"https:\/\/www.entremundos.org\/revista\/wp-json\/wp\/v2\/posts"}],"about":[{"href":"https:\/\/www.entremundos.org\/revista\/wp-json\/wp\/v2\/types\/post"}],"author":[{"embeddable":true,"href":"https:\/\/www.entremundos.org\/revista\/wp-json\/wp\/v2\/users\/1"}],"replies":[{"embeddable":true,"href":"https:\/\/www.entremundos.org\/revista\/wp-json\/wp\/v2\/comments?post=4192"}],"version-history":[{"count":9,"href":"https:\/\/www.entremundos.org\/revista\/wp-json\/wp\/v2\/posts\/4192\/revisions"}],"predecessor-version":[{"id":4316,"href":"https:\/\/www.entremundos.org\/revista\/wp-json\/wp\/v2\/posts\/4192\/revisions\/4316"}],"wp:attachment":[{"href":"https:\/\/www.entremundos.org\/revista\/wp-json\/wp\/v2\/media?parent=4192"}],"wp:term":[{"taxonomy":"category","embeddable":true,"href":"https:\/\/www.entremundos.org\/revista\/wp-json\/wp\/v2\/categories?post=4192"},{"taxonomy":"post_tag","embeddable":true,"href":"https:\/\/www.entremundos.org\/revista\/wp-json\/wp\/v2\/tags?post=4192"}],"curies":[{"name":"wp","href":"https:\/\/api.w.org\/{rel}","templated":true}]}}