{"id":4407,"date":"2018-09-03T11:33:57","date_gmt":"2018-09-03T19:33:57","guid":{"rendered":"http:\/\/www.entremundos.org\/revista\/?p=4407"},"modified":"2018-09-17T13:54:33","modified_gmt":"2018-09-17T21:54:33","slug":"la-escena-musical-en-xela","status":"publish","type":"post","link":"https:\/\/www.entremundos.org\/revista\/uncategorized\/la-escena-musical-en-xela\/","title":{"rendered":"La Escena Musical en Xela"},"content":{"rendered":"<p><a href=\"https:\/\/i0.wp.com\/www.entremundos.org\/revista\/wp-content\/uploads\/2018\/09\/2018-06-28-07-33-58-1200x797.jpg\"><img data-recalc-dims=\"1\" loading=\"lazy\" decoding=\"async\" class=\"aligncenter size-full wp-image-4452\" src=\"https:\/\/i0.wp.com\/www.entremundos.org\/revista\/wp-content\/uploads\/2018\/09\/2018-06-28-07-33-58-1200x797.jpg?resize=640%2C425\" alt=\"\" width=\"640\" height=\"425\" srcset=\"https:\/\/i0.wp.com\/www.entremundos.org\/revista\/wp-content\/uploads\/2018\/09\/2018-06-28-07-33-58-1200x797.jpg?resize=1200%2C797&amp;ssl=1 1200w, https:\/\/i0.wp.com\/www.entremundos.org\/revista\/wp-content\/uploads\/2018\/09\/2018-06-28-07-33-58-1200x797.jpg?resize=300%2C199&amp;ssl=1 300w, https:\/\/i0.wp.com\/www.entremundos.org\/revista\/wp-content\/uploads\/2018\/09\/2018-06-28-07-33-58-1200x797.jpg?resize=768%2C510&amp;ssl=1 768w, https:\/\/i0.wp.com\/www.entremundos.org\/revista\/wp-content\/uploads\/2018\/09\/2018-06-28-07-33-58-1200x797.jpg?resize=1024%2C680&amp;ssl=1 1024w, https:\/\/i0.wp.com\/www.entremundos.org\/revista\/wp-content\/uploads\/2018\/09\/2018-06-28-07-33-58-1200x797.jpg?resize=335%2C222&amp;ssl=1 335w, https:\/\/i0.wp.com\/www.entremundos.org\/revista\/wp-content\/uploads\/2018\/09\/2018-06-28-07-33-58-1200x797.jpg?resize=1050%2C697&amp;ssl=1 1050w\" sizes=\"auto, (max-width: 640px) 100vw, 640px\" \/><\/a><\/p>\n<h5>Por: Sergio de Le\u00f3n<\/h5>\n<p>No es una novedad que ser m\u00fasico en Guatemala es un oficio dif\u00edcil, especialmente para aquellos y aquellas que apuestan por una propuesta original. Existe a\u00fan cierto estigma social y muy conservador por ejercer tal profesi\u00f3n. Puedo asegurar, sin embargo, que todas las carencias en nuestra incipiente \u201cindustria musical\u201d no han sido obst\u00e1culo para que una interesante escena musical est\u00e9 floreciendo en \u00e9sta ciudad y sus alrededores, lo cual no solamente me da esperanza sino tambi\u00e9n me resulta muy admirable por parte de quienes contin\u00faan ese camino sonoro y l\u00edrico en el cual pocos alcanzan el \u00e9xito y reconocimiento merecidos.<\/p>\n<p style=\"text-align: justify;\">Considero que es necesario apuntalar algunos aspectos de nuestra actual escena musical, que por cierto ya no es tan incipiente y que -a opini\u00f3n muy personal- siempre est\u00e1 en riesgo de estancarse y morir, no por falta de creatividad o propuestas originales sino m\u00e1s bien por ausencia de incentivos que permitan y faciliten la labor creativa de muchos m\u00fasicos y bandas emergentes. En primer lugar, hay suficientes bandas como para crear un movimiento m\u00e1s s\u00f3lido y en\u00e9rgico, pero los movimientos est\u00e1n formados por varios actores m\u00e1s, como el p\u00fablico, los medios de comunicaci\u00f3n, la iniciativa privada con y sin fines de lucro y las instituciones p\u00fablicas dedicadas a la promoci\u00f3n de la cultura.<\/p>\n<p style=\"text-align: justify;\">Si de verdad queremos convertir nuestra producci\u00f3n musical local en una plataforma art\u00edstica, en un pulso musical vivo, debemos encontrar las alianzas entre todos estos actores y arriesgarnos apostando por el presente y futuro de muchos artistas que tienen en verdad algo muy bueno que ofrecer. Considero que cada vez hay mayor apertura a nuevas propuestas, si comparamos nuestro presente con la situaci\u00f3n de hace unos 5 a\u00f1os en el pasado, todo se ha facilitado por el uso masivo de redes sociales. Entonces, los y las artistas est\u00e1n logrando difundir mejor su obra, sea de la disciplina que sea, pero es necesario tambi\u00e9n que el p\u00fabico est\u00e9 dispuesto a pagar por apreciar dicha obra en vivo, bien sea escuch\u00e1ndole o adquiriendo su material discogr\u00e1fico.<\/p>\n<p style=\"text-align: justify;\">El costo no recae solo en el p\u00fablico oyente, tambi\u00e9n puede haber un inmenso apoyo de las iniciativas privadas (como restaurantes, bares, promotoras de eventos, ONG\u2019s para desarrollo y difusi\u00f3n de cultura) y por supuesto tambi\u00e9n podr\u00eda existir una agenda cultural mejor estructurada y dedicada a la difusi\u00f3n de obras musicales locales y en donde los medios de comunicaci\u00f3n puedan ser clave para tal difusi\u00f3n. El apoyo institucional tambi\u00e9n es cr\u00edtico para difundir y divulgar los nuevos proyectos musicales en la poblaci\u00f3n; tengamos claro que el apoyo art\u00edstico es un derecho y una obligaci\u00f3n al mismo tiempo.<\/p>\n<figure id=\"attachment_4408\" aria-describedby=\"caption-attachment-4408\" style=\"width: 7680px\" class=\"wp-caption aligncenter\"><a href=\"https:\/\/i0.wp.com\/www.entremundos.org\/revista\/wp-content\/uploads\/2018\/09\/escena-musica-2.jpg\"><img data-recalc-dims=\"1\" loading=\"lazy\" decoding=\"async\" class=\"wp-image-4408 size-full\" src=\"https:\/\/i0.wp.com\/www.entremundos.org\/revista\/wp-content\/uploads\/2018\/09\/escena-musica-2.jpg?resize=640%2C480\" alt=\"\" width=\"640\" height=\"480\" srcset=\"https:\/\/i0.wp.com\/www.entremundos.org\/revista\/wp-content\/uploads\/2018\/09\/escena-musica-2.jpg?w=7680&amp;ssl=1 7680w, https:\/\/i0.wp.com\/www.entremundos.org\/revista\/wp-content\/uploads\/2018\/09\/escena-musica-2.jpg?resize=300%2C225&amp;ssl=1 300w, https:\/\/i0.wp.com\/www.entremundos.org\/revista\/wp-content\/uploads\/2018\/09\/escena-musica-2.jpg?resize=768%2C576&amp;ssl=1 768w, https:\/\/i0.wp.com\/www.entremundos.org\/revista\/wp-content\/uploads\/2018\/09\/escena-musica-2.jpg?resize=1024%2C768&amp;ssl=1 1024w, https:\/\/i0.wp.com\/www.entremundos.org\/revista\/wp-content\/uploads\/2018\/09\/escena-musica-2.jpg?resize=72%2C54&amp;ssl=1 72w, https:\/\/i0.wp.com\/www.entremundos.org\/revista\/wp-content\/uploads\/2018\/09\/escena-musica-2.jpg?resize=335%2C251&amp;ssl=1 335w, https:\/\/i0.wp.com\/www.entremundos.org\/revista\/wp-content\/uploads\/2018\/09\/escena-musica-2.jpg?resize=1050%2C788&amp;ssl=1 1050w, https:\/\/i0.wp.com\/www.entremundos.org\/revista\/wp-content\/uploads\/2018\/09\/escena-musica-2.jpg?w=1280&amp;ssl=1 1280w, https:\/\/i0.wp.com\/www.entremundos.org\/revista\/wp-content\/uploads\/2018\/09\/escena-musica-2.jpg?w=1920&amp;ssl=1 1920w\" sizes=\"auto, (max-width: 640px) 100vw, 640px\" \/><\/a><figcaption id=\"caption-attachment-4408\" class=\"wp-caption-text\">Concierto de Ishto Juevez en Quetzaltenango. Foto: Jos\u00e9 Moreno.<\/figcaption><\/figure>\n<p style=\"text-align: justify;\">En general, existen muchas alternativas para apoyar la escena musical, y \u00e9stas son s\u00f3lo algunas ideas que he discutido con otros colegas m\u00fasicos, gestores culturales, empresarios y funcionarios municipales; pues no se trata de consentir ni eximir de responsabilidades a un artista, sino m\u00e1s bien brindarle mejores condiciones para que \u00e9ste se enfoque en lo verdaderamente bueno: dedicarse a su propia labor musical y creativa, con la disciplina y esfuerzo necesarios para que \u00e9sta sea una obra profesional y de gran calidad; m\u00e1s bien, me refiero a un modelo de negocios en donde todos podamos ganar a trav\u00e9s arte, pero en donde cada actor debe aportar algo para obtener beneficios.<\/p>\n<p style=\"text-align: justify;\">El potencial para la m\u00fasica y las artes en Xela es enorme, rico y muy diverso, y por ello me parece una verdadera pena que se continuemos con casi las mismas condiciones de algunos a\u00f1os atr\u00e1s, pues ello s\u00f3lo acelera la fuga de cerebros y corazones de este lugar que hist\u00f3ricamente, ha sido conocido como la cuna de la cultura, pero que a\u00fan tiene serias dificultades ideol\u00f3gicas y raciales en reconocer su propia producci\u00f3n art\u00edstica local. No es posible seguir viviendo en el pasado y no cambiar la nefasta idea de que \u201cs\u00f3lo el\/la [artista] que sale de aqu\u00ed logra reconocimiento y visibilidad\u201d; debemos cambiar percepci\u00f3n de la m\u00fasica ante la conservadora y orgullosa sociedad quetzalteca. Si queremos en verdad volver a las artes, hacerla identidad y algo distintivo de esta ciudad y sus alrededores, he ah\u00ed la narrativa sonora, fresca y nacida en este mismo lugar que puede contribuir a lograrlo.<\/p>\n","protected":false},"excerpt":{"rendered":"<p>Por: Sergio de Le\u00f3n No es una novedad que ser m\u00fasico en Guatemala es un oficio dif\u00edcil, especialmente para aquellos y aquellas que apuestan por una propuesta original. Existe a\u00fan cierto estigma social y muy conservador por ejercer tal profesi\u00f3n. Puedo asegurar, sin embargo, que todas las carencias en nuestra incipiente \u201cindustria musical\u201d no han [&hellip;]<\/p>\n","protected":false},"author":1,"featured_media":4452,"comment_status":"closed","ping_status":"closed","sticky":false,"template":"","format":"standard","meta":{"_exactmetrics_skip_tracking":false,"_exactmetrics_sitenote_active":false,"_exactmetrics_sitenote_note":"","_exactmetrics_sitenote_category":0,"jetpack_post_was_ever_published":false,"_jetpack_newsletter_access":"","_jetpack_dont_email_post_to_subs":false,"_jetpack_newsletter_tier_id":0,"_jetpack_memberships_contains_paywalled_content":false,"_jetpack_memberships_contains_paid_content":false,"footnotes":""},"categories":[451,1,434],"tags":[1357,1259,65,729,1355,107,1260,1358,1356,121],"class_list":["post-4407","post","type-post","status-publish","format-standard","has-post-thumbnail","hentry","category-musica","category-uncategorized","category-xela","tag-conciertos","tag-entremundos","tag-guatemala","tag-juventud","tag-musica","tag-quetzaltenango","tag-revista","tag-sonidos","tag-talento","tag-xela"],"jetpack_featured_media_url":"https:\/\/i0.wp.com\/www.entremundos.org\/revista\/wp-content\/uploads\/2018\/09\/2018-06-28-07-33-58-1200x797.jpg?fit=1200%2C797&ssl=1","jetpack_shortlink":"https:\/\/wp.me\/p7ljt7-195","jetpack-related-posts":[{"id":11407,"url":"https:\/\/www.entremundos.org\/revista\/politica\/del-papel-a-la-pantalla\/","url_meta":{"origin":4407,"position":0},"title":"Del papel a la pantalla","author":"EntreMundos","date":"10 noviembre, 2023","format":false,"excerpt":"POR EMMA G\u00d3MEZ Dos pa\u00edses golpeados por la corrupci\u00f3n, violaci\u00f3n de los derechos humanos, injusticias, persecuciones y despojos, por mencionar algunos de los males que tienen en com\u00fan Guatemala y El Salvador. El proyecto, Del Papel a la Pantalla, presenta dos propuestas visuales para reflexionar sobre la educaci\u00f3n sexual y\u2026","rel":"","context":"En \u00abAccion Comunitaria\u00bb","block_context":{"text":"Accion Comunitaria","link":"https:\/\/www.entremundos.org\/revista\/category\/politica\/accion-comunitaria-3\/"},"img":{"alt_text":"","src":"https:\/\/i0.wp.com\/www.entremundos.org\/revista\/wp-content\/uploads\/2023\/11\/whatsapp-image-2023-10-23-at-9.54.45-am-2.jpeg?fit=1200%2C800&ssl=1&resize=350%2C200","width":350,"height":200,"srcset":"https:\/\/i0.wp.com\/www.entremundos.org\/revista\/wp-content\/uploads\/2023\/11\/whatsapp-image-2023-10-23-at-9.54.45-am-2.jpeg?fit=1200%2C800&ssl=1&resize=350%2C200 1x, https:\/\/i0.wp.com\/www.entremundos.org\/revista\/wp-content\/uploads\/2023\/11\/whatsapp-image-2023-10-23-at-9.54.45-am-2.jpeg?fit=1200%2C800&ssl=1&resize=525%2C300 1.5x, https:\/\/i0.wp.com\/www.entremundos.org\/revista\/wp-content\/uploads\/2023\/11\/whatsapp-image-2023-10-23-at-9.54.45-am-2.jpeg?fit=1200%2C800&ssl=1&resize=700%2C400 2x, https:\/\/i0.wp.com\/www.entremundos.org\/revista\/wp-content\/uploads\/2023\/11\/whatsapp-image-2023-10-23-at-9.54.45-am-2.jpeg?fit=1200%2C800&ssl=1&resize=1050%2C600 3x"},"classes":[]},{"id":12038,"url":"https:\/\/www.entremundos.org\/revista\/politica\/quetzaltenango-500-anos-de-historia-desafios-y-esperanza\/","url_meta":{"origin":4407,"position":1},"title":"Quetzaltenango: 500 a\u00f1os de historia, desaf\u00edos y esperanza","author":"EntreMundos","date":"16 mayo, 2024","format":false,"excerpt":"POR SAMUEL ALVAREZ MORALES La historia de la ciudad se remonta a la \u00e9poca precolombina. Desde entonces, fue un importante centro comercial y cultural para la regi\u00f3n. Sus primeros habitantes fueron los Mam, quienes la llamar\u00edan Kulaja; los Quich\u00e9s la conquistaron y la nombraron Xelajuj No\u2019j. Finalmente, el 15 de\u2026","rel":"","context":"En \u00abFrontPage\u00bb","block_context":{"text":"FrontPage","link":"https:\/\/www.entremundos.org\/revista\/category\/frontpage\/"},"img":{"alt_text":"","src":"https:\/\/i0.wp.com\/www.entremundos.org\/revista\/wp-content\/uploads\/2024\/05\/whatsapp-image-2024-05-03-at-5.26.36-pm-scaled.jpeg?fit=632%2C1200&ssl=1&resize=350%2C200","width":350,"height":200,"srcset":"https:\/\/i0.wp.com\/www.entremundos.org\/revista\/wp-content\/uploads\/2024\/05\/whatsapp-image-2024-05-03-at-5.26.36-pm-scaled.jpeg?fit=632%2C1200&ssl=1&resize=350%2C200 1x, https:\/\/i0.wp.com\/www.entremundos.org\/revista\/wp-content\/uploads\/2024\/05\/whatsapp-image-2024-05-03-at-5.26.36-pm-scaled.jpeg?fit=632%2C1200&ssl=1&resize=525%2C300 1.5x"},"classes":[]},{"id":12622,"url":"https:\/\/www.entremundos.org\/revista\/politica\/presupuesto-nacional-procesos-y-elementos-importantes\/","url_meta":{"origin":4407,"position":2},"title":"Presupuesto nacional; Procesos y elementos importantes","author":"EntreMundos","date":"16 enero, 2025","format":false,"excerpt":"POR YESSICA PASTOR El siguiente es un extracto de una de las conversaciones sostenidas dentro de la serie de encuentros virtuales sobre incidencia pol\u00edtica del Directorio Guatemala. A continuaci\u00f3n, la intervenci\u00f3n de Ricardo Barrientos, director ejecutivo del Instituto Centroamericano de Estudios Fiscales (ICEFI). \u00bfQu\u00e9 factores pol\u00edticos considera que influyeron en\u2026","rel":"","context":"En \u00abPol\u00edtica\u00bb","block_context":{"text":"Pol\u00edtica","link":"https:\/\/www.entremundos.org\/revista\/category\/politica\/"},"img":{"alt_text":"","src":"https:\/\/i0.wp.com\/www.entremundos.org\/revista\/wp-content\/uploads\/2025\/01\/minifi.jpg?fit=1200%2C900&ssl=1&resize=350%2C200","width":350,"height":200,"srcset":"https:\/\/i0.wp.com\/www.entremundos.org\/revista\/wp-content\/uploads\/2025\/01\/minifi.jpg?fit=1200%2C900&ssl=1&resize=350%2C200 1x, https:\/\/i0.wp.com\/www.entremundos.org\/revista\/wp-content\/uploads\/2025\/01\/minifi.jpg?fit=1200%2C900&ssl=1&resize=525%2C300 1.5x, https:\/\/i0.wp.com\/www.entremundos.org\/revista\/wp-content\/uploads\/2025\/01\/minifi.jpg?fit=1200%2C900&ssl=1&resize=700%2C400 2x, https:\/\/i0.wp.com\/www.entremundos.org\/revista\/wp-content\/uploads\/2025\/01\/minifi.jpg?fit=1200%2C900&ssl=1&resize=1050%2C600 3x"},"classes":[]},{"id":10580,"url":"https:\/\/www.entremundos.org\/revista\/politica\/desalojos-aumentan-durante-el-gobierno-de-alejandro-giammattei\/","url_meta":{"origin":4407,"position":3},"title":"Desalojos aumentan durante el gobierno de Alejandro Giammattei","author":"EntreMundos","date":"8 marzo, 2023","format":false,"excerpt":"Por Gilberto Escobar\u00a0 En Guatemala, durante los \u00faltimos a\u00f1os, los desalojos han ido en aumento y se han dado en dos modalidades: los desalojos legales que tienen una orden judicial y los extrajudiciales, los que\u00a0 no van acompa\u00f1ados de ninguna orden de un juez y que ocurren\u00a0 en horas de\u2026","rel":"","context":"En \u00abBosques\u00bb","block_context":{"text":"Bosques","link":"https:\/\/www.entremundos.org\/revista\/category\/medio-ambiente\/bosques\/"},"img":{"alt_text":"","src":"https:\/\/i0.wp.com\/www.entremundos.org\/revista\/wp-content\/uploads\/2023\/03\/portada.jpg?fit=1024%2C768&ssl=1&resize=350%2C200","width":350,"height":200,"srcset":"https:\/\/i0.wp.com\/www.entremundos.org\/revista\/wp-content\/uploads\/2023\/03\/portada.jpg?fit=1024%2C768&ssl=1&resize=350%2C200 1x, https:\/\/i0.wp.com\/www.entremundos.org\/revista\/wp-content\/uploads\/2023\/03\/portada.jpg?fit=1024%2C768&ssl=1&resize=525%2C300 1.5x, https:\/\/i0.wp.com\/www.entremundos.org\/revista\/wp-content\/uploads\/2023\/03\/portada.jpg?fit=1024%2C768&ssl=1&resize=700%2C400 2x"},"classes":[]},{"id":12224,"url":"https:\/\/www.entremundos.org\/revista\/mujer\/derechos-sexuales-y-reproductivos-tema-pendiente-en-guatemala\/","url_meta":{"origin":4407,"position":4},"title":"Derechos sexuales y reproductivos; tema pendiente en Guatemala","author":"EntreMundos","date":"15 julio, 2024","format":false,"excerpt":"POR EMMA G\u00d3MEZ Seg\u00fan La Organizaci\u00f3n de las Naciones Unidas de los Derechos Humanos, (ONU-DH), los derechos sexuales y reproductivos est\u00e1n relacionados con la libertad de las personas a decidir sobre su sexualidad y el ejercicio libre de la misma. Algunos derechos pueden ser; ejercer la sexualidad de manera independiente\u2026","rel":"","context":"En \u00abFrontPage\u00bb","block_context":{"text":"FrontPage","link":"https:\/\/www.entremundos.org\/revista\/category\/frontpage\/"},"img":{"alt_text":"","src":"https:\/\/i0.wp.com\/www.entremundos.org\/revista\/wp-content\/uploads\/2024\/07\/444487166_750607893953803_8829963883492089519_n.jpg?fit=1200%2C1158&ssl=1&resize=350%2C200","width":350,"height":200,"srcset":"https:\/\/i0.wp.com\/www.entremundos.org\/revista\/wp-content\/uploads\/2024\/07\/444487166_750607893953803_8829963883492089519_n.jpg?fit=1200%2C1158&ssl=1&resize=350%2C200 1x, https:\/\/i0.wp.com\/www.entremundos.org\/revista\/wp-content\/uploads\/2024\/07\/444487166_750607893953803_8829963883492089519_n.jpg?fit=1200%2C1158&ssl=1&resize=525%2C300 1.5x, https:\/\/i0.wp.com\/www.entremundos.org\/revista\/wp-content\/uploads\/2024\/07\/444487166_750607893953803_8829963883492089519_n.jpg?fit=1200%2C1158&ssl=1&resize=700%2C400 2x, https:\/\/i0.wp.com\/www.entremundos.org\/revista\/wp-content\/uploads\/2024\/07\/444487166_750607893953803_8829963883492089519_n.jpg?fit=1200%2C1158&ssl=1&resize=1050%2C600 3x"},"classes":[]},{"id":11617,"url":"https:\/\/www.entremundos.org\/revista\/mujer\/la-cultura-es-lo-que-en-la-muerte-continua-siendo-la-vida\/","url_meta":{"origin":4407,"position":5},"title":"\u201cLa Cultura es lo que, en la muerte, contin\u00faa siendo la vida\u201d","author":"EntreMundos","date":"19 enero, 2024","format":false,"excerpt":"POR PATRICIA MIRALB\u00c9S \u00bfTe has preguntado alguna vez por qu\u00e9 un grupo social se comporta de cierta manera? \u00bfDe d\u00f3nde vienen las creencias que te inculcan desde peque\u00f1o? Todo esto tiene que ver con la cultura del lugar en donde vivimos. La cultura es la base de la construcci\u00f3n de\u2026","rel":"","context":"En \u00abCultura\u00bb","block_context":{"text":"Cultura","link":"https:\/\/www.entremundos.org\/revista\/category\/cultura\/"},"img":{"alt_text":"","src":"https:\/\/i0.wp.com\/www.entremundos.org\/revista\/wp-content\/uploads\/2024\/01\/whatsapp-image-2023-12-13-at-6.59.10-pm-1.jpeg?fit=1200%2C800&ssl=1&resize=350%2C200","width":350,"height":200,"srcset":"https:\/\/i0.wp.com\/www.entremundos.org\/revista\/wp-content\/uploads\/2024\/01\/whatsapp-image-2023-12-13-at-6.59.10-pm-1.jpeg?fit=1200%2C800&ssl=1&resize=350%2C200 1x, https:\/\/i0.wp.com\/www.entremundos.org\/revista\/wp-content\/uploads\/2024\/01\/whatsapp-image-2023-12-13-at-6.59.10-pm-1.jpeg?fit=1200%2C800&ssl=1&resize=525%2C300 1.5x, https:\/\/i0.wp.com\/www.entremundos.org\/revista\/wp-content\/uploads\/2024\/01\/whatsapp-image-2023-12-13-at-6.59.10-pm-1.jpeg?fit=1200%2C800&ssl=1&resize=700%2C400 2x, https:\/\/i0.wp.com\/www.entremundos.org\/revista\/wp-content\/uploads\/2024\/01\/whatsapp-image-2023-12-13-at-6.59.10-pm-1.jpeg?fit=1200%2C800&ssl=1&resize=1050%2C600 3x"},"classes":[]}],"jetpack_sharing_enabled":true,"_links":{"self":[{"href":"https:\/\/www.entremundos.org\/revista\/wp-json\/wp\/v2\/posts\/4407","targetHints":{"allow":["GET"]}}],"collection":[{"href":"https:\/\/www.entremundos.org\/revista\/wp-json\/wp\/v2\/posts"}],"about":[{"href":"https:\/\/www.entremundos.org\/revista\/wp-json\/wp\/v2\/types\/post"}],"author":[{"embeddable":true,"href":"https:\/\/www.entremundos.org\/revista\/wp-json\/wp\/v2\/users\/1"}],"replies":[{"embeddable":true,"href":"https:\/\/www.entremundos.org\/revista\/wp-json\/wp\/v2\/comments?post=4407"}],"version-history":[{"count":7,"href":"https:\/\/www.entremundos.org\/revista\/wp-json\/wp\/v2\/posts\/4407\/revisions"}],"predecessor-version":[{"id":4448,"href":"https:\/\/www.entremundos.org\/revista\/wp-json\/wp\/v2\/posts\/4407\/revisions\/4448"}],"wp:featuredmedia":[{"embeddable":true,"href":"https:\/\/www.entremundos.org\/revista\/wp-json\/wp\/v2\/media\/4452"}],"wp:attachment":[{"href":"https:\/\/www.entremundos.org\/revista\/wp-json\/wp\/v2\/media?parent=4407"}],"wp:term":[{"taxonomy":"category","embeddable":true,"href":"https:\/\/www.entremundos.org\/revista\/wp-json\/wp\/v2\/categories?post=4407"},{"taxonomy":"post_tag","embeddable":true,"href":"https:\/\/www.entremundos.org\/revista\/wp-json\/wp\/v2\/tags?post=4407"}],"curies":[{"name":"wp","href":"https:\/\/api.w.org\/{rel}","templated":true}]}}