{"id":4426,"date":"2018-09-05T06:49:01","date_gmt":"2018-09-05T14:49:01","guid":{"rendered":"http:\/\/www.entremundos.org\/revista\/?p=4426"},"modified":"2018-09-06T19:26:38","modified_gmt":"2018-09-07T03:26:38","slug":"la-musica-como-terapia-para-la-sociedad","status":"publish","type":"post","link":"https:\/\/www.entremundos.org\/revista\/uncategorized\/la-musica-como-terapia-para-la-sociedad\/","title":{"rendered":"La M\u00fasica como Terapia para la Sociedad"},"content":{"rendered":"<h5>Por:\u00a0<em>Yesica Torres<\/em><\/h5>\n<p><em>La m\u00fasica da alma al universo, alas a la mente, vuelos a la imaginaci\u00f3n, consuelo a la tristeza y vida y alegr\u00eda a todas las cosas (Plat\u00f3n)<\/em><\/p>\n<p style=\"text-align: justify;\">Los or\u00edgenes de la palabra en lat\u00edn \u201cm\u00fasica\u201d se derivan del t\u00e9rmino griego \u201cmousike\u201d, el cual hac\u00eda referencia a la educaci\u00f3n del esp\u00edritu colocada bajo la advocaci\u00f3n de las musas de las artes. Los or\u00edgenes de c\u00f3mo se cre\u00f3 o inici\u00f3 la m\u00fasica son desconocidos, pero muchos coinciden en que \u00e9sta inici\u00f3 debido a la prolongaci\u00f3n de los sonidos del lenguaje. La m\u00fasica es un arte que ha marcado a las diferentes culturas y sociedades y ha sido una forma diferente y \u00fanica de comunicarnos y transmitir lo que sentimos, pensamos o queremos.<\/p>\n<p style=\"text-align: justify;\">La m\u00fasica est\u00e1 presente en nuestro d\u00eda a d\u00eda, pero regularmente no somos conscientes de que la estamos percibiendo. Adem\u00e1s de su valor recreativo, la m\u00fasica ha aportado en otros campos, como en el tema de la salud. De \u00e9sta manera surge la Musicoterapia, que re definida en el a\u00f1o de 2011 por la Federaci\u00f3n Mundial de Musicoterapia (WFMT por sus siglas en ingl\u00e9s) se refiere \u201cal uso profesional de la m\u00fasica y sus elementos como una intervenci\u00f3n en ambientes m\u00e9dicos, educativos y cotidianos con individuos, grupos, familias o comunidades, buscando optimizar su calidad de vida y mejorar su salud f\u00edsica, social, comunicativo, emocional e intelectual y su bienestar. La investigaci\u00f3n, la pr\u00e1ctica, la educaci\u00f3n y la instrucci\u00f3n cl\u00ednica en la Musicoterapia est\u00e1n basados en est\u00e1ndares profesionales seg\u00fan los contextos culturales, sociales y pol\u00edticos\u201d.<\/p>\n<p><a href=\"https:\/\/i0.wp.com\/www.entremundos.org\/revista\/wp-content\/uploads\/2018\/09\/reportaje.jpg\"><img data-recalc-dims=\"1\" loading=\"lazy\" decoding=\"async\" class=\"aligncenter size-full wp-image-4427\" src=\"https:\/\/i0.wp.com\/www.entremundos.org\/revista\/wp-content\/uploads\/2018\/09\/reportaje.jpg?resize=640%2C421\" alt=\"\" width=\"640\" height=\"421\" srcset=\"https:\/\/i0.wp.com\/www.entremundos.org\/revista\/wp-content\/uploads\/2018\/09\/reportaje.jpg?w=2917&amp;ssl=1 2917w, https:\/\/i0.wp.com\/www.entremundos.org\/revista\/wp-content\/uploads\/2018\/09\/reportaje.jpg?resize=300%2C198&amp;ssl=1 300w, https:\/\/i0.wp.com\/www.entremundos.org\/revista\/wp-content\/uploads\/2018\/09\/reportaje.jpg?resize=768%2C506&amp;ssl=1 768w, https:\/\/i0.wp.com\/www.entremundos.org\/revista\/wp-content\/uploads\/2018\/09\/reportaje.jpg?resize=1024%2C674&amp;ssl=1 1024w, https:\/\/i0.wp.com\/www.entremundos.org\/revista\/wp-content\/uploads\/2018\/09\/reportaje.jpg?resize=335%2C221&amp;ssl=1 335w, https:\/\/i0.wp.com\/www.entremundos.org\/revista\/wp-content\/uploads\/2018\/09\/reportaje.jpg?resize=1050%2C691&amp;ssl=1 1050w, https:\/\/i0.wp.com\/www.entremundos.org\/revista\/wp-content\/uploads\/2018\/09\/reportaje.jpg?w=1280&amp;ssl=1 1280w, https:\/\/i0.wp.com\/www.entremundos.org\/revista\/wp-content\/uploads\/2018\/09\/reportaje.jpg?w=1920&amp;ssl=1 1920w\" sizes=\"auto, (max-width: 640px) 100vw, 640px\" \/><\/a><\/p>\n<p style=\"text-align: justify;\">Como menciona la Fisioterapeuta, Mar\u00eda de los \u00c1ngeles Estrada, quien reside en Quetzaltenango y quien ha trabajado en el tema de la m\u00fasica y la salud, la Musicoterapia se puede utilizar en diferentes \u00e1reas de la salud de las personas y tambi\u00e9n en diferentes etapas de la vida: en beb\u00e9s (a partir del primer mes de gestaci\u00f3n), ni\u00f1os, j\u00f3venes, adultos y en pacientes geri\u00e1tricos (personas ancianas).<\/p>\n<p><strong>Desde el vientre <\/strong><\/p>\n<p style=\"text-align: justify;\">Estrada explica que la m\u00fasica puede ser un factor clave en el desarrollo adecuado de un beb\u00e9, desde el primer mes de gestaci\u00f3n, debido a que de esta manera y a trav\u00e9s del lenguaje hablado, se puede tambi\u00e9n crear un v\u00ednculo afectivo y una manera muy adecuada de conectarlo al mundo exterior y a las personas que est\u00e1n a su alrededor. Cada etapa en la que el beb\u00e9 va creciendo, sus capacidades de o\u00edr y sentir van aumentando, especialmente a partir del cuarto mes. La Musicoterapia en el tiempo del embarazo, no s\u00f3lo es un beneficio para el beb\u00e9, sino que tambi\u00e9n influye de buena manera a la madre.<\/p>\n<p style=\"text-align: justify;\">Al escuchar m\u00fasica, se reduce la tensi\u00f3n f\u00edsicas y emocionales de la madre, se elimina la ansiedad y el miedo al parto. Los beb\u00e9s crecen de mejor manera y son m\u00e1s receptivos a la leche materna, adem\u00e1s de que comen y duermen mejor, lloran menos, mejoran la concentraci\u00f3n, la coordinaci\u00f3n y la creatividad. Lo ideal es que un profesional pueda orientar el tipo de m\u00fasica adecuada para que tanto como la madre y el beb\u00e9, tengan una mejor recepci\u00f3n de los beneficios que se obtienen de esta terapia.<\/p>\n<p><a href=\"https:\/\/i0.wp.com\/www.entremundos.org\/revista\/wp-content\/uploads\/2018\/09\/13-reportaje.jpg\"><img data-recalc-dims=\"1\" loading=\"lazy\" decoding=\"async\" class=\"aligncenter size-full wp-image-4429\" src=\"https:\/\/i0.wp.com\/www.entremundos.org\/revista\/wp-content\/uploads\/2018\/09\/13-reportaje.jpg?resize=640%2C566\" alt=\"\" width=\"640\" height=\"566\" srcset=\"https:\/\/i0.wp.com\/www.entremundos.org\/revista\/wp-content\/uploads\/2018\/09\/13-reportaje.jpg?w=3850&amp;ssl=1 3850w, https:\/\/i0.wp.com\/www.entremundos.org\/revista\/wp-content\/uploads\/2018\/09\/13-reportaje.jpg?resize=300%2C265&amp;ssl=1 300w, https:\/\/i0.wp.com\/www.entremundos.org\/revista\/wp-content\/uploads\/2018\/09\/13-reportaje.jpg?resize=768%2C679&amp;ssl=1 768w, https:\/\/i0.wp.com\/www.entremundos.org\/revista\/wp-content\/uploads\/2018\/09\/13-reportaje.jpg?resize=1024%2C905&amp;ssl=1 1024w, https:\/\/i0.wp.com\/www.entremundos.org\/revista\/wp-content\/uploads\/2018\/09\/13-reportaje.jpg?resize=335%2C296&amp;ssl=1 335w, https:\/\/i0.wp.com\/www.entremundos.org\/revista\/wp-content\/uploads\/2018\/09\/13-reportaje.jpg?resize=1050%2C928&amp;ssl=1 1050w, https:\/\/i0.wp.com\/www.entremundos.org\/revista\/wp-content\/uploads\/2018\/09\/13-reportaje.jpg?w=1280&amp;ssl=1 1280w, https:\/\/i0.wp.com\/www.entremundos.org\/revista\/wp-content\/uploads\/2018\/09\/13-reportaje.jpg?w=1920&amp;ssl=1 1920w\" sizes=\"auto, (max-width: 640px) 100vw, 640px\" \/><\/a><\/p>\n<p><strong>Durante la ni\u00f1ez<\/strong><\/p>\n<p style=\"text-align: justify;\">En Guatemala existen varios ni\u00f1os y ni\u00f1as con problemas de atenci\u00f3n, de concentraci\u00f3n, de actitud, entre otras situaciones. Tristemente, muchos maestros y padres de familia, resumen \u00e9stas actitudes o acciones argumentando que al ni\u00f1o o ni\u00f1a simplemente, le falta aprender a respetar, es perezoso, no quiere aprender o lo hace simplemente por molestar a los dem\u00e1s.<\/p>\n<p style=\"text-align: justify;\">Allan Ortiz, Psic\u00f3logo y Director de la Asociaci\u00f3n Caras Alegres, trabaja con ni\u00f1os con el objetivo de mantenerlos lejos de las pandillas, el crimen de la calle y otras influencias, como drogas y alcohol. \u00c9l menciona que para los ni\u00f1os es dif\u00edcil escuchar m\u00fasica, bailar o seguir ritmos, debido a que est\u00e1n m\u00e1s preocupados por las burlas o por el qu\u00e9 dir\u00e1n los dem\u00e1s, ya que culturalmente no conocen la m\u00fasica como una actividad de desenvolvimiento o aprendizaje.<\/p>\n<p style=\"text-align: justify;\">Por ello la asociaci\u00f3n ha utilizado la m\u00fasica como terapia, porque han visto c\u00f3mo a trav\u00e9s de ella los ni\u00f1os y ni\u00f1as, liberan y aprenden a manejar mejor sus emociones y tienen m\u00e1s confianza en s\u00ed mismos, mientras se divierten y juegan a trav\u00e9s del proceso. La buena implementaci\u00f3n de la Musicoterapia en la ni\u00f1ez, mejora la capacidad de memorizaci\u00f3n, concentraci\u00f3n, atenci\u00f3n y aprendizaje, estimula la creatividad y la imaginaci\u00f3n, refuerza la autoestima y la personalidad, favorece la coordinaci\u00f3n motriz, desarrolla la articulaci\u00f3n y vocalizaci\u00f3n entre algunos otros beneficios m\u00e1s que genera el utilizarla.<\/p>\n<p><a href=\"https:\/\/i0.wp.com\/www.entremundos.org\/revista\/wp-content\/uploads\/2018\/09\/12-reportaje.jpg\"><img data-recalc-dims=\"1\" loading=\"lazy\" decoding=\"async\" class=\"aligncenter size-full wp-image-4431\" src=\"https:\/\/i0.wp.com\/www.entremundos.org\/revista\/wp-content\/uploads\/2018\/09\/12-reportaje.jpg?resize=640%2C512\" alt=\"\" width=\"640\" height=\"512\" srcset=\"https:\/\/i0.wp.com\/www.entremundos.org\/revista\/wp-content\/uploads\/2018\/09\/12-reportaje.jpg?w=1917&amp;ssl=1 1917w, https:\/\/i0.wp.com\/www.entremundos.org\/revista\/wp-content\/uploads\/2018\/09\/12-reportaje.jpg?resize=300%2C240&amp;ssl=1 300w, https:\/\/i0.wp.com\/www.entremundos.org\/revista\/wp-content\/uploads\/2018\/09\/12-reportaje.jpg?resize=768%2C614&amp;ssl=1 768w, https:\/\/i0.wp.com\/www.entremundos.org\/revista\/wp-content\/uploads\/2018\/09\/12-reportaje.jpg?resize=1024%2C819&amp;ssl=1 1024w, https:\/\/i0.wp.com\/www.entremundos.org\/revista\/wp-content\/uploads\/2018\/09\/12-reportaje.jpg?resize=335%2C268&amp;ssl=1 335w, https:\/\/i0.wp.com\/www.entremundos.org\/revista\/wp-content\/uploads\/2018\/09\/12-reportaje.jpg?resize=1050%2C840&amp;ssl=1 1050w, https:\/\/i0.wp.com\/www.entremundos.org\/revista\/wp-content\/uploads\/2018\/09\/12-reportaje.jpg?w=1280&amp;ssl=1 1280w\" sizes=\"auto, (max-width: 640px) 100vw, 640px\" \/><\/a><\/p>\n<p><strong>Durante la juventud<\/strong><\/p>\n<p style=\"text-align: justify;\">Para los j\u00f3venes, la m\u00fasica es muy importante. Es muy com\u00fan ver que se acompa\u00f1an de la m\u00fasica al ir caminando, manejando un autom\u00f3vil, ejercitarse, e incluso al hacer sus tareas. En los medios de comunicaci\u00f3n, est\u00e1n al tanto de sus artistas y g\u00e9neros musicales favorito, descargan en Internet la m\u00fasica que m\u00e1s les gusta o incluso que demuestren inter\u00e9s en aprender a tocar un instrumento.<\/p>\n<p style=\"text-align: justify;\">Durante esta etapa, tambi\u00e9n es muy com\u00fan que se presenten dificultades para demostrar las emociones, y a veces dificultades para comunicarse con los dem\u00e1s. La Asociaci\u00f3n Americana de Musicoterapia afirma que la m\u00fasica usada de manera terap\u00e9utica permite a las personas ser m\u00e1s conscientes de sus sentimientos, conectarse m\u00e1s con sus emociones y experimentar cambios positivos en su estado de \u00e1nimo.<\/p>\n<p style=\"text-align: justify;\">Al igual que la m\u00fasica, el desarrollo de actividades f\u00edsicas es algo caracter\u00edstico de los j\u00f3venes. Suele ocurrir que durante la pr\u00e1ctica de los deportes ocurren lesiones, fracturas o tensi\u00f3n muscular, lo que puede llegar a causar muchas molestias. Estrada, nos comenta que muchas veces es de mucho beneficio utilizar m\u00fasica como parte de la recuperaci\u00f3n f\u00edsica del paciente. Con el tiempo, los pacientes se acostumbran a hacer los ejercicios de con m\u00fasica.<\/p>\n<p><strong>Edad adulta y tercera edad<\/strong><\/p>\n<p style=\"text-align: justify;\">Cuando se es adulto, el estr\u00e9s y las enfermedades se presentan con mayor intensidad. La mayor\u00eda tiene responsabilidades con su familia y el trabajo, y por ello el estado de salud f\u00edsico y mental, se deteriora m\u00e1s f\u00e1cilmente, siendo la recuperaci\u00f3n m\u00e1s lenta. Cristina Fern\u00e1ndez-Cabaleiro, psic\u00f3loga e instructora de Yoga y Danza terapia, sugiere que una buena actividad para mantener una buena salud mental y espiritual es escuchar la m\u00fasica que nos gusta, pero dejar de lado cualquier otra actividad, sintiendo lo que escuchamos con atenci\u00f3n.<\/p>\n<p style=\"text-align: justify;\">En un art\u00edculo publicado en el blog del Instituto de Religiosas de San Jos\u00e9 de Gerona en Espa\u00f1a, se menciona que la m\u00fasica puede tener un gran impacto en cualquier persona, pero, adem\u00e1s, en las personas mayores, tiene la capacidad de liberar todo un torrente de memorias. Por tal raz\u00f3n, la terapia musical es uno de los tratamientos m\u00e1s eficaces para las personas mayores que sufren determinados tipos de enfermedades o trastornos como, por ejemplo: Parkinson, Huntington, Alzheimer, autismo, traumatismo cerebral, apoplej\u00eda, etc.<\/p>\n<p style=\"text-align: justify;\">Fern\u00e1ndez-Cabaleiro agrega que la m\u00fasica puede estar presente en nuestra vida diaria. Realizar actividades como el Yoga, la Danzaterapia, ejecutar alg\u00fan instrumento, cantar o componer m\u00fasica, nos ser\u00e1 de mucho beneficio en varios \u00e1mbitos de nuestra vida diaria, porque cuando escuchamos la m\u00fasica y los sonidos que nos gustan, aumentan los niveles de serotonina, el neurotransmisor encargado de regular el estado de \u00e1nimo y el sue\u00f1o, que inhibe emociones negativas y nos ayuda a ser m\u00e1s felices.<\/p>\n<h5>Foto de portada:\u00a0Afinando. Turcios. de www.turciosart.com<\/h5>\n","protected":false},"excerpt":{"rendered":"<p>Por:\u00a0Yesica Torres La m\u00fasica da alma al universo, alas a la mente, vuelos a la imaginaci\u00f3n, consuelo a la tristeza y vida y alegr\u00eda a todas las cosas (Plat\u00f3n) Los or\u00edgenes de la palabra en lat\u00edn \u201cm\u00fasica\u201d se derivan del t\u00e9rmino griego \u201cmousike\u201d, el cual hac\u00eda referencia a la educaci\u00f3n del esp\u00edritu colocada bajo la [&hellip;]<\/p>\n","protected":false},"author":1,"featured_media":4433,"comment_status":"closed","ping_status":"closed","sticky":false,"template":"","format":"standard","meta":{"_exactmetrics_skip_tracking":false,"_exactmetrics_sitenote_active":false,"_exactmetrics_sitenote_note":"","_exactmetrics_sitenote_category":0,"jetpack_post_was_ever_published":false,"_jetpack_newsletter_access":"","_jetpack_dont_email_post_to_subs":false,"_jetpack_newsletter_tier_id":0,"_jetpack_memberships_contains_paywalled_content":false,"_jetpack_memberships_contains_paid_content":false,"footnotes":""},"categories":[451,454,382,1],"tags":[1261,1259,1376,1377,1355,1371,653,1378,107,1372,1260,110,121],"class_list":["post-4426","post","type-post","status-publish","format-standard","has-post-thumbnail","hentry","category-musica","category-pagetwo","category-salud","category-uncategorized","tag-articulos","tag-entremundos","tag-felicidad","tag-fisico","tag-musica","tag-musicoterapia","tag-periodismo","tag-psicologia","tag-quetzaltenango","tag-reportajes","tag-revista","tag-salud","tag-xela"],"jetpack_featured_media_url":"https:\/\/i0.wp.com\/www.entremundos.org\/revista\/wp-content\/uploads\/2018\/09\/afinando.-turcios.-de-www.turciosart.com_.jpg?fit=1822%2C1891&ssl=1","jetpack_shortlink":"https:\/\/wp.me\/p7ljt7-19o","jetpack-related-posts":[{"id":12038,"url":"https:\/\/www.entremundos.org\/revista\/politica\/quetzaltenango-500-anos-de-historia-desafios-y-esperanza\/","url_meta":{"origin":4426,"position":0},"title":"Quetzaltenango: 500 a\u00f1os de historia, desaf\u00edos y esperanza","author":"EntreMundos","date":"16 mayo, 2024","format":false,"excerpt":"POR SAMUEL ALVAREZ MORALES La historia de la ciudad se remonta a la \u00e9poca precolombina. Desde entonces, fue un importante centro comercial y cultural para la regi\u00f3n. Sus primeros habitantes fueron los Mam, quienes la llamar\u00edan Kulaja; los Quich\u00e9s la conquistaron y la nombraron Xelajuj No\u2019j. Finalmente, el 15 de\u2026","rel":"","context":"En \u00abFrontPage\u00bb","block_context":{"text":"FrontPage","link":"https:\/\/www.entremundos.org\/revista\/category\/frontpage\/"},"img":{"alt_text":"","src":"https:\/\/i0.wp.com\/www.entremundos.org\/revista\/wp-content\/uploads\/2024\/05\/whatsapp-image-2024-05-03-at-5.26.36-pm-scaled.jpeg?fit=632%2C1200&ssl=1&resize=350%2C200","width":350,"height":200,"srcset":"https:\/\/i0.wp.com\/www.entremundos.org\/revista\/wp-content\/uploads\/2024\/05\/whatsapp-image-2024-05-03-at-5.26.36-pm-scaled.jpeg?fit=632%2C1200&ssl=1&resize=350%2C200 1x, https:\/\/i0.wp.com\/www.entremundos.org\/revista\/wp-content\/uploads\/2024\/05\/whatsapp-image-2024-05-03-at-5.26.36-pm-scaled.jpeg?fit=632%2C1200&ssl=1&resize=525%2C300 1.5x"},"classes":[]},{"id":11617,"url":"https:\/\/www.entremundos.org\/revista\/mujer\/la-cultura-es-lo-que-en-la-muerte-continua-siendo-la-vida\/","url_meta":{"origin":4426,"position":1},"title":"\u201cLa Cultura es lo que, en la muerte, contin\u00faa siendo la vida\u201d","author":"EntreMundos","date":"19 enero, 2024","format":false,"excerpt":"POR PATRICIA MIRALB\u00c9S \u00bfTe has preguntado alguna vez por qu\u00e9 un grupo social se comporta de cierta manera? \u00bfDe d\u00f3nde vienen las creencias que te inculcan desde peque\u00f1o? Todo esto tiene que ver con la cultura del lugar en donde vivimos. La cultura es la base de la construcci\u00f3n de\u2026","rel":"","context":"En \u00abCultura\u00bb","block_context":{"text":"Cultura","link":"https:\/\/www.entremundos.org\/revista\/category\/cultura\/"},"img":{"alt_text":"","src":"https:\/\/i0.wp.com\/www.entremundos.org\/revista\/wp-content\/uploads\/2024\/01\/whatsapp-image-2023-12-13-at-6.59.10-pm-1.jpeg?fit=1200%2C800&ssl=1&resize=350%2C200","width":350,"height":200,"srcset":"https:\/\/i0.wp.com\/www.entremundos.org\/revista\/wp-content\/uploads\/2024\/01\/whatsapp-image-2023-12-13-at-6.59.10-pm-1.jpeg?fit=1200%2C800&ssl=1&resize=350%2C200 1x, https:\/\/i0.wp.com\/www.entremundos.org\/revista\/wp-content\/uploads\/2024\/01\/whatsapp-image-2023-12-13-at-6.59.10-pm-1.jpeg?fit=1200%2C800&ssl=1&resize=525%2C300 1.5x, https:\/\/i0.wp.com\/www.entremundos.org\/revista\/wp-content\/uploads\/2024\/01\/whatsapp-image-2023-12-13-at-6.59.10-pm-1.jpeg?fit=1200%2C800&ssl=1&resize=700%2C400 2x, https:\/\/i0.wp.com\/www.entremundos.org\/revista\/wp-content\/uploads\/2024\/01\/whatsapp-image-2023-12-13-at-6.59.10-pm-1.jpeg?fit=1200%2C800&ssl=1&resize=1050%2C600 3x"},"classes":[]},{"id":11407,"url":"https:\/\/www.entremundos.org\/revista\/politica\/del-papel-a-la-pantalla\/","url_meta":{"origin":4426,"position":2},"title":"Del papel a la pantalla","author":"EntreMundos","date":"10 noviembre, 2023","format":false,"excerpt":"POR EMMA G\u00d3MEZ Dos pa\u00edses golpeados por la corrupci\u00f3n, violaci\u00f3n de los derechos humanos, injusticias, persecuciones y despojos, por mencionar algunos de los males que tienen en com\u00fan Guatemala y El Salvador. El proyecto, Del Papel a la Pantalla, presenta dos propuestas visuales para reflexionar sobre la educaci\u00f3n sexual y\u2026","rel":"","context":"En \u00abAccion Comunitaria\u00bb","block_context":{"text":"Accion Comunitaria","link":"https:\/\/www.entremundos.org\/revista\/category\/politica\/accion-comunitaria-3\/"},"img":{"alt_text":"","src":"https:\/\/i0.wp.com\/www.entremundos.org\/revista\/wp-content\/uploads\/2023\/11\/whatsapp-image-2023-10-23-at-9.54.45-am-2.jpeg?fit=1200%2C800&ssl=1&resize=350%2C200","width":350,"height":200,"srcset":"https:\/\/i0.wp.com\/www.entremundos.org\/revista\/wp-content\/uploads\/2023\/11\/whatsapp-image-2023-10-23-at-9.54.45-am-2.jpeg?fit=1200%2C800&ssl=1&resize=350%2C200 1x, https:\/\/i0.wp.com\/www.entremundos.org\/revista\/wp-content\/uploads\/2023\/11\/whatsapp-image-2023-10-23-at-9.54.45-am-2.jpeg?fit=1200%2C800&ssl=1&resize=525%2C300 1.5x, https:\/\/i0.wp.com\/www.entremundos.org\/revista\/wp-content\/uploads\/2023\/11\/whatsapp-image-2023-10-23-at-9.54.45-am-2.jpeg?fit=1200%2C800&ssl=1&resize=700%2C400 2x, https:\/\/i0.wp.com\/www.entremundos.org\/revista\/wp-content\/uploads\/2023\/11\/whatsapp-image-2023-10-23-at-9.54.45-am-2.jpeg?fit=1200%2C800&ssl=1&resize=1050%2C600 3x"},"classes":[]},{"id":11856,"url":"https:\/\/www.entremundos.org\/revista\/culture\/helping-and-guiding-survivors-of-violence\/?lang=en","url_meta":{"origin":4426,"position":3},"title":"Helping and Guiding Survivors of Violence","author":"EntreMundos","date":"26 marzo, 2024","format":false,"excerpt":"BY EMMA G\u00d3MEZ TRANSLATED BYMAYA GREENBERG We as women have all suffered some kind of violence in one way or another; physical, psychological, economical, and more. As a society, we have normalized these types of actions, as reporting the violence is not always an option; this shows us that if\u2026","rel":"","context":"En \u00abCulture\u00bb","block_context":{"text":"Culture","link":"https:\/\/www.entremundos.org\/revista\/category\/culture\/?lang=en"},"img":{"alt_text":"","src":"https:\/\/i0.wp.com\/www.entremundos.org\/revista\/wp-content\/uploads\/2024\/03\/260024687_244522054441287_6768641656093030982_n.jpg?fit=1200%2C540&ssl=1&resize=350%2C200","width":350,"height":200,"srcset":"https:\/\/i0.wp.com\/www.entremundos.org\/revista\/wp-content\/uploads\/2024\/03\/260024687_244522054441287_6768641656093030982_n.jpg?fit=1200%2C540&ssl=1&resize=350%2C200 1x, https:\/\/i0.wp.com\/www.entremundos.org\/revista\/wp-content\/uploads\/2024\/03\/260024687_244522054441287_6768641656093030982_n.jpg?fit=1200%2C540&ssl=1&resize=525%2C300 1.5x, https:\/\/i0.wp.com\/www.entremundos.org\/revista\/wp-content\/uploads\/2024\/03\/260024687_244522054441287_6768641656093030982_n.jpg?fit=1200%2C540&ssl=1&resize=700%2C400 2x, https:\/\/i0.wp.com\/www.entremundos.org\/revista\/wp-content\/uploads\/2024\/03\/260024687_244522054441287_6768641656093030982_n.jpg?fit=1200%2C540&ssl=1&resize=1050%2C600 3x"},"classes":[]},{"id":13646,"url":"https:\/\/www.entremundos.org\/revista\/politica\/14-horas-en-la-emergencia-del-san-juan\/","url_meta":{"origin":4426,"position":4},"title":"14 Horas en la emergencia del San Juan","author":"EntreMundos","date":"4 abril, 2026","format":false,"excerpt":"POR JOS\u00c9 RUB\u00c9N ZAMORA A continuaci\u00f3n, un relato vivido el lunes 30 de diciembre de 2025, el experimentado y eficaz m\u00e9dico de Mariscal Zavala y Matamoros tuvo la deferencia de pasar a visitarme y preguntar por mi salud. A grandes rasgos le describ\u00ed la evoluci\u00f3n de mis achaques y c\u00f3mo\u2026","rel":"","context":"En \u00abFrontPage\u00bb","block_context":{"text":"FrontPage","link":"https:\/\/www.entremundos.org\/revista\/category\/frontpage\/"},"img":{"alt_text":"","src":"https:\/\/i0.wp.com\/www.entremundos.org\/revista\/wp-content\/uploads\/2026\/03\/634915345_122122712199038307_404958608411572897_n.jpg?fit=1200%2C802&ssl=1&resize=350%2C200","width":350,"height":200,"srcset":"https:\/\/i0.wp.com\/www.entremundos.org\/revista\/wp-content\/uploads\/2026\/03\/634915345_122122712199038307_404958608411572897_n.jpg?fit=1200%2C802&ssl=1&resize=350%2C200 1x, https:\/\/i0.wp.com\/www.entremundos.org\/revista\/wp-content\/uploads\/2026\/03\/634915345_122122712199038307_404958608411572897_n.jpg?fit=1200%2C802&ssl=1&resize=525%2C300 1.5x, https:\/\/i0.wp.com\/www.entremundos.org\/revista\/wp-content\/uploads\/2026\/03\/634915345_122122712199038307_404958608411572897_n.jpg?fit=1200%2C802&ssl=1&resize=700%2C400 2x, https:\/\/i0.wp.com\/www.entremundos.org\/revista\/wp-content\/uploads\/2026\/03\/634915345_122122712199038307_404958608411572897_n.jpg?fit=1200%2C802&ssl=1&resize=1050%2C600 3x"},"classes":[]},{"id":13241,"url":"https:\/\/www.entremundos.org\/revista\/politica\/crimen-de-estado-primera-sentencia\/","url_meta":{"origin":4426,"position":5},"title":"Crimen De Estado: Primera Sentencia\u00a0","author":"EntreMundos","date":"17 septiembre, 2025","format":false,"excerpt":"Por Carolina Escobar Sarti Durante el gobierno de Jimmy Morales se cometi\u00f3 un crimen de Estado. Fue el 8 de marzo de 2017, cuando 56 ni\u00f1as y adolescentes fueron colocadas, por horas, en un aula de 7 x 6.8 metros donde no hab\u00eda ni siquiera un ba\u00f1o. Despu\u00e9s del desayuno\u2026","rel":"","context":"En \u00abFrontPage\u00bb","block_context":{"text":"FrontPage","link":"https:\/\/www.entremundos.org\/revista\/category\/frontpage\/"},"img":{"alt_text":"","src":"https:\/\/i0.wp.com\/www.entremundos.org\/revista\/wp-content\/uploads\/2025\/09\/img66.jpg?fit=960%2C1200&ssl=1&resize=350%2C200","width":350,"height":200,"srcset":"https:\/\/i0.wp.com\/www.entremundos.org\/revista\/wp-content\/uploads\/2025\/09\/img66.jpg?fit=960%2C1200&ssl=1&resize=350%2C200 1x, https:\/\/i0.wp.com\/www.entremundos.org\/revista\/wp-content\/uploads\/2025\/09\/img66.jpg?fit=960%2C1200&ssl=1&resize=525%2C300 1.5x, https:\/\/i0.wp.com\/www.entremundos.org\/revista\/wp-content\/uploads\/2025\/09\/img66.jpg?fit=960%2C1200&ssl=1&resize=700%2C400 2x"},"classes":[]}],"jetpack_sharing_enabled":true,"_links":{"self":[{"href":"https:\/\/www.entremundos.org\/revista\/wp-json\/wp\/v2\/posts\/4426","targetHints":{"allow":["GET"]}}],"collection":[{"href":"https:\/\/www.entremundos.org\/revista\/wp-json\/wp\/v2\/posts"}],"about":[{"href":"https:\/\/www.entremundos.org\/revista\/wp-json\/wp\/v2\/types\/post"}],"author":[{"embeddable":true,"href":"https:\/\/www.entremundos.org\/revista\/wp-json\/wp\/v2\/users\/1"}],"replies":[{"embeddable":true,"href":"https:\/\/www.entremundos.org\/revista\/wp-json\/wp\/v2\/comments?post=4426"}],"version-history":[{"count":7,"href":"https:\/\/www.entremundos.org\/revista\/wp-json\/wp\/v2\/posts\/4426\/revisions"}],"predecessor-version":[{"id":4451,"href":"https:\/\/www.entremundos.org\/revista\/wp-json\/wp\/v2\/posts\/4426\/revisions\/4451"}],"wp:featuredmedia":[{"embeddable":true,"href":"https:\/\/www.entremundos.org\/revista\/wp-json\/wp\/v2\/media\/4433"}],"wp:attachment":[{"href":"https:\/\/www.entremundos.org\/revista\/wp-json\/wp\/v2\/media?parent=4426"}],"wp:term":[{"taxonomy":"category","embeddable":true,"href":"https:\/\/www.entremundos.org\/revista\/wp-json\/wp\/v2\/categories?post=4426"},{"taxonomy":"post_tag","embeddable":true,"href":"https:\/\/www.entremundos.org\/revista\/wp-json\/wp\/v2\/tags?post=4426"}],"curies":[{"name":"wp","href":"https:\/\/api.w.org\/{rel}","templated":true}]}}