{"id":5407,"date":"2019-02-04T11:43:48","date_gmt":"2019-02-04T19:43:48","guid":{"rendered":"http:\/\/www.entremundos.org\/revista\/?p=5407"},"modified":"2019-03-15T19:59:09","modified_gmt":"2019-03-16T03:59:09","slug":"no-te-asustes-organizate","status":"publish","type":"post","link":"https:\/\/www.entremundos.org\/revista\/medio-ambiente\/no-te-asustes-organizate\/","title":{"rendered":"No te asustes\u2026 \u00a1organ\u00edzate!"},"content":{"rendered":"<p><em>Comunidades resilientes frente a los impactos del monocultivo de banano y palma en la Costa Suroccidental<\/em><\/p>\n<h4>Por: Diana Pastor, Editora de EntreMundos<\/h4>\n<p>Recientemente, tuve la oportunidad de hacer una visita a comunidades en los municipios de Coatepeque en el departamento de Quetzaltenango y la Blanca, en el departamento de San Marcos, acompa\u00f1ando a una delegaci\u00f3n sueca de ActionAid. El \u00e1rea en donde se encuentran estas comunidades es conocida por sus tierras f\u00e9rtiles y riqueza h\u00eddrica, las cuales se ha convertido tambi\u00e9n en su mayor desaf\u00edo, pues a sus alrededores se encuentran grandes plantaciones de monocultivos agro industriales de banano y palma africana que han acaparado estos recursos. Sin embargo, ante \u00e9ste y otros problemas que las comunidades enfrentan, su organizaci\u00f3n y nuevas pr\u00e1cticas de vida significan su resistencia ante un ambiente donde las condiciones de vida parecer\u00edan apostar en contra de su sobrevivencia.<\/p>\n<p>Anteriormente, EntreMundos ha escrito algunos reportajes sobre los problemas causados por estas plantaciones. En \u201cLa lucha por el agua en la Costa Sur\u201d escrito por Mathew Burnett Stuart y en \u201cCrisis de agua y monocultivos en la costa sur de Guatemala\u201d por Sergio de Le\u00f3n, en donde explican las principales problem\u00e1ticas que las comunidades enfrentan, entre las cuales se mencionan: 1. La enorme cantidad de agua que las compa\u00f1\u00edas utilizan en sus plantaciones y que obtienen mediante el uso directo o la desviaci\u00f3n de los r\u00edos 2. la contaminaci\u00f3n del agua con sustancias t\u00f3xicas que se utilizan en las plantaciones y 3. la dr\u00e1stica disminuci\u00f3n de las tierras disponibles para los peque\u00f1os agricultores y sus cultivos tradicionales, lo que pone en grave riesgo su seguridad alimentaria.<\/p>\n<p>Dar a conocer la problem\u00e1tica que viven las comunidades es importante, pero tambi\u00e9n es importante contar c\u00f3mo ellos est\u00e1n enfrentando las consecuencias ambientales, econ\u00f3micas y sociales causadas no s\u00f3lo por los monocultivos de banano y palma sino tambi\u00e9n por el cambio clim\u00e1tico. Las actividades que se implementan en estos lugares no han surgido de la noche a la ma\u00f1ana; son el resultado de un largo y arduo proceso impulsado por el Comit\u00e9 de Unidad Campesina CUC, con el apoyo de organizaciones como Action Aid. Aqu\u00ed les comentamos algunas de las acciones concretas que estas comunidades est\u00e1n realizando y que las est\u00e1n convirtiendo en ejemplos emergentes de resiliencia ante los efectos del cambio clim\u00e1tico y el impacto del apropiaci\u00f3n del agua por parte de los monocultivos.<\/p>\n<p><strong>Denuncia del robo de agua<\/strong><\/p>\n<figure id=\"attachment_5418\" aria-describedby=\"caption-attachment-5418\" style=\"width: 225px\" class=\"wp-caption alignleft\"><a href=\"https:\/\/i0.wp.com\/www.entremundos.org\/revista\/wp-content\/uploads\/2019\/02\/15-reportaje.jpg\"><img data-recalc-dims=\"1\" loading=\"lazy\" decoding=\"async\" class=\"wp-image-5418 size-medium\" src=\"https:\/\/i0.wp.com\/www.entremundos.org\/revista\/wp-content\/uploads\/2019\/02\/15-reportaje-225x300.jpg?resize=225%2C300\" alt=\"\" width=\"225\" height=\"300\" srcset=\"https:\/\/i0.wp.com\/www.entremundos.org\/revista\/wp-content\/uploads\/2019\/02\/15-reportaje.jpg?resize=225%2C300&amp;ssl=1 225w, https:\/\/i0.wp.com\/www.entremundos.org\/revista\/wp-content\/uploads\/2019\/02\/15-reportaje.jpg?resize=768%2C1024&amp;ssl=1 768w, https:\/\/i0.wp.com\/www.entremundos.org\/revista\/wp-content\/uploads\/2019\/02\/15-reportaje.jpg?resize=335%2C447&amp;ssl=1 335w, https:\/\/i0.wp.com\/www.entremundos.org\/revista\/wp-content\/uploads\/2019\/02\/15-reportaje.jpg?resize=1050%2C1400&amp;ssl=1 1050w, https:\/\/i0.wp.com\/www.entremundos.org\/revista\/wp-content\/uploads\/2019\/02\/15-reportaje.jpg?w=1280&amp;ssl=1 1280w, https:\/\/i0.wp.com\/www.entremundos.org\/revista\/wp-content\/uploads\/2019\/02\/15-reportaje.jpg?w=1920&amp;ssl=1 1920w\" sizes=\"auto, (max-width: 225px) 100vw, 225px\" \/><\/a><figcaption id=\"caption-attachment-5418\" class=\"wp-caption-text\">Una mujer en carrizales muestra las condiciones del r\u00edo Pacay\u00e1. Foto Magnus Nordgren.<\/figcaption><\/figure>\n<p>La comunidad de Carrizales, en La Blanca, sabe muy bien que cuando viene el verano, vienen con \u00e9l los problemas. Durante la estaci\u00f3n seca, las empresas exportadoras de banano desv\u00edan el r\u00edo construyendo una barrera (quineles) que les permite retener el agua para sus plantaciones. Mediante una exposici\u00f3n fotogr\u00e1fica, uno de los l\u00edderes comunitarios nos explica c\u00f3mo el r\u00edo Pacay\u00e1 se va secando poco a poco por la extracci\u00f3n de agua, mientras habla en\u00e9rgicamente sobre los problemas que \u2013evidentemente-, causa la falta de agua a la comunidad. Adem\u00e1s de ello, el bajo nivel de agua en el rio est\u00e1 causando salinizaci\u00f3n en sus desembocaduras, perdiendo as\u00ed la calidad de la tierra.<\/p>\n<p>M\u00e1s tarde, nos invita a visitar el r\u00edo para observar con nuestros propios ojos lo que queda de \u00e9ste: un espacio fangoso que en diez d\u00edas -asegura-, estar\u00e1 completamente seco. L\u00edderes comunitarios como \u00e9l, se han organizado de manera amplia y conjunta para denunciar este desastre. \u201cLa gente debe saber y conocer lo que est\u00e1 pasando en la comunidad; no nos est\u00e1n robando s\u00f3lo el agua, nos est\u00e1n robando nuestra vida\u201d comenta. La batalla legal es muy importante para estas comunidades, pero es todo un reto porque los pasos que se dan son muy peque\u00f1os, y los privilegios que amparan a estas compa\u00f1\u00edas son muy grandes; sin embargo, informar a otros sobre lo que pasa, desde las voces de quienes viven la problem\u00e1tica, ya es todo un logro.<\/p>\n<p><strong>Un albergue y una comisi\u00f3n de gesti\u00f3n de riesgo<\/strong><\/p>\n<p>En la aldea las Morenas, de la Blanca, las inundaciones provocadas por las intensas lluvias y el exceso de agua que las compa\u00f1\u00edas arrojan al r\u00edo desde sus plantaciones en el invierno, afectan y da\u00f1an sus viviendas y cultivos. Sin embargo, gracias a su organizaci\u00f3n y el apoyo de ActionAid, en Las Morenas se construy\u00f3 un centro comunitario que les permite a los pobladores refugiarse de las inundaciones. Adem\u00e1s de eso, una comisi\u00f3n de gesti\u00f3n de riesgos a nivel comunitario se capacita con frecuencia para mantener informada a la poblaci\u00f3n sobre las acciones a tomar en casos de emergencia. \u00a0Integrantes de la Comisi\u00f3n, explican que cuentan con un plan de alerta que les permite atender emergencias y evitar desastres; sin embargo, el equipo con el que cuentan debe ser mejorado.<\/p>\n<p><strong>Fertilizantes e insecticidas org\u00e1nicos<\/strong><\/p>\n<figure id=\"attachment_5420\" aria-describedby=\"caption-attachment-5420\" style=\"width: 225px\" class=\"wp-caption alignleft\"><a href=\"https:\/\/i0.wp.com\/www.entremundos.org\/revista\/wp-content\/uploads\/2019\/02\/img_1117.jpg\"><img data-recalc-dims=\"1\" loading=\"lazy\" decoding=\"async\" class=\"wp-image-5420 size-medium\" src=\"https:\/\/i0.wp.com\/www.entremundos.org\/revista\/wp-content\/uploads\/2019\/02\/img_1117-225x300.jpg?resize=225%2C300\" alt=\"\" width=\"225\" height=\"300\" srcset=\"https:\/\/i0.wp.com\/www.entremundos.org\/revista\/wp-content\/uploads\/2019\/02\/img_1117.jpg?resize=225%2C300&amp;ssl=1 225w, https:\/\/i0.wp.com\/www.entremundos.org\/revista\/wp-content\/uploads\/2019\/02\/img_1117.jpg?resize=768%2C1024&amp;ssl=1 768w, https:\/\/i0.wp.com\/www.entremundos.org\/revista\/wp-content\/uploads\/2019\/02\/img_1117.jpg?resize=335%2C447&amp;ssl=1 335w, https:\/\/i0.wp.com\/www.entremundos.org\/revista\/wp-content\/uploads\/2019\/02\/img_1117.jpg?resize=1050%2C1400&amp;ssl=1 1050w, https:\/\/i0.wp.com\/www.entremundos.org\/revista\/wp-content\/uploads\/2019\/02\/img_1117.jpg?w=1280&amp;ssl=1 1280w, https:\/\/i0.wp.com\/www.entremundos.org\/revista\/wp-content\/uploads\/2019\/02\/img_1117.jpg?w=1920&amp;ssl=1 1920w\" sizes=\"auto, (max-width: 225px) 100vw, 225px\" \/><\/a><figcaption id=\"caption-attachment-5420\" class=\"wp-caption-text\">Elaborando insecticida org\u00e1nico. Foto: Magnus Nordgren<\/figcaption><\/figure>\n<p>En esta misma comunidad, los pobladores han comenzado a utilizar fertilizantes e insecticidas caseros y org\u00e1nicos reemplazando los fertilizantes e insecticidas comerciales. Durante la visita, encontramos a mujeres y hombres de la comunidad preparando uno de los insecticidas compuesto por chile, ajo, cebolla, aguardiente y otros componentes que son muy eficaces para el control de insectos y plagas en los cultivos. Con ello, la comunidad ahorra dinero porque los productos que elaboran son m\u00e1s baratos que los comerciales, y al mismo tiempo, consumen alimentos m\u00e1s saludables. \u00a0En la comunidad muchas personas est\u00e1n conscientes de los peligros que generan el usar insecticidas y fertilizantes industriales, pues ellos mismos han visto c\u00f3mo los ni\u00f1os que a\u00fan se ba\u00f1an en el r\u00edo presentan problemas en la piel, debido a que el agua arrastra los agroqu\u00edmicos que se utilizan en las plantaciones, los cuales son muy nocivos para la salud.<\/p>\n<p><strong>Huertos familiares e introducci\u00f3n de alimentos<\/strong><\/p>\n<p>Otro de los problemas causados por la concentraci\u00f3n de la propiedad de la tierra es la reducci\u00f3n de terreno para cultivos tradicionalmente elementales para la subsistencia de las familias, como lo son el ma\u00edz y el frijol.\u00a0 En a\u00f1os anteriores pod\u00edan alquilar espacios para sembrar estos productos y abastecer as\u00ed a sus familias; no obstante, hoy, casi toda el \u00e1rea est\u00e1 llena de cultivos de palma y banano, por lo que ya no queda espacio para las siembras que anteriormente realizaban. A esta situaci\u00f3n hay que agregar las largas sequias y la alteraci\u00f3n de las lluvias como efecto del cambio clim\u00e1tico, tanto hombres y mujeres productores comentan: \u201cahora ya no se sabe ni cu\u00e1ndo sembrar, porque el clima ha cambiado mucho\u201d.<\/p>\n<figure id=\"attachment_5416\" aria-describedby=\"caption-attachment-5416\" style=\"width: 300px\" class=\"wp-caption alignright\"><a href=\"https:\/\/i0.wp.com\/www.entremundos.org\/revista\/wp-content\/uploads\/2019\/02\/17-reportaje.jpg\"><img data-recalc-dims=\"1\" loading=\"lazy\" decoding=\"async\" class=\"wp-image-5416 size-medium\" src=\"https:\/\/i0.wp.com\/www.entremundos.org\/revista\/wp-content\/uploads\/2019\/02\/17-reportaje-300x225.jpg?resize=300%2C225\" alt=\"\" width=\"300\" height=\"225\" srcset=\"https:\/\/i0.wp.com\/www.entremundos.org\/revista\/wp-content\/uploads\/2019\/02\/17-reportaje.jpg?resize=300%2C225&amp;ssl=1 300w, https:\/\/i0.wp.com\/www.entremundos.org\/revista\/wp-content\/uploads\/2019\/02\/17-reportaje.jpg?resize=768%2C576&amp;ssl=1 768w, https:\/\/i0.wp.com\/www.entremundos.org\/revista\/wp-content\/uploads\/2019\/02\/17-reportaje.jpg?resize=1024%2C768&amp;ssl=1 1024w, https:\/\/i0.wp.com\/www.entremundos.org\/revista\/wp-content\/uploads\/2019\/02\/17-reportaje.jpg?resize=72%2C54&amp;ssl=1 72w, https:\/\/i0.wp.com\/www.entremundos.org\/revista\/wp-content\/uploads\/2019\/02\/17-reportaje.jpg?resize=335%2C251&amp;ssl=1 335w, https:\/\/i0.wp.com\/www.entremundos.org\/revista\/wp-content\/uploads\/2019\/02\/17-reportaje.jpg?resize=1050%2C788&amp;ssl=1 1050w, https:\/\/i0.wp.com\/www.entremundos.org\/revista\/wp-content\/uploads\/2019\/02\/17-reportaje.jpg?w=1280&amp;ssl=1 1280w, https:\/\/i0.wp.com\/www.entremundos.org\/revista\/wp-content\/uploads\/2019\/02\/17-reportaje.jpg?w=1920&amp;ssl=1 1920w\" sizes=\"auto, (max-width: 300px) 100vw, 300px\" \/><\/a><figcaption id=\"caption-attachment-5416\" class=\"wp-caption-text\">Haciendo una demostraci\u00f3n de la harina del proceso de la harina de amaranto. Foto: Magnus Nordgren.<\/figcaption><\/figure>\n<p>Antes estas situaciones comunidades como El Palmar y Chiquirines, han implementado soluciones para contrarrestar esta problem\u00e1tica, a trav\u00e9s del establecimiento de huertos familiares y la introducci\u00f3n de nuevos cultivos para diversificar la alimentaci\u00f3n en sus hogares. Ya sea en porciones medianas o peque\u00f1as de terreno, los huertos familiares les permiten tener diferentes tipos de alimentos para consumo familiar, y en ocasiones, cuando hay excedente, pueden ganar un poco de dinero con la venta de los mismos. Los huertos familiares permiten que las familias que no cuentan con tanto ma\u00edz y frijol puedan disponer de otros alimentos de buena calidad, e incluso variar y enriquecer su dieta con otros alimentos nuevos que contienen sustancias altamente nutritivas, como el amaranto; el cual ha tenido mucha aceptaci\u00f3n entre las familias por sus sabor y facilidad para cultivar. Con apoyo de Forum Syd y Actionaid de Suecia y Guatemala, as\u00ed como de la Fundaci\u00f3n Lotex de Suiza estas comunidades son ejemplo de resiliencia organizada en la regi\u00f3n de la costa suroccidental del pa\u00eds.<\/p>\n<p><strong>*Agradecemos a Patricia Castillo de ActionAid Guatemala por su apoyo en la elaboraci\u00f3n de este reportaje.<\/strong><\/p>\n<p><em>Foto de portada: Un lider comunitario muestra en fotograf\u00edas los da\u00f1os ambientales causados en su comunidad por los monocultivos de banano. Foto: Magnus Nordgren.<\/em><\/p>\n","protected":false},"excerpt":{"rendered":"<p>Comunidades resilientes frente a los impactos del monocultivo de banano y palma en la Costa Suroccidental Por: Diana Pastor, Editora de EntreMundos Recientemente, tuve la oportunidad de hacer una visita a comunidades en los municipios de Coatepeque en el departamento de Quetzaltenango y la Blanca, en el departamento de San Marcos, acompa\u00f1ando a una delegaci\u00f3n [&hellip;]<\/p>\n","protected":false},"author":1,"featured_media":5408,"comment_status":"closed","ping_status":"closed","sticky":false,"template":"","format":"standard","meta":{"_exactmetrics_skip_tracking":false,"_exactmetrics_sitenote_active":false,"_exactmetrics_sitenote_note":"","_exactmetrics_sitenote_category":0,"jetpack_post_was_ever_published":false,"_jetpack_newsletter_access":"","_jetpack_dont_email_post_to_subs":false,"_jetpack_newsletter_tier_id":0,"_jetpack_memberships_contains_paywalled_content":false,"_jetpack_memberships_contains_paid_content":false,"footnotes":""},"categories":[394,401,452,384,406,399,398],"tags":[589,1701,1697,28,1699,1696,1702,1700,460,94,100,1695,1698],"class_list":["post-5407","post","type-post","status-publish","format-standard","has-post-thumbnail","hentry","category-cambio-climatico","category-economia-alternativa","category-frontpage","category-medio-ambiente","category-megaproyectos-2","category-megaproyectos","category-rios","tag-accion-comunitaria","tag-agricultura-sostenible","tag-banano-guatemala","tag-cambio-climatico","tag-contaminacion-guatemala","tag-costa-sur-guatemala","tag-cuc","tag-empoderamiento-economico","tag-megaproyectos","tag-monocultivos","tag-palma-africana","tag-resilencia-guatemala","tag-rios-guatemala"],"jetpack_featured_media_url":"https:\/\/i0.wp.com\/www.entremundos.org\/revista\/wp-content\/uploads\/2019\/02\/14-reportaje-extra.jpg?fit=4032%2C3024&ssl=1","jetpack_shortlink":"https:\/\/wp.me\/p7ljt7-1pd","jetpack-related-posts":[{"id":704,"url":"https:\/\/www.entremundos.org\/revista\/uncategorized-es\/resumen-de-la-edicion-cambio-climatico\/","url_meta":{"origin":5407,"position":0},"title":"Cambio Clim\u00e1tico &#8211; Resumen de la Edici\u00f3n","author":"EntreMundos","date":"8 mayo, 2015","format":false,"excerpt":"En estas p\u00e1ginas, varios expertos explican como el cambio clim\u00e1tico est\u00e1 afectando a Guatemala y que es lo que el futuro depara. El a\u00f1o pasado durante la temporada de lluvia hubo 45 d\u00edas de sequ\u00eda, lo que caus\u00f3 una crisis humanitaria.\u00a0 Como siempre los m\u00e1s afectados por el desastre medioambiental\u2026","rel":"","context":"En \u00abUncategorized\u00bb","block_context":{"text":"Uncategorized","link":"https:\/\/www.entremundos.org\/revista\/category\/uncategorized-es\/"},"img":{"alt_text":"","src":"https:\/\/i0.wp.com\/www.entremundos.org\/revista\/wp-content\/uploads\/2015\/05\/nota-editor-the-behive-collective-poster-500-years.jpg?fit=600%2C398&ssl=1&resize=350%2C200","width":350,"height":200,"srcset":"https:\/\/i0.wp.com\/www.entremundos.org\/revista\/wp-content\/uploads\/2015\/05\/nota-editor-the-behive-collective-poster-500-years.jpg?fit=600%2C398&ssl=1&resize=350%2C200 1x, https:\/\/i0.wp.com\/www.entremundos.org\/revista\/wp-content\/uploads\/2015\/05\/nota-editor-the-behive-collective-poster-500-years.jpg?fit=600%2C398&ssl=1&resize=525%2C300 1.5x"},"classes":[]},{"id":11083,"url":"https:\/\/www.entremundos.org\/revista\/medio-ambiente\/sin-abejas-no-hay-vida\/","url_meta":{"origin":5407,"position":1},"title":"Sin abejas no hay vida","author":"EntreMundos","date":"20 julio, 2023","format":false,"excerpt":"Ma\u00edz de Vida\u00a0 \u00bfSab\u00edas que a nivel global existen m\u00e1s de 20 mil especies de abejas? Su vida es fundamental para los ecosistemas y la producci\u00f3n de alimentos. Sab\u00edas que una abeja vive menos de 40 d\u00edas, visita al menos 1000 flores y produce menos de una cucharadita de miel,\u2026","rel":"","context":"En \u00abAccion Comunitaria\u00bb","block_context":{"text":"Accion Comunitaria","link":"https:\/\/www.entremundos.org\/revista\/category\/politica\/accion-comunitaria-3\/"},"img":{"alt_text":"","src":"https:\/\/i0.wp.com\/www.entremundos.org\/revista\/wp-content\/uploads\/2023\/07\/a6d4e38f-ec55-4772-bcd2-36fc346e048c-1.jpg?fit=901%2C1200&ssl=1&resize=350%2C200","width":350,"height":200,"srcset":"https:\/\/i0.wp.com\/www.entremundos.org\/revista\/wp-content\/uploads\/2023\/07\/a6d4e38f-ec55-4772-bcd2-36fc346e048c-1.jpg?fit=901%2C1200&ssl=1&resize=350%2C200 1x, https:\/\/i0.wp.com\/www.entremundos.org\/revista\/wp-content\/uploads\/2023\/07\/a6d4e38f-ec55-4772-bcd2-36fc346e048c-1.jpg?fit=901%2C1200&ssl=1&resize=525%2C300 1.5x, https:\/\/i0.wp.com\/www.entremundos.org\/revista\/wp-content\/uploads\/2023\/07\/a6d4e38f-ec55-4772-bcd2-36fc346e048c-1.jpg?fit=901%2C1200&ssl=1&resize=700%2C400 2x"},"classes":[]},{"id":12859,"url":"https:\/\/www.entremundos.org\/revista\/politica\/mujeres-indigenas-y-rurales-en-defensa-del-territorio-frente-al-extractivismo-en-guatemala\/","url_meta":{"origin":5407,"position":2},"title":"Mujeres ind\u00edgenas y rurales en defensa del territorio frente al extractivismo en Guatemala","author":"EntreMundos","date":"21 mayo, 2025","format":false,"excerpt":"Por Asociadas Por lo Justo (JASS) Este es un resumen de un mapeo realizado por JASS, para compartir sus an\u00e1lisis, sus luchas y los impactos en sus vidas. El objetivo es contar las luchas por el territorio frente al extractivismo en Guatemala e identificar el papel y el impacto en\u2026","rel":"","context":"En \u00abFrontPage\u00bb","block_context":{"text":"FrontPage","link":"https:\/\/www.entremundos.org\/revista\/category\/frontpage\/"},"img":{"alt_text":"","src":"https:\/\/i0.wp.com\/www.entremundos.org\/revista\/wp-content\/uploads\/2025\/05\/2-scaled.png?fit=1200%2C843&ssl=1&resize=350%2C200","width":350,"height":200,"srcset":"https:\/\/i0.wp.com\/www.entremundos.org\/revista\/wp-content\/uploads\/2025\/05\/2-scaled.png?fit=1200%2C843&ssl=1&resize=350%2C200 1x, https:\/\/i0.wp.com\/www.entremundos.org\/revista\/wp-content\/uploads\/2025\/05\/2-scaled.png?fit=1200%2C843&ssl=1&resize=525%2C300 1.5x, https:\/\/i0.wp.com\/www.entremundos.org\/revista\/wp-content\/uploads\/2025\/05\/2-scaled.png?fit=1200%2C843&ssl=1&resize=700%2C400 2x, https:\/\/i0.wp.com\/www.entremundos.org\/revista\/wp-content\/uploads\/2025\/05\/2-scaled.png?fit=1200%2C843&ssl=1&resize=1050%2C600 3x"},"classes":[]},{"id":10580,"url":"https:\/\/www.entremundos.org\/revista\/politica\/desalojos-aumentan-durante-el-gobierno-de-alejandro-giammattei\/","url_meta":{"origin":5407,"position":3},"title":"Desalojos aumentan durante el gobierno de Alejandro Giammattei","author":"EntreMundos","date":"8 marzo, 2023","format":false,"excerpt":"Por Gilberto Escobar\u00a0 En Guatemala, durante los \u00faltimos a\u00f1os, los desalojos han ido en aumento y se han dado en dos modalidades: los desalojos legales que tienen una orden judicial y los extrajudiciales, los que\u00a0 no van acompa\u00f1ados de ninguna orden de un juez y que ocurren\u00a0 en horas de\u2026","rel":"","context":"En \u00abBosques\u00bb","block_context":{"text":"Bosques","link":"https:\/\/www.entremundos.org\/revista\/category\/medio-ambiente\/bosques\/"},"img":{"alt_text":"","src":"https:\/\/i0.wp.com\/www.entremundos.org\/revista\/wp-content\/uploads\/2023\/03\/portada.jpg?fit=1024%2C768&ssl=1&resize=350%2C200","width":350,"height":200,"srcset":"https:\/\/i0.wp.com\/www.entremundos.org\/revista\/wp-content\/uploads\/2023\/03\/portada.jpg?fit=1024%2C768&ssl=1&resize=350%2C200 1x, https:\/\/i0.wp.com\/www.entremundos.org\/revista\/wp-content\/uploads\/2023\/03\/portada.jpg?fit=1024%2C768&ssl=1&resize=525%2C300 1.5x, https:\/\/i0.wp.com\/www.entremundos.org\/revista\/wp-content\/uploads\/2023\/03\/portada.jpg?fit=1024%2C768&ssl=1&resize=700%2C400 2x"},"classes":[]},{"id":13250,"url":"https:\/\/www.entremundos.org\/revista\/politica\/pymes-migracion-y-el-reto-de-la-informalidad-en-guatemala-una-economia-que-resiste-desde-abajo\/","url_meta":{"origin":5407,"position":4},"title":"PYMES, migraci\u00f3n y el reto de la informalidad en Guatemala: Una econom\u00eda que resiste desde abajo","author":"EntreMundos","date":"17 septiembre, 2025","format":false,"excerpt":"Por Alexander Castillo Este art\u00edculo analiza el papel crucial que juegan las Peque\u00f1as y Medianas Empresas (PYMES) y la migraci\u00f3n en la econom\u00eda guatemalteca. Con base en datos actuales, se resalta que m\u00e1s del 90\u202f% de las empresas del pa\u00eds son peque\u00f1as o medianas, y que las remesas representan cerca\u2026","rel":"","context":"En \u00abFrontPage\u00bb","block_context":{"text":"FrontPage","link":"https:\/\/www.entremundos.org\/revista\/category\/frontpage\/"},"img":{"alt_text":"","src":"","width":0,"height":0},"classes":[]},{"id":11590,"url":"https:\/\/www.entremundos.org\/revista\/medio-ambiente\/el-habitante-arbol\/","url_meta":{"origin":5407,"position":5},"title":"El habitante \u00e1rbol","author":"EntreMundos","date":"19 enero, 2024","format":false,"excerpt":"POR VALERIA LEIVA La administraci\u00f3n municipal de Quetzaltenango orden\u00f3 la tala de \u00e1rboles en el parque de la zona 3 de la ciudad pero vecinos, comerciantes y expertos se manifestaron en contra de esta decisi\u00f3n.\u00a0 Cada ciudad constituye su propio ecosistema urbano y se suele pensar que en el ecosistema\u2026","rel":"","context":"En \u00abBosques\u00bb","block_context":{"text":"Bosques","link":"https:\/\/www.entremundos.org\/revista\/category\/medio-ambiente\/bosques\/"},"img":{"alt_text":"","src":"https:\/\/i0.wp.com\/www.entremundos.org\/revista\/wp-content\/uploads\/2024\/01\/img_1121-1-scaled.jpg?fit=1200%2C900&ssl=1&resize=350%2C200","width":350,"height":200,"srcset":"https:\/\/i0.wp.com\/www.entremundos.org\/revista\/wp-content\/uploads\/2024\/01\/img_1121-1-scaled.jpg?fit=1200%2C900&ssl=1&resize=350%2C200 1x, https:\/\/i0.wp.com\/www.entremundos.org\/revista\/wp-content\/uploads\/2024\/01\/img_1121-1-scaled.jpg?fit=1200%2C900&ssl=1&resize=525%2C300 1.5x, https:\/\/i0.wp.com\/www.entremundos.org\/revista\/wp-content\/uploads\/2024\/01\/img_1121-1-scaled.jpg?fit=1200%2C900&ssl=1&resize=700%2C400 2x, https:\/\/i0.wp.com\/www.entremundos.org\/revista\/wp-content\/uploads\/2024\/01\/img_1121-1-scaled.jpg?fit=1200%2C900&ssl=1&resize=1050%2C600 3x"},"classes":[]}],"jetpack_sharing_enabled":true,"_links":{"self":[{"href":"https:\/\/www.entremundos.org\/revista\/wp-json\/wp\/v2\/posts\/5407","targetHints":{"allow":["GET"]}}],"collection":[{"href":"https:\/\/www.entremundos.org\/revista\/wp-json\/wp\/v2\/posts"}],"about":[{"href":"https:\/\/www.entremundos.org\/revista\/wp-json\/wp\/v2\/types\/post"}],"author":[{"embeddable":true,"href":"https:\/\/www.entremundos.org\/revista\/wp-json\/wp\/v2\/users\/1"}],"replies":[{"embeddable":true,"href":"https:\/\/www.entremundos.org\/revista\/wp-json\/wp\/v2\/comments?post=5407"}],"version-history":[{"count":4,"href":"https:\/\/www.entremundos.org\/revista\/wp-json\/wp\/v2\/posts\/5407\/revisions"}],"predecessor-version":[{"id":5427,"href":"https:\/\/www.entremundos.org\/revista\/wp-json\/wp\/v2\/posts\/5407\/revisions\/5427"}],"wp:featuredmedia":[{"embeddable":true,"href":"https:\/\/www.entremundos.org\/revista\/wp-json\/wp\/v2\/media\/5408"}],"wp:attachment":[{"href":"https:\/\/www.entremundos.org\/revista\/wp-json\/wp\/v2\/media?parent=5407"}],"wp:term":[{"taxonomy":"category","embeddable":true,"href":"https:\/\/www.entremundos.org\/revista\/wp-json\/wp\/v2\/categories?post=5407"},{"taxonomy":"post_tag","embeddable":true,"href":"https:\/\/www.entremundos.org\/revista\/wp-json\/wp\/v2\/tags?post=5407"}],"curies":[{"name":"wp","href":"https:\/\/api.w.org\/{rel}","templated":true}]}}