{"id":5464,"date":"2019-05-07T15:50:21","date_gmt":"2019-05-07T23:50:21","guid":{"rendered":"http:\/\/www.entremundos.org\/revista\/?p=5464"},"modified":"2019-05-22T01:18:25","modified_gmt":"2019-05-22T09:18:25","slug":"una-mujer-en-la-silla-presidencial-mujeres-en-la-contienda-electoral-2019","status":"publish","type":"post","link":"https:\/\/www.entremundos.org\/revista\/politica\/una-mujer-en-la-silla-presidencial-mujeres-en-la-contienda-electoral-2019\/","title":{"rendered":"\u00bfUna mujer en la Silla Presidencial? Mujeres en la Contienda Electoral 2019"},"content":{"rendered":"<p><em><strong>Por: Keren Escobar<\/strong><\/em><\/p>\n<p>Durante siglos las mujeres han sido y contin\u00faan \u2013en casi todo el mundo- siendo relegadas al \u00e1mbito dom\u00e9stico. Los espacios laborales fuera de casa y los puestos pol\u00edticos siempre han sido un camino cuesta arriba para las mismas. Sin embargo, en los \u00faltimos a\u00f1os un n\u00famero r\u00e9cord de mujeres se ha postulado y participado en pol\u00edtica, no s\u00f3lo en pa\u00edses desarrollados sino tambi\u00e9n en pa\u00edses en v\u00edas de desarrollo. \u00bfEst\u00e1 cambiando el panorama pol\u00edtico?<\/p>\n<p>Seg\u00fan informes de la Uni\u00f3n Interparlamentaria, se calcula que estamos a 250 a\u00f1os de alcanzar la paridad de g\u00e9nero en parlamentos, una cifra preocupante que puede ser reducida si se trabaja fuerte y objetivamente. Actualmente existen 11 mujeres como jefas de gobierno, ninguna de ellas en Latinoam\u00e9rica. Sin embargo, una situaci\u00f3n nunca antes vista est\u00e1 ocurriendo en Guatemala: 22 binomios candidatos a la presidencia han sido ya proclamados, y 4 de \u00e9stos tienen candidatas presidenciales (aunque hasta la fecha, no todas han recibido sus credenciales oficiales para participar). Tres de estas -seg\u00fan varias encuestas- lideran la preferencia del voto, por lo que Guatemala podr\u00eda tener en el 2020 a una mujer -por primera vez en la historia- como presidenta.<\/p>\n<p>\u00bfQui\u00e9nes son estas candidatas? Muchos guatemaltecos ya las conocen (aunque quiz\u00e1 m\u00e1s a algunas que a otras); sin embargo, queremos presentar estos perfiles con algunos datos importantes que quiz\u00e1 desconozcan todav\u00eda. As\u00ed mismo, dado que EntreMundos es le\u00edda no s\u00f3lo por guatemaltecos sino por extranjeros, (algunos de ellos viviendo permanentemente en el pa\u00eds y otros visit\u00e1ndonos por primera vez) queremos compartir esta informaci\u00f3n para que puedan enterarse de c\u00f3mo se encuentra la situaci\u00f3n de la participaci\u00f3n de las mujeres en esta contienda electoral. Estos son los nombres y la informaci\u00f3n general sobre las mismas:<\/p>\n<p><strong>Thelma Cabrera P\u00e9rez<\/strong><\/p>\n<figure id=\"attachment_5470\" aria-describedby=\"caption-attachment-5470\" style=\"width: 200px\" class=\"wp-caption alignright\"><a href=\"https:\/\/i0.wp.com\/www.entremundos.org\/revista\/wp-content\/uploads\/2019\/05\/thelma-cabrera.jpeg\"><img data-recalc-dims=\"1\" loading=\"lazy\" decoding=\"async\" class=\"size-medium wp-image-5470\" src=\"https:\/\/i0.wp.com\/www.entremundos.org\/revista\/wp-content\/uploads\/2019\/05\/thelma-cabrera-200x300.jpeg?resize=200%2C300\" alt=\"\" width=\"200\" height=\"300\" srcset=\"https:\/\/i0.wp.com\/www.entremundos.org\/revista\/wp-content\/uploads\/2019\/05\/thelma-cabrera.jpeg?resize=200%2C300&amp;ssl=1 200w, https:\/\/i0.wp.com\/www.entremundos.org\/revista\/wp-content\/uploads\/2019\/05\/thelma-cabrera.jpeg?resize=768%2C1152&amp;ssl=1 768w, https:\/\/i0.wp.com\/www.entremundos.org\/revista\/wp-content\/uploads\/2019\/05\/thelma-cabrera.jpeg?resize=683%2C1024&amp;ssl=1 683w, https:\/\/i0.wp.com\/www.entremundos.org\/revista\/wp-content\/uploads\/2019\/05\/thelma-cabrera.jpeg?resize=335%2C503&amp;ssl=1 335w, https:\/\/i0.wp.com\/www.entremundos.org\/revista\/wp-content\/uploads\/2019\/05\/thelma-cabrera.jpeg?resize=1050%2C1575&amp;ssl=1 1050w, https:\/\/i0.wp.com\/www.entremundos.org\/revista\/wp-content\/uploads\/2019\/05\/thelma-cabrera.jpeg?w=2000&amp;ssl=1 2000w, https:\/\/i0.wp.com\/www.entremundos.org\/revista\/wp-content\/uploads\/2019\/05\/thelma-cabrera.jpeg?w=1280&amp;ssl=1 1280w, https:\/\/i0.wp.com\/www.entremundos.org\/revista\/wp-content\/uploads\/2019\/05\/thelma-cabrera.jpeg?w=1920&amp;ssl=1 1920w\" sizes=\"auto, (max-width: 200px) 100vw, 200px\" \/><\/a><figcaption id=\"caption-attachment-5470\" class=\"wp-caption-text\">Foto: Cortes\u00eda Thelma Cabrera.<\/figcaption><\/figure>\n<p>Tiene 49 a\u00f1os y naci\u00f3 en el municipio del Asintal, Retalhuleu. Actualmente vive en la Aldea Siban\u00e1, sector norte del Asintal. Durante m\u00e1s de 26 a\u00f1os Thelma ha sido activista, defendiendo los Derechos Humanos y los Recursos Naturales; adem\u00e1s ha sido lideresa del Comit\u00e9 de Desarrollo Campesino (CODECA), y al mismo tiempo, es madre y esposa. Thelma Cabrera est\u00e1 postulada con el partido Movimiento para la Liberaci\u00f3n de Los Pueblos MLP, partido que surgi\u00f3 del Comit\u00e9 al que ella ha pertenecido desde hace muchos a\u00f1os. Thelma nos concedi\u00f3 una entrevista y nos coment\u00f3 que se identifica como una mujer campesina del sur occidente del pa\u00eds que a trav\u00e9s su postulaci\u00f3n quiere seguir luchando por recuperar la dignidad de las mujeres y adem\u00e1s, buscar un cambio estructural en beneficio de los pueblos. Thelma se ha pronunciado sobre los m\u00faltiples asesinatos a l\u00edderes y defensores comunitarios de CODECA, denunciando estos actos como una vil forma de intimidaci\u00f3n a la lucha que realizan, lo que califica como una violaci\u00f3n a los Derechos Humanos. El plan de gobierno del MLP y Thelma se constituye en 5 propuestas principales:<\/p>\n<ol>\n<li>Nacionalizar los bienes y servicios que han sido privatizados en el pa\u00eds.<\/li>\n<li>Construir un Estado plurinacional .<\/li>\n<li>Impulsar el proceso de Asamblea Constituyente Popular y Plurinacional, desglosado en 14 ejes.<\/li>\n<li>Defender los bienes naturales colectivos.<\/li>\n<li>Especial legislaci\u00f3n para la propiedad y tenencia de tierras.<\/li>\n<\/ol>\n<p><strong>Sandra Julieta Torres Casanova<\/strong><\/p>\n<figure id=\"attachment_5474\" aria-describedby=\"caption-attachment-5474\" style=\"width: 223px\" class=\"wp-caption alignleft\"><a href=\"https:\/\/i0.wp.com\/www.entremundos.org\/revista\/wp-content\/uploads\/2019\/05\/sandra_torres_casanova.jpg\"><img data-recalc-dims=\"1\" loading=\"lazy\" decoding=\"async\" class=\"size-medium wp-image-5474\" src=\"https:\/\/i0.wp.com\/www.entremundos.org\/revista\/wp-content\/uploads\/2019\/05\/sandra_torres_casanova-223x300.jpg?resize=223%2C300\" alt=\"\" width=\"223\" height=\"300\" srcset=\"https:\/\/i0.wp.com\/www.entremundos.org\/revista\/wp-content\/uploads\/2019\/05\/sandra_torres_casanova.jpg?resize=223%2C300&amp;ssl=1 223w, https:\/\/i0.wp.com\/www.entremundos.org\/revista\/wp-content\/uploads\/2019\/05\/sandra_torres_casanova.jpg?resize=335%2C450&amp;ssl=1 335w, https:\/\/i0.wp.com\/www.entremundos.org\/revista\/wp-content\/uploads\/2019\/05\/sandra_torres_casanova.jpg?w=381&amp;ssl=1 381w\" sizes=\"auto, (max-width: 223px) 100vw, 223px\" \/><\/a><figcaption id=\"caption-attachment-5474\" class=\"wp-caption-text\">Foto: WikiMediaCommons<\/figcaption><\/figure>\n<p>Naci\u00f3 el 5 de octubre de 1955 en Flores Pet\u00e9n y vive actualmente en Santa Catarina Pinula, carretera a El Salvador, Ciudad de Guatemala. A casi una d\u00e9cada de participar en pol\u00edtica partidista, Sandra se est\u00e1 postulando como candidata a la presidencia por segunda vez consecutiva con el partido Uni\u00f3n Nacional de la Esperanza UNE. Cabe mencionar que, en el primer intento para conseguir este puesto, ella opt\u00f3 por divorciarse en el 2011 de su esposo \u00c1lvaro Colom, quien en ese entonces era el presidente de la Rep\u00fablica, pues el estar casada con el presidente en funciones le prohib\u00eda su inscripci\u00f3n. Sin embargo, pese a su divorcio, qued\u00f3 fuera de la contienda por cuestiones legales.<\/p>\n<p>En el 2015, lanz\u00f3 nuevamente su candidatura y logr\u00f3 pasar a segunda vuelta, siendo derrotada por Jimmy Morales. A sus 63 a\u00f1os, Sandra Torres mantiene su postulaci\u00f3n y goza de inmunidad desde su inscripci\u00f3n frente a una investigaci\u00f3n que encabeza la Fiscal\u00eda Especial contra la Impunidad del Ministerio P\u00fablico y la Comisi\u00f3n Contra la Impunidad en\u00a0Guatemala, en donde se le acusa de tener una cuenta paralela de 20 millones de quetzales, con fondos de campa\u00f1a de dudosa procedencia. Sandra Torres ha expresado en sus m\u00edtines enfocarse en:<\/p>\n<ol>\n<li>La promoci\u00f3n del trabajo y el empleo como modelo de desarrollo.<\/li>\n<li>Inversi\u00f3n en viviendas e infraestructura.<\/li>\n<li>Reducci\u00f3n de impuestos en el sector agropecuario: ganaderos, cafetaleros y similares.<\/li>\n<li>El regreso de programas sociales utilizados en los gobiernos anteriores, como mi familia progresa, o la creaci\u00f3n de programas como \u201cmi bosque progresa\u201d.<\/li>\n<li>La promesa de sacar el ej\u00e9rcito a las calles y fortalecer a la Polic\u00eda Nacional Civil<br \/>\n(a pesar de autodenominarse como un partido social-dem\u00f3crata).<\/li>\n<\/ol>\n<p><strong>Thelma Esperanza Aldana Hern\u00e1ndez<\/strong><\/p>\n<figure id=\"attachment_5476\" aria-describedby=\"caption-attachment-5476\" style=\"width: 209px\" class=\"wp-caption alignright\"><a href=\"https:\/\/i0.wp.com\/www.entremundos.org\/revista\/wp-content\/uploads\/2019\/05\/thelma-aldana.jpg\"><img data-recalc-dims=\"1\" loading=\"lazy\" decoding=\"async\" class=\"size-medium wp-image-5476\" src=\"https:\/\/i0.wp.com\/www.entremundos.org\/revista\/wp-content\/uploads\/2019\/05\/thelma-aldana-209x300.jpg?resize=209%2C300\" alt=\"\" width=\"209\" height=\"300\" srcset=\"https:\/\/i0.wp.com\/www.entremundos.org\/revista\/wp-content\/uploads\/2019\/05\/thelma-aldana.jpg?resize=209%2C300&amp;ssl=1 209w, https:\/\/i0.wp.com\/www.entremundos.org\/revista\/wp-content\/uploads\/2019\/05\/thelma-aldana.jpg?resize=768%2C1100&amp;ssl=1 768w, https:\/\/i0.wp.com\/www.entremundos.org\/revista\/wp-content\/uploads\/2019\/05\/thelma-aldana.jpg?resize=715%2C1024&amp;ssl=1 715w, https:\/\/i0.wp.com\/www.entremundos.org\/revista\/wp-content\/uploads\/2019\/05\/thelma-aldana.jpg?resize=335%2C480&amp;ssl=1 335w, https:\/\/i0.wp.com\/www.entremundos.org\/revista\/wp-content\/uploads\/2019\/05\/thelma-aldana.jpg?w=858&amp;ssl=1 858w\" sizes=\"auto, (max-width: 209px) 100vw, 209px\" \/><\/a><figcaption id=\"caption-attachment-5476\" class=\"wp-caption-text\">Foto: WikiMediaCommons<\/figcaption><\/figure>\n<p>Naci\u00f3 en Gual\u00e1n, municipio del departamento de Zacapa. Vivi\u00f3 varios a\u00f1os en Quetzaltenango y reside actualmente en ciudad de Guatemala. Thelma Aldana empez\u00f3 su camino en la Corte Suprema de Justicia de Guatemala en donde fue Magistrada y Presidenta desde el 2009, en el gobierno de Otto P\u00e9rez fue nombrada para dirigir el Ministerio P\u00fablico en conjunto con la Comisi\u00f3n Contra la Impunidad en Guatemala CICIG.<\/p>\n<p>En el 2018 termin\u00f3 su mandato como Fiscal General, logrando en este periodo la desarticulaci\u00f3n de varias redes de corrupci\u00f3n en el pa\u00eds, y la destituci\u00f3n y captura del binomio presidencial. En estas elecciones, el partido Movimiento Semilla ha proclamado a Thelma Aldana como su candidata para la presidencia, en medio de una posible orden de captura y un proceso legal por una supuesta contrataci\u00f3n an\u00f3mala durante su tiempo en el MP, por lo que tiene pendiente resolver su inscripci\u00f3n como inscripci\u00f3n. En los pr\u00f3ximos d\u00edas, la Corte de Constitucionalidad resolver\u00e1 si ser\u00e1 inscrita o no por el Tribunal Supremo Electoral (TSE). Aldana ha mencionado con frecuencia en sus diferentes discursos, enfocarse en lo siguiente:<\/p>\n<ol>\n<li>Continuar con el mandato de la CICIG y fortalecer dicha entidad.<\/li>\n<li>Luchar contra la corrupci\u00f3n y las estructuras criminales.<\/li>\n<li>Reformar el sistema de c\u00e1rceles.<\/li>\n<li>Creaci\u00f3n de un centro de innovaci\u00f3n social, tecnol\u00f3gico y art\u00edstico.<\/li>\n<\/ol>\n<p>Principios del Movimiento Semilla (partido que la postula):<\/p>\n<ol>\n<li>Construcci\u00f3n de la democracia.<\/li>\n<li>Establecimiento de la equidad como eje orientador de la acci\u00f3n p\u00fablica.<\/li>\n<li>Reconocimiento de un pa\u00eds plural.<\/li>\n<li>Impulso de una econom\u00eda humana.<\/li>\n<li>Respeto hacia la naturaleza.<\/li>\n<\/ol>\n<p><strong>Zury Mayt\u00e9 R\u00edos Sosa<\/strong><\/p>\n<figure id=\"attachment_5478\" aria-describedby=\"caption-attachment-5478\" style=\"width: 216px\" class=\"wp-caption alignleft\"><a href=\"https:\/\/i0.wp.com\/www.entremundos.org\/revista\/wp-content\/uploads\/2019\/05\/zury-rios.jpg\"><img data-recalc-dims=\"1\" loading=\"lazy\" decoding=\"async\" class=\"size-medium wp-image-5478\" src=\"https:\/\/i0.wp.com\/www.entremundos.org\/revista\/wp-content\/uploads\/2019\/05\/zury-rios-216x300.jpg?resize=216%2C300\" alt=\"\" width=\"216\" height=\"300\" srcset=\"https:\/\/i0.wp.com\/www.entremundos.org\/revista\/wp-content\/uploads\/2019\/05\/zury-rios.jpg?resize=216%2C300&amp;ssl=1 216w, https:\/\/i0.wp.com\/www.entremundos.org\/revista\/wp-content\/uploads\/2019\/05\/zury-rios.jpg?resize=335%2C465&amp;ssl=1 335w, https:\/\/i0.wp.com\/www.entremundos.org\/revista\/wp-content\/uploads\/2019\/05\/zury-rios.jpg?w=470&amp;ssl=1 470w\" sizes=\"auto, (max-width: 216px) 100vw, 216px\" \/><\/a><figcaption id=\"caption-attachment-5478\" class=\"wp-caption-text\">Foto: WikiMediaCommons<\/figcaption><\/figure>\n<p>Naci\u00f3 en Guatemala el 24 de enero de 1968. Es licenciada en Ciencias Pol\u00edticas y Sociales y es hija del fallecido Efra\u00edn R\u00edos Montt, general militar y ex presidente de Guatemala, condenado por genocidio en Guatemala (el juicio fue anulado despu\u00e9s por argumentar fallas). Zury fue diputada al Congreso de Guatemala por cuatro periodos consecutivos comenzando en 1996 y terminando en el 2012. Fue precandidata a la Presidencia de Guatemala por el FRG pero decidi\u00f3 retirar su candidatura argumentando falta de fondos. Tambi\u00e9n se postul\u00f3 como candidata por el partido VIVA en el 2015, quedando en quinto lugar. Actualmente es candidata por el partido VALOR.<\/p>\n<p>El art\u00edculo 186 del Constituci\u00f3n Pol\u00edtica de Guatemala le proh\u00edbe ser candidata a la presidencia por ser hija de un ex golpist de Estado, raz\u00f3n por la cual a\u00fan tiene pendiente su situaci\u00f3n como candidata. La Corte de Constitucionalidad est\u00e1 analizando el caso dado que la Suprema Corte de Justicia le otorg\u00f3 un amparo Durante sus candidaturas, Zury siempre ha hecho alusi\u00f3n a la moral y al orden como lemas pol\u00edticos, adem\u00e1s de que manifiesta creer en Dios por sobre todas las cosas, en la libertad y en la vida, oponi\u00e9ndose firmemente al aborto, aunque proponiendo la pena de muerte como soluci\u00f3n a la criminalidad.<\/p>\n<p>El plan de gobierno del partido VALOR y Zury, propone:<\/p>\n<ol>\n<li>Simplificaci\u00f3n del pago de impuestos a grandes empresarios con el objetivo de promover la inversi\u00f3n.<\/li>\n<li>Reforma tributaria que ponga 0% de arancel a las inversiones industriales o comerciales en departamentos como San Marcos, Huehuetenango, Quich\u00e9 y Alta Verapaz.<\/li>\n<li>Revoluci\u00f3n educativa con escuelas que implementen salud preventiva, con deportes, arte y cultura. Adem\u00e1s, buscar\u00e1 que la carrera de magisterio sea reintegrada a las escuelas normales.<\/li>\n<li>Certeza jur\u00eddica, respeto a la propiedad privada, el libre mercado, la libre competencia y el desarrollo sostenible.<\/li>\n<\/ol>\n<p>A un poco m\u00e1s de dos meses de realizarse las elecciones generales, a\u00fan no se conoce a profundidad las propuestas de los partidos pol\u00edticos ni sus planes de gobierno. Los planes sobre pol\u00edticas p\u00fablicas, equidad, migraci\u00f3n, violencia, salud, educaci\u00f3n, pueblos ind\u00edgenas, ni\u00f1ez y juventud son escuetos y poco concretos. Incluso, el tema de la mujer es poco abordado en los partidos pol\u00edticos donde las mujeres son las lideresas. Si Guatemala logra por primera vez en su historia tener a una mujer en la presidencia&#8230; \u00bfavanzaremos en temas urgentes, como en el tema de salud sexual y reproductiva, por ejemplo? \u00bfSer\u00e1 la candidatura de estas mujeres un mensaje claro y conciso sobre la fuerza con la que los derechos de la mujer van avanzando en un pa\u00eds machista, en el que siempre han gobernado hombres? \u00bfRealmente gobernar\u00e1 una mujer o ser\u00e1n las mismas c\u00fapulas masculinas y militares las que seguir\u00e1n dominando, y el triunfo de las mismas ser\u00e1 un mandato superficial?<\/p>\n<p><a href=\"https:\/\/i0.wp.com\/www.entremundos.org\/revista\/wp-content\/uploads\/2019\/05\/asoderam-28.jpg\"><img data-recalc-dims=\"1\" loading=\"lazy\" decoding=\"async\" class=\"aligncenter size-large wp-image-5480\" src=\"https:\/\/i0.wp.com\/www.entremundos.org\/revista\/wp-content\/uploads\/2019\/05\/asoderam-28-1024x683.jpg?resize=640%2C427\" alt=\"\" width=\"640\" height=\"427\" srcset=\"https:\/\/i0.wp.com\/www.entremundos.org\/revista\/wp-content\/uploads\/2019\/05\/asoderam-28.jpg?resize=1024%2C683&amp;ssl=1 1024w, https:\/\/i0.wp.com\/www.entremundos.org\/revista\/wp-content\/uploads\/2019\/05\/asoderam-28.jpg?resize=300%2C200&amp;ssl=1 300w, https:\/\/i0.wp.com\/www.entremundos.org\/revista\/wp-content\/uploads\/2019\/05\/asoderam-28.jpg?resize=768%2C513&amp;ssl=1 768w, https:\/\/i0.wp.com\/www.entremundos.org\/revista\/wp-content\/uploads\/2019\/05\/asoderam-28.jpg?resize=335%2C224&amp;ssl=1 335w, https:\/\/i0.wp.com\/www.entremundos.org\/revista\/wp-content\/uploads\/2019\/05\/asoderam-28.jpg?resize=1050%2C701&amp;ssl=1 1050w, https:\/\/i0.wp.com\/www.entremundos.org\/revista\/wp-content\/uploads\/2019\/05\/asoderam-28.jpg?w=1280&amp;ssl=1 1280w, https:\/\/i0.wp.com\/www.entremundos.org\/revista\/wp-content\/uploads\/2019\/05\/asoderam-28.jpg?w=1920&amp;ssl=1 1920w\" sizes=\"auto, (max-width: 640px) 100vw, 640px\" \/><\/a><\/p>\n<p>Habr\u00eda que plantearnos diferentes cuestionamientos y posibilidades, sin embargo, no es ajena la expectativa de muchas ciudadanas y ciudadanos el contar con un periodo presidencial dirigido por una mujer. Como dec\u00eda la escritora Gioconda Belly en el libro <em>El Pa\u00eds de las Mujeres<\/em>, en donde, con sarcasmo e iron\u00eda relacionaba la \u201cobligaci\u00f3n maternal\u201d con el tema pol\u00edtico. Ella dec\u00eda: \u201cYa hay mujeres presidentas. Eso no es novedad. Lo que no hay es un poder femenino. \u00bfCu\u00e1l ser\u00eda la diferencia? Yo imagino un partido que proponga darle al pa\u00eds lo que una madre al hijo, cuidarlo como una mujer cuida su casa; un partido \u201cmaternal\u201d que blanda las cualidades femeninas con que nos descalifican, como talentos necesarios para hacerse cargo de un pa\u00eds maltratado como \u00e9ste. En vez de tratar de demostrar que somos tan \u201chombres\u201d como cualquier macho y por eso aptas para gobernar, debemos hacer \u00e9nfasis en lo femenino, eso que normalmente ocultan, como si fuera una falla, las mujeres que aspiran al poder: la sensibilidad, la emotividad. Si hay algo que necesita este pa\u00eds es qui\u00e9n lo arrulle, qui\u00e9n lo mime, qui\u00e9n lo trate bien: una mamacita\u201d.<\/p>\n","protected":false},"excerpt":{"rendered":"<p>Por: Keren Escobar Durante siglos las mujeres han sido y contin\u00faan \u2013en casi todo el mundo- siendo relegadas al \u00e1mbito dom\u00e9stico. Los espacios laborales fuera de casa y los puestos pol\u00edticos siempre han sido un camino cuesta arriba para las mismas. Sin embargo, en los \u00faltimos a\u00f1os un n\u00famero r\u00e9cord de mujeres se ha postulado [&hellip;]<\/p>\n","protected":false},"author":1,"featured_media":5466,"comment_status":"closed","ping_status":"closed","sticky":false,"template":"","format":"standard","meta":{"_exactmetrics_skip_tracking":false,"_exactmetrics_sitenote_active":false,"_exactmetrics_sitenote_note":"","_exactmetrics_sitenote_category":0,"jetpack_post_was_ever_published":false,"_jetpack_newsletter_access":"","_jetpack_dont_email_post_to_subs":false,"_jetpack_newsletter_tier_id":0,"_jetpack_memberships_contains_paywalled_content":false,"_jetpack_memberships_contains_paid_content":false,"footnotes":""},"categories":[452,386,378],"tags":[1715,1709,1710,1716,1717,1711,1712,1713,1714],"class_list":["post-5464","post","type-post","status-publish","format-standard","has-post-thumbnail","hentry","category-frontpage","category-mujer","category-politica","tag-elecciones-2019","tag-elecciones-guatemala","tag-mujeres-candidatas-guatemala","tag-politica-guatemala","tag-presidenta-guatemala","tag-sandra-torres","tag-thelma-aldana","tag-thelma-cabrera","tag-zury-rios"],"jetpack_featured_media_url":"https:\/\/i0.wp.com\/www.entremundos.org\/revista\/wp-content\/uploads\/2019\/05\/mujeres-candidatas.png?fit=2560%2C1440&ssl=1","jetpack_shortlink":"https:\/\/wp.me\/p7ljt7-1q8","jetpack-related-posts":[{"id":10833,"url":"https:\/\/www.entremundos.org\/revista\/politica\/violencia-contra-las-mujeres-dominio-masculino-en-la-politica\/","url_meta":{"origin":5464,"position":0},"title":"Violencia contra las mujeres: dominio masculino en la pol\u00edtica","author":"EntreMundos","date":"29 mayo, 2023","format":false,"excerpt":"Silvia Lilian Trujillo La violencia pol\u00edtica es sistem\u00e1tica y permanente, se produce para inhibir, ralentizar o restringir la participaci\u00f3n pol\u00edtica de mujeres, en el marco de un sistema que se resiste a aceptar su igualdad de derechos. Mientras no se trabaje para acabar con esta violencia espec\u00edfica la calidad de\u2026","rel":"","context":"En \u00abFrontPage\u00bb","block_context":{"text":"FrontPage","link":"https:\/\/www.entremundos.org\/revista\/category\/frontpage\/"},"img":{"alt_text":"","src":"https:\/\/i0.wp.com\/www.entremundos.org\/revista\/wp-content\/uploads\/2023\/05\/000_16w772-1.jpg?fit=1200%2C799&ssl=1&resize=350%2C200","width":350,"height":200,"srcset":"https:\/\/i0.wp.com\/www.entremundos.org\/revista\/wp-content\/uploads\/2023\/05\/000_16w772-1.jpg?fit=1200%2C799&ssl=1&resize=350%2C200 1x, https:\/\/i0.wp.com\/www.entremundos.org\/revista\/wp-content\/uploads\/2023\/05\/000_16w772-1.jpg?fit=1200%2C799&ssl=1&resize=525%2C300 1.5x, https:\/\/i0.wp.com\/www.entremundos.org\/revista\/wp-content\/uploads\/2023\/05\/000_16w772-1.jpg?fit=1200%2C799&ssl=1&resize=700%2C400 2x, https:\/\/i0.wp.com\/www.entremundos.org\/revista\/wp-content\/uploads\/2023\/05\/000_16w772-1.jpg?fit=1200%2C799&ssl=1&resize=1050%2C600 3x"},"classes":[]},{"id":12224,"url":"https:\/\/www.entremundos.org\/revista\/mujer\/derechos-sexuales-y-reproductivos-tema-pendiente-en-guatemala\/","url_meta":{"origin":5464,"position":1},"title":"Derechos sexuales y reproductivos; tema pendiente en Guatemala","author":"EntreMundos","date":"15 julio, 2024","format":false,"excerpt":"POR EMMA G\u00d3MEZ Seg\u00fan La Organizaci\u00f3n de las Naciones Unidas de los Derechos Humanos, (ONU-DH), los derechos sexuales y reproductivos est\u00e1n relacionados con la libertad de las personas a decidir sobre su sexualidad y el ejercicio libre de la misma. Algunos derechos pueden ser; ejercer la sexualidad de manera independiente\u2026","rel":"","context":"En \u00abFrontPage\u00bb","block_context":{"text":"FrontPage","link":"https:\/\/www.entremundos.org\/revista\/category\/frontpage\/"},"img":{"alt_text":"","src":"https:\/\/i0.wp.com\/www.entremundos.org\/revista\/wp-content\/uploads\/2024\/07\/444487166_750607893953803_8829963883492089519_n.jpg?fit=1200%2C1158&ssl=1&resize=350%2C200","width":350,"height":200,"srcset":"https:\/\/i0.wp.com\/www.entremundos.org\/revista\/wp-content\/uploads\/2024\/07\/444487166_750607893953803_8829963883492089519_n.jpg?fit=1200%2C1158&ssl=1&resize=350%2C200 1x, https:\/\/i0.wp.com\/www.entremundos.org\/revista\/wp-content\/uploads\/2024\/07\/444487166_750607893953803_8829963883492089519_n.jpg?fit=1200%2C1158&ssl=1&resize=525%2C300 1.5x, https:\/\/i0.wp.com\/www.entremundos.org\/revista\/wp-content\/uploads\/2024\/07\/444487166_750607893953803_8829963883492089519_n.jpg?fit=1200%2C1158&ssl=1&resize=700%2C400 2x, https:\/\/i0.wp.com\/www.entremundos.org\/revista\/wp-content\/uploads\/2024\/07\/444487166_750607893953803_8829963883492089519_n.jpg?fit=1200%2C1158&ssl=1&resize=1050%2C600 3x"},"classes":[]},{"id":12859,"url":"https:\/\/www.entremundos.org\/revista\/politica\/mujeres-indigenas-y-rurales-en-defensa-del-territorio-frente-al-extractivismo-en-guatemala\/","url_meta":{"origin":5464,"position":2},"title":"Mujeres ind\u00edgenas y rurales en defensa del territorio frente al extractivismo en Guatemala","author":"EntreMundos","date":"21 mayo, 2025","format":false,"excerpt":"Por Asociadas Por lo Justo (JASS) Este es un resumen de un mapeo realizado por JASS, para compartir sus an\u00e1lisis, sus luchas y los impactos en sus vidas. El objetivo es contar las luchas por el territorio frente al extractivismo en Guatemala e identificar el papel y el impacto en\u2026","rel":"","context":"En \u00abFrontPage\u00bb","block_context":{"text":"FrontPage","link":"https:\/\/www.entremundos.org\/revista\/category\/frontpage\/"},"img":{"alt_text":"","src":"https:\/\/i0.wp.com\/www.entremundos.org\/revista\/wp-content\/uploads\/2025\/05\/2-scaled.png?fit=1200%2C843&ssl=1&resize=350%2C200","width":350,"height":200,"srcset":"https:\/\/i0.wp.com\/www.entremundos.org\/revista\/wp-content\/uploads\/2025\/05\/2-scaled.png?fit=1200%2C843&ssl=1&resize=350%2C200 1x, https:\/\/i0.wp.com\/www.entremundos.org\/revista\/wp-content\/uploads\/2025\/05\/2-scaled.png?fit=1200%2C843&ssl=1&resize=525%2C300 1.5x, https:\/\/i0.wp.com\/www.entremundos.org\/revista\/wp-content\/uploads\/2025\/05\/2-scaled.png?fit=1200%2C843&ssl=1&resize=700%2C400 2x, https:\/\/i0.wp.com\/www.entremundos.org\/revista\/wp-content\/uploads\/2025\/05\/2-scaled.png?fit=1200%2C843&ssl=1&resize=1050%2C600 3x"},"classes":[]},{"id":10588,"url":"https:\/\/www.entremundos.org\/revista\/politica\/ley-de-mujeres-desaparecidas\/","url_meta":{"origin":5464,"position":3},"title":"Ley de mujeres desaparecidas","author":"EntreMundos","date":"9 marzo, 2023","format":false,"excerpt":"Emma G\u00f3mez\u00a0 En Guatemala, cada d\u00eda desaparecen unas 5 mujeres. La desaparici\u00f3n de mujeres est\u00e1 ligada fuertemente con alg\u00fan tipo de violencia de g\u00e9nero.\u00a0 Hace 3 a\u00f1os se implement\u00f3 un mecanismo de b\u00fasqueda inmediata de mujeres desaparecidas, Isabel-Claudina, mecanismo que tiene como base la Ley de Mujeres Desaparecidas que fue\u2026","rel":"","context":"En \u00abFrontPage\u00bb","block_context":{"text":"FrontPage","link":"https:\/\/www.entremundos.org\/revista\/category\/frontpage\/"},"img":{"alt_text":"","src":"https:\/\/i0.wp.com\/www.entremundos.org\/revista\/wp-content\/uploads\/2023\/03\/isable-claudina-justicia.png?fit=1200%2C789&ssl=1&resize=350%2C200","width":350,"height":200,"srcset":"https:\/\/i0.wp.com\/www.entremundos.org\/revista\/wp-content\/uploads\/2023\/03\/isable-claudina-justicia.png?fit=1200%2C789&ssl=1&resize=350%2C200 1x, https:\/\/i0.wp.com\/www.entremundos.org\/revista\/wp-content\/uploads\/2023\/03\/isable-claudina-justicia.png?fit=1200%2C789&ssl=1&resize=525%2C300 1.5x, https:\/\/i0.wp.com\/www.entremundos.org\/revista\/wp-content\/uploads\/2023\/03\/isable-claudina-justicia.png?fit=1200%2C789&ssl=1&resize=700%2C400 2x, https:\/\/i0.wp.com\/www.entremundos.org\/revista\/wp-content\/uploads\/2023\/03\/isable-claudina-justicia.png?fit=1200%2C789&ssl=1&resize=1050%2C600 3x"},"classes":[]},{"id":11407,"url":"https:\/\/www.entremundos.org\/revista\/politica\/del-papel-a-la-pantalla\/","url_meta":{"origin":5464,"position":4},"title":"Del papel a la pantalla","author":"EntreMundos","date":"10 noviembre, 2023","format":false,"excerpt":"POR EMMA G\u00d3MEZ Dos pa\u00edses golpeados por la corrupci\u00f3n, violaci\u00f3n de los derechos humanos, injusticias, persecuciones y despojos, por mencionar algunos de los males que tienen en com\u00fan Guatemala y El Salvador. El proyecto, Del Papel a la Pantalla, presenta dos propuestas visuales para reflexionar sobre la educaci\u00f3n sexual y\u2026","rel":"","context":"En \u00abAccion Comunitaria\u00bb","block_context":{"text":"Accion Comunitaria","link":"https:\/\/www.entremundos.org\/revista\/category\/politica\/accion-comunitaria-3\/"},"img":{"alt_text":"","src":"https:\/\/i0.wp.com\/www.entremundos.org\/revista\/wp-content\/uploads\/2023\/11\/whatsapp-image-2023-10-23-at-9.54.45-am-2.jpeg?fit=1200%2C800&ssl=1&resize=350%2C200","width":350,"height":200,"srcset":"https:\/\/i0.wp.com\/www.entremundos.org\/revista\/wp-content\/uploads\/2023\/11\/whatsapp-image-2023-10-23-at-9.54.45-am-2.jpeg?fit=1200%2C800&ssl=1&resize=350%2C200 1x, https:\/\/i0.wp.com\/www.entremundos.org\/revista\/wp-content\/uploads\/2023\/11\/whatsapp-image-2023-10-23-at-9.54.45-am-2.jpeg?fit=1200%2C800&ssl=1&resize=525%2C300 1.5x, https:\/\/i0.wp.com\/www.entremundos.org\/revista\/wp-content\/uploads\/2023\/11\/whatsapp-image-2023-10-23-at-9.54.45-am-2.jpeg?fit=1200%2C800&ssl=1&resize=700%2C400 2x, https:\/\/i0.wp.com\/www.entremundos.org\/revista\/wp-content\/uploads\/2023\/11\/whatsapp-image-2023-10-23-at-9.54.45-am-2.jpeg?fit=1200%2C800&ssl=1&resize=1050%2C600 3x"},"classes":[]},{"id":11847,"url":"https:\/\/www.entremundos.org\/revista\/politica\/cuando-la-tierra-se-movio\/","url_meta":{"origin":5464,"position":5},"title":"Cuando la tierra se movi\u00f3","author":"EntreMundos","date":"26 marzo, 2024","format":false,"excerpt":"POR CECILIA REED Estaba profundamente dormida, unos minutos despu\u00e9s de la medianoche; cuando de repente, \u00a1mi cuerpo entr\u00f3 en modo de p\u00e1nico y me despert\u00e9! Mi cama se balanceaba vigorosamente de izquierda a derecha, y las paredes a mi alrededor se balanceaban en direcci\u00f3n opuesta a un ritmo similar. Nunca\u2026","rel":"","context":"En \u00abAccion Comunitaria\u00bb","block_context":{"text":"Accion Comunitaria","link":"https:\/\/www.entremundos.org\/revista\/category\/politica\/accion-comunitaria-3\/"},"img":{"alt_text":"","src":"https:\/\/i0.wp.com\/www.entremundos.org\/revista\/wp-content\/uploads\/2024\/03\/20240124_080747-scaled.jpg?fit=1200%2C900&ssl=1&resize=350%2C200","width":350,"height":200,"srcset":"https:\/\/i0.wp.com\/www.entremundos.org\/revista\/wp-content\/uploads\/2024\/03\/20240124_080747-scaled.jpg?fit=1200%2C900&ssl=1&resize=350%2C200 1x, https:\/\/i0.wp.com\/www.entremundos.org\/revista\/wp-content\/uploads\/2024\/03\/20240124_080747-scaled.jpg?fit=1200%2C900&ssl=1&resize=525%2C300 1.5x, https:\/\/i0.wp.com\/www.entremundos.org\/revista\/wp-content\/uploads\/2024\/03\/20240124_080747-scaled.jpg?fit=1200%2C900&ssl=1&resize=700%2C400 2x, https:\/\/i0.wp.com\/www.entremundos.org\/revista\/wp-content\/uploads\/2024\/03\/20240124_080747-scaled.jpg?fit=1200%2C900&ssl=1&resize=1050%2C600 3x"},"classes":[]}],"jetpack_sharing_enabled":true,"_links":{"self":[{"href":"https:\/\/www.entremundos.org\/revista\/wp-json\/wp\/v2\/posts\/5464","targetHints":{"allow":["GET"]}}],"collection":[{"href":"https:\/\/www.entremundos.org\/revista\/wp-json\/wp\/v2\/posts"}],"about":[{"href":"https:\/\/www.entremundos.org\/revista\/wp-json\/wp\/v2\/types\/post"}],"author":[{"embeddable":true,"href":"https:\/\/www.entremundos.org\/revista\/wp-json\/wp\/v2\/users\/1"}],"replies":[{"embeddable":true,"href":"https:\/\/www.entremundos.org\/revista\/wp-json\/wp\/v2\/comments?post=5464"}],"version-history":[{"count":3,"href":"https:\/\/www.entremundos.org\/revista\/wp-json\/wp\/v2\/posts\/5464\/revisions"}],"predecessor-version":[{"id":5482,"href":"https:\/\/www.entremundos.org\/revista\/wp-json\/wp\/v2\/posts\/5464\/revisions\/5482"}],"wp:featuredmedia":[{"embeddable":true,"href":"https:\/\/www.entremundos.org\/revista\/wp-json\/wp\/v2\/media\/5466"}],"wp:attachment":[{"href":"https:\/\/www.entremundos.org\/revista\/wp-json\/wp\/v2\/media?parent=5464"}],"wp:term":[{"taxonomy":"category","embeddable":true,"href":"https:\/\/www.entremundos.org\/revista\/wp-json\/wp\/v2\/categories?post=5464"},{"taxonomy":"post_tag","embeddable":true,"href":"https:\/\/www.entremundos.org\/revista\/wp-json\/wp\/v2\/tags?post=5464"}],"curies":[{"name":"wp","href":"https:\/\/api.w.org\/{rel}","templated":true}]}}