{"id":5599,"date":"2019-07-04T08:40:11","date_gmt":"2019-07-04T16:40:11","guid":{"rendered":"http:\/\/www.entremundos.org\/revista\/?p=5599"},"modified":"2019-07-15T16:23:54","modified_gmt":"2019-07-16T00:23:54","slug":"a-un-ano-del-conflicto-en-nicaragua","status":"publish","type":"post","link":"https:\/\/www.entremundos.org\/revista\/politica\/a-un-ano-del-conflicto-en-nicaragua\/","title":{"rendered":"A un a\u00f1o del conflicto en Nicaragua"},"content":{"rendered":"<p><strong>Jason Klarl<\/strong><\/p>\n<p>A continuaci\u00f3n, presentamos extractos de una entrevista que realic\u00e9 en mayo de 2019 con Lauren, (su nombre real ha sido cambiado como medida de precauci\u00f3n), quien es una trabajadora de desarrollo comunitario que vivi\u00f3 en Nicaragua durante casi tres a\u00f1os antes de que malestar pol\u00edtico sacudiera al pa\u00eds en abril de 2018.<\/p>\n<p><strong>Cu\u00e9ntenos sobre algunas de sus primeras interacciones con los nicarag\u00fcenses\u2026<\/strong><\/p>\n<p>Aterric\u00e9 en Managua y mi jefe me recogi\u00f3 en el aeropuerto, lo cual fue genial. El director de la organizaci\u00f3n donde trabajaba, era nicarag\u00fcense. Viajamos por tres horas. Comenzamos a hablar sobre las elecciones que se aproximaban, donde Daniel Ortega iba a postularse nuevamente. Le pregunt\u00e9 su opini\u00f3n y \u00e9l dijo que Daniel Ortega se estaba convirtiendo en un dictador, en una dictadura, pero que en este caso no era una \u201cdicta-dura\u201d sino una \u00abdicta-buena\u00bb, que era un buen dictador. En ese momento lo que Daniel Ortega hab\u00eda estado haciendo era repavimentar caminos, aumentar la atenci\u00f3n m\u00e9dica y procurar mejoras en la educaci\u00f3n. Creo que en general, los nicarag\u00fcenses son&#8230; ellos tienen una guerra civil muy larga en su memoria de manera reciente. Muchas personas que tienen entre 40 a 60 a\u00f1os perdieron a su hermano, a su madre, a su padre en esa guerra, as\u00ed que nadie quer\u00eda pensar que Daniel Ortega, quien hasta el momento era su salvador, se hab\u00eda convertido en lo que hab\u00eda derrocado. As\u00ed que hab\u00eda mucha tolerancia, como: \u00abS\u00ed, \u00e9l es un dictador, pero es de la \u00abdicta-buena\u201d.<\/p>\n<figure id=\"attachment_5600\" aria-describedby=\"caption-attachment-5600\" style=\"width: 1000px\" class=\"wp-caption alignleft\"><a href=\"https:\/\/i0.wp.com\/www.entremundos.org\/revista\/wp-content\/uploads\/2019\/07\/foto-flickr-jorge-mejia-peralta-para-pag-23.jpg\"><img data-recalc-dims=\"1\" loading=\"lazy\" decoding=\"async\" class=\"wp-image-5600 size-full\" src=\"https:\/\/i0.wp.com\/www.entremundos.org\/revista\/wp-content\/uploads\/2019\/07\/foto-flickr-jorge-mejia-peralta-para-pag-23.jpg?resize=640%2C427\" alt=\"\" width=\"640\" height=\"427\" srcset=\"https:\/\/i0.wp.com\/www.entremundos.org\/revista\/wp-content\/uploads\/2019\/07\/foto-flickr-jorge-mejia-peralta-para-pag-23.jpg?w=1000&amp;ssl=1 1000w, https:\/\/i0.wp.com\/www.entremundos.org\/revista\/wp-content\/uploads\/2019\/07\/foto-flickr-jorge-mejia-peralta-para-pag-23.jpg?resize=300%2C200&amp;ssl=1 300w, https:\/\/i0.wp.com\/www.entremundos.org\/revista\/wp-content\/uploads\/2019\/07\/foto-flickr-jorge-mejia-peralta-para-pag-23.jpg?resize=768%2C512&amp;ssl=1 768w, https:\/\/i0.wp.com\/www.entremundos.org\/revista\/wp-content\/uploads\/2019\/07\/foto-flickr-jorge-mejia-peralta-para-pag-23.jpg?resize=335%2C223&amp;ssl=1 335w\" sizes=\"auto, (max-width: 640px) 100vw, 640px\" \/><\/a><figcaption id=\"caption-attachment-5600\" class=\"wp-caption-text\">Fotograf\u00eda v\u00eda Flickr de Karen Welsh<\/figcaption><\/figure>\n<p><strong>\u00bfHubo alg\u00fan momento en el que sentiste que hab\u00eda alg\u00fan tipo de tensi\u00f3n en la forma en que los nicarag\u00fcenses consideraban a los estadounidenses?<\/strong><\/p>\n<p>Creo que hab\u00eda una comprensi\u00f3n muy clara de que lo que hizo la CIA y lo que hizo Ronald Reagan no ten\u00eda que ver conmigo. Se sab\u00eda que yo no ten\u00eda nada que ver con eso. Y creo que las personas de los Estados Unidos en general se han beneficiado de las acciones del gobierno de los Estados Unidos. Por lo tanto, eso no quiere decir que nunca me haya beneficiado de la corrupci\u00f3n y el imperialismo en el que nuestro pa\u00eds ha incurrido. Pero yo&#8230; nunca sent\u00ed que alguien pensara que hab\u00eda hecho ning\u00fan acto malo hacia ellos. Tuve algunas conversaciones con personas en las cuales me dec\u00edan: \u00ab\u00bfSabe lo que su pa\u00eds hizo con mi pa\u00eds?\u00bb Y como hab\u00eda le\u00eddo libros como Blood of Brothers y The Country Under My Skin, y otros libros sobre la revoluci\u00f3n y la guerra civil, pude contestar que s\u00ed. No puedo imaginar c\u00f3mo se sinti\u00f3 vivir aqu\u00ed durante la guerra, pero no lo ignoro por completo.<\/p>\n<p><strong>Le ped\u00ed a Lauren que respondiera a una cita de una entrevista de Bernie Sanders de 1985, poco despu\u00e9s de su visita a Nicaragua:<\/strong><\/p>\n<p><em>Una de las cosas que creo que aprend\u00ed en mi viaje, ya sabes como socialista&#8230; la palabra socialismo no me asusta. Y creo que probablemente sea justo decir que el gobierno de Nicaragua es principalmente un gobierno socialista. Pero lo que se aprende all\u00ed es que el socialismo, o el anticapitalismo, es mucho menos frecuente que el nacionalismo. B\u00e1sicamente, lo que dicen es que han estado bajo el control de los Marines (se sabe que los Marines instalaron a la familia Somoza). Ellos dicen: Hemos estado bajo el control de los Estados Unidos durante toda la historia moderna y no vamos a estar bajo el pulgar de nadie m\u00e1s. Nicaragua es nuestro pa\u00eds. Haremos lo correcto o lo incorrecto. Cometeremos nuestros errores, pero los cometeremos de manera independiente, como una naci\u00f3n independiente y libre. Ese es el tema de su revoluci\u00f3n.<\/em><\/p>\n<p>Creo que en general los nicarag\u00fcenses aman a Nicaragua, y los nicarag\u00fcenses aman a Sandino y los ideales sandinistas. Un taxista me dijo que uno de los muchachos\u2026 creo que ten\u00eda 19 a\u00f1os, fue asesinado en Estel\u00ed; su padre hab\u00eda sido uno de los soldados sandinistas que hab\u00edan liberado a Daniel Ortega de la c\u00e1rcel y el taxista me dijo b\u00e1sicamente que, Daniel Ortega le hab\u00eda pagado a este hombre matando a su hijo. Fue asesinado con un francotirador y ese mismo conductor me dijo: \u201csoy un sandinista, creo en la libertad y la igualdad, y en el no tener un solo terrateniente due\u00f1o de todo el pa\u00eds, sino dividirlo entre los trabajadores, pero no soy un \u00ab<em>Danielista<\/em>\u201d. Por lo tanto, creo que los nicarag\u00fcenses s\u00ed creen en el cooperativismo, y que trabajar juntos, siempre juntos, es mejor.<\/p>\n<p><strong>No s\u00e9 qu\u00e9 tan c\u00f3moda te sientas hablando sobre los eventos del a\u00f1o pasado, sobre el malestar en el que murieron las personas. Por favor comparte lo que quieras.<\/strong><\/p>\n<figure id=\"attachment_5665\" aria-describedby=\"caption-attachment-5665\" style=\"width: 826px\" class=\"wp-caption alignright\"><img data-recalc-dims=\"1\" loading=\"lazy\" decoding=\"async\" class=\" wp-image-5665\" src=\"https:\/\/i0.wp.com\/www.entremundos.org\/revista\/wp-content\/uploads\/2019\/07\/60904479_321114221891843_8059071162426064896_n.jpg?resize=640%2C465\" alt=\"\" width=\"640\" height=\"465\" srcset=\"https:\/\/i0.wp.com\/www.entremundos.org\/revista\/wp-content\/uploads\/2019\/07\/60904479_321114221891843_8059071162426064896_n.jpg?w=783&amp;ssl=1 783w, https:\/\/i0.wp.com\/www.entremundos.org\/revista\/wp-content\/uploads\/2019\/07\/60904479_321114221891843_8059071162426064896_n.jpg?resize=300%2C218&amp;ssl=1 300w, https:\/\/i0.wp.com\/www.entremundos.org\/revista\/wp-content\/uploads\/2019\/07\/60904479_321114221891843_8059071162426064896_n.jpg?resize=768%2C558&amp;ssl=1 768w, https:\/\/i0.wp.com\/www.entremundos.org\/revista\/wp-content\/uploads\/2019\/07\/60904479_321114221891843_8059071162426064896_n.jpg?resize=335%2C243&amp;ssl=1 335w\" sizes=\"auto, (max-width: 640px) 100vw, 640px\" \/><figcaption id=\"caption-attachment-5665\" class=\"wp-caption-text\">Foto cortes\u00eda de Lauren*<\/figcaption><\/figure>\n<p>El 16 de abril o alrededor del 16 de abril, el gobierno de Ortega anunci\u00f3 un cambio en la seguridad social. Por lo tanto, esencialmente las personas jubiladas, abuelos y abuelas iba a recibir menos en su dinero de los beneficios del Seguro Social cada mes. Y las personas que trabajaban y pagaban el Seguro Social tendr\u00edan que pagar m\u00e1s. As\u00ed que la gente hizo los c\u00e1lculos y se dio cuenta de que eso no era justo, por lo que los abuelos y abuelas comenzaron a protesta. Hubo una reacci\u00f3n violenta de la llamada Juventud Sandinista, de los j\u00f3venes hacia las personas mayores que protestaban. Y un video que siempre menciono porque realmente se qued\u00f3 en mi mente es el de una mujer con cabello blanco, ya mayor, con la cabeza toda ensangrentada luego de ser golpeada por uno de estos j\u00f3venes sandinistas.<\/p>\n<p>A finales de mayo y principios de junio hubo un d\u00eda nacional de protesta. B\u00e1sicamente, Le\u00f3n, la ciudad donde yo viv\u00eda, decidi\u00f3 hacer un paro un martes. Eso b\u00e1sicamente significa detener todas las actividades econ\u00f3micas para que no ingresen impuestos al bolsillo del gobierno, as\u00ed que todas las tiendas estaban cerradas. Hab\u00eda una mujer que vend\u00eda papaya y que llevaba una canasta sobre su cabeza, todos los d\u00edas. Todos los d\u00edas hac\u00eda eso, excepto ese d\u00eda. Yo la o\u00eda gritar \u201cpapaya\u201d todos los d\u00edas y ese d\u00eda no la o\u00ed, as\u00ed que incluso ella estaba protestando. Cuando las barricadas estaban poni\u00e9ndose, fui a una de las casas de mi vecina, ella ten\u00eda como 80 a\u00f1os, as\u00ed que vivi\u00f3 la guerra. Y ella me dijo: \u201c\u00bfTienes barricadas en tu calle? Hay que hacerlas para protegerse de la polic\u00eda\u00bb. As\u00ed que hubo, y probablemente todav\u00eda hay, un miedo real.<\/p>\n<p><strong>La entrevista completa est\u00e1 disponible en: <a href=\"http:\/\/travelogue.media http:\/\/bit.ly\/2WsOZMQ\">travelogue.media http:\/\/bit.ly\/2WsOZMQ<\/a><\/strong><\/p>\n<p>Foto de portada: <a href=\"https:\/\/www.flickr.com\/photos\/mejiaperalta\/\" target=\"_blank\" rel=\"noopener noreferrer\">Flickr de Jorge Mej\u00eda Peralta.<\/a><\/p>\n","protected":false},"excerpt":{"rendered":"<p>Jason Klarl A continuaci\u00f3n, presentamos extractos de una entrevista que realic\u00e9 en mayo de 2019 con Lauren, (su nombre real ha sido cambiado como medida de precauci\u00f3n), quien es una trabajadora de desarrollo comunitario que vivi\u00f3 en Nicaragua durante casi tres a\u00f1os antes de que malestar pol\u00edtico sacudiera al pa\u00eds en abril de 2018. Cu\u00e9ntenos [&hellip;]<\/p>\n","protected":false},"author":1,"featured_media":5602,"comment_status":"closed","ping_status":"closed","sticky":false,"template":"","format":"standard","meta":{"_exactmetrics_skip_tracking":false,"_exactmetrics_sitenote_active":false,"_exactmetrics_sitenote_note":"","_exactmetrics_sitenote_category":0,"jetpack_post_was_ever_published":false,"_jetpack_newsletter_access":"","_jetpack_dont_email_post_to_subs":false,"_jetpack_newsletter_tier_id":0,"_jetpack_memberships_contains_paywalled_content":false,"_jetpack_memberships_contains_paid_content":false,"footnotes":""},"categories":[452,378,1772],"tags":[1757,1758,1429,1759,1754,1755,1756],"class_list":["post-5599","post","type-post","status-publish","format-standard","has-post-thumbnail","hentry","category-frontpage","category-politica","category-situacion-social","tag-conflicto-en-nicaragua","tag-dictuadura","tag-nicaragua","tag-ortega","tag-protestas","tag-protestas-en-nicaragua","tag-sandinistas"],"jetpack_featured_media_url":"https:\/\/i0.wp.com\/www.entremundos.org\/revista\/wp-content\/uploads\/2019\/07\/foto-flickr-jorge-mejia-peralta-para-pag-22.jpg?fit=1000%2C667&ssl=1","jetpack_shortlink":"https:\/\/wp.me\/p7ljt7-1sj","jetpack-related-posts":[{"id":10580,"url":"https:\/\/www.entremundos.org\/revista\/politica\/desalojos-aumentan-durante-el-gobierno-de-alejandro-giammattei\/","url_meta":{"origin":5599,"position":0},"title":"Desalojos aumentan durante el gobierno de Alejandro Giammattei","author":"EntreMundos","date":"8 marzo, 2023","format":false,"excerpt":"Por Gilberto Escobar\u00a0 En Guatemala, durante los \u00faltimos a\u00f1os, los desalojos han ido en aumento y se han dado en dos modalidades: los desalojos legales que tienen una orden judicial y los extrajudiciales, los que\u00a0 no van acompa\u00f1ados de ninguna orden de un juez y que ocurren\u00a0 en horas de\u2026","rel":"","context":"En \u00abBosques\u00bb","block_context":{"text":"Bosques","link":"https:\/\/www.entremundos.org\/revista\/category\/medio-ambiente\/bosques\/"},"img":{"alt_text":"","src":"https:\/\/i0.wp.com\/www.entremundos.org\/revista\/wp-content\/uploads\/2023\/03\/portada.jpg?fit=1024%2C768&ssl=1&resize=350%2C200","width":350,"height":200,"srcset":"https:\/\/i0.wp.com\/www.entremundos.org\/revista\/wp-content\/uploads\/2023\/03\/portada.jpg?fit=1024%2C768&ssl=1&resize=350%2C200 1x, https:\/\/i0.wp.com\/www.entremundos.org\/revista\/wp-content\/uploads\/2023\/03\/portada.jpg?fit=1024%2C768&ssl=1&resize=525%2C300 1.5x, https:\/\/i0.wp.com\/www.entremundos.org\/revista\/wp-content\/uploads\/2023\/03\/portada.jpg?fit=1024%2C768&ssl=1&resize=700%2C400 2x"},"classes":[]},{"id":5761,"url":"https:\/\/www.entremundos.org\/revista\/politics\/community-action-en-2\/the-revolution-that-was-initiated-by-the-grandparents\/?lang=en","url_meta":{"origin":5599,"position":1},"title":"The Revolution that was initiated by the Grandparents","author":"EntreMundos","date":"23 julio, 2019","format":false,"excerpt":"By: EntreMundos Staff \"They mistreated our elders and for them to do that was as if they had crossed the sacred boundary of respect for our people\", a Nicaraguan activist said during a discussion-brainstorming session last year in Quetzaltenango.\u00a0 During the meeting she denounced the abuses committed against the Nicaraguan\u2026","rel":"","context":"En \u00abCommunity Action\u00bb","block_context":{"text":"Community Action","link":"https:\/\/www.entremundos.org\/revista\/category\/politics\/community-action-en-2\/?lang=en"},"img":{"alt_text":"","src":"https:\/\/i0.wp.com\/www.entremundos.org\/revista\/wp-content\/uploads\/2019\/06\/foto-flickr-karen-walsh.jpg?fit=1200%2C900&ssl=1&resize=350%2C200","width":350,"height":200,"srcset":"https:\/\/i0.wp.com\/www.entremundos.org\/revista\/wp-content\/uploads\/2019\/06\/foto-flickr-karen-walsh.jpg?fit=1200%2C900&ssl=1&resize=350%2C200 1x, https:\/\/i0.wp.com\/www.entremundos.org\/revista\/wp-content\/uploads\/2019\/06\/foto-flickr-karen-walsh.jpg?fit=1200%2C900&ssl=1&resize=525%2C300 1.5x, https:\/\/i0.wp.com\/www.entremundos.org\/revista\/wp-content\/uploads\/2019\/06\/foto-flickr-karen-walsh.jpg?fit=1200%2C900&ssl=1&resize=700%2C400 2x, https:\/\/i0.wp.com\/www.entremundos.org\/revista\/wp-content\/uploads\/2019\/06\/foto-flickr-karen-walsh.jpg?fit=1200%2C900&ssl=1&resize=1050%2C600 3x"},"classes":[]},{"id":5676,"url":"https:\/\/www.entremundos.org\/revista\/uncategorized\/outline-of-the-conflict-in-nicaragua\/?lang=en","url_meta":{"origin":5599,"position":2},"title":"Outline of the Conflict in Nicaragua","author":"EntreMundos","date":"19 julio, 2019","format":false,"excerpt":"By: Jason Klarl The following are excerpts from a May 2019 interview with Lauren, (her real name has been changed as a precaution) a community development worker who had been living in Nicaragua for nearly three years before the political unrest shook the country in April 2018. Tell me about\u2026","rel":"","context":"En \u00abCommunity Action\u00bb","block_context":{"text":"Community Action","link":"https:\/\/www.entremundos.org\/revista\/category\/politics\/community-action-en-2\/?lang=en"},"img":{"alt_text":"","src":"https:\/\/i0.wp.com\/www.entremundos.org\/revista\/wp-content\/uploads\/2019\/07\/foto-flickr-jorge-mejia-peralta-para-pag-22.jpg?fit=1000%2C667&ssl=1&resize=350%2C200","width":350,"height":200,"srcset":"https:\/\/i0.wp.com\/www.entremundos.org\/revista\/wp-content\/uploads\/2019\/07\/foto-flickr-jorge-mejia-peralta-para-pag-22.jpg?fit=1000%2C667&ssl=1&resize=350%2C200 1x, https:\/\/i0.wp.com\/www.entremundos.org\/revista\/wp-content\/uploads\/2019\/07\/foto-flickr-jorge-mejia-peralta-para-pag-22.jpg?fit=1000%2C667&ssl=1&resize=525%2C300 1.5x, https:\/\/i0.wp.com\/www.entremundos.org\/revista\/wp-content\/uploads\/2019\/07\/foto-flickr-jorge-mejia-peralta-para-pag-22.jpg?fit=1000%2C667&ssl=1&resize=700%2C400 2x"},"classes":[]},{"id":12488,"url":"https:\/\/www.entremundos.org\/revista\/politica\/de-la-lucha-a-la-agricultura-en-las-montanas-de-guatemala\/","url_meta":{"origin":5599,"position":3},"title":"De la lucha a la agricultura en las monta\u00f1as de Guatemala","author":"EntreMundos","date":"13 noviembre, 2024","format":false,"excerpt":"POR JONATHAN LOTT A la sombra de las monta\u00f1as selv\u00e1ticas de Guatemala, anta\u00f1o cargadas del espectro del conflicto, el olor del caf\u00e9 flota en el aire. Una generaci\u00f3n despu\u00e9s del hist\u00f3rico acuerdo de paz que puso fin a la guerra civil guatemalteca (1960-1996), decenas de exguerrilleros trabajan ahora la tierra\u2026","rel":"","context":"En \u00abFrontPage\u00bb","block_context":{"text":"FrontPage","link":"https:\/\/www.entremundos.org\/revista\/category\/frontpage\/"},"img":{"alt_text":"","src":"https:\/\/i0.wp.com\/www.entremundos.org\/revista\/wp-content\/uploads\/2024\/11\/anita2-e1731543808410.jpg?fit=910%2C671&ssl=1&resize=350%2C200","width":350,"height":200,"srcset":"https:\/\/i0.wp.com\/www.entremundos.org\/revista\/wp-content\/uploads\/2024\/11\/anita2-e1731543808410.jpg?fit=910%2C671&ssl=1&resize=350%2C200 1x, https:\/\/i0.wp.com\/www.entremundos.org\/revista\/wp-content\/uploads\/2024\/11\/anita2-e1731543808410.jpg?fit=910%2C671&ssl=1&resize=525%2C300 1.5x, https:\/\/i0.wp.com\/www.entremundos.org\/revista\/wp-content\/uploads\/2024\/11\/anita2-e1731543808410.jpg?fit=910%2C671&ssl=1&resize=700%2C400 2x"},"classes":[]},{"id":11407,"url":"https:\/\/www.entremundos.org\/revista\/politica\/del-papel-a-la-pantalla\/","url_meta":{"origin":5599,"position":4},"title":"Del papel a la pantalla","author":"EntreMundos","date":"10 noviembre, 2023","format":false,"excerpt":"POR EMMA G\u00d3MEZ Dos pa\u00edses golpeados por la corrupci\u00f3n, violaci\u00f3n de los derechos humanos, injusticias, persecuciones y despojos, por mencionar algunos de los males que tienen en com\u00fan Guatemala y El Salvador. El proyecto, Del Papel a la Pantalla, presenta dos propuestas visuales para reflexionar sobre la educaci\u00f3n sexual y\u2026","rel":"","context":"En \u00abAccion Comunitaria\u00bb","block_context":{"text":"Accion Comunitaria","link":"https:\/\/www.entremundos.org\/revista\/category\/politica\/accion-comunitaria-3\/"},"img":{"alt_text":"","src":"https:\/\/i0.wp.com\/www.entremundos.org\/revista\/wp-content\/uploads\/2023\/11\/whatsapp-image-2023-10-23-at-9.54.45-am-2.jpeg?fit=1200%2C800&ssl=1&resize=350%2C200","width":350,"height":200,"srcset":"https:\/\/i0.wp.com\/www.entremundos.org\/revista\/wp-content\/uploads\/2023\/11\/whatsapp-image-2023-10-23-at-9.54.45-am-2.jpeg?fit=1200%2C800&ssl=1&resize=350%2C200 1x, https:\/\/i0.wp.com\/www.entremundos.org\/revista\/wp-content\/uploads\/2023\/11\/whatsapp-image-2023-10-23-at-9.54.45-am-2.jpeg?fit=1200%2C800&ssl=1&resize=525%2C300 1.5x, https:\/\/i0.wp.com\/www.entremundos.org\/revista\/wp-content\/uploads\/2023\/11\/whatsapp-image-2023-10-23-at-9.54.45-am-2.jpeg?fit=1200%2C800&ssl=1&resize=700%2C400 2x, https:\/\/i0.wp.com\/www.entremundos.org\/revista\/wp-content\/uploads\/2023\/11\/whatsapp-image-2023-10-23-at-9.54.45-am-2.jpeg?fit=1200%2C800&ssl=1&resize=1050%2C600 3x"},"classes":[]},{"id":11847,"url":"https:\/\/www.entremundos.org\/revista\/politica\/cuando-la-tierra-se-movio\/","url_meta":{"origin":5599,"position":5},"title":"Cuando la tierra se movi\u00f3","author":"EntreMundos","date":"26 marzo, 2024","format":false,"excerpt":"POR CECILIA REED Estaba profundamente dormida, unos minutos despu\u00e9s de la medianoche; cuando de repente, \u00a1mi cuerpo entr\u00f3 en modo de p\u00e1nico y me despert\u00e9! Mi cama se balanceaba vigorosamente de izquierda a derecha, y las paredes a mi alrededor se balanceaban en direcci\u00f3n opuesta a un ritmo similar. Nunca\u2026","rel":"","context":"En \u00abAccion Comunitaria\u00bb","block_context":{"text":"Accion Comunitaria","link":"https:\/\/www.entremundos.org\/revista\/category\/politica\/accion-comunitaria-3\/"},"img":{"alt_text":"","src":"https:\/\/i0.wp.com\/www.entremundos.org\/revista\/wp-content\/uploads\/2024\/03\/20240124_080747-scaled.jpg?fit=1200%2C900&ssl=1&resize=350%2C200","width":350,"height":200,"srcset":"https:\/\/i0.wp.com\/www.entremundos.org\/revista\/wp-content\/uploads\/2024\/03\/20240124_080747-scaled.jpg?fit=1200%2C900&ssl=1&resize=350%2C200 1x, https:\/\/i0.wp.com\/www.entremundos.org\/revista\/wp-content\/uploads\/2024\/03\/20240124_080747-scaled.jpg?fit=1200%2C900&ssl=1&resize=525%2C300 1.5x, https:\/\/i0.wp.com\/www.entremundos.org\/revista\/wp-content\/uploads\/2024\/03\/20240124_080747-scaled.jpg?fit=1200%2C900&ssl=1&resize=700%2C400 2x, https:\/\/i0.wp.com\/www.entremundos.org\/revista\/wp-content\/uploads\/2024\/03\/20240124_080747-scaled.jpg?fit=1200%2C900&ssl=1&resize=1050%2C600 3x"},"classes":[]}],"jetpack_sharing_enabled":true,"_links":{"self":[{"href":"https:\/\/www.entremundos.org\/revista\/wp-json\/wp\/v2\/posts\/5599","targetHints":{"allow":["GET"]}}],"collection":[{"href":"https:\/\/www.entremundos.org\/revista\/wp-json\/wp\/v2\/posts"}],"about":[{"href":"https:\/\/www.entremundos.org\/revista\/wp-json\/wp\/v2\/types\/post"}],"author":[{"embeddable":true,"href":"https:\/\/www.entremundos.org\/revista\/wp-json\/wp\/v2\/users\/1"}],"replies":[{"embeddable":true,"href":"https:\/\/www.entremundos.org\/revista\/wp-json\/wp\/v2\/comments?post=5599"}],"version-history":[{"count":5,"href":"https:\/\/www.entremundos.org\/revista\/wp-json\/wp\/v2\/posts\/5599\/revisions"}],"predecessor-version":[{"id":5668,"href":"https:\/\/www.entremundos.org\/revista\/wp-json\/wp\/v2\/posts\/5599\/revisions\/5668"}],"wp:featuredmedia":[{"embeddable":true,"href":"https:\/\/www.entremundos.org\/revista\/wp-json\/wp\/v2\/media\/5602"}],"wp:attachment":[{"href":"https:\/\/www.entremundos.org\/revista\/wp-json\/wp\/v2\/media?parent=5599"}],"wp:term":[{"taxonomy":"category","embeddable":true,"href":"https:\/\/www.entremundos.org\/revista\/wp-json\/wp\/v2\/categories?post=5599"},{"taxonomy":"post_tag","embeddable":true,"href":"https:\/\/www.entremundos.org\/revista\/wp-json\/wp\/v2\/tags?post=5599"}],"curies":[{"name":"wp","href":"https:\/\/api.w.org\/{rel}","templated":true}]}}