{"id":5900,"date":"2020-01-14T08:19:03","date_gmt":"2020-01-14T16:19:03","guid":{"rendered":"http:\/\/www.entremundos.org\/revista\/?p=5900"},"modified":"2020-02-12T18:35:39","modified_gmt":"2020-02-13T02:35:39","slug":"aldo-davila-un-diputado-por-los-derechos-humanos","status":"publish","type":"post","link":"https:\/\/www.entremundos.org\/revista\/politica\/aldo-davila-un-diputado-por-los-derechos-humanos\/","title":{"rendered":"Aldo D\u00e1vila: Un diputado por los Derechos Humanos"},"content":{"rendered":"<p><strong>Jason Klarl y Karen Legrand<\/strong><\/p>\n<p>A continuaci\u00f3n, presentamos una entrevista realizada a Aldo D\u00e1vila, diputado electo al Congreso de Guatemala para el periodo 2020-2024, quien hoy, 14 de enero, asumir\u00e1 sus funciones como funcionario p\u00fablico. En esta entrevista, tuvimos la oportunidad no s\u00f3lo de conocer un poco sobre la vida de Aldo sino tambi\u00e9n sobre sus propuestas y desaf\u00edos como persona, activista y pr\u00f3ximamente funcionario p\u00fablico de Guatemala.<\/p>\n<p><strong>EntreMundos (EM): \u00bfNos puede hablar un poco sobre usted? \u00bfQui\u00e9n es Aldo D\u00e1vila?<\/strong><\/p>\n<p><strong>Aldo D\u00e1vila (AD):<\/strong> Aldo D\u00e1vila es un hombre gay, de 41 a\u00f1os de edad y el mayor de tres hermanos. He trabajado en derechos humanos y prevenci\u00f3n de VIH desde hace 22 a\u00f1os, tengo 41 a\u00f1os de edad, empec\u00e9 muy joven en el activismo, tengo una relaci\u00f3n desde hace 18 a\u00f1os, vivo muy plenamente, me gusta y me apasiona lo que hago.<\/p>\n<p><strong>EM: Aldo, usted es el primer diputado electo abiertamente gay en Guatemala. \u00bfQu\u00e9 significa esto para el pa\u00eds?<\/strong><\/p>\n<p><strong>AD:<\/strong> La primera diputada lesbiana electa fue Sandra Mor\u00e1n; una mujer trabajadora, luchadora y comprometida con la causa. El indicador de que yo ganara este proceso de elecciones es que somos una comunidad fuerte, aunque creen que somos minor\u00eda. Mucha gente tambi\u00e9n reconoci\u00f3 mi activismo en torno a la lucha contra la corrupci\u00f3n y la impunidad, entonces fueron varios factores que hicieron que pudiera ganar en esta contienda electoral. Es una responsabilidad enorme pero que estoy seguro la podr\u00e9 librar y la intenci\u00f3n es salir del congreso como llegue, con la frente en alto.<\/p>\n<p><strong>EM: En un pa\u00eds tan diverso y conservador como Guatemala, hablar de identidades de g\u00e9nero y orientaci\u00f3n sexual es un tema controversial. \u00bfCu\u00e1l es su opini\u00f3n sobre ello?\u00a0<\/strong><\/p>\n<p><strong>AD: <\/strong>Lo que se desconoce se ataca, gran parte de los ataques que sufrimos las personas sexualmente diversas es precisamente por la falta de educaci\u00f3n en todo sentido. La homofobia, transfobia y bifobia son cuestiones que no se abordan ni en casa, ni en los centros educativos. Adem\u00e1s, los fundamentalistas religiosos nos vulneran, la iniciativa de ley 5272 por ejemplo vulnera enormemente nuestros derechos, eso tiene que ver con la falta de educaci\u00f3n adecuada sobre la orientaci\u00f3n sexual y la identidad de g\u00e9nero.<\/p>\n<p><strong>EM:<\/strong> <strong>\u00bfConsidera que la situaci\u00f3n hoy en d\u00eda es mejor, igual o peor en cuanto a derechos humanos para las personas sexualmente diversas?<\/strong><\/p>\n<p><strong>AD:<\/strong> Hace 20 a\u00f1os por ejemplo, en la ciudad capital en la sexta avenida, cuando uno pasaba por ah\u00ed y era obvia una orientaci\u00f3n sexual o identidad de g\u00e9nero diferente, te agred\u00edan much\u00edsimo, te dec\u00edan oprobios y ahora, en la misma sexta avenida, 20 o 22 a\u00f1os despu\u00e9s, vemos como chicos y chicas pueden ir de la mano o darse un beso en la calle; la gente ya no se sorprende. Es decir que hay m\u00e1s visibilizaci\u00f3n.<\/p>\n<p>Por otro lado, vemos como en el RENAP<a href=\"#_ftn1\" name=\"_ftnref1\">[1]<\/a>, por ejemplo, uno ya se puede cambiar el nombre, aunque no se ha avanzado en la cuesti\u00f3n de g\u00e9nero o sexo. La defensor\u00eda de la diversidad sexual en la PDH<a href=\"#_ftn2\" name=\"_ftnref2\">[2]<\/a>, es otro paso importante. Desgraciadamente el gobierno anti derechos de Jimmy Morales nos vulnera enormemente.<\/p>\n<p><strong>EM:<\/strong> <strong>\u00bfPuede hablar un poco sobre el reciente desfile de la diversidad sexual e identidad de g\u00e9nero de Ciudad de Guatemala? <\/strong><\/p>\n<p><strong>AD:<\/strong> El desfile se inici\u00f3 en el a\u00f1o 2000, iban apenas 40 personas, iban m\u00e1s polic\u00edas y m\u00e1s personas de seguridad cuidando a los lados que la gente que \u00edbamos caminando a media calle.\u00a0 Fueron 40 personas muy valientes, entre ellas iba mi mam\u00e1, yo y otras personas que vieron la necesidad de salir a las calles por primera vez en una manifestaci\u00f3n de este tipo. Se estima que fueron 50.000 personas en el desfile de 2019 y estuvo muy bien organizado.<\/p>\n<p><strong>EM:<\/strong> <strong>Dentro de la comunidad LGBT se sigue estigmatizando el tema de VIH\/SIDA \u00bfQu\u00e9 es lo que a usted le gustar\u00eda que la gente comprendiera acerca de esta enfermedad?<\/strong><\/p>\n<p><strong>AD:<\/strong> En contextos de vulnerabilidad las poblaciones de la diversidad sexual son las m\u00e1s propensas a adquirir el virus del VIH. En este caso la pandemia est\u00e1 focalizada, me refiero a que el mayor \u00edndice de casos est\u00e1 en trabajadoras sexuales, en mujeres trans y en hombres que tienen sexo con hombres. Esto ocurre por la falta de atenci\u00f3n en salud, desde el MSPAS<a href=\"#_ftn3\" name=\"_ftnref3\">[3]<\/a>. No vemos campa\u00f1as para las poblaciones m\u00e1s afectadas, sigue el estigma y la discriminaci\u00f3n, ser gay es igual a tener VIH, vivir en el anonimato sin tener una sexualidad plena hace que la gente corra riesgos en torno a sus relaciones sexuales.<\/p>\n<p><strong>EM: \u00bfPuede decirnos un poco m\u00e1s del partido WINAQ y sus colegas?<\/strong><\/p>\n<p><strong>AD:<\/strong> Es la segunda vez que el partido WINAQ se postula s\u00f3lo. Antes estuvo en alianza con URNG, pero esta vez se postul\u00f3 como partido \u00fanico, y obtuvo cuatro diputaciones. Sonia Guti\u00e9rrez Raguay, es licenciada, abogada y notaria especialista en derechos de la mujer; una mujer trabajadora que se ha caracterizado por la defensa de los derechos humanos. Edgar Batres, tiene amplia experiencia legislativa, esta es su primera vez como diputado, as\u00ed como Ad\u00e1n L\u00f3pez y yo.<\/p>\n<p>Winaq es un partido fundado por Rigoberta Mench\u00fa Tum, premio Nobel de la Paz. WINAQ ha tratado de ser incluyente, todo el tiempo ha involucrado a m\u00e1s personas a sumarse, a tener voz y voto, y de esta manera es como me invitaron a m\u00ed este a\u00f1o a formar parte del movimiento pol\u00edtico. Me dieron la casilla n\u00famero uno para la ciudad capital; la doctora Rigoberta me dijo:\u201c<em>Las primeras casillas no se pagan en este partido, en este partido se asumen las casillas, son casillas de dignidad, de defensores de derechos humanos, de personas que han tenido una lucha contundente en contra de la corrupci\u00f3n y de la impunidad y que no hayan participado en pol\u00edtica<\/em>\u201d<\/p>\n<p><strong>EM: \u00bfPuede contarnos si le dar\u00e1 prioridad a la creaci\u00f3n de nuevas iniciativas de ley o tratar\u00e1 de impulsar leyes que ya est\u00e1n ah\u00ed pero no se han aprobado?<\/strong><\/p>\n<p><strong>AD: <\/strong>Yo dir\u00eda que ambas v\u00edas, creo que es importante rescatar la ley de aguas que est\u00e1 estancada en el Congreso desde hace un buen tiempo y regresar iniciativas de ley que fueron engavetadas o que no tuvieron un dictamen favorable, por ejemplo, la iniciativa para el acompa\u00f1amiento a las ni\u00f1as abusadas sexualmente o rescatar la ley para personas con discapacidad.<\/p>\n<p><strong>EM: \u00bfPuede mencionar cinco temas que tendr\u00e1n m\u00e1s prioridad dentro de su qu\u00e9 hacer como diputado?<\/strong><\/p>\n<p><strong>AD:<\/strong> Las poblaciones hist\u00f3ricamente excluidas, los j\u00f3venes, las mujeres, los pueblos ind\u00edgenas, las personas con discapacidad y las personas de la diversidad sexual<\/p>\n<p><strong>EM: El lenguaje de la iniciativa 5272, dice: \u201cProtecci\u00f3n a la vida y la familia\u201d \u00bfEsto sugiere un ataque de alg\u00fan tipo? Ahora en la actualidad hay ataques reales y violencia real, asesinatos reales contra la comunidad del LGBT. \u00bfPuede hablar sobre la importancia de definir, catalogar, castigar los cr\u00edmenes de odio, los discursos de odio?<\/strong><\/p>\n<p><strong>AD:<\/strong> Bueno, primero lo que hace que ocurra un crimen de odio son los discursos de odio. Entonces en Guatemala no est\u00e1 tipificado a\u00fan el crimen de odio, y es de los pocos pa\u00edses en Latinoam\u00e9rica que no lo ha hecho. Por ejemplo, en Honduras, en El Salvador, en Costa Rica ya est\u00e1 tipificado.<\/p>\n<p>La iniciativa de ley 5272 que de por s\u00ed es inconstitucional, es retr\u00f3grada y es completamente anti derechos. Lo que pretende es vulnerar m\u00e1s nuestros derechos, pero no s\u00f3lo los nuestros, sino tambi\u00e9n el de las mujeres embarazadas, el de los mismos doctores que atienden partos, en este caso los ginec\u00f3logos, y los derechos de la juventud. \u00bfPor qu\u00e9 les digo a ustedes que esto es enormemente inconstitucional? Ah\u00ed pretenden enviar a las mujeres a una prisi\u00f3n preventiva en caso de que tengan un aborto espont\u00e1neo o un aborto involuntario. Se ir\u00e1 a prisi\u00f3n en lo que se investiga si realmente fue involuntaria la p\u00e9rdida.<\/p>\n<p>Cuando hablamos de cr\u00edmenes de odio, tenemos el ejemplo de Jos\u00e9 en Quetzaltenango, un voluntario de Trabajando Unidos que es contraparte de la organizaci\u00f3n Gente Positiva; fue asesinado y le escribieron oprobios en el cuerpo, con una navaja. Dos mujeres fueron amarradas con cinta en El Progreso\u2026 se sigue dando este tipo de vulneraci\u00f3n de derechos a miembros de la diversidad sexual.<\/p>\n<p><strong>EM: Quisiera saber su opini\u00f3n sobre el caso de R\u00edos Montt, el genocidio y la justicia ind\u00edgena de los pueblos ind\u00edgenas.<\/strong><\/p>\n<p><strong>AD:<\/strong> Definitivamente si hubo genocidio. Fue una de las etapas m\u00e1s oscuras que ha tenido Guatemala y vemos tambi\u00e9n como afect\u00f3 familias a todo nivel. Personas desplazadas y miles de homicidios, familias desintegradas y sobre todo hacia la comunidad ind\u00edgena, hacia el pueblo ind\u00edgena\u2026no hay nada m\u00e1s que decir en ese tema cuando se habla de que no hubo genocidio, por supuesto que hubo genocidio. Fue probado por jueces competentes, entonces vemos como los derechos en Guatemala pareciera que no son para todos y para todas.<\/p>\n<p><strong>EM:<\/strong> <strong>\u00bfQu\u00e9 mensaje le podr\u00edas dar a las personas y a los j\u00f3venes que est\u00e1n en la misma posici\u00f3n que t\u00fa, hace 20 a\u00f1os, enfrentando, descubriendo su identidad en un ambiente que sigue siendo homof\u00f3bico?<\/strong><\/p>\n<p><strong>AD:<\/strong> Les voy a hablar desde el privilegio que yo tengo, que lo tenemos tal vez una de cada 500 personas de la diversidad. Cuando hablamos de derechos humanos, \u00e9stos deber\u00edan de ser para todos y todas pero vemos que son privilegios. Y te hablo desde el privilegio porque tengo una mam\u00e1 que me acept\u00f3 cuando yo se lo dije, mis hermanos lo aceptaron, cont\u00e9 con el apoyo de ellos, vivo en la ciudad capital, ese es un privilegio, soy un hombre gay, es otro privilegio, no soy una mujer lesbiana, porque eso es una carga m\u00e1s fuerte, una carga de estigma, de discriminaci\u00f3n enorme.<\/p>\n<p>Lo que yo le pido a los j\u00f3venes es que estudien, que sean valientes, que traten por todos los medios de ser felices, de alcanzar sus metas, que no vivan en el closet porque ese no es lugar para que nosotros vivamos. Tenemos que ser felices y vivir nuestra vida a plenitud. Es importante que siempre tengamos objetivos de vida claros, que sepamos para d\u00f3nde vamos y c\u00f3mo queremos llegar ah\u00ed. No permitan que nadie les diga \u201cNo puedes hacerlo, no vas a llegar ah\u00ed\u201d, porque s\u00ed se puede j\u00f3venes, si se puede si luchan con ganas, con fortaleza, con convicci\u00f3n\u2026ustedes van a llegar a donde quieran y se los dice alguien que desde siempre quiso ser diputado; yo desde siempre quise estar en una posici\u00f3n para poder ayudar a m\u00e1s gente.<\/p>\n<p><strong>EM:<\/strong> <strong>\u00bfQu\u00e9 sugerencias tienes t\u00fa para los guatemaltecos j\u00f3venes que quieren hacer cambios reales para mejorar sus vidas, sus comunidades, sus municipios y sus departamentos? Seg\u00fan tu experiencia, \u00bfes mejor involucrarse en el activismo o perseguir un puesto de gobierno? \u00bfO no tendr\u00edan que ser necesariamente excluyentes?<\/strong><\/p>\n<p><strong>AD:<\/strong> Primero que nada, es tener metas a corto, mediano y largo plazo. Si te pones metas muy grandes, muy a largo plazo, las ves inalcanzables. Segundo, no trabajen solos, trabajen en unidad, si grita una persona, no es lo mismo que griten 5, a que griten 100, o que griten mil personas, trabajen en unidad, sobre todo a lo local.<\/p>\n<p>Tercero, trabajen desde donde est\u00e1n, desde lo local. Busquen la interacci\u00f3n con COCODES, COMUDES, o quienes tengan poder para no luchar solos. Cuarto: cuando hablamos de lo social y lo pol\u00edtico, yo creo ambos tienen que ir de la mano. La sociedad civil debe de exigir a los pol\u00edticos y los pol\u00edticos deben escuchar la sociedad civil porque es a quien se deben, somos empleados p\u00fablicos, desde ah\u00ed se tiene que aterrizar y recordar que uno fue electo, entonces, el candidato no debe olvidar que es empleado de las personas que votaron por \u00e9l y tambi\u00e9n de las que no votaron por \u00e9l.<\/p>\n<p>Eso es lo que les dir\u00eda a los j\u00f3venes, que se involucren, que hagan auditor\u00eda social, que hagan monitoreos a la alcald\u00eda, a los COCODES, a los COMUDES, \u00bfQu\u00e9 se est\u00e1 haciendo? \u00bfCon qui\u00e9n se est\u00e1 juntando? \u00bfC\u00f3mo mejoramos el municipio? \u00bfC\u00f3mo mejoramos el departamento? Y se debe hacerlo en conjunto al alcalde, a los l\u00edderes comunitarios, a la sociedad civil. Solamente as\u00ed se podr\u00e1 mejorar Guatemala, cuando se integren todos los actores de cambio.<\/p>\n<p><strong>EM: \u00bfAlg\u00fan mensaje final que nos quieras dejar a los guatemaltecos, a las guatemaltecas?<\/strong><\/p>\n<p><strong>AD:<\/strong> Crean en ustedes todo el tiempo, trabajen con pasi\u00f3n. Si usted trabaja pintando casas y lo apasiona, no es trabajo, a usted le gusta y ama lo que hace. Si usted se gana la vida despachando pan, h\u00e1galo con pasi\u00f3n, h\u00e1galo con una sonrisa, pensando que con eso usted lleva alimento a su casa y con eso va a tener un mejor futuro. Si usted ama lo que hace, lo va a hacer con pasi\u00f3n.<\/p>\n<p>Hay establecimientos de estudio nocturnos, de fin de semana, entonces lo importante es seguir capacit\u00e1ndose para seguir creciendo. Es el Estado el que tiene que garantizar que las condiciones de vida sean plenas para todos y todas, pero tambi\u00e9n de parte de nosotros, buscando los mecanismos para mejorar nuestro entorno de vida, de nuestra vida la de nuestros padres. Entonces se trata de hacer todo con muchas ganas, de hacer todo con mucha pasi\u00f3n y pensar que es posible construir una Guatemala diferente.<\/p>\n<p><a href=\"#_ftnref1\" name=\"_ftn1\">[1]<\/a> Registro Nacional de las Personas<\/p>\n<p><a href=\"#_ftnref2\" name=\"_ftn2\">[2]<\/a> Procuradur\u00eda de los Derechos Humanos<\/p>\n<p><a href=\"#_ftnref3\" name=\"_ftn3\">[3]<\/a> Ministerio de Salud P\u00fablica y Asistencia Social<\/p>\n<p>Foto: P\u00e1gina de facebook de \u00c1ldo D\u00e1vila.<\/p>\n","protected":false},"excerpt":{"rendered":"<p>Jason Klarl y Karen Legrand A continuaci\u00f3n, presentamos una entrevista realizada a Aldo D\u00e1vila, diputado electo al Congreso de Guatemala para el periodo 2020-2024, quien hoy, 14 de enero, asumir\u00e1 sus funciones como funcionario p\u00fablico. En esta entrevista, tuvimos la oportunidad no s\u00f3lo de conocer un poco sobre la vida de Aldo sino tambi\u00e9n sobre [&hellip;]<\/p>\n","protected":false},"author":1,"featured_media":6030,"comment_status":"closed","ping_status":"closed","sticky":false,"template":"","format":"standard","meta":{"_exactmetrics_skip_tracking":false,"_exactmetrics_sitenote_active":false,"_exactmetrics_sitenote_note":"","_exactmetrics_sitenote_category":0,"jetpack_post_was_ever_published":false,"_jetpack_newsletter_access":"","_jetpack_dont_email_post_to_subs":false,"_jetpack_newsletter_tier_id":0,"_jetpack_memberships_contains_paywalled_content":false,"_jetpack_memberships_contains_paid_content":false,"footnotes":""},"categories":[404,452,378],"tags":[1823,1828,47,1719],"class_list":["post-5900","post","type-post","status-publish","format-standard","has-post-thumbnail","hentry","category-figuras-publicas","category-frontpage","category-politica","tag-apoyo-lgtb","tag-comunidad-lgbt","tag-derechos-humanos","tag-indigenas-lgtb"],"jetpack_featured_media_url":"https:\/\/i0.wp.com\/www.entremundos.org\/revista\/wp-content\/uploads\/2019\/09\/61662137_352101998781504_4418702726817382400_o.jpg?fit=3767%2C2500&ssl=1","jetpack_shortlink":"https:\/\/wp.me\/p7ljt7-1xa","jetpack-related-posts":[{"id":6114,"url":"https:\/\/www.entremundos.org\/revista\/politics\/aldo-davila-a-congressmember-for-human-rights\/?lang=en","url_meta":{"origin":5900,"position":0},"title":"Aldo D\u00e1vila: A Congressmember for Human Rights","author":"Majo Recinos","date":"14 enero, 2020","format":false,"excerpt":"Jason Klarl and Karen Legrand Below, we present an interview with Aldo D\u00e1vila, elected member to Guatemalan Congress for the period 2020-2024. In this interview, we had the opportunity not only to learn a little about Aldo's life, but also about his proposals and challenges as a person, activist and\u2026","rel":"","context":"En \u00abFrontPage\u00bb","block_context":{"text":"FrontPage","link":"https:\/\/www.entremundos.org\/revista\/category\/frontpage-en\/?lang=en"},"img":{"alt_text":"","src":"https:\/\/i0.wp.com\/www.entremundos.org\/revista\/wp-content\/uploads\/2019\/09\/61662137_352101998781504_4418702726817382400_o.jpg?fit=1200%2C796&ssl=1&resize=350%2C200","width":350,"height":200,"srcset":"https:\/\/i0.wp.com\/www.entremundos.org\/revista\/wp-content\/uploads\/2019\/09\/61662137_352101998781504_4418702726817382400_o.jpg?fit=1200%2C796&ssl=1&resize=350%2C200 1x, https:\/\/i0.wp.com\/www.entremundos.org\/revista\/wp-content\/uploads\/2019\/09\/61662137_352101998781504_4418702726817382400_o.jpg?fit=1200%2C796&ssl=1&resize=525%2C300 1.5x, https:\/\/i0.wp.com\/www.entremundos.org\/revista\/wp-content\/uploads\/2019\/09\/61662137_352101998781504_4418702726817382400_o.jpg?fit=1200%2C796&ssl=1&resize=700%2C400 2x, https:\/\/i0.wp.com\/www.entremundos.org\/revista\/wp-content\/uploads\/2019\/09\/61662137_352101998781504_4418702726817382400_o.jpg?fit=1200%2C796&ssl=1&resize=1050%2C600 3x"},"classes":[]},{"id":12224,"url":"https:\/\/www.entremundos.org\/revista\/mujer\/derechos-sexuales-y-reproductivos-tema-pendiente-en-guatemala\/","url_meta":{"origin":5900,"position":1},"title":"Derechos sexuales y reproductivos; tema pendiente en Guatemala","author":"EntreMundos","date":"15 julio, 2024","format":false,"excerpt":"POR EMMA G\u00d3MEZ Seg\u00fan La Organizaci\u00f3n de las Naciones Unidas de los Derechos Humanos, (ONU-DH), los derechos sexuales y reproductivos est\u00e1n relacionados con la libertad de las personas a decidir sobre su sexualidad y el ejercicio libre de la misma. Algunos derechos pueden ser; ejercer la sexualidad de manera independiente\u2026","rel":"","context":"En \u00abFrontPage\u00bb","block_context":{"text":"FrontPage","link":"https:\/\/www.entremundos.org\/revista\/category\/frontpage\/"},"img":{"alt_text":"","src":"https:\/\/i0.wp.com\/www.entremundos.org\/revista\/wp-content\/uploads\/2024\/07\/444487166_750607893953803_8829963883492089519_n.jpg?fit=1200%2C1158&ssl=1&resize=350%2C200","width":350,"height":200,"srcset":"https:\/\/i0.wp.com\/www.entremundos.org\/revista\/wp-content\/uploads\/2024\/07\/444487166_750607893953803_8829963883492089519_n.jpg?fit=1200%2C1158&ssl=1&resize=350%2C200 1x, https:\/\/i0.wp.com\/www.entremundos.org\/revista\/wp-content\/uploads\/2024\/07\/444487166_750607893953803_8829963883492089519_n.jpg?fit=1200%2C1158&ssl=1&resize=525%2C300 1.5x, https:\/\/i0.wp.com\/www.entremundos.org\/revista\/wp-content\/uploads\/2024\/07\/444487166_750607893953803_8829963883492089519_n.jpg?fit=1200%2C1158&ssl=1&resize=700%2C400 2x, https:\/\/i0.wp.com\/www.entremundos.org\/revista\/wp-content\/uploads\/2024\/07\/444487166_750607893953803_8829963883492089519_n.jpg?fit=1200%2C1158&ssl=1&resize=1050%2C600 3x"},"classes":[]},{"id":12488,"url":"https:\/\/www.entremundos.org\/revista\/politica\/de-la-lucha-a-la-agricultura-en-las-montanas-de-guatemala\/","url_meta":{"origin":5900,"position":2},"title":"De la lucha a la agricultura en las monta\u00f1as de Guatemala","author":"EntreMundos","date":"13 noviembre, 2024","format":false,"excerpt":"POR JONATHAN LOTT A la sombra de las monta\u00f1as selv\u00e1ticas de Guatemala, anta\u00f1o cargadas del espectro del conflicto, el olor del caf\u00e9 flota en el aire. Una generaci\u00f3n despu\u00e9s del hist\u00f3rico acuerdo de paz que puso fin a la guerra civil guatemalteca (1960-1996), decenas de exguerrilleros trabajan ahora la tierra\u2026","rel":"","context":"En \u00abFrontPage\u00bb","block_context":{"text":"FrontPage","link":"https:\/\/www.entremundos.org\/revista\/category\/frontpage\/"},"img":{"alt_text":"","src":"https:\/\/i0.wp.com\/www.entremundos.org\/revista\/wp-content\/uploads\/2024\/11\/anita2-e1731543808410.jpg?fit=910%2C671&ssl=1&resize=350%2C200","width":350,"height":200,"srcset":"https:\/\/i0.wp.com\/www.entremundos.org\/revista\/wp-content\/uploads\/2024\/11\/anita2-e1731543808410.jpg?fit=910%2C671&ssl=1&resize=350%2C200 1x, https:\/\/i0.wp.com\/www.entremundos.org\/revista\/wp-content\/uploads\/2024\/11\/anita2-e1731543808410.jpg?fit=910%2C671&ssl=1&resize=525%2C300 1.5x, https:\/\/i0.wp.com\/www.entremundos.org\/revista\/wp-content\/uploads\/2024\/11\/anita2-e1731543808410.jpg?fit=910%2C671&ssl=1&resize=700%2C400 2x"},"classes":[]},{"id":10580,"url":"https:\/\/www.entremundos.org\/revista\/politica\/desalojos-aumentan-durante-el-gobierno-de-alejandro-giammattei\/","url_meta":{"origin":5900,"position":3},"title":"Desalojos aumentan durante el gobierno de Alejandro Giammattei","author":"EntreMundos","date":"8 marzo, 2023","format":false,"excerpt":"Por Gilberto Escobar\u00a0 En Guatemala, durante los \u00faltimos a\u00f1os, los desalojos han ido en aumento y se han dado en dos modalidades: los desalojos legales que tienen una orden judicial y los extrajudiciales, los que\u00a0 no van acompa\u00f1ados de ninguna orden de un juez y que ocurren\u00a0 en horas de\u2026","rel":"","context":"En \u00abBosques\u00bb","block_context":{"text":"Bosques","link":"https:\/\/www.entremundos.org\/revista\/category\/medio-ambiente\/bosques\/"},"img":{"alt_text":"","src":"https:\/\/i0.wp.com\/www.entremundos.org\/revista\/wp-content\/uploads\/2023\/03\/portada.jpg?fit=1024%2C768&ssl=1&resize=350%2C200","width":350,"height":200,"srcset":"https:\/\/i0.wp.com\/www.entremundos.org\/revista\/wp-content\/uploads\/2023\/03\/portada.jpg?fit=1024%2C768&ssl=1&resize=350%2C200 1x, https:\/\/i0.wp.com\/www.entremundos.org\/revista\/wp-content\/uploads\/2023\/03\/portada.jpg?fit=1024%2C768&ssl=1&resize=525%2C300 1.5x, https:\/\/i0.wp.com\/www.entremundos.org\/revista\/wp-content\/uploads\/2023\/03\/portada.jpg?fit=1024%2C768&ssl=1&resize=700%2C400 2x"},"classes":[]},{"id":13642,"url":"https:\/\/www.entremundos.org\/revista\/politica\/las-mujeres-inspiran-es-hora-de-acabar-con-las-brechas-de-desigualdad\/","url_meta":{"origin":5900,"position":4},"title":"Las mujeres inspiran: Es hora de acabar con las brechas de desigualdad","author":"EntreMundos","date":"4 abril, 2026","format":false,"excerpt":"POR MARIANA L\u00d3PEZ La discriminaci\u00f3n y racismo son temas que se han abordado e incluso se ha dicho que ya se han superado estando lejos de ser parte de nuestra realidad, sin embargo, basta con observar para comprender que una cosa es el discurso y otra la pr\u00e1ctica. En la\u2026","rel":"","context":"En \u00abFrontPage\u00bb","block_context":{"text":"FrontPage","link":"https:\/\/www.entremundos.org\/revista\/category\/frontpage\/"},"img":{"alt_text":"","src":"https:\/\/i0.wp.com\/www.entremundos.org\/revista\/wp-content\/uploads\/2026\/03\/649499575_1230883245899060_5224768132019882352_n.jpg?fit=1200%2C800&ssl=1&resize=350%2C200","width":350,"height":200,"srcset":"https:\/\/i0.wp.com\/www.entremundos.org\/revista\/wp-content\/uploads\/2026\/03\/649499575_1230883245899060_5224768132019882352_n.jpg?fit=1200%2C800&ssl=1&resize=350%2C200 1x, https:\/\/i0.wp.com\/www.entremundos.org\/revista\/wp-content\/uploads\/2026\/03\/649499575_1230883245899060_5224768132019882352_n.jpg?fit=1200%2C800&ssl=1&resize=525%2C300 1.5x, https:\/\/i0.wp.com\/www.entremundos.org\/revista\/wp-content\/uploads\/2026\/03\/649499575_1230883245899060_5224768132019882352_n.jpg?fit=1200%2C800&ssl=1&resize=700%2C400 2x, https:\/\/i0.wp.com\/www.entremundos.org\/revista\/wp-content\/uploads\/2026\/03\/649499575_1230883245899060_5224768132019882352_n.jpg?fit=1200%2C800&ssl=1&resize=1050%2C600 3x"},"classes":[]},{"id":13241,"url":"https:\/\/www.entremundos.org\/revista\/politica\/crimen-de-estado-primera-sentencia\/","url_meta":{"origin":5900,"position":5},"title":"Crimen De Estado: Primera Sentencia\u00a0","author":"EntreMundos","date":"17 septiembre, 2025","format":false,"excerpt":"Por Carolina Escobar Sarti Durante el gobierno de Jimmy Morales se cometi\u00f3 un crimen de Estado. Fue el 8 de marzo de 2017, cuando 56 ni\u00f1as y adolescentes fueron colocadas, por horas, en un aula de 7 x 6.8 metros donde no hab\u00eda ni siquiera un ba\u00f1o. Despu\u00e9s del desayuno\u2026","rel":"","context":"En \u00abFrontPage\u00bb","block_context":{"text":"FrontPage","link":"https:\/\/www.entremundos.org\/revista\/category\/frontpage\/"},"img":{"alt_text":"","src":"https:\/\/i0.wp.com\/www.entremundos.org\/revista\/wp-content\/uploads\/2025\/09\/img66.jpg?fit=960%2C1200&ssl=1&resize=350%2C200","width":350,"height":200,"srcset":"https:\/\/i0.wp.com\/www.entremundos.org\/revista\/wp-content\/uploads\/2025\/09\/img66.jpg?fit=960%2C1200&ssl=1&resize=350%2C200 1x, https:\/\/i0.wp.com\/www.entremundos.org\/revista\/wp-content\/uploads\/2025\/09\/img66.jpg?fit=960%2C1200&ssl=1&resize=525%2C300 1.5x, https:\/\/i0.wp.com\/www.entremundos.org\/revista\/wp-content\/uploads\/2025\/09\/img66.jpg?fit=960%2C1200&ssl=1&resize=700%2C400 2x"},"classes":[]}],"jetpack_sharing_enabled":true,"_links":{"self":[{"href":"https:\/\/www.entremundos.org\/revista\/wp-json\/wp\/v2\/posts\/5900","targetHints":{"allow":["GET"]}}],"collection":[{"href":"https:\/\/www.entremundos.org\/revista\/wp-json\/wp\/v2\/posts"}],"about":[{"href":"https:\/\/www.entremundos.org\/revista\/wp-json\/wp\/v2\/types\/post"}],"author":[{"embeddable":true,"href":"https:\/\/www.entremundos.org\/revista\/wp-json\/wp\/v2\/users\/1"}],"replies":[{"embeddable":true,"href":"https:\/\/www.entremundos.org\/revista\/wp-json\/wp\/v2\/comments?post=5900"}],"version-history":[{"count":4,"href":"https:\/\/www.entremundos.org\/revista\/wp-json\/wp\/v2\/posts\/5900\/revisions"}],"predecessor-version":[{"id":6247,"href":"https:\/\/www.entremundos.org\/revista\/wp-json\/wp\/v2\/posts\/5900\/revisions\/6247"}],"wp:featuredmedia":[{"embeddable":true,"href":"https:\/\/www.entremundos.org\/revista\/wp-json\/wp\/v2\/media\/6030"}],"wp:attachment":[{"href":"https:\/\/www.entremundos.org\/revista\/wp-json\/wp\/v2\/media?parent=5900"}],"wp:term":[{"taxonomy":"category","embeddable":true,"href":"https:\/\/www.entremundos.org\/revista\/wp-json\/wp\/v2\/categories?post=5900"},{"taxonomy":"post_tag","embeddable":true,"href":"https:\/\/www.entremundos.org\/revista\/wp-json\/wp\/v2\/tags?post=5900"}],"curies":[{"name":"wp","href":"https:\/\/api.w.org\/{rel}","templated":true}]}}