{"id":5994,"date":"2020-02-14T08:00:28","date_gmt":"2020-02-14T16:00:28","guid":{"rendered":"http:\/\/www.entremundos.org\/revista\/?p=5994"},"modified":"2020-02-14T11:32:26","modified_gmt":"2020-02-14T19:32:26","slug":"carta-de-amor-para-las-amigas","status":"publish","type":"post","link":"https:\/\/www.entremundos.org\/revista\/mujer\/carta-de-amor-para-las-amigas\/","title":{"rendered":"Carta de Amor para las Amigas"},"content":{"rendered":"<p><strong>Por: Keren Escobar<\/strong><\/p>\n<p>De ni\u00f1a no tuve hermanas, pero ahora las tengo. Una familia no necesariamente est\u00e1 formada por la consanguinidad, sino quien presta sus o\u00eddos, su voz, sus brazos y su coraz\u00f3n cuando se necesita. Estoy enamorada de las redes femeninas que se han tejido entre mujeres en M\u00e9xico, Norte Am\u00e9rica y Centroam\u00e9rica, cruzando fronteras, superando distancias f\u00edsicas, interactuando con el tiempo como expertas en lo relativo, pues siempre hay tiempo y espacio para llorar, aprender, apoyar, gritar o bailar juntas.<\/p>\n<p>Sin embargo, no todo es \u201cmiel sobre hojuelas\u201d, y es que hay d\u00edas grises en donde nos preguntamos \u00bfhasta qu\u00e9 punto las mujeres somos quienes controlamos activamente nuestras vidas y qu\u00e9 es consecuencia de las fuerzas sociales que escapan de nuestro control? Nosotras, nuestras madres, las abuelas, todas v\u00edctimas de v\u00edctimas, de un c\u00edrculo sistem\u00e1tico. \u00bfQui\u00e9n lo romper\u00e1? \u00bfYa iniciamos ese desgarre de la armadura que nos ha tenido condicionadas y tristes por tantas generaciones?<\/p>\n<p>Estas y otras preguntas nos acechan en un entorno tan hostil que busca lo femenino para ridiculizar y ejemplificar la debilidad. Si tan siquiera nos dejaran ser para decidir ir por m\u00e1s, pero\u2026 \u00bfacaso solo depende de atrevernos? He visto resurgir a mujeres confundidas por un amor disfrazado de doctrinas ego\u00edstas, que ahora vuelan alto y bajan cuando es necesario, a llorar con otras mujeres; bajan a cometer errores, pero se reconstruyen y suben de nuevo.<\/p>\n<p>Es hermoso saber que he podido abrazar a mujeres tan valientes, como t\u00fa, amiga, que decidiste que nadie te dir\u00eda que NO puedes maquillarte o que deber\u00edas hacerlo, que no podr\u00edas cortarte el pelo, hacerte un tatuaje, manejar un cami\u00f3n o tomar una copa de vino.<\/p>\n<p>T\u00fa que te volviste guerrera y ahora vives sola, haces m\u00fasica, lees filosof\u00eda y aceptas con dignidad que puedes enamorarte las veces que sea necesario hacerlo.<\/p>\n<p>T\u00fa, amiga, que caminas con tu c\u00e1mara y grabadora en mano, cuestionando nuestro sistema pol\u00edtico, econ\u00f3mico y social, haciendo bien tu trabajo, aunque sea mal pagado y aunque se te discrimine por ser mujer y se te quiera censurar por decir lo que tantos se callan.<\/p>\n<p>T\u00fa, amiga que andas lejos de casa, de tu familia, amistades y de la calle que te gustaba caminar, que manejas en el tr\u00e1fico para ir a tu trabajo, aunque los hombres te lancen miradas abusivas.<\/p>\n<p>T\u00fa que regresas cansada y sola a casa, pero durmiendo con la convicci\u00f3n que la independencia es el camino.<\/p>\n<p>Soy afortunada de ver sus luchas, amigas. \u00a1Qu\u00e9 honor ver c\u00f3mo han llegado a la pol\u00edtica, en un sistema dise\u00f1ado para y por hombres, y con seguridad en s\u00ed mismas! \u00a1Qu\u00e9 dicha ver c\u00f3mo han resurgido como defensoras de la Madre tierra y campesina, denunciando y proponiendo sin miedo y de frente! \u00a1Qu\u00e9 satisfacci\u00f3n ver que estamos ganando a pulso nuestros espacios de incidencia, asumi\u00e9ndose feministas!<\/p>\n<p>Gracias amiga, por ense\u00f1arme que, aunque seamos un pueblo conservador y machista, eso no significa que no podamos cambiarlo. Pienso en c\u00f3mo te levantas de madrugada y despides a tus hijos y a tu madre con un beso y te vas a trabajar a la ciudad, sin importar que te hayan abandonado, o que te hayan dicho que no puedes, o que te ves tan joven, d\u00e9bil o tierna. Pienso en c\u00f3mo has logrado estudiar en la universidad, conseguir un trabajo importante, cuidarte sola y regresar a ese vientre materno donde tu familia te espera para dormir.<\/p>\n<p>Cuando pienso que todo est\u00e1 determinado por un sistema malvado y controlador que nos ataca con violencia, miedo, ignorancia y moralismos pat\u00e9ticos, veo los pasos s\u00f3lidos que todas las mujeres valientes e independientes dan; entonces, navego por la esperanza de un nuevo horizonte, donde podamos ser un poco o mucho m\u00e1s libres, sin determinismos, represi\u00f3n, ni herencias dolorosas.<\/p>\n<p>Gracias hermanas por ense\u00f1arme tanto.<\/p>\n<p><em>Con amor para todas las mujeres amigas, en especial para Jacky, Vonnie, Yuse, Emma Vicente y Allison.<\/em><\/p>\n<p>Foto de portada: <a href=\"https:\/\/www.laiaeskola.eus\/es\/berariazko-enplegu-coachinga-emakumeentzat\/\">laiaeskola.eus<\/a><\/p>\n","protected":false},"excerpt":{"rendered":"<p>Por: Keren Escobar De ni\u00f1a no tuve hermanas, pero ahora las tengo. Una familia no necesariamente est\u00e1 formada por la consanguinidad, sino quien presta sus o\u00eddos, su voz, sus brazos y su coraz\u00f3n cuando se necesita. Estoy enamorada de las redes femeninas que se han tejido entre mujeres en M\u00e9xico, Norte Am\u00e9rica y Centroam\u00e9rica, cruzando [&hellip;]<\/p>\n","protected":false},"author":1,"featured_media":6004,"comment_status":"closed","ping_status":"closed","sticky":false,"template":"","format":"standard","meta":{"_exactmetrics_skip_tracking":false,"_exactmetrics_sitenote_active":false,"_exactmetrics_sitenote_note":"","_exactmetrics_sitenote_category":0,"jetpack_post_was_ever_published":false,"_jetpack_newsletter_access":"","_jetpack_dont_email_post_to_subs":false,"_jetpack_newsletter_tier_id":0,"_jetpack_memberships_contains_paywalled_content":false,"_jetpack_memberships_contains_paid_content":false,"footnotes":""},"categories":[386,454],"tags":[47,1399,1845,920],"class_list":["post-5994","post","type-post","status-publish","format-standard","has-post-thumbnail","hentry","category-mujer","category-pagetwo","tag-derechos-humanos","tag-feminismo","tag-no-violencia-contra-la-mujer","tag-sobrevivientes"],"jetpack_featured_media_url":"https:\/\/i0.wp.com\/www.entremundos.org\/revista\/wp-content\/uploads\/2019\/12\/mujeres-al-poder.jpg?fit=2757%2C2029&ssl=1","jetpack_shortlink":"https:\/\/wp.me\/p7ljt7-1yG","jetpack-related-posts":[{"id":12859,"url":"https:\/\/www.entremundos.org\/revista\/politica\/mujeres-indigenas-y-rurales-en-defensa-del-territorio-frente-al-extractivismo-en-guatemala\/","url_meta":{"origin":5994,"position":0},"title":"Mujeres ind\u00edgenas y rurales en defensa del territorio frente al extractivismo en Guatemala","author":"EntreMundos","date":"21 mayo, 2025","format":false,"excerpt":"Por Asociadas Por lo Justo (JASS) Este es un resumen de un mapeo realizado por JASS, para compartir sus an\u00e1lisis, sus luchas y los impactos en sus vidas. El objetivo es contar las luchas por el territorio frente al extractivismo en Guatemala e identificar el papel y el impacto en\u2026","rel":"","context":"En \u00abFrontPage\u00bb","block_context":{"text":"FrontPage","link":"https:\/\/www.entremundos.org\/revista\/category\/frontpage\/"},"img":{"alt_text":"","src":"https:\/\/i0.wp.com\/www.entremundos.org\/revista\/wp-content\/uploads\/2025\/05\/2-scaled.png?fit=1200%2C843&ssl=1&resize=350%2C200","width":350,"height":200,"srcset":"https:\/\/i0.wp.com\/www.entremundos.org\/revista\/wp-content\/uploads\/2025\/05\/2-scaled.png?fit=1200%2C843&ssl=1&resize=350%2C200 1x, https:\/\/i0.wp.com\/www.entremundos.org\/revista\/wp-content\/uploads\/2025\/05\/2-scaled.png?fit=1200%2C843&ssl=1&resize=525%2C300 1.5x, https:\/\/i0.wp.com\/www.entremundos.org\/revista\/wp-content\/uploads\/2025\/05\/2-scaled.png?fit=1200%2C843&ssl=1&resize=700%2C400 2x, https:\/\/i0.wp.com\/www.entremundos.org\/revista\/wp-content\/uploads\/2025\/05\/2-scaled.png?fit=1200%2C843&ssl=1&resize=1050%2C600 3x"},"classes":[]},{"id":10588,"url":"https:\/\/www.entremundos.org\/revista\/politica\/ley-de-mujeres-desaparecidas\/","url_meta":{"origin":5994,"position":1},"title":"Ley de mujeres desaparecidas","author":"EntreMundos","date":"9 marzo, 2023","format":false,"excerpt":"Emma G\u00f3mez\u00a0 En Guatemala, cada d\u00eda desaparecen unas 5 mujeres. La desaparici\u00f3n de mujeres est\u00e1 ligada fuertemente con alg\u00fan tipo de violencia de g\u00e9nero.\u00a0 Hace 3 a\u00f1os se implement\u00f3 un mecanismo de b\u00fasqueda inmediata de mujeres desaparecidas, Isabel-Claudina, mecanismo que tiene como base la Ley de Mujeres Desaparecidas que fue\u2026","rel":"","context":"En \u00abFrontPage\u00bb","block_context":{"text":"FrontPage","link":"https:\/\/www.entremundos.org\/revista\/category\/frontpage\/"},"img":{"alt_text":"","src":"https:\/\/i0.wp.com\/www.entremundos.org\/revista\/wp-content\/uploads\/2023\/03\/isable-claudina-justicia.png?fit=1200%2C789&ssl=1&resize=350%2C200","width":350,"height":200,"srcset":"https:\/\/i0.wp.com\/www.entremundos.org\/revista\/wp-content\/uploads\/2023\/03\/isable-claudina-justicia.png?fit=1200%2C789&ssl=1&resize=350%2C200 1x, https:\/\/i0.wp.com\/www.entremundos.org\/revista\/wp-content\/uploads\/2023\/03\/isable-claudina-justicia.png?fit=1200%2C789&ssl=1&resize=525%2C300 1.5x, https:\/\/i0.wp.com\/www.entremundos.org\/revista\/wp-content\/uploads\/2023\/03\/isable-claudina-justicia.png?fit=1200%2C789&ssl=1&resize=700%2C400 2x, https:\/\/i0.wp.com\/www.entremundos.org\/revista\/wp-content\/uploads\/2023\/03\/isable-claudina-justicia.png?fit=1200%2C789&ssl=1&resize=1050%2C600 3x"},"classes":[]},{"id":12224,"url":"https:\/\/www.entremundos.org\/revista\/mujer\/derechos-sexuales-y-reproductivos-tema-pendiente-en-guatemala\/","url_meta":{"origin":5994,"position":2},"title":"Derechos sexuales y reproductivos; tema pendiente en Guatemala","author":"EntreMundos","date":"15 julio, 2024","format":false,"excerpt":"POR EMMA G\u00d3MEZ Seg\u00fan La Organizaci\u00f3n de las Naciones Unidas de los Derechos Humanos, (ONU-DH), los derechos sexuales y reproductivos est\u00e1n relacionados con la libertad de las personas a decidir sobre su sexualidad y el ejercicio libre de la misma. Algunos derechos pueden ser; ejercer la sexualidad de manera independiente\u2026","rel":"","context":"En \u00abFrontPage\u00bb","block_context":{"text":"FrontPage","link":"https:\/\/www.entremundos.org\/revista\/category\/frontpage\/"},"img":{"alt_text":"","src":"https:\/\/i0.wp.com\/www.entremundos.org\/revista\/wp-content\/uploads\/2024\/07\/444487166_750607893953803_8829963883492089519_n.jpg?fit=1200%2C1158&ssl=1&resize=350%2C200","width":350,"height":200,"srcset":"https:\/\/i0.wp.com\/www.entremundos.org\/revista\/wp-content\/uploads\/2024\/07\/444487166_750607893953803_8829963883492089519_n.jpg?fit=1200%2C1158&ssl=1&resize=350%2C200 1x, https:\/\/i0.wp.com\/www.entremundos.org\/revista\/wp-content\/uploads\/2024\/07\/444487166_750607893953803_8829963883492089519_n.jpg?fit=1200%2C1158&ssl=1&resize=525%2C300 1.5x, https:\/\/i0.wp.com\/www.entremundos.org\/revista\/wp-content\/uploads\/2024\/07\/444487166_750607893953803_8829963883492089519_n.jpg?fit=1200%2C1158&ssl=1&resize=700%2C400 2x, https:\/\/i0.wp.com\/www.entremundos.org\/revista\/wp-content\/uploads\/2024\/07\/444487166_750607893953803_8829963883492089519_n.jpg?fit=1200%2C1158&ssl=1&resize=1050%2C600 3x"},"classes":[]},{"id":13642,"url":"https:\/\/www.entremundos.org\/revista\/politica\/las-mujeres-inspiran-es-hora-de-acabar-con-las-brechas-de-desigualdad\/","url_meta":{"origin":5994,"position":3},"title":"Las mujeres inspiran: Es hora de acabar con las brechas de desigualdad","author":"EntreMundos","date":"4 abril, 2026","format":false,"excerpt":"POR MARIANA L\u00d3PEZ La discriminaci\u00f3n y racismo son temas que se han abordado e incluso se ha dicho que ya se han superado estando lejos de ser parte de nuestra realidad, sin embargo, basta con observar para comprender que una cosa es el discurso y otra la pr\u00e1ctica. En la\u2026","rel":"","context":"En \u00abFrontPage\u00bb","block_context":{"text":"FrontPage","link":"https:\/\/www.entremundos.org\/revista\/category\/frontpage\/"},"img":{"alt_text":"","src":"https:\/\/i0.wp.com\/www.entremundos.org\/revista\/wp-content\/uploads\/2026\/03\/649499575_1230883245899060_5224768132019882352_n.jpg?fit=1200%2C800&ssl=1&resize=350%2C200","width":350,"height":200,"srcset":"https:\/\/i0.wp.com\/www.entremundos.org\/revista\/wp-content\/uploads\/2026\/03\/649499575_1230883245899060_5224768132019882352_n.jpg?fit=1200%2C800&ssl=1&resize=350%2C200 1x, https:\/\/i0.wp.com\/www.entremundos.org\/revista\/wp-content\/uploads\/2026\/03\/649499575_1230883245899060_5224768132019882352_n.jpg?fit=1200%2C800&ssl=1&resize=525%2C300 1.5x, https:\/\/i0.wp.com\/www.entremundos.org\/revista\/wp-content\/uploads\/2026\/03\/649499575_1230883245899060_5224768132019882352_n.jpg?fit=1200%2C800&ssl=1&resize=700%2C400 2x, https:\/\/i0.wp.com\/www.entremundos.org\/revista\/wp-content\/uploads\/2026\/03\/649499575_1230883245899060_5224768132019882352_n.jpg?fit=1200%2C800&ssl=1&resize=1050%2C600 3x"},"classes":[]},{"id":13004,"url":"https:\/\/www.entremundos.org\/revista\/politica\/la-valentia-de-elegir-nuestros-suenos\/","url_meta":{"origin":5994,"position":4},"title":"La valent\u00eda de elegir nuestros sue\u00f1os","author":"EntreMundos","date":"23 julio, 2025","format":false,"excerpt":"Por Teresa Lucas Hay t\u00e9rminos en econom\u00eda y finanzas que, aunque t\u00e9cnicos, encierran verdades profundamente humanas. Uno de ellos es el costo de oportunidad. Este concepto se refiere a todo aquello que dejamos de hacer, recibir o disfrutar cuando tomamos una decisi\u00f3n determinada. En otras palabras, cada vez que elegimos\u2026","rel":"","context":"En \u00abFrontPage\u00bb","block_context":{"text":"FrontPage","link":"https:\/\/www.entremundos.org\/revista\/category\/frontpage\/"},"img":{"alt_text":"","src":"https:\/\/i0.wp.com\/www.entremundos.org\/revista\/wp-content\/uploads\/2025\/07\/whatsapp-image-2025-06-11-at-10.12.40-pm-scaled.png?fit=675%2C1200&ssl=1&resize=350%2C200","width":350,"height":200,"srcset":"https:\/\/i0.wp.com\/www.entremundos.org\/revista\/wp-content\/uploads\/2025\/07\/whatsapp-image-2025-06-11-at-10.12.40-pm-scaled.png?fit=675%2C1200&ssl=1&resize=350%2C200 1x, https:\/\/i0.wp.com\/www.entremundos.org\/revista\/wp-content\/uploads\/2025\/07\/whatsapp-image-2025-06-11-at-10.12.40-pm-scaled.png?fit=675%2C1200&ssl=1&resize=525%2C300 1.5x"},"classes":[]},{"id":10833,"url":"https:\/\/www.entremundos.org\/revista\/politica\/violencia-contra-las-mujeres-dominio-masculino-en-la-politica\/","url_meta":{"origin":5994,"position":5},"title":"Violencia contra las mujeres: dominio masculino en la pol\u00edtica","author":"EntreMundos","date":"29 mayo, 2023","format":false,"excerpt":"Silvia Lilian Trujillo La violencia pol\u00edtica es sistem\u00e1tica y permanente, se produce para inhibir, ralentizar o restringir la participaci\u00f3n pol\u00edtica de mujeres, en el marco de un sistema que se resiste a aceptar su igualdad de derechos. Mientras no se trabaje para acabar con esta violencia espec\u00edfica la calidad de\u2026","rel":"","context":"En \u00abFrontPage\u00bb","block_context":{"text":"FrontPage","link":"https:\/\/www.entremundos.org\/revista\/category\/frontpage\/"},"img":{"alt_text":"","src":"https:\/\/i0.wp.com\/www.entremundos.org\/revista\/wp-content\/uploads\/2023\/05\/000_16w772-1.jpg?fit=1200%2C799&ssl=1&resize=350%2C200","width":350,"height":200,"srcset":"https:\/\/i0.wp.com\/www.entremundos.org\/revista\/wp-content\/uploads\/2023\/05\/000_16w772-1.jpg?fit=1200%2C799&ssl=1&resize=350%2C200 1x, https:\/\/i0.wp.com\/www.entremundos.org\/revista\/wp-content\/uploads\/2023\/05\/000_16w772-1.jpg?fit=1200%2C799&ssl=1&resize=525%2C300 1.5x, https:\/\/i0.wp.com\/www.entremundos.org\/revista\/wp-content\/uploads\/2023\/05\/000_16w772-1.jpg?fit=1200%2C799&ssl=1&resize=700%2C400 2x, https:\/\/i0.wp.com\/www.entremundos.org\/revista\/wp-content\/uploads\/2023\/05\/000_16w772-1.jpg?fit=1200%2C799&ssl=1&resize=1050%2C600 3x"},"classes":[]}],"jetpack_sharing_enabled":true,"_links":{"self":[{"href":"https:\/\/www.entremundos.org\/revista\/wp-json\/wp\/v2\/posts\/5994","targetHints":{"allow":["GET"]}}],"collection":[{"href":"https:\/\/www.entremundos.org\/revista\/wp-json\/wp\/v2\/posts"}],"about":[{"href":"https:\/\/www.entremundos.org\/revista\/wp-json\/wp\/v2\/types\/post"}],"author":[{"embeddable":true,"href":"https:\/\/www.entremundos.org\/revista\/wp-json\/wp\/v2\/users\/1"}],"replies":[{"embeddable":true,"href":"https:\/\/www.entremundos.org\/revista\/wp-json\/wp\/v2\/comments?post=5994"}],"version-history":[{"count":3,"href":"https:\/\/www.entremundos.org\/revista\/wp-json\/wp\/v2\/posts\/5994\/revisions"}],"predecessor-version":[{"id":6007,"href":"https:\/\/www.entremundos.org\/revista\/wp-json\/wp\/v2\/posts\/5994\/revisions\/6007"}],"wp:featuredmedia":[{"embeddable":true,"href":"https:\/\/www.entremundos.org\/revista\/wp-json\/wp\/v2\/media\/6004"}],"wp:attachment":[{"href":"https:\/\/www.entremundos.org\/revista\/wp-json\/wp\/v2\/media?parent=5994"}],"wp:term":[{"taxonomy":"category","embeddable":true,"href":"https:\/\/www.entremundos.org\/revista\/wp-json\/wp\/v2\/categories?post=5994"},{"taxonomy":"post_tag","embeddable":true,"href":"https:\/\/www.entremundos.org\/revista\/wp-json\/wp\/v2\/tags?post=5994"}],"curies":[{"name":"wp","href":"https:\/\/api.w.org\/{rel}","templated":true}]}}