{"id":6081,"date":"2020-01-23T20:55:20","date_gmt":"2020-01-24T04:55:20","guid":{"rendered":"http:\/\/www.entremundos.org\/revista\/?p=6081"},"modified":"2020-02-14T11:59:20","modified_gmt":"2020-02-14T19:59:20","slug":"represion-contra-el-buen-vivir-la-lucha-de-los-defensores-de-derechos-humanos","status":"publish","type":"post","link":"https:\/\/www.entremundos.org\/revista\/medio-ambiente\/megaproyectos\/represion-contra-el-buen-vivir-la-lucha-de-los-defensores-de-derechos-humanos\/","title":{"rendered":"REPRESI\u00d3N CONTRA EL BUEN VIVIR: La lucha de los defensores de derechos humanos"},"content":{"rendered":"<p><strong>Por: Leiria Vay<\/strong><\/p>\n<p>Entre el a\u00f1o 2018 y 2019 fueron asesinadas 16 personas defensoras de DDHH que ejerc\u00edan liderazgo en diferentes estructuras organizativas del El Comit\u00e9 de Desarrollo Campesino CODECA. Todos ellos y ellas ejerc\u00edan una labor para exigir el ejercicio y la defensa de derechos individuales y derechos colectivos de los pueblos en los territorio y comunidades. Dos de las v\u00edctimas fueron mujeres, a quienes las torturaron antes de asesinarlas.<\/p>\n<p>La represi\u00f3n contra los pueblos, y en este caso contra el movimiento social CODECA, responde y tiene la finalidad de detener o frenar la lucha y sue\u00f1os de los pueblos para el ejercicio de sus derechos y la construcci\u00f3n de cambios estructurales desde las comunidades para el Buen Vivir de todos y todas. CODECA es una organizaci\u00f3n de campesinos y campesinas ind\u00edgenas. Surge en 1992 a ra\u00edz de la necesidad de vivir dignamente y cultivar la tierra, lo cual es negado por las malas condiciones laborales en el campo. Del total de familias miembros de CODECA, el 95% son familias campesinas sin tierras que trabajan como jornaleros en las fincas o emigran en busca de trabajo en diferentes lugares.<\/p>\n<p>Su misi\u00f3n es impulsar el desarrollo rural a trav\u00e9s de la participaci\u00f3n social, la propuesta concertada y la incidencia efectiva en pol\u00edticas p\u00fablicas en el marco de procesos incluyentes y participativos de transformaci\u00f3n social, la construcci\u00f3n de la paz y la democracia. CODECA ha logrado romper esquemas y l\u00edmites permitidos por los sectores de poder econ\u00f3mico en el pa\u00eds, ya que, despu\u00e9s de la firma de la Paz en 1996, se afianz\u00f3 el sistema neoliberal de saqueo de bienes y recursos naturales, acaparamientos de tierras, privatizaci\u00f3n de los servicios p\u00fablicos, etc; pero CODECA no se qued\u00f3 \u00fanicamente con el discurso de la urgente necesidad de cambios en el pa\u00eds. Este movimiento empez\u00f3 como lo hacen las hormigas, a organizar y generar procesos de reflexi\u00f3n y formaci\u00f3n sociopol\u00edtica de persona a persona, de familia a familia y de comunidad a comunidad.<\/p>\n<p>Paralelamente, despu\u00e9s de la firma de la paz en Guatemala, el sistema neoliberal trajo consigo su estrategia de distracci\u00f3n la cual se basa en \u201cla ilusi\u00f3n de la incidencia\u201d. A las organizaciones y pueblos les dec\u00edan que incidieran para que los tomadores de decisi\u00f3n o los que tienen el poder los vieran y atendieran a sus demandas. Fue solo una ilusi\u00f3n. Nunca cambi\u00f3 nada a favor de los pueblos. Cada vez m\u00e1s, se afianza el sistema de saqueo en los territorios de los pueblos ind\u00edgenas, cada vez m\u00e1s se destruye la Madre Tierra, cada vez m\u00e1s hay mayores niveles de sobre explotaci\u00f3n y semi esclavitud laboral, cada vez m\u00e1s las familias tienen necesidad de migrar en b\u00fasqueda de la sobrevivencia y cada vez m\u00e1s hay mayor pobreza y discriminaci\u00f3n, etc. Y cada vez m\u00e1s, los sectores de poder buscan nuevos distractores para generar mayor ignorancia mediante los medios de comunicaci\u00f3n corporativos que responden \u00fanicamente a los intereses de quienes saquean y reprimen a los pueblos.<\/p>\n<p><a href=\"https:\/\/i0.wp.com\/www.entremundos.org\/revista\/wp-content\/uploads\/2020\/01\/6-imagen-art-codeca.jpg\"><img data-recalc-dims=\"1\" loading=\"lazy\" decoding=\"async\" class=\"alignleft size-medium wp-image-6084\" src=\"https:\/\/i0.wp.com\/www.entremundos.org\/revista\/wp-content\/uploads\/2020\/01\/6-imagen-art-codeca-273x300.jpg?resize=273%2C300\" alt=\"\" width=\"273\" height=\"300\" srcset=\"https:\/\/i0.wp.com\/www.entremundos.org\/revista\/wp-content\/uploads\/2020\/01\/6-imagen-art-codeca.jpg?resize=273%2C300&amp;ssl=1 273w, https:\/\/i0.wp.com\/www.entremundos.org\/revista\/wp-content\/uploads\/2020\/01\/6-imagen-art-codeca.jpg?resize=768%2C844&amp;ssl=1 768w, https:\/\/i0.wp.com\/www.entremundos.org\/revista\/wp-content\/uploads\/2020\/01\/6-imagen-art-codeca.jpg?resize=335%2C368&amp;ssl=1 335w, https:\/\/i0.wp.com\/www.entremundos.org\/revista\/wp-content\/uploads\/2020\/01\/6-imagen-art-codeca.jpg?w=865&amp;ssl=1 865w\" sizes=\"auto, (max-width: 273px) 100vw, 273px\" \/><\/a>A pesar de todas las adversidades y limitaciones por falta de recursos econ\u00f3micos o de equipos t\u00e9cnicos y profesionales a lo interno de la organizaci\u00f3n, CODECA no se dej\u00f3 caer y distraer con la ilusi\u00f3n de la incidencia. En el a\u00f1o 2012 las comunidades organizadas reflexionaron y decidieron de manera asamblearia que la lucha por los cambios estructurales y el Buen Vivir de los Pueblos tiene que construirse desde los territorios y comunidades, desde las y los que hist\u00f3ricamente han sido excluidos y discriminados. El consenso fue \u201ctenemos que luchar por ser sujetos y sujetas de derechos, tenemos que defender la madre tierra con la fuente de nuestra vida, tenemos que luchar por construir juntos y juntas un Estado Plurinacional donde cabemos todos y todas\u201d. Fue all\u00ed que CODECA inici\u00f3 su camino por la apuesta por el Proceso de Asamblea Constituyente Popular y Plurinacional en Guatemala.<\/p>\n<p>Pero ya en el a\u00f1o 2010 las comunidades organizadas en CODECA tambi\u00e9n hab\u00edan cometido otro delito imperdonable para los sectores de poder econ\u00f3mico. Hab\u00edan empezado a ejercer su derecho a la resistencia, el cual a pesar de estar incluido en la Constituci\u00f3n Pol\u00edtica de la Rep\u00fablica, en este pa\u00eds nunca se hab\u00eda asumido como un derecho. Las comunidades hab\u00edan iniciado la exigencia de la nacionalizaci\u00f3n de los bienes y servicios privatizados, dentro de ellos la Energ\u00eda El\u00e9ctrica. Para los sectores de poder econ\u00f3mico y el gobierno, CODECA hab\u00eda empezado a ser un movimiento peligroso, que se hab\u00eda salido de los l\u00edmites permitidos, que no hab\u00eda agarrado el anzuelo de la estrategia de distracci\u00f3n e ilusi\u00f3n de \u201cla incidencia\u201d. CODECA no solo se hab\u00eda atrevido a manifestar en las calles y denunciar las diferentes violaciones de derechos humanos, el saqueo de los bienes, recursos y servicios b\u00e1sicos de los pueblos, sino tambi\u00e9n estaba atrevi\u00e9ndose a so\u00f1ar y luchar porque desde las comunidades todos y todas se constituyan como sujetos y sujetas en la construcci\u00f3n de cambios estructurales en el pa\u00eds.<\/p>\n<p>El Gobierno de Otto P\u00e9rez Molina declar\u00f3 p\u00fablicamente que CODECA es un c\u00e1ncer social que crece y que hay que erradicarlo. Cre\u00f3 una fiscal\u00eda (fiscal\u00eda contra el hurto de fluidos) que hasta el momento se ha dedicado a perseguir y criminalizar a dirigentes\/defensores de DDHH organizados en CODECA, pero por m\u00e1s presupuesto estatal que tenga dicha fiscal\u00eda y por m\u00e1s agentes de ENERGUATE y el Ministerio P\u00fablico acusando y amedrentando a las comunidades, no han logrado mediante juicio oral y p\u00fablico demostrar que dirigentes\/defensores organizados en CODECA son delincuentes. \u00danicamente, tres casos de todos los que lleva esta fiscal\u00eda han logrado tener una resoluci\u00f3n y en los tres las y los dirigentes\/defensores han sido absueltos. El actual gobierno de Jimmy Morales tambi\u00e9n sigui\u00f3 los pasos de Otto P\u00e9rez Molina y ha se\u00f1alado y difamado p\u00fablicamente al movimiento CODECA.<\/p>\n<p>La represi\u00f3n contra CODECA ha sido una estrategia dise\u00f1ada para frenar la lucha de los pueblos por la construcci\u00f3n de los cambios estructurales y el Buen Vivir para todos y todas. Los asesinatos masivos del 2018 y 2019 tuvieron la finalidad de frenar esas luchas por la defensa de los derechos humanos y la madre tierra, as\u00ed como tambi\u00e9n generar zozobra en la participaci\u00f3n pol\u00edtica del Movimiento para la Liberaci\u00f3n de los Pueblos, que es el instrumento pol\u00edtico creado por CODECA y otras organizaciones para viabilizar el proceso de Asamblea Constituyente para la Construcci\u00f3n del Estado Plurinacional en Guatemala.<\/p>\n<p>Seg\u00fan el documento \u201cRepresi\u00f3n contra CODECA,\u201d Publicado por CODECA, del a\u00f1o 2016 a septiembre de este a\u00f1o, 5748 personas defensoras\/dirigentes han sido v\u00edctimas de diferentes ataques\/agresiones por su labor en la defensa de derechos humanos y por la lucha por la construcci\u00f3n de cambios estructurales en el pa\u00eds. A pesar de toda esa adversidad y represi\u00f3n, el pueblo ha perdido el miedo, y cada vez m\u00e1s, CODECA crece en los territorios y en las \u00e1reas urbanas, posicionando as\u00ed la lucha y los sue\u00f1os de la gente de este pa\u00eds para construir juntos y juntas el Buen Vivir para todos y todas.<\/p>\n","protected":false},"excerpt":{"rendered":"<p>Por: Leiria Vay Entre el a\u00f1o 2018 y 2019 fueron asesinadas 16 personas defensoras de DDHH que ejerc\u00edan liderazgo en diferentes estructuras organizativas del El Comit\u00e9 de Desarrollo Campesino CODECA. Todos ellos y ellas ejerc\u00edan una labor para exigir el ejercicio y la defensa de derechos individuales y derechos colectivos de los pueblos en los [&hellip;]<\/p>\n","protected":false},"author":1,"featured_media":6082,"comment_status":"closed","ping_status":"closed","sticky":false,"template":"","format":"standard","meta":{"_exactmetrics_skip_tracking":false,"_exactmetrics_sitenote_active":false,"_exactmetrics_sitenote_note":"","_exactmetrics_sitenote_category":0,"jetpack_post_was_ever_published":false,"_jetpack_newsletter_access":"","_jetpack_dont_email_post_to_subs":false,"_jetpack_newsletter_tier_id":0,"_jetpack_memberships_contains_paywalled_content":false,"_jetpack_memberships_contains_paid_content":false,"footnotes":""},"categories":[402,452,399,406,1772],"tags":[35,47,530,1863,484],"class_list":["post-6081","post","type-post","status-publish","format-standard","has-post-thumbnail","hentry","category-accion-comunitaria-3","category-frontpage","category-megaproyectos","category-megaproyectos-2","category-situacion-social","tag-codeca","tag-derechos-humanos","tag-derechos-indigenas","tag-movimiento-social","tag-pueblos-indigenas"],"jetpack_featured_media_url":"https:\/\/i0.wp.com\/www.entremundos.org\/revista\/wp-content\/uploads\/2020\/01\/4-imagen-art-codeca.jpg?fit=960%2C640&ssl=1","jetpack_shortlink":"https:\/\/wp.me\/p7ljt7-1A5","jetpack-related-posts":[{"id":13642,"url":"https:\/\/www.entremundos.org\/revista\/politica\/las-mujeres-inspiran-es-hora-de-acabar-con-las-brechas-de-desigualdad\/","url_meta":{"origin":6081,"position":0},"title":"Las mujeres inspiran: Es hora de acabar con las brechas de desigualdad","author":"EntreMundos","date":"4 abril, 2026","format":false,"excerpt":"POR MARIANA L\u00d3PEZ La discriminaci\u00f3n y racismo son temas que se han abordado e incluso se ha dicho que ya se han superado estando lejos de ser parte de nuestra realidad, sin embargo, basta con observar para comprender que una cosa es el discurso y otra la pr\u00e1ctica. En la\u2026","rel":"","context":"En \u00abFrontPage\u00bb","block_context":{"text":"FrontPage","link":"https:\/\/www.entremundos.org\/revista\/category\/frontpage\/"},"img":{"alt_text":"","src":"https:\/\/i0.wp.com\/www.entremundos.org\/revista\/wp-content\/uploads\/2026\/03\/649499575_1230883245899060_5224768132019882352_n.jpg?fit=1200%2C800&ssl=1&resize=350%2C200","width":350,"height":200,"srcset":"https:\/\/i0.wp.com\/www.entremundos.org\/revista\/wp-content\/uploads\/2026\/03\/649499575_1230883245899060_5224768132019882352_n.jpg?fit=1200%2C800&ssl=1&resize=350%2C200 1x, https:\/\/i0.wp.com\/www.entremundos.org\/revista\/wp-content\/uploads\/2026\/03\/649499575_1230883245899060_5224768132019882352_n.jpg?fit=1200%2C800&ssl=1&resize=525%2C300 1.5x, https:\/\/i0.wp.com\/www.entremundos.org\/revista\/wp-content\/uploads\/2026\/03\/649499575_1230883245899060_5224768132019882352_n.jpg?fit=1200%2C800&ssl=1&resize=700%2C400 2x, https:\/\/i0.wp.com\/www.entremundos.org\/revista\/wp-content\/uploads\/2026\/03\/649499575_1230883245899060_5224768132019882352_n.jpg?fit=1200%2C800&ssl=1&resize=1050%2C600 3x"},"classes":[]},{"id":12859,"url":"https:\/\/www.entremundos.org\/revista\/politica\/mujeres-indigenas-y-rurales-en-defensa-del-territorio-frente-al-extractivismo-en-guatemala\/","url_meta":{"origin":6081,"position":1},"title":"Mujeres ind\u00edgenas y rurales en defensa del territorio frente al extractivismo en Guatemala","author":"EntreMundos","date":"21 mayo, 2025","format":false,"excerpt":"Por Asociadas Por lo Justo (JASS) Este es un resumen de un mapeo realizado por JASS, para compartir sus an\u00e1lisis, sus luchas y los impactos en sus vidas. El objetivo es contar las luchas por el territorio frente al extractivismo en Guatemala e identificar el papel y el impacto en\u2026","rel":"","context":"En \u00abFrontPage\u00bb","block_context":{"text":"FrontPage","link":"https:\/\/www.entremundos.org\/revista\/category\/frontpage\/"},"img":{"alt_text":"","src":"https:\/\/i0.wp.com\/www.entremundos.org\/revista\/wp-content\/uploads\/2025\/05\/2-scaled.png?fit=1200%2C843&ssl=1&resize=350%2C200","width":350,"height":200,"srcset":"https:\/\/i0.wp.com\/www.entremundos.org\/revista\/wp-content\/uploads\/2025\/05\/2-scaled.png?fit=1200%2C843&ssl=1&resize=350%2C200 1x, https:\/\/i0.wp.com\/www.entremundos.org\/revista\/wp-content\/uploads\/2025\/05\/2-scaled.png?fit=1200%2C843&ssl=1&resize=525%2C300 1.5x, https:\/\/i0.wp.com\/www.entremundos.org\/revista\/wp-content\/uploads\/2025\/05\/2-scaled.png?fit=1200%2C843&ssl=1&resize=700%2C400 2x, https:\/\/i0.wp.com\/www.entremundos.org\/revista\/wp-content\/uploads\/2025\/05\/2-scaled.png?fit=1200%2C843&ssl=1&resize=1050%2C600 3x"},"classes":[]},{"id":12488,"url":"https:\/\/www.entremundos.org\/revista\/politica\/de-la-lucha-a-la-agricultura-en-las-montanas-de-guatemala\/","url_meta":{"origin":6081,"position":2},"title":"De la lucha a la agricultura en las monta\u00f1as de Guatemala","author":"EntreMundos","date":"13 noviembre, 2024","format":false,"excerpt":"POR JONATHAN LOTT A la sombra de las monta\u00f1as selv\u00e1ticas de Guatemala, anta\u00f1o cargadas del espectro del conflicto, el olor del caf\u00e9 flota en el aire. Una generaci\u00f3n despu\u00e9s del hist\u00f3rico acuerdo de paz que puso fin a la guerra civil guatemalteca (1960-1996), decenas de exguerrilleros trabajan ahora la tierra\u2026","rel":"","context":"En \u00abFrontPage\u00bb","block_context":{"text":"FrontPage","link":"https:\/\/www.entremundos.org\/revista\/category\/frontpage\/"},"img":{"alt_text":"","src":"https:\/\/i0.wp.com\/www.entremundos.org\/revista\/wp-content\/uploads\/2024\/11\/anita2-e1731543808410.jpg?fit=910%2C671&ssl=1&resize=350%2C200","width":350,"height":200,"srcset":"https:\/\/i0.wp.com\/www.entremundos.org\/revista\/wp-content\/uploads\/2024\/11\/anita2-e1731543808410.jpg?fit=910%2C671&ssl=1&resize=350%2C200 1x, https:\/\/i0.wp.com\/www.entremundos.org\/revista\/wp-content\/uploads\/2024\/11\/anita2-e1731543808410.jpg?fit=910%2C671&ssl=1&resize=525%2C300 1.5x, https:\/\/i0.wp.com\/www.entremundos.org\/revista\/wp-content\/uploads\/2024\/11\/anita2-e1731543808410.jpg?fit=910%2C671&ssl=1&resize=700%2C400 2x"},"classes":[]},{"id":12224,"url":"https:\/\/www.entremundos.org\/revista\/mujer\/derechos-sexuales-y-reproductivos-tema-pendiente-en-guatemala\/","url_meta":{"origin":6081,"position":3},"title":"Derechos sexuales y reproductivos; tema pendiente en Guatemala","author":"EntreMundos","date":"15 julio, 2024","format":false,"excerpt":"POR EMMA G\u00d3MEZ Seg\u00fan La Organizaci\u00f3n de las Naciones Unidas de los Derechos Humanos, (ONU-DH), los derechos sexuales y reproductivos est\u00e1n relacionados con la libertad de las personas a decidir sobre su sexualidad y el ejercicio libre de la misma. Algunos derechos pueden ser; ejercer la sexualidad de manera independiente\u2026","rel":"","context":"En \u00abFrontPage\u00bb","block_context":{"text":"FrontPage","link":"https:\/\/www.entremundos.org\/revista\/category\/frontpage\/"},"img":{"alt_text":"","src":"https:\/\/i0.wp.com\/www.entremundos.org\/revista\/wp-content\/uploads\/2024\/07\/444487166_750607893953803_8829963883492089519_n.jpg?fit=1200%2C1158&ssl=1&resize=350%2C200","width":350,"height":200,"srcset":"https:\/\/i0.wp.com\/www.entremundos.org\/revista\/wp-content\/uploads\/2024\/07\/444487166_750607893953803_8829963883492089519_n.jpg?fit=1200%2C1158&ssl=1&resize=350%2C200 1x, https:\/\/i0.wp.com\/www.entremundos.org\/revista\/wp-content\/uploads\/2024\/07\/444487166_750607893953803_8829963883492089519_n.jpg?fit=1200%2C1158&ssl=1&resize=525%2C300 1.5x, https:\/\/i0.wp.com\/www.entremundos.org\/revista\/wp-content\/uploads\/2024\/07\/444487166_750607893953803_8829963883492089519_n.jpg?fit=1200%2C1158&ssl=1&resize=700%2C400 2x, https:\/\/i0.wp.com\/www.entremundos.org\/revista\/wp-content\/uploads\/2024\/07\/444487166_750607893953803_8829963883492089519_n.jpg?fit=1200%2C1158&ssl=1&resize=1050%2C600 3x"},"classes":[]},{"id":13649,"url":"https:\/\/www.entremundos.org\/revista\/politica\/la-urgencia-de-comprender-la-historia-y-sus-lecciones\/","url_meta":{"origin":6081,"position":4},"title":"La urgencia de comprender la historia y sus lecciones","author":"EntreMundos","date":"4 abril, 2026","format":false,"excerpt":"POR JUAN JOS\u00c9 HURTADO PAZ En los \u00faltimos meses se escuchan voces que defienden la intervenci\u00f3n imperialista yanqui contra Venezuela con el argumento aparentemente simple y moralizante: hab\u00eda una dictadura y deb\u00eda ser removida. Bajo esta narrativa, la intervenci\u00f3n externa se presenta como una acci\u00f3n necesaria, casi humanitaria, destinada a\u2026","rel":"","context":"En \u00abFrontPage\u00bb","block_context":{"text":"FrontPage","link":"https:\/\/www.entremundos.org\/revista\/category\/frontpage\/"},"img":{"alt_text":"","src":"","width":0,"height":0},"classes":[]},{"id":10580,"url":"https:\/\/www.entremundos.org\/revista\/politica\/desalojos-aumentan-durante-el-gobierno-de-alejandro-giammattei\/","url_meta":{"origin":6081,"position":5},"title":"Desalojos aumentan durante el gobierno de Alejandro Giammattei","author":"EntreMundos","date":"8 marzo, 2023","format":false,"excerpt":"Por Gilberto Escobar\u00a0 En Guatemala, durante los \u00faltimos a\u00f1os, los desalojos han ido en aumento y se han dado en dos modalidades: los desalojos legales que tienen una orden judicial y los extrajudiciales, los que\u00a0 no van acompa\u00f1ados de ninguna orden de un juez y que ocurren\u00a0 en horas de\u2026","rel":"","context":"En \u00abBosques\u00bb","block_context":{"text":"Bosques","link":"https:\/\/www.entremundos.org\/revista\/category\/medio-ambiente\/bosques\/"},"img":{"alt_text":"","src":"https:\/\/i0.wp.com\/www.entremundos.org\/revista\/wp-content\/uploads\/2023\/03\/portada.jpg?fit=1024%2C768&ssl=1&resize=350%2C200","width":350,"height":200,"srcset":"https:\/\/i0.wp.com\/www.entremundos.org\/revista\/wp-content\/uploads\/2023\/03\/portada.jpg?fit=1024%2C768&ssl=1&resize=350%2C200 1x, https:\/\/i0.wp.com\/www.entremundos.org\/revista\/wp-content\/uploads\/2023\/03\/portada.jpg?fit=1024%2C768&ssl=1&resize=525%2C300 1.5x, https:\/\/i0.wp.com\/www.entremundos.org\/revista\/wp-content\/uploads\/2023\/03\/portada.jpg?fit=1024%2C768&ssl=1&resize=700%2C400 2x"},"classes":[]}],"jetpack_sharing_enabled":true,"_links":{"self":[{"href":"https:\/\/www.entremundos.org\/revista\/wp-json\/wp\/v2\/posts\/6081","targetHints":{"allow":["GET"]}}],"collection":[{"href":"https:\/\/www.entremundos.org\/revista\/wp-json\/wp\/v2\/posts"}],"about":[{"href":"https:\/\/www.entremundos.org\/revista\/wp-json\/wp\/v2\/types\/post"}],"author":[{"embeddable":true,"href":"https:\/\/www.entremundos.org\/revista\/wp-json\/wp\/v2\/users\/1"}],"replies":[{"embeddable":true,"href":"https:\/\/www.entremundos.org\/revista\/wp-json\/wp\/v2\/comments?post=6081"}],"version-history":[{"count":3,"href":"https:\/\/www.entremundos.org\/revista\/wp-json\/wp\/v2\/posts\/6081\/revisions"}],"predecessor-version":[{"id":6224,"href":"https:\/\/www.entremundos.org\/revista\/wp-json\/wp\/v2\/posts\/6081\/revisions\/6224"}],"wp:featuredmedia":[{"embeddable":true,"href":"https:\/\/www.entremundos.org\/revista\/wp-json\/wp\/v2\/media\/6082"}],"wp:attachment":[{"href":"https:\/\/www.entremundos.org\/revista\/wp-json\/wp\/v2\/media?parent=6081"}],"wp:term":[{"taxonomy":"category","embeddable":true,"href":"https:\/\/www.entremundos.org\/revista\/wp-json\/wp\/v2\/categories?post=6081"},{"taxonomy":"post_tag","embeddable":true,"href":"https:\/\/www.entremundos.org\/revista\/wp-json\/wp\/v2\/tags?post=6081"}],"curies":[{"name":"wp","href":"https:\/\/api.w.org\/{rel}","templated":true}]}}