{"id":6132,"date":"2020-01-29T10:58:20","date_gmt":"2020-01-29T18:58:20","guid":{"rendered":"http:\/\/www.entremundos.org\/revista\/?p=6132"},"modified":"2020-02-05T12:13:19","modified_gmt":"2020-02-05T20:13:19","slug":"artistas-superandose-en-cotzal-2","status":"publish","type":"post","link":"https:\/\/www.entremundos.org\/revista\/mujer\/artistas-superandose-en-cotzal-2\/","title":{"rendered":"Artistas super\u00e1ndose en Cotzal"},"content":{"rendered":"<p><strong>Por: Richard Brown<\/strong><\/p>\n<p>Guatemala es renombrado por producir textiles que est\u00e1n catalogados entre los m\u00e1s bellos del mundo. Las mujeres del pueblo Maya Ixil de Cotzal, en Quich\u00e9, montan dise\u00f1os igualmente entre los m\u00e1s renombrados del pa\u00eds. Su arte es un testimonio de sobrevivencia. La cooperativa Tejidos Cotzal, por ejemplo, fundada en 1990 por seis viudas sobreviviente del genocidio de los a\u00f1os 70 y 80, buscaban ensamblar sus vidas desmenuzadas, alimentar a sus ni\u00f1os y preservar sus pr\u00e1cticas ancestrales de tejer. Hoy, las 45 mujeres de la cooperativa (al igual que su pueblo y todo el pa\u00eds) enfrentan desaf\u00edos antiguos, a los que le han hecho frente toda una vida, pero tambi\u00e9n resisten antes desaf\u00edos nuevos.<\/p>\n<p>Uno de los problemas m\u00e1s recientes, es la aparici\u00f3n de tejidos baratos de maquilas, algunos importados de China y M\u00e9xico, los cuales plagian los dise\u00f1os Mayas y han afectado a los artesanos porque estos tejidos de maquila presentan precios m\u00e1s bajos que los tejidos originales a mano. Las personas, prefieren l\u00f3gicamente comprar lo m\u00e1s barato, debido a que los precios de la comida est\u00e1n en alza, y los pagos en las fincas son muy bajos, en donde trabajan incluso bajo fuertes lluvias, duermen en los pisos de galeras y aguantan brotes de neumon\u00eda y diarrea.<\/p>\n<p>Son muchas las familias que no pueden acceder a una dieta sana, mucho menos mantener a sus ni\u00f1os en la escuela. Lila \u00c1lvarez, Coordinadora del Programa de Seguridad Alimentaria, menciona: \u201cHay comunidades donde cien por cien de los ni\u00f1os tienen desnutrici\u00f3n cr\u00f3nica.\u201d<\/p>\n<p>Los que cultivan sus propios terrenos tambi\u00e9n tienen dificultades. El cambio clim\u00e1tico hace las lluvias menos frecuentes y m\u00e1s intensas, y un pu\u00f1ado de familias de ascendencia europea y sus fincas controlan las mejores tierras en la regi\u00f3n desde hace 100-150 a\u00f1os. Un hidroel\u00e9ctrica enorme construida en la Finca San Francisco ha generado ganancias millonarias para ENEL, una constructora italiana, y los due\u00f1os de la finca, la familia Brol, pero para el pueblo perjudica el acceso al agua.<\/p>\n<figure id=\"attachment_6135\" aria-describedby=\"caption-attachment-6135\" style=\"width: 435px\" class=\"wp-caption alignright\"><a href=\"https:\/\/i0.wp.com\/www.entremundos.org\/revista\/wp-content\/uploads\/2020\/01\/articulo-cotzal-espanol-foto-credito-de-alex-guerrero-poldavo-httpswww.flickr.comphotospoldavo423920323-cc-by-sa-2.0-httpscommons.wikimedia.org_.jpg\"><img data-recalc-dims=\"1\" loading=\"lazy\" decoding=\"async\" class=\"wp-image-6135 size-full\" src=\"https:\/\/i0.wp.com\/www.entremundos.org\/revista\/wp-content\/uploads\/2020\/01\/articulo-cotzal-espanol-foto-credito-de-alex-guerrero-poldavo-httpswww.flickr.comphotospoldavo423920323-cc-by-sa-2.0-httpscommons.wikimedia.org_.jpg?resize=435%2C640\" alt=\"\" width=\"435\" height=\"640\" srcset=\"https:\/\/i0.wp.com\/www.entremundos.org\/revista\/wp-content\/uploads\/2020\/01\/articulo-cotzal-espanol-foto-credito-de-alex-guerrero-poldavo-httpswww.flickr.comphotospoldavo423920323-cc-by-sa-2.0-httpscommons.wikimedia.org_.jpg?w=435&amp;ssl=1 435w, https:\/\/i0.wp.com\/www.entremundos.org\/revista\/wp-content\/uploads\/2020\/01\/articulo-cotzal-espanol-foto-credito-de-alex-guerrero-poldavo-httpswww.flickr.comphotospoldavo423920323-cc-by-sa-2.0-httpscommons.wikimedia.org_.jpg?resize=204%2C300&amp;ssl=1 204w, https:\/\/i0.wp.com\/www.entremundos.org\/revista\/wp-content\/uploads\/2020\/01\/articulo-cotzal-espanol-foto-credito-de-alex-guerrero-poldavo-httpswww.flickr.comphotospoldavo423920323-cc-by-sa-2.0-httpscommons.wikimedia.org_.jpg?resize=335%2C493&amp;ssl=1 335w\" sizes=\"auto, (max-width: 435px) 100vw, 435px\" \/><\/a><figcaption id=\"caption-attachment-6135\" class=\"wp-caption-text\">Foto: Alex Guerrero.<\/figcaption><\/figure>\n<p>A pesar de la hidroel\u00e9ctrica \u2013construida en la ilegalidad y sin el consentimiento de las comunidades ind\u00edgenas afectadas\u2014miles de familias en Cotzal siguen sin conexi\u00f3n a la red el\u00e9ctrica. Energuate\u2014propiedad de I Squared Capital, un fondo de inversiones de EEUU fundado por exbanqueros de Morgan Stanley\u2014tiene un monopolio en la distribuci\u00f3n de energ\u00eda el\u00e9ctrica en muchas \u00e1reas rurales. L\u00edderes comunitarios, el alcalde y el cura cat\u00f3lico, mencionaron que las tarifas de Energuate cobradas a las personas que s\u00ed est\u00e1n conectadas, son desmedidas. M\u00e1s de 2,000 personas se hab\u00edan conectado anteriormente de manera ilegal para evitar estas tarifas. En Octubre del a\u00f1o pasado, Energuate cort\u00f3 la luz a todo el pueblo para forzar a las autoridades de desmontar las conexiones ilegales. En el centro de salud tuvieron que atender partos con veladores.<\/p>\n<p>I Squared Capital logr\u00f3 sus metas: las conexiones ilegales fueron desmanteladas con el apoyo de la polic\u00eda, y Energuate no baj\u00f3 sus tarifas. Miles de personas\u2014entre ellas las mujeres de la cooperativa Tejidos Cotzal\u2014a\u00fan no tienen luz. El Padre Diego lo considera \u201cun colmo\u2026una verg\u00fcenza.\u201d Pero las mujeres de Tejidos Cotzal nunca se van a rendir. Todos perdieron familiares en la guerra, cuando los finqueros y los militares coordinaron el asesinato a l\u00edderes comunitarios, masacraron civiles y arrasaron pueblos Ixiles para sofocar el apoyo a la reforma agraria y laboral. Algunos ten\u00edan que huir a la monta\u00f1a y sobrevivir all\u00ed por a\u00f1os. Ahora sin luz, compran velas para tejer en la noche\u2014para comer de forma decente, mantener sus ni\u00f1os en la escuela y evitar ir a la finca.<\/p>\n<p>Ellas llevan una d\u00e9cada construyendo poco a poco un centro educativo con una oficina, una tienda y habitaciones para estudiantes y turistas. Preparan comidas t\u00edpicas deliciosas\u2014como salsas de boxbol con pepitoria, chiles, tomates y sal negra\u2014y ense\u00f1an a usar el comal y la piedra de moler. Ense\u00f1an sus t\u00e9cnicas ancestrales de tejido y explican el significado de sus antiguos dise\u00f1os. Cuentan historias de la guerra y sus odiseas de sobrevivencia, y lideran caminatas a cascadas y a las monta\u00f1as\u2014entre las m\u00e1s hermosas de Centroam\u00e9rica. Estas mujeres, demuestran c\u00f3mo crear belleza a pesar de luchar contra enormes desaf\u00edos, y ense\u00f1ar c\u00f3mo nunca rendirse.<\/p>\n<p>Si quiere apoyar a estas mujeres, a trav\u00e9s de una visita, solicitar un cat\u00e1logo virtual o comprar tejidos, contacte a Pedro Marroqu\u00edn en cooperativacotzal@gmail.com \/ y al tel\u00e9fono +502 4621 9725<\/p>\n<p>Foto de portada: Tejidos Cotzal<\/p>\n","protected":false},"excerpt":{"rendered":"<p>Por: Richard Brown Guatemala es renombrado por producir textiles que est\u00e1n catalogados entre los m\u00e1s bellos del mundo. Las mujeres del pueblo Maya Ixil de Cotzal, en Quich\u00e9, montan dise\u00f1os igualmente entre los m\u00e1s renombrados del pa\u00eds. Su arte es un testimonio de sobrevivencia. La cooperativa Tejidos Cotzal, por ejemplo, fundada en 1990 por seis [&hellip;]<\/p>\n","protected":false},"author":1,"featured_media":6141,"comment_status":"closed","ping_status":"closed","sticky":false,"template":"","format":"standard","meta":{"_exactmetrics_skip_tracking":false,"_exactmetrics_sitenote_active":false,"_exactmetrics_sitenote_note":"","_exactmetrics_sitenote_category":0,"jetpack_post_was_ever_published":false,"_jetpack_newsletter_access":"","_jetpack_dont_email_post_to_subs":false,"_jetpack_newsletter_tier_id":0,"_jetpack_memberships_contains_paywalled_content":false,"_jetpack_memberships_contains_paid_content":false,"footnotes":""},"categories":[401,452,399,386,398],"tags":[1847,55,477,1874,484],"class_list":["post-6132","post","type-post","status-publish","format-standard","has-post-thumbnail","hentry","category-economia-alternativa","category-frontpage","category-megaproyectos","category-mujer","category-rios","tag-cotzal","tag-energuate","tag-hidroelectricas","tag-pueblo-ixil","tag-pueblos-indigenas"],"jetpack_featured_media_url":"https:\/\/i0.wp.com\/www.entremundos.org\/revista\/wp-content\/uploads\/2020\/01\/10543557_1446958305605518_8490480289855592172_o.jpg?fit=2048%2C1409&ssl=1","jetpack_shortlink":"https:\/\/wp.me\/p7ljt7-1AU","jetpack-related-posts":[{"id":12859,"url":"https:\/\/www.entremundos.org\/revista\/politica\/mujeres-indigenas-y-rurales-en-defensa-del-territorio-frente-al-extractivismo-en-guatemala\/","url_meta":{"origin":6132,"position":0},"title":"Mujeres ind\u00edgenas y rurales en defensa del territorio frente al extractivismo en Guatemala","author":"EntreMundos","date":"21 mayo, 2025","format":false,"excerpt":"Por Asociadas Por lo Justo (JASS) Este es un resumen de un mapeo realizado por JASS, para compartir sus an\u00e1lisis, sus luchas y los impactos en sus vidas. El objetivo es contar las luchas por el territorio frente al extractivismo en Guatemala e identificar el papel y el impacto en\u2026","rel":"","context":"En \u00abFrontPage\u00bb","block_context":{"text":"FrontPage","link":"https:\/\/www.entremundos.org\/revista\/category\/frontpage\/"},"img":{"alt_text":"","src":"https:\/\/i0.wp.com\/www.entremundos.org\/revista\/wp-content\/uploads\/2025\/05\/2-scaled.png?fit=1200%2C843&ssl=1&resize=350%2C200","width":350,"height":200,"srcset":"https:\/\/i0.wp.com\/www.entremundos.org\/revista\/wp-content\/uploads\/2025\/05\/2-scaled.png?fit=1200%2C843&ssl=1&resize=350%2C200 1x, https:\/\/i0.wp.com\/www.entremundos.org\/revista\/wp-content\/uploads\/2025\/05\/2-scaled.png?fit=1200%2C843&ssl=1&resize=525%2C300 1.5x, https:\/\/i0.wp.com\/www.entremundos.org\/revista\/wp-content\/uploads\/2025\/05\/2-scaled.png?fit=1200%2C843&ssl=1&resize=700%2C400 2x, https:\/\/i0.wp.com\/www.entremundos.org\/revista\/wp-content\/uploads\/2025\/05\/2-scaled.png?fit=1200%2C843&ssl=1&resize=1050%2C600 3x"},"classes":[]},{"id":11617,"url":"https:\/\/www.entremundos.org\/revista\/mujer\/la-cultura-es-lo-que-en-la-muerte-continua-siendo-la-vida\/","url_meta":{"origin":6132,"position":1},"title":"\u201cLa Cultura es lo que, en la muerte, contin\u00faa siendo la vida\u201d","author":"EntreMundos","date":"19 enero, 2024","format":false,"excerpt":"POR PATRICIA MIRALB\u00c9S \u00bfTe has preguntado alguna vez por qu\u00e9 un grupo social se comporta de cierta manera? \u00bfDe d\u00f3nde vienen las creencias que te inculcan desde peque\u00f1o? Todo esto tiene que ver con la cultura del lugar en donde vivimos. La cultura es la base de la construcci\u00f3n de\u2026","rel":"","context":"En \u00abCultura\u00bb","block_context":{"text":"Cultura","link":"https:\/\/www.entremundos.org\/revista\/category\/cultura\/"},"img":{"alt_text":"","src":"https:\/\/i0.wp.com\/www.entremundos.org\/revista\/wp-content\/uploads\/2024\/01\/whatsapp-image-2023-12-13-at-6.59.10-pm-1.jpeg?fit=1200%2C800&ssl=1&resize=350%2C200","width":350,"height":200,"srcset":"https:\/\/i0.wp.com\/www.entremundos.org\/revista\/wp-content\/uploads\/2024\/01\/whatsapp-image-2023-12-13-at-6.59.10-pm-1.jpeg?fit=1200%2C800&ssl=1&resize=350%2C200 1x, https:\/\/i0.wp.com\/www.entremundos.org\/revista\/wp-content\/uploads\/2024\/01\/whatsapp-image-2023-12-13-at-6.59.10-pm-1.jpeg?fit=1200%2C800&ssl=1&resize=525%2C300 1.5x, https:\/\/i0.wp.com\/www.entremundos.org\/revista\/wp-content\/uploads\/2024\/01\/whatsapp-image-2023-12-13-at-6.59.10-pm-1.jpeg?fit=1200%2C800&ssl=1&resize=700%2C400 2x, https:\/\/i0.wp.com\/www.entremundos.org\/revista\/wp-content\/uploads\/2024\/01\/whatsapp-image-2023-12-13-at-6.59.10-pm-1.jpeg?fit=1200%2C800&ssl=1&resize=1050%2C600 3x"},"classes":[]},{"id":13642,"url":"https:\/\/www.entremundos.org\/revista\/politica\/las-mujeres-inspiran-es-hora-de-acabar-con-las-brechas-de-desigualdad\/","url_meta":{"origin":6132,"position":2},"title":"Las mujeres inspiran: Es hora de acabar con las brechas de desigualdad","author":"EntreMundos","date":"4 abril, 2026","format":false,"excerpt":"POR MARIANA L\u00d3PEZ La discriminaci\u00f3n y racismo son temas que se han abordado e incluso se ha dicho que ya se han superado estando lejos de ser parte de nuestra realidad, sin embargo, basta con observar para comprender que una cosa es el discurso y otra la pr\u00e1ctica. En la\u2026","rel":"","context":"En \u00abFrontPage\u00bb","block_context":{"text":"FrontPage","link":"https:\/\/www.entremundos.org\/revista\/category\/frontpage\/"},"img":{"alt_text":"","src":"https:\/\/i0.wp.com\/www.entremundos.org\/revista\/wp-content\/uploads\/2026\/03\/649499575_1230883245899060_5224768132019882352_n.jpg?fit=1200%2C800&ssl=1&resize=350%2C200","width":350,"height":200,"srcset":"https:\/\/i0.wp.com\/www.entremundos.org\/revista\/wp-content\/uploads\/2026\/03\/649499575_1230883245899060_5224768132019882352_n.jpg?fit=1200%2C800&ssl=1&resize=350%2C200 1x, https:\/\/i0.wp.com\/www.entremundos.org\/revista\/wp-content\/uploads\/2026\/03\/649499575_1230883245899060_5224768132019882352_n.jpg?fit=1200%2C800&ssl=1&resize=525%2C300 1.5x, https:\/\/i0.wp.com\/www.entremundos.org\/revista\/wp-content\/uploads\/2026\/03\/649499575_1230883245899060_5224768132019882352_n.jpg?fit=1200%2C800&ssl=1&resize=700%2C400 2x, https:\/\/i0.wp.com\/www.entremundos.org\/revista\/wp-content\/uploads\/2026\/03\/649499575_1230883245899060_5224768132019882352_n.jpg?fit=1200%2C800&ssl=1&resize=1050%2C600 3x"},"classes":[]},{"id":11083,"url":"https:\/\/www.entremundos.org\/revista\/medio-ambiente\/sin-abejas-no-hay-vida\/","url_meta":{"origin":6132,"position":3},"title":"Sin abejas no hay vida","author":"EntreMundos","date":"20 julio, 2023","format":false,"excerpt":"Ma\u00edz de Vida\u00a0 \u00bfSab\u00edas que a nivel global existen m\u00e1s de 20 mil especies de abejas? Su vida es fundamental para los ecosistemas y la producci\u00f3n de alimentos. Sab\u00edas que una abeja vive menos de 40 d\u00edas, visita al menos 1000 flores y produce menos de una cucharadita de miel,\u2026","rel":"","context":"En \u00abAccion Comunitaria\u00bb","block_context":{"text":"Accion Comunitaria","link":"https:\/\/www.entremundos.org\/revista\/category\/politica\/accion-comunitaria-3\/"},"img":{"alt_text":"","src":"https:\/\/i0.wp.com\/www.entremundos.org\/revista\/wp-content\/uploads\/2023\/07\/a6d4e38f-ec55-4772-bcd2-36fc346e048c-1.jpg?fit=901%2C1200&ssl=1&resize=350%2C200","width":350,"height":200,"srcset":"https:\/\/i0.wp.com\/www.entremundos.org\/revista\/wp-content\/uploads\/2023\/07\/a6d4e38f-ec55-4772-bcd2-36fc346e048c-1.jpg?fit=901%2C1200&ssl=1&resize=350%2C200 1x, https:\/\/i0.wp.com\/www.entremundos.org\/revista\/wp-content\/uploads\/2023\/07\/a6d4e38f-ec55-4772-bcd2-36fc346e048c-1.jpg?fit=901%2C1200&ssl=1&resize=525%2C300 1.5x, https:\/\/i0.wp.com\/www.entremundos.org\/revista\/wp-content\/uploads\/2023\/07\/a6d4e38f-ec55-4772-bcd2-36fc346e048c-1.jpg?fit=901%2C1200&ssl=1&resize=700%2C400 2x"},"classes":[]},{"id":12224,"url":"https:\/\/www.entremundos.org\/revista\/mujer\/derechos-sexuales-y-reproductivos-tema-pendiente-en-guatemala\/","url_meta":{"origin":6132,"position":4},"title":"Derechos sexuales y reproductivos; tema pendiente en Guatemala","author":"EntreMundos","date":"15 julio, 2024","format":false,"excerpt":"POR EMMA G\u00d3MEZ Seg\u00fan La Organizaci\u00f3n de las Naciones Unidas de los Derechos Humanos, (ONU-DH), los derechos sexuales y reproductivos est\u00e1n relacionados con la libertad de las personas a decidir sobre su sexualidad y el ejercicio libre de la misma. Algunos derechos pueden ser; ejercer la sexualidad de manera independiente\u2026","rel":"","context":"En \u00abFrontPage\u00bb","block_context":{"text":"FrontPage","link":"https:\/\/www.entremundos.org\/revista\/category\/frontpage\/"},"img":{"alt_text":"","src":"https:\/\/i0.wp.com\/www.entremundos.org\/revista\/wp-content\/uploads\/2024\/07\/444487166_750607893953803_8829963883492089519_n.jpg?fit=1200%2C1158&ssl=1&resize=350%2C200","width":350,"height":200,"srcset":"https:\/\/i0.wp.com\/www.entremundos.org\/revista\/wp-content\/uploads\/2024\/07\/444487166_750607893953803_8829963883492089519_n.jpg?fit=1200%2C1158&ssl=1&resize=350%2C200 1x, https:\/\/i0.wp.com\/www.entremundos.org\/revista\/wp-content\/uploads\/2024\/07\/444487166_750607893953803_8829963883492089519_n.jpg?fit=1200%2C1158&ssl=1&resize=525%2C300 1.5x, https:\/\/i0.wp.com\/www.entremundos.org\/revista\/wp-content\/uploads\/2024\/07\/444487166_750607893953803_8829963883492089519_n.jpg?fit=1200%2C1158&ssl=1&resize=700%2C400 2x, https:\/\/i0.wp.com\/www.entremundos.org\/revista\/wp-content\/uploads\/2024\/07\/444487166_750607893953803_8829963883492089519_n.jpg?fit=1200%2C1158&ssl=1&resize=1050%2C600 3x"},"classes":[]},{"id":10833,"url":"https:\/\/www.entremundos.org\/revista\/politica\/violencia-contra-las-mujeres-dominio-masculino-en-la-politica\/","url_meta":{"origin":6132,"position":5},"title":"Violencia contra las mujeres: dominio masculino en la pol\u00edtica","author":"EntreMundos","date":"29 mayo, 2023","format":false,"excerpt":"Silvia Lilian Trujillo La violencia pol\u00edtica es sistem\u00e1tica y permanente, se produce para inhibir, ralentizar o restringir la participaci\u00f3n pol\u00edtica de mujeres, en el marco de un sistema que se resiste a aceptar su igualdad de derechos. Mientras no se trabaje para acabar con esta violencia espec\u00edfica la calidad de\u2026","rel":"","context":"En \u00abFrontPage\u00bb","block_context":{"text":"FrontPage","link":"https:\/\/www.entremundos.org\/revista\/category\/frontpage\/"},"img":{"alt_text":"","src":"https:\/\/i0.wp.com\/www.entremundos.org\/revista\/wp-content\/uploads\/2023\/05\/000_16w772-1.jpg?fit=1200%2C799&ssl=1&resize=350%2C200","width":350,"height":200,"srcset":"https:\/\/i0.wp.com\/www.entremundos.org\/revista\/wp-content\/uploads\/2023\/05\/000_16w772-1.jpg?fit=1200%2C799&ssl=1&resize=350%2C200 1x, https:\/\/i0.wp.com\/www.entremundos.org\/revista\/wp-content\/uploads\/2023\/05\/000_16w772-1.jpg?fit=1200%2C799&ssl=1&resize=525%2C300 1.5x, https:\/\/i0.wp.com\/www.entremundos.org\/revista\/wp-content\/uploads\/2023\/05\/000_16w772-1.jpg?fit=1200%2C799&ssl=1&resize=700%2C400 2x, https:\/\/i0.wp.com\/www.entremundos.org\/revista\/wp-content\/uploads\/2023\/05\/000_16w772-1.jpg?fit=1200%2C799&ssl=1&resize=1050%2C600 3x"},"classes":[]}],"jetpack_sharing_enabled":true,"_links":{"self":[{"href":"https:\/\/www.entremundos.org\/revista\/wp-json\/wp\/v2\/posts\/6132","targetHints":{"allow":["GET"]}}],"collection":[{"href":"https:\/\/www.entremundos.org\/revista\/wp-json\/wp\/v2\/posts"}],"about":[{"href":"https:\/\/www.entremundos.org\/revista\/wp-json\/wp\/v2\/types\/post"}],"author":[{"embeddable":true,"href":"https:\/\/www.entremundos.org\/revista\/wp-json\/wp\/v2\/users\/1"}],"replies":[{"embeddable":true,"href":"https:\/\/www.entremundos.org\/revista\/wp-json\/wp\/v2\/comments?post=6132"}],"version-history":[{"count":2,"href":"https:\/\/www.entremundos.org\/revista\/wp-json\/wp\/v2\/posts\/6132\/revisions"}],"predecessor-version":[{"id":6140,"href":"https:\/\/www.entremundos.org\/revista\/wp-json\/wp\/v2\/posts\/6132\/revisions\/6140"}],"wp:featuredmedia":[{"embeddable":true,"href":"https:\/\/www.entremundos.org\/revista\/wp-json\/wp\/v2\/media\/6141"}],"wp:attachment":[{"href":"https:\/\/www.entremundos.org\/revista\/wp-json\/wp\/v2\/media?parent=6132"}],"wp:term":[{"taxonomy":"category","embeddable":true,"href":"https:\/\/www.entremundos.org\/revista\/wp-json\/wp\/v2\/categories?post=6132"},{"taxonomy":"post_tag","embeddable":true,"href":"https:\/\/www.entremundos.org\/revista\/wp-json\/wp\/v2\/tags?post=6132"}],"curies":[{"name":"wp","href":"https:\/\/api.w.org\/{rel}","templated":true}]}}