{"id":625,"date":"2015-03-06T01:42:24","date_gmt":"2015-03-06T01:42:24","guid":{"rendered":"https:\/\/entremundosrevista.wordpress.com\/?p=625"},"modified":"2018-05-10T12:13:19","modified_gmt":"2018-05-10T20:13:19","slug":"la-represion-contra-codeca-la-criminalizacion-de-la-organizacion","status":"publish","type":"post","link":"https:\/\/www.entremundos.org\/revista\/politica\/la-represion-contra-codeca-la-criminalizacion-de-la-organizacion\/","title":{"rendered":"La represi\u00f3n contra CODECA: La criminalizaci\u00f3n de la organizaci\u00f3n"},"content":{"rendered":"<p class=\"p1\">Por Leiria Vay, comunicadora de Codeca &#8212;<\/p>\n<p class=\"p5\"><span class=\"s1\">Amenazar y asesinar es un mecanismo para generar terror y dudas, que en Guatemala no solo es historia, sino pr\u00e1cticas que siguen vigentes y que cada d\u00eda dejan m\u00e1s v\u00edctimas en el pueblo Guatemalteco. Los sectores de poder, con la participaci\u00f3n o en contubernio con las mismas autoridades estatales, reprimen a quienes intentan alzar su voz, organizarse y decir, \u2018Basta ya de tantas injusticias, exigimos nuestros derechos.\u2019<\/span><\/p>\n<p><a href=\"http:\/\/www.entremundos.org\/revista\/politica\/nota-editorial-energuate-y-codeca-2\/\">Lea m\u00e1s sobre Codeca aqu\u00ed<\/a>.<\/p>\n<p class=\"p5\"><span class=\"s1\">CODECA surgi\u00f3 en 1992 para exigir el derecho al acceso a la tierra y salarios justos en las fincas agr\u00edcolas de la Costa Sur de Guatemala. Actualmente, despu\u00e9s de 23 a\u00f1os defendiendo derechos, las luchas de CODECA siguen siendo el derecho a la tierra, el salario justo y tambi\u00e9n se han sumado a la lucha por la equidad de g\u00e9nero, por la participaci\u00f3n y desarrollo de la juventud campesina, los derechos de los pueblos ind\u00edgenas y la lucha desgraciadamente controvertida por el derecho al acceso a los servicios b\u00e1sicos, como agua, salud, y electricidad.<\/span><\/p>\n<p class=\"p5\"><span class=\"s1\">El mecanismo de trabajo de CODECA est\u00e1 basado en la organizaci\u00f3n, la formaci\u00f3n sociopol\u00edtica, la movilizaci\u00f3n y el poder local. CODECA cuenta con organizaci\u00f3n en 20 de los 22 departamentos de Guatemala, y trabaja con 15 microrregiones que mantienen coordinaci\u00f3n y procesos de formaci\u00f3n permanente.<\/span><\/p>\n<p class=\"p5\"><span class=\"s1\">Como consecuencia de las diferentes luchas, en los \u00faltimos meses se ha intensificado una campa\u00f1a de persecuci\u00f3n y criminalizaci\u00f3n contra CODECA. Esta campa\u00f1a sucia busca principalmente desvanecer la organizaci\u00f3n y trata de esconder la verdad y as\u00ed seguir saqueando los recursos naturales y violando los derechos individuales y colectivos del pueblo guatemalteco.<\/span><\/p>\n<blockquote>\n<p class=\"p1\"><span class=\"s1\"><b><i>\u2018Por la publicaci\u00f3n de un estudio sobre condiciones laborales agr\u00edcolas que muestra que en Guatemala miles de familias viven en condiciones de semi-esclavitud, el CACIF y la C\u00e1mara del Agro se\u00f1alaron a CODECA de estar en contra del desarrollo.\u2019<\/i><\/b><\/span><\/p>\n<\/blockquote>\n<p class=\"p5\"><span class=\"s1\">Por la publicaci\u00f3n de un estudio, disponible en nuestro sitio web, sobre condiciones laborales agr\u00edcolas que muestra que en Guatemala decenas de miles de familias viven en condiciones de semi-esclavitud, el CACIF (Comit\u00e9 Coordinador de Asociaciones Agr\u00edcolas, Comerciales, Industriales y Financieras) y la C\u00e1mara del Agro se\u00f1alaron a CODECA de estar en contra del desarrollo y la inversi\u00f3n privada. Adem\u00e1s, los 117 investigadores comunitarios voluntarios sufrieron alg\u00fan tipo de persecuci\u00f3n por haber participado en la investigaci\u00f3n y socializaci\u00f3n de esa realidad. De ellos, dos fueron asesinados. Los dos tuvieron amenazas previas v\u00eda telef\u00f3nica donde se les advirti\u00f3 de no meterse en \u2018babosadas.\u2019 Ambos siempre ejercieron un liderazgo comunitario en CODECA. Enrique fue ahorcado cerca de su casa en Huehuetenango. H\u00e9ctor fue degollado en su casa frente a su familia. Entremundos no publica los apellidos por razones de seguridad.<\/span><\/p>\n<p class=\"p5\"><span class=\"s1\">Ante la privatizaci\u00f3n de la energ\u00eda el\u00e9ctrica, varias comunidades miembras y no miembras de CODECA se encuentran en resistencia exigiendo nacionalizaci\u00f3n para no tener que pagar montos abusivos a empresas extranjeras o de la oligarqu\u00eda guatemalteca para la electricidad, un derecho fundamental. Ante esta lucha comunitaria amplia, CODECA ha pedido p\u00fablicamente al gobierno de Guatemala que atienda esa demanda de la poblaci\u00f3n. La respuesta estatal ha sido de se\u00f1alamientos infundados y amenazas p\u00fablicas por parte del Presidente, Vicepresidenta y Ministro de Gobernaci\u00f3n diciendo que emitir\u00e1n ordenes de captura contra toda la dirigencia de CODECA, as\u00ed como una campa\u00f1a sucia de difamaci\u00f3n por parte de la empresa distribuidora de energ\u00eda el\u00e9ctrica, Energuate, cuyo due\u00f1o mayoritario es la firma inglesa <i>Actis Capital.<\/i><\/span><\/p>\n<p class=\"p5\"><span class=\"s1\">Por la resistencia comunitaria exigiendo el derecho a la energ\u00eda el\u00e9ctrica, as\u00ed como por las luchas por el derecho a la tierra y los salarios dignos en el campo, en el 2014 miembros de CODECA sufrieron tres asesinados, 68 heridos o agredidos, 44 encarcelados, y siete secuestrados, as\u00ed como cientos de amenazas. La persecuci\u00f3n estatal no ha sido \u00fanicamente iniciar proceso penal contra defensores\/as<span class=\"Apple-converted-space\">\u00a0 <\/span>de derechos humanos, sino tambi\u00e9n en contubernio con agentes privados quienes<span class=\"Apple-converted-space\">\u00a0 <\/span>secuestran, agreden y amenazan de muerte a defensores y luego los encarcelan.<\/span><\/p>\n<p class=\"p1\"><span class=\"s1\">En Marzo del 2014, un grupo armado, expresamente en defensa de los intereses de Energuate\/<i>Actis<\/i>, atac\u00f3 a miembros de CODECA quienes se encontraban en una reuni\u00f3n departamental de defensores comunitarios en la Aldea Cayuga, municipio de Morales Izabal.<span class=\"Apple-converted-space\">\u00a0 <\/span>Despu\u00e9s de haber agredido a varios defensores presentes (entre ellos varias mujeres, ni\u00f1os y ancianos), los hombres armados se llevaron a tres defensores, les dieron una golpiza, y les dejaron con las instituciones del estado (la Polic\u00eda Nacional Civil y el Ministerio P\u00fablico), qui\u00e9nes los encarcelaron por m\u00e1s de tres meses. Esos hombres armados siguen amedrentando a las comunidades organizadas diciendo que si siguen organizados los encarcelar\u00e1n o matar\u00e1n.<\/span><\/p>\n<p class=\"p1\"><span class=\"s1\">En Junio de 2014, agentes privados de ENERGUATE que se hicieron pasar por miembros de un COCODE secuestraron por cuatro horas l\u00edderes nacionales de CODECA (el coordinador nacional, la vicepresidenta y un defensor comunitario de CODECA) en Chiantla, Huehuetenango, y luego los entregaron a la polic\u00eda quienes en vez de liberarlos los encarcelaron. Estos defensores fueron ligados a proceso por los delitos de \u2018atentado contra la seguridad interna de la naci\u00f3n\u2019 y \u2018caso especial de estafa.\u2019 El juez no acept\u00f3 el recurso de Exhibici\u00f3n Personal a pesar que no hab\u00eda ninguna prueba de delito contra los defensores. Actualmente estos defensores se encuentran en libertad condicional, limitados sus derechos de organizaci\u00f3n, sus derechos pol\u00edticos y tambi\u00e9n de locomoci\u00f3n fuera del per\u00edmetro departamental y en espera de audiencia para debate programada para el febrero del 2016.<\/span><\/p>\n<p class=\"p1\"><span class=\"s1\">El 15 de Agosto de 2014, parte de un grupo de m\u00e1s de 1000 polic\u00edas dispararon contra una manifestaci\u00f3n que bloqueaba la ruta que tomaba la polic\u00eda despu\u00e9s de arrestar a varios vecinos por su supuesto involucramiento con CODECA. Asesinaron a balazos a tres defensores comunitarios y encarcelaron a otros 22 en la aldea Semococh, Alta Verapaz. Durante este ataque tambi\u00e9n resultaron heridas otras 65 personas. Hasta la fecha las personas que fueron encarceladas est\u00e1n en libertad condicional y ligadas a procesos en su contra.<\/span><\/p>\n<p class=\"p1\"><span class=\"s1\">Ante la ola desatada de persecuci\u00f3n y criminalizaci\u00f3n contra defensores\/as de los derechos humanos, CODECA ha buscado mecanismos de protecci\u00f3n y autoprotecci\u00f3n para quienes luchan por defender los derechos desde las comunidades.<\/span><\/p>\n<p class=\"p1\"><span class=\"s1\">Organizamos una red de defensores comunitarios para la protecci\u00f3n y autoprotecci\u00f3n. Esta red empez\u00f3 a integrarse a finales del 2013 y fue fortaleci\u00e9ndose en todo el a\u00f1o 2014. La finalidad de la red es proteger los defensores de derechos humanos desde las comunidades, teniendo como primer punto de apoyo la comunidad. En el 2014 se integraron 11 puntos focales o microrregiones quienes ha trabajado en un diagnostico en su microrregi\u00f3n para identificar sus debilidades, amenazas, fortalezas y actores en apoyo. Elaboramos y socializamos una gu\u00eda para defensores\/as comunitarios basada en la experiencia y elaborado de manera participativa local. La gu\u00eda es una herramienta que identifica como debe de ser un defensor de derechos humanos y las medidas de precauci\u00f3n que este debe protegerse y auto protegerse. Hacemos capacitaciones en derechos humanos mediante jornadas participativas para generar capacidades locales y dar a conocer leyes y convenios internacionales que amparan en teor\u00eda nuestros derechos y organizaciones. Principalmente se ha enfocado en el c\u00f3digo de trabajo y el convenio 169 de la Organizaci\u00f3n Internacional de Trabajo.<\/span><\/p>\n<p class=\"p1\"><span class=\"s1\">CODECA se ha unido a otras redes nacionales para la denuncia de la represi\u00f3n contra los defensores. Este esfuerzo ha dado como resultado la denuncia de alungos casos y ha hecho que varias misiones nacionales e internacionales investiguen los casos, visiten a los defensores encarcelados y con ello se ha generado presi\u00f3n sobre el gobierno de Guatemala para frenar un poco la persecuci\u00f3n.<\/span><\/p>\n<p class=\"p1\">\n","protected":false},"excerpt":{"rendered":"<p>Por Leiria Vay, comunicadora de Codeca &#8212; Amenazar y asesinar es un mecanismo para generar terror y dudas, que en Guatemala no solo es historia, sino pr\u00e1cticas que siguen vigentes y que cada d\u00eda dejan m\u00e1s v\u00edctimas en el pueblo Guatemalteco. Los sectores de poder, con la participaci\u00f3n o en contubernio con las mismas autoridades [&hellip;]<\/p>\n","protected":false},"author":1,"featured_media":626,"comment_status":"closed","ping_status":"open","sticky":false,"template":"","format":"standard","meta":{"_exactmetrics_skip_tracking":false,"_exactmetrics_sitenote_active":false,"_exactmetrics_sitenote_note":"","_exactmetrics_sitenote_category":0,"jetpack_post_was_ever_published":false,"_jetpack_newsletter_access":"","_jetpack_dont_email_post_to_subs":false,"_jetpack_newsletter_tier_id":0,"_jetpack_memberships_contains_paywalled_content":false,"_jetpack_memberships_contains_paid_content":false,"footnotes":""},"categories":[402,378],"tags":[],"class_list":["post-625","post","type-post","status-publish","format-standard","has-post-thumbnail","hentry","category-accion-comunitaria-3","category-politica"],"jetpack_featured_media_url":"https:\/\/i0.wp.com\/www.entremundos.org\/revista\/wp-content\/uploads\/2015\/03\/codecasemocochii.jpg?fit=960%2C640&ssl=1","jetpack_shortlink":"https:\/\/wp.me\/p7ljt7-a5","jetpack-related-posts":[{"id":4074,"url":"https:\/\/www.entremundos.org\/revista\/politics\/another-activist-is-murdered-in-guatemala-luis-marroquin-codeca-regional-coordinator\/?lang=en","url_meta":{"origin":625,"position":0},"title":"Another activist is murdered in Guatemala: Luis Marroqu\u00edn &#8211; Codeca regional coordinator","author":"EntreMundos","date":"10 mayo, 2018","format":false,"excerpt":"Luis Marroqu\u00edn was murdered on May 9 in San Luis Jilotepeque, Jalapa, Guatemala. He was the regional coordinator for Guatemala's eastern region of the Committee for Campesino Development (Codeca), a national grassroots organization. The image above reads: \"Luis Arturo Marroqu\u00edn, a Codeca human rights defender, was murdered. Onward to victory\u2026","rel":"","context":"En \u00abFrontPage\u00bb","block_context":{"text":"FrontPage","link":"https:\/\/www.entremundos.org\/revista\/category\/frontpage-en\/?lang=en"},"img":{"alt_text":"","src":"https:\/\/i0.wp.com\/www.entremundos.org\/revista\/wp-content\/uploads\/2018\/05\/img-20180509-wa0000.jpg?fit=1144%2C1144&ssl=1&resize=350%2C200","width":350,"height":200,"srcset":"https:\/\/i0.wp.com\/www.entremundos.org\/revista\/wp-content\/uploads\/2018\/05\/img-20180509-wa0000.jpg?fit=1144%2C1144&ssl=1&resize=350%2C200 1x, https:\/\/i0.wp.com\/www.entremundos.org\/revista\/wp-content\/uploads\/2018\/05\/img-20180509-wa0000.jpg?fit=1144%2C1144&ssl=1&resize=525%2C300 1.5x, https:\/\/i0.wp.com\/www.entremundos.org\/revista\/wp-content\/uploads\/2018\/05\/img-20180509-wa0000.jpg?fit=1144%2C1144&ssl=1&resize=700%2C400 2x, https:\/\/i0.wp.com\/www.entremundos.org\/revista\/wp-content\/uploads\/2018\/05\/img-20180509-wa0000.jpg?fit=1144%2C1144&ssl=1&resize=1050%2C600 3x"},"classes":[]},{"id":4151,"url":"https:\/\/www.entremundos.org\/revista\/politics\/community-action-en-2\/the-work-of-assassinated-codeca-leader-luis-marroquin\/?lang=en","url_meta":{"origin":625,"position":1},"title":"The work of assassinated CODECA leader Luis Marroqu\u00edn","author":"EntreMundos","date":"16 junio, 2018","format":"video","excerpt":"Learn about the work of Luis Marroqu\u00edn, a Xinca organizer from Jalapa, Guatemala, who was the Jalapa regional coordinator of the Committee for Campesino Development (CODECA). He was killed on May 9, 2018, one of seven indigenous human rights activists murdered in 30 days in Guatemala. CODECA is best known\u2026","rel":"","context":"En \u00abCommunity Action\u00bb","block_context":{"text":"Community Action","link":"https:\/\/www.entremundos.org\/revista\/category\/politics\/community-action-en-2\/?lang=en"},"img":{"alt_text":"","src":"https:\/\/i0.wp.com\/www.entremundos.org\/revista\/wp-content\/uploads\/2018\/05\/sam_1092.jpg?fit=1200%2C900&ssl=1&resize=350%2C200","width":350,"height":200,"srcset":"https:\/\/i0.wp.com\/www.entremundos.org\/revista\/wp-content\/uploads\/2018\/05\/sam_1092.jpg?fit=1200%2C900&ssl=1&resize=350%2C200 1x, https:\/\/i0.wp.com\/www.entremundos.org\/revista\/wp-content\/uploads\/2018\/05\/sam_1092.jpg?fit=1200%2C900&ssl=1&resize=525%2C300 1.5x, https:\/\/i0.wp.com\/www.entremundos.org\/revista\/wp-content\/uploads\/2018\/05\/sam_1092.jpg?fit=1200%2C900&ssl=1&resize=700%2C400 2x, https:\/\/i0.wp.com\/www.entremundos.org\/revista\/wp-content\/uploads\/2018\/05\/sam_1092.jpg?fit=1200%2C900&ssl=1&resize=1050%2C600 3x"},"classes":[]},{"id":2505,"url":"https:\/\/www.entremundos.org\/revista\/politics\/repression-against-codeca-the-criminalization-of-organization\/?lang=en","url_meta":{"origin":625,"position":2},"title":"Repression against CODECA: The criminalization of\u00a0organization","author":"EntreMundos","date":"31 marzo, 2016","format":false,"excerpt":"By Leiria Vay -- Comunicadora social de CODECA EM: See the Editorial Note for context. Threats and murder sow terror and uncertainty, and in Guatemala, these don\u2019t just belong to the past, but are current practices that every day leave more victims in Guatemala. The elite, with the participation or\u2026","rel":"","context":"En \u00abCommunity Action\u00bb","block_context":{"text":"Community Action","link":"https:\/\/www.entremundos.org\/revista\/category\/politics\/community-action-en-2\/?lang=en"},"img":{"alt_text":"","src":"https:\/\/i0.wp.com\/www.entremundos.org\/revista\/wp-content\/uploads\/2015\/03\/codecasemocochii.jpg?fit=960%2C640&ssl=1&resize=350%2C200","width":350,"height":200,"srcset":"https:\/\/i0.wp.com\/www.entremundos.org\/revista\/wp-content\/uploads\/2015\/03\/codecasemocochii.jpg?fit=960%2C640&ssl=1&resize=350%2C200 1x, https:\/\/i0.wp.com\/www.entremundos.org\/revista\/wp-content\/uploads\/2015\/03\/codecasemocochii.jpg?fit=960%2C640&ssl=1&resize=525%2C300 1.5x, https:\/\/i0.wp.com\/www.entremundos.org\/revista\/wp-content\/uploads\/2015\/03\/codecasemocochii.jpg?fit=960%2C640&ssl=1&resize=700%2C400 2x"},"classes":[]},{"id":6089,"url":"https:\/\/www.entremundos.org\/revista\/economy\/megaprojects\/repression-against-good-living-the-struggle-of-human-rights-defenders\/?lang=en","url_meta":{"origin":625,"position":3},"title":"REPRESSION AGAINST GOOD LIVING. The struggle of human rights defenders","author":"EntreMundos","date":"23 enero, 2020","format":false,"excerpt":"By: Leiria Vay Between 2018 and 2019, 16 human rights defenders who exercised leadership in different organizational structures of the Farmers Development Committee (Comit\u00e9 de Desarrollo Campesino, CODECA) were assassinated. All of them worked to defend the individual and collective rights of peoples in the territory and communities. Two of\u2026","rel":"","context":"En \u00abCommunity Action\u00bb","block_context":{"text":"Community Action","link":"https:\/\/www.entremundos.org\/revista\/category\/politics\/community-action-en-2\/?lang=en"},"img":{"alt_text":"","src":"https:\/\/i0.wp.com\/www.entremundos.org\/revista\/wp-content\/uploads\/2020\/01\/4-imagen-art-codeca.jpg?fit=960%2C640&ssl=1&resize=350%2C200","width":350,"height":200,"srcset":"https:\/\/i0.wp.com\/www.entremundos.org\/revista\/wp-content\/uploads\/2020\/01\/4-imagen-art-codeca.jpg?fit=960%2C640&ssl=1&resize=350%2C200 1x, https:\/\/i0.wp.com\/www.entremundos.org\/revista\/wp-content\/uploads\/2020\/01\/4-imagen-art-codeca.jpg?fit=960%2C640&ssl=1&resize=525%2C300 1.5x, https:\/\/i0.wp.com\/www.entremundos.org\/revista\/wp-content\/uploads\/2020\/01\/4-imagen-art-codeca.jpg?fit=960%2C640&ssl=1&resize=700%2C400 2x"},"classes":[]},{"id":6987,"url":"https:\/\/www.entremundos.org\/revista\/economy\/megaprojects\/fidel-lopez-was-murdered-member-of-codeca-in-morales-izabal\/?lang=en","url_meta":{"origin":625,"position":4},"title":"Fidel L\u00f3pez, member of CODECA in Morales Izabal was murdered","author":"EntreMundos","date":"24 junio, 2020","format":false,"excerpt":"By: Entremundos On June 23th, Fidel L\u00f3pez was assasinated, he was 55 years old, born in the community San Vicente de Paul, Morales Izabal and member of CODECA Peasant Development Committee. Several bullet wounds shot by a man from a motorcycle killed him. The murder occurred at four in the\u2026","rel":"","context":"En \u00abCommunity Action\u00bb","block_context":{"text":"Community Action","link":"https:\/\/www.entremundos.org\/revista\/category\/politics\/community-action-en-2\/?lang=en"},"img":{"alt_text":"","src":"https:\/\/i0.wp.com\/www.entremundos.org\/revista\/wp-content\/uploads\/2020\/06\/14650773_196276784143656_218980587454442380_n.png?fit=884%2C611&ssl=1&resize=350%2C200","width":350,"height":200,"srcset":"https:\/\/i0.wp.com\/www.entremundos.org\/revista\/wp-content\/uploads\/2020\/06\/14650773_196276784143656_218980587454442380_n.png?fit=884%2C611&ssl=1&resize=350%2C200 1x, https:\/\/i0.wp.com\/www.entremundos.org\/revista\/wp-content\/uploads\/2020\/06\/14650773_196276784143656_218980587454442380_n.png?fit=884%2C611&ssl=1&resize=525%2C300 1.5x, https:\/\/i0.wp.com\/www.entremundos.org\/revista\/wp-content\/uploads\/2020\/06\/14650773_196276784143656_218980587454442380_n.png?fit=884%2C611&ssl=1&resize=700%2C400 2x"},"classes":[]},{"id":2637,"url":"https:\/\/www.entremundos.org\/revista\/politics\/energuate-and-codeca\/?lang=en","url_meta":{"origin":625,"position":5},"title":"Energuate and CODECA","author":"EntreMundos","date":"12 mayo, 2016","format":false,"excerpt":"By EntreMundos The controversy over electricity is one of the most important in Guatemala, though it does not affect the country\u2019s largest cities. One on side, Energuate and the government say that customers who are \u2018in resistance\u2019 are stealing electricity through illegal connections that are responsible for poor service and\u2026","rel":"","context":"En \u00abCommunity Action\u00bb","block_context":{"text":"Community Action","link":"https:\/\/www.entremundos.org\/revista\/category\/politics\/community-action-en-2\/?lang=en"},"img":{"alt_text":"","src":"https:\/\/i0.wp.com\/www.entremundos.org\/revista\/wp-content\/uploads\/2015\/03\/plantoncortesupremadejusticia.jpg?fit=960%2C720&ssl=1&resize=350%2C200","width":350,"height":200,"srcset":"https:\/\/i0.wp.com\/www.entremundos.org\/revista\/wp-content\/uploads\/2015\/03\/plantoncortesupremadejusticia.jpg?fit=960%2C720&ssl=1&resize=350%2C200 1x, https:\/\/i0.wp.com\/www.entremundos.org\/revista\/wp-content\/uploads\/2015\/03\/plantoncortesupremadejusticia.jpg?fit=960%2C720&ssl=1&resize=525%2C300 1.5x, https:\/\/i0.wp.com\/www.entremundos.org\/revista\/wp-content\/uploads\/2015\/03\/plantoncortesupremadejusticia.jpg?fit=960%2C720&ssl=1&resize=700%2C400 2x"},"classes":[]}],"jetpack_sharing_enabled":true,"_links":{"self":[{"href":"https:\/\/www.entremundos.org\/revista\/wp-json\/wp\/v2\/posts\/625","targetHints":{"allow":["GET"]}}],"collection":[{"href":"https:\/\/www.entremundos.org\/revista\/wp-json\/wp\/v2\/posts"}],"about":[{"href":"https:\/\/www.entremundos.org\/revista\/wp-json\/wp\/v2\/types\/post"}],"author":[{"embeddable":true,"href":"https:\/\/www.entremundos.org\/revista\/wp-json\/wp\/v2\/users\/1"}],"replies":[{"embeddable":true,"href":"https:\/\/www.entremundos.org\/revista\/wp-json\/wp\/v2\/comments?post=625"}],"version-history":[{"count":5,"href":"https:\/\/www.entremundos.org\/revista\/wp-json\/wp\/v2\/posts\/625\/revisions"}],"predecessor-version":[{"id":4070,"href":"https:\/\/www.entremundos.org\/revista\/wp-json\/wp\/v2\/posts\/625\/revisions\/4070"}],"wp:featuredmedia":[{"embeddable":true,"href":"https:\/\/www.entremundos.org\/revista\/wp-json\/wp\/v2\/media\/626"}],"wp:attachment":[{"href":"https:\/\/www.entremundos.org\/revista\/wp-json\/wp\/v2\/media?parent=625"}],"wp:term":[{"taxonomy":"category","embeddable":true,"href":"https:\/\/www.entremundos.org\/revista\/wp-json\/wp\/v2\/categories?post=625"},{"taxonomy":"post_tag","embeddable":true,"href":"https:\/\/www.entremundos.org\/revista\/wp-json\/wp\/v2\/tags?post=625"}],"curies":[{"name":"wp","href":"https:\/\/api.w.org\/{rel}","templated":true}]}}