{"id":6345,"date":"2020-03-06T12:35:34","date_gmt":"2020-03-06T20:35:34","guid":{"rendered":"http:\/\/www.entremundos.org\/revista\/?p=6345"},"modified":"2020-03-06T12:40:58","modified_gmt":"2020-03-06T20:40:58","slug":"15-datos-sobre-energia-electricidad-e-hidroelectricas-en-guatemala","status":"publish","type":"post","link":"https:\/\/www.entremundos.org\/revista\/medio-ambiente\/15-datos-sobre-energia-electricidad-e-hidroelectricas-en-guatemala\/","title":{"rendered":"15 Datos sobre energ\u00eda, electricidad e hidroel\u00e9ctricas en Guatemala"},"content":{"rendered":"<p>Infograf\u00eda: Carol Ixtabal\u00e1n<\/p>\n","protected":false},"excerpt":{"rendered":"<p>Infograf\u00eda: Carol Ixtabal\u00e1n<\/p>\n","protected":false},"author":1,"featured_media":0,"comment_status":"closed","ping_status":"closed","sticky":false,"template":"","format":"standard","meta":{"_exactmetrics_skip_tracking":false,"_exactmetrics_sitenote_active":false,"_exactmetrics_sitenote_note":"","_exactmetrics_sitenote_category":0,"jetpack_post_was_ever_published":false,"_jetpack_newsletter_access":"","_jetpack_dont_email_post_to_subs":false,"_jetpack_newsletter_tier_id":0,"_jetpack_memberships_contains_paywalled_content":false,"_jetpack_memberships_contains_paid_content":false,"footnotes":""},"categories":[384,399,406,398,1772],"tags":[1952,1951,1958,55,1950,1953,1956,1954,1957,1955],"class_list":["post-6345","post","type-post","status-publish","format-standard","hentry","category-medio-ambiente","category-megaproyectos","category-megaproyectos-2","category-rios","category-situacion-social","tag-conflictos-hidroelectricas","tag-eegsa","tag-energia-guatemala","tag-energuate","tag-hidroelectricas-guatemala","tag-hidroelectricas-ventajas-y-desventajas","tag-las-hidroelectricas-contaminan","tag-las-hidroelectricas-son-buenas","tag-las-hidroelectricas-son-energia-renovable","tag-las-hidroelectricas-son-malas"],"jetpack_featured_media_url":"","jetpack_shortlink":"https:\/\/wp.me\/p7ljt7-1El","jetpack-related-posts":[{"id":6401,"url":"https:\/\/www.entremundos.org\/revista\/economy\/megaprojects\/deconstructing-the-meaning-of-renewable\/?lang=en","url_meta":{"origin":6345,"position":0},"title":"Deconstructing the meaning of \u201crenewable\u201d","author":"Majo Recinos","date":"15 marzo, 2020","format":false,"excerpt":"By: Diana Pastor Recently, I read an interesting article on the portal SciDev.Net about science and technology for global development. The article, titled \u201cLas hidroel\u00e9ctricas \u00bfcalifican como energ\u00eda renovable?\u201d (Dams: do they count as renewable energy?), mentions that when hydroelectric energy goes from being a necessity to a tradeable commodity\u2026","rel":"","context":"En \u00abClimate Change\u00bb","block_context":{"text":"Climate Change","link":"https:\/\/www.entremundos.org\/revista\/category\/environment\/climate-change\/?lang=en"},"img":{"alt_text":"","src":"https:\/\/i0.wp.com\/www.entremundos.org\/revista\/wp-content\/uploads\/2020\/03\/20-deconstruyendo.jpg?fit=604%2C481&ssl=1&resize=350%2C200","width":350,"height":200,"srcset":"https:\/\/i0.wp.com\/www.entremundos.org\/revista\/wp-content\/uploads\/2020\/03\/20-deconstruyendo.jpg?fit=604%2C481&ssl=1&resize=350%2C200 1x, https:\/\/i0.wp.com\/www.entremundos.org\/revista\/wp-content\/uploads\/2020\/03\/20-deconstruyendo.jpg?fit=604%2C481&ssl=1&resize=525%2C300 1.5x"},"classes":[]},{"id":10577,"url":"https:\/\/www.entremundos.org\/revista\/economy\/defending-territory-is-not-a-crime\/?lang=en","url_meta":{"origin":6345,"position":1},"title":"Defending Territory Is Not a Crime","author":"EntreMundos","date":"8 marzo, 2023","format":false,"excerpt":"By Emma G\u00f3mez and Mar\u00eda Longo Protecting the earth's natural resources, the community's assets has sent many a Guatemalan leader to prison.\u00a0\u00a0 According to UDEFEGUA (Protective Union for Human Rights Advocates in Guatemala) the number of reported assaults against human rights advocates between January and June 2020 rose to 677.\u00a0\u2026","rel":"","context":"En \u00abAccomodation\u00bb","block_context":{"text":"Accomodation","link":"https:\/\/www.entremundos.org\/revista\/category\/accomodation-in-xela\/?lang=en"},"img":{"alt_text":"","src":"https:\/\/i0.wp.com\/www.entremundos.org\/revista\/wp-content\/uploads\/2023\/03\/plantilla-collage-dia-del-mujer-em-.png?fit=1200%2C960&ssl=1&resize=350%2C200","width":350,"height":200,"srcset":"https:\/\/i0.wp.com\/www.entremundos.org\/revista\/wp-content\/uploads\/2023\/03\/plantilla-collage-dia-del-mujer-em-.png?fit=1200%2C960&ssl=1&resize=350%2C200 1x, https:\/\/i0.wp.com\/www.entremundos.org\/revista\/wp-content\/uploads\/2023\/03\/plantilla-collage-dia-del-mujer-em-.png?fit=1200%2C960&ssl=1&resize=525%2C300 1.5x, https:\/\/i0.wp.com\/www.entremundos.org\/revista\/wp-content\/uploads\/2023\/03\/plantilla-collage-dia-del-mujer-em-.png?fit=1200%2C960&ssl=1&resize=700%2C400 2x, https:\/\/i0.wp.com\/www.entremundos.org\/revista\/wp-content\/uploads\/2023\/03\/plantilla-collage-dia-del-mujer-em-.png?fit=1200%2C960&ssl=1&resize=1050%2C600 3x"},"classes":[]},{"id":10580,"url":"https:\/\/www.entremundos.org\/revista\/politica\/desalojos-aumentan-durante-el-gobierno-de-alejandro-giammattei\/","url_meta":{"origin":6345,"position":2},"title":"Desalojos aumentan durante el gobierno de Alejandro Giammattei","author":"EntreMundos","date":"8 marzo, 2023","format":false,"excerpt":"Por Gilberto Escobar\u00a0 En Guatemala, durante los \u00faltimos a\u00f1os, los desalojos han ido en aumento y se han dado en dos modalidades: los desalojos legales que tienen una orden judicial y los extrajudiciales, los que\u00a0 no van acompa\u00f1ados de ninguna orden de un juez y que ocurren\u00a0 en horas de\u2026","rel":"","context":"En \u00abBosques\u00bb","block_context":{"text":"Bosques","link":"https:\/\/www.entremundos.org\/revista\/category\/medio-ambiente\/bosques\/"},"img":{"alt_text":"","src":"https:\/\/i0.wp.com\/www.entremundos.org\/revista\/wp-content\/uploads\/2023\/03\/portada.jpg?fit=1024%2C768&ssl=1&resize=350%2C200","width":350,"height":200,"srcset":"https:\/\/i0.wp.com\/www.entremundos.org\/revista\/wp-content\/uploads\/2023\/03\/portada.jpg?fit=1024%2C768&ssl=1&resize=350%2C200 1x, https:\/\/i0.wp.com\/www.entremundos.org\/revista\/wp-content\/uploads\/2023\/03\/portada.jpg?fit=1024%2C768&ssl=1&resize=525%2C300 1.5x, https:\/\/i0.wp.com\/www.entremundos.org\/revista\/wp-content\/uploads\/2023\/03\/portada.jpg?fit=1024%2C768&ssl=1&resize=700%2C400 2x"},"classes":[]},{"id":13250,"url":"https:\/\/www.entremundos.org\/revista\/politica\/pymes-migracion-y-el-reto-de-la-informalidad-en-guatemala-una-economia-que-resiste-desde-abajo\/","url_meta":{"origin":6345,"position":3},"title":"PYMES, migraci\u00f3n y el reto de la informalidad en Guatemala: Una econom\u00eda que resiste desde abajo","author":"EntreMundos","date":"17 septiembre, 2025","format":false,"excerpt":"Por Alexander Castillo Este art\u00edculo analiza el papel crucial que juegan las Peque\u00f1as y Medianas Empresas (PYMES) y la migraci\u00f3n en la econom\u00eda guatemalteca. Con base en datos actuales, se resalta que m\u00e1s del 90\u202f% de las empresas del pa\u00eds son peque\u00f1as o medianas, y que las remesas representan cerca\u2026","rel":"","context":"En \u00abFrontPage\u00bb","block_context":{"text":"FrontPage","link":"https:\/\/www.entremundos.org\/revista\/category\/frontpage\/"},"img":{"alt_text":"","src":"","width":0,"height":0},"classes":[]},{"id":2353,"url":"https:\/\/www.entremundos.org\/revista\/economy\/alternative-economy\/the-path-of-light-a-community-fight-for-electricity\/?lang=en","url_meta":{"origin":6345,"position":4},"title":"The path of light: A community fight for equitable electricity","author":"EntreMundos","date":"10 marzo, 2016","format":false,"excerpt":"Cover photo: Community members\u00a0at the reopening of the press center in Uspant\u00e1n, Zona Reina, Quich\u00e9, Guatemala. By Luc\u00eda Escobar @luchalibre\u00a0 To turn the lights on and off, to move a switch up and down is so easy that we do it without thinking, many times a day, without imagining that\u2026","rel":"","context":"En \u00abAlternative Economy\u00bb","block_context":{"text":"Alternative Economy","link":"https:\/\/www.entremundos.org\/revista\/category\/economy\/alternative-economy\/?lang=en"},"img":{"alt_text":"","src":"https:\/\/i0.wp.com\/www.entremundos.org\/revista\/wp-content\/uploads\/2015\/07\/reapertura-prensa-1.jpg?fit=720%2C480&ssl=1&resize=350%2C200","width":350,"height":200,"srcset":"https:\/\/i0.wp.com\/www.entremundos.org\/revista\/wp-content\/uploads\/2015\/07\/reapertura-prensa-1.jpg?fit=720%2C480&ssl=1&resize=350%2C200 1x, https:\/\/i0.wp.com\/www.entremundos.org\/revista\/wp-content\/uploads\/2015\/07\/reapertura-prensa-1.jpg?fit=720%2C480&ssl=1&resize=525%2C300 1.5x, https:\/\/i0.wp.com\/www.entremundos.org\/revista\/wp-content\/uploads\/2015\/07\/reapertura-prensa-1.jpg?fit=720%2C480&ssl=1&resize=700%2C400 2x"},"classes":[]},{"id":12859,"url":"https:\/\/www.entremundos.org\/revista\/politica\/mujeres-indigenas-y-rurales-en-defensa-del-territorio-frente-al-extractivismo-en-guatemala\/","url_meta":{"origin":6345,"position":5},"title":"Mujeres ind\u00edgenas y rurales en defensa del territorio frente al extractivismo en Guatemala","author":"EntreMundos","date":"21 mayo, 2025","format":false,"excerpt":"Por Asociadas Por lo Justo (JASS) Este es un resumen de un mapeo realizado por JASS, para compartir sus an\u00e1lisis, sus luchas y los impactos en sus vidas. El objetivo es contar las luchas por el territorio frente al extractivismo en Guatemala e identificar el papel y el impacto en\u2026","rel":"","context":"En \u00abFrontPage\u00bb","block_context":{"text":"FrontPage","link":"https:\/\/www.entremundos.org\/revista\/category\/frontpage\/"},"img":{"alt_text":"","src":"https:\/\/i0.wp.com\/www.entremundos.org\/revista\/wp-content\/uploads\/2025\/05\/2-scaled.png?fit=1200%2C843&ssl=1&resize=350%2C200","width":350,"height":200,"srcset":"https:\/\/i0.wp.com\/www.entremundos.org\/revista\/wp-content\/uploads\/2025\/05\/2-scaled.png?fit=1200%2C843&ssl=1&resize=350%2C200 1x, https:\/\/i0.wp.com\/www.entremundos.org\/revista\/wp-content\/uploads\/2025\/05\/2-scaled.png?fit=1200%2C843&ssl=1&resize=525%2C300 1.5x, https:\/\/i0.wp.com\/www.entremundos.org\/revista\/wp-content\/uploads\/2025\/05\/2-scaled.png?fit=1200%2C843&ssl=1&resize=700%2C400 2x, https:\/\/i0.wp.com\/www.entremundos.org\/revista\/wp-content\/uploads\/2025\/05\/2-scaled.png?fit=1200%2C843&ssl=1&resize=1050%2C600 3x"},"classes":[]}],"jetpack_sharing_enabled":true,"_links":{"self":[{"href":"https:\/\/www.entremundos.org\/revista\/wp-json\/wp\/v2\/posts\/6345","targetHints":{"allow":["GET"]}}],"collection":[{"href":"https:\/\/www.entremundos.org\/revista\/wp-json\/wp\/v2\/posts"}],"about":[{"href":"https:\/\/www.entremundos.org\/revista\/wp-json\/wp\/v2\/types\/post"}],"author":[{"embeddable":true,"href":"https:\/\/www.entremundos.org\/revista\/wp-json\/wp\/v2\/users\/1"}],"replies":[{"embeddable":true,"href":"https:\/\/www.entremundos.org\/revista\/wp-json\/wp\/v2\/comments?post=6345"}],"version-history":[{"count":2,"href":"https:\/\/www.entremundos.org\/revista\/wp-json\/wp\/v2\/posts\/6345\/revisions"}],"predecessor-version":[{"id":6351,"href":"https:\/\/www.entremundos.org\/revista\/wp-json\/wp\/v2\/posts\/6345\/revisions\/6351"}],"wp:attachment":[{"href":"https:\/\/www.entremundos.org\/revista\/wp-json\/wp\/v2\/media?parent=6345"}],"wp:term":[{"taxonomy":"category","embeddable":true,"href":"https:\/\/www.entremundos.org\/revista\/wp-json\/wp\/v2\/categories?post=6345"},{"taxonomy":"post_tag","embeddable":true,"href":"https:\/\/www.entremundos.org\/revista\/wp-json\/wp\/v2\/tags?post=6345"}],"curies":[{"name":"wp","href":"https:\/\/api.w.org\/{rel}","templated":true}]}}