{"id":6352,"date":"2020-03-07T22:03:04","date_gmt":"2020-03-08T06:03:04","guid":{"rendered":"http:\/\/www.entremundos.org\/revista\/?p=6352"},"modified":"2020-03-07T22:05:46","modified_gmt":"2020-03-08T06:05:46","slug":"mujeres-recuperando-las-diosas-en-nosotras","status":"publish","type":"post","link":"https:\/\/www.entremundos.org\/revista\/mujer\/mujeres-recuperando-las-diosas-en-nosotras\/","title":{"rendered":"Mujeres&#8230;recuperando Las Diosas en Nosotras"},"content":{"rendered":"<p>Acompa\u00f1ando a ni\u00f1as, adolescentes y mujeres (en su mayor\u00eda en condiciones de desigualdad y violencia) en diversos procesos para su sanaci\u00f3n y recuperaci\u00f3n de su poder en Guatemala, me pregunto frecuentemente&#8230; \u00bfen qu\u00e9 momento las mujeres pasamos de ser diosas y seres sagrados y de sabidur\u00eda, a ser oprimidas, excluidas y violentadas por raz\u00f3n de nacer mujeres? \u00a0\u00bfC\u00f3mo \u00e9ramos vistas anteriormente? Hoy, que es D\u00eda Internacional de la Mujer, quiero hablar sobre el poder que las mujeres han tenido en diversas culturas ancestrales y milenarias, es contrario a lo que sucede en nuestra era \u201cmoderna\u201d, pues esas diosas internas de cada mujer est\u00e1n atrapadas por una cultura machista y mis\u00f3gina.<\/p>\n<p><strong>Diosas, guerreras, sabias y abuelas<\/strong><\/p>\n<p>En las diferentes culturas y pueblos del mundo existe diversidad de mitolog\u00edas, narraciones, leyendas, historias donde las mujeres figuran desde diferentes roles. Por ser tan extensas, hablar\u00e9 s\u00f3lo sobre las mujeres o energ\u00edas femeninas que aportaron a la historia desde dos grandes civilizaciones: la maya y la griega.<\/p>\n<p>La mitolog\u00eda griega cita a doce diosas y dioses ol\u00edmpicos, de las cuales 6 son mujeres. Seg\u00fan los griegos estos dioses y diosas eran los y las m\u00e1s poderosas, y les llamaban ol\u00edmpicos porque se reun\u00edan en el Monte Olimpo, la monta\u00f1a m\u00e1s alta de Grecia para discutir sus asuntos.<\/p>\n<p>Las diosas del olimpo Atenea, Artemisa, Hestia, Afrodita, Hera y Dem\u00e9ter, como cita Jean Shinoda Bolen en su libro <em>Las diosas de cada mujer, <\/em>eran deidades veneradas sobre todo por las mujeres de la antigua Grecia; las vocaciones o funciones en sus vidas eran entregadas a cada diosa en particular.<\/p>\n<p><strong><em>Atenea <\/em><\/strong>diosa de la sabidur\u00eda, ciencias y estrategia. Personifica a las mujeres l\u00f3gicas, guiadas por la raz\u00f3n, equilibra la emocionalidad y el pensamiento. Inspira a mujeres lideresas, guerreras, estrategas pasando por lo pol\u00edtico, acad\u00e9mico, econ\u00f3mico y social.<\/p>\n<p><strong><em>Artemisa <\/em><\/strong>diosa de la caza y de la luna, personifica el esp\u00edritu femenino independiente, inspira a las mujeres a buscar sus propias metas en terrenos de elecci\u00f3n propia. Fue protectora de las j\u00f3venes, especialmente de adolescentes que sufr\u00edan violaciones constantes.<\/p>\n<p><strong><em>Hestia <\/em><\/strong>diosa del hogar, brinda un sentido de armon\u00eda, mantenedora del fuego en el templo, iluminadora espiritual y de sentido a la vida.<\/p>\n<p><strong><em>Afrodita <\/em><\/strong>diosa de la belleza, amor y sexualidad. Impulsa en las mujeres la creatividad, simboliza el poder transformador y creativo del amor.<\/p>\n<p><strong><em>Dem\u00e9ter <\/em><\/strong>representa a la madre que nutr\u00eda a todas las diosas, siendo protectora y generosa. Est\u00e1 asociada principalmente a la naturaleza, agricultura y fertilidad de la tierra, y es la portadora de las estaciones clim\u00e1ticas.<\/p>\n<p><strong><em>Hera <\/em><\/strong>diosa del matrimonio y el nacimiento, fuerza poderosa de alegr\u00eda y dolor, orientada al matrimonio, la uni\u00f3n de pareja, entregada al matrimonio, al esposo y a la vida conyugal.<\/p>\n<p>Las diosas nos son familiares no solo por tener atributos humanos, como emociones, conductas y apariencia f\u00edsica, sino por tener un valor arquet\u00edpico, es decir, simbolizan modelos del ser y hacer que reconocemos colectivamente de forma inconsciente. Las diosas representan diversidad, poder, antagonismo, particularidad, retos y desaf\u00edos.<\/p>\n<p>La presencia de las diosas y\/o energ\u00edas femeninas tambi\u00e9n se encuentran narradas desde la cosmogon\u00eda maya, en el Pop Vuh<em>. <\/em>Tres diosas principales son nombradas en <em>el Libro Sagrado de los Mayas, <\/em>Ixmukane, Ixchel e Ixquic; cada una ha ejercido sus dones en el mito de la creaci\u00f3n de la tierra y del ser humano. \u00a0Estas diosas son nombradas en ceremonias mayas, en procesos de sanaci\u00f3n e incluso, muchas mujeres las llevan por nombre.<\/p>\n<p><strong><em>Ixmukane<\/em><\/strong> diosa dadora de vida, diosa del ma\u00edz, bondadosa y amorosa. Se le atribuye la creaci\u00f3n del ser humano, junto a su compa\u00f1ero Ixpiyacoc. Ixmukane es considerada una de las abuelas m\u00e1s antiguas del tiempo maya.<\/p>\n<p><strong><em>Ixchel<\/em><\/strong> diosa de la luna, la fertilidad y el agua. Su energ\u00eda rige los nacimientos y teje los destinos, se le refiere como anciana de la luna creciente, la diosa Ixchel se manifiesta en cuatro colores rojo, morado, amarrillo y blanco, colores asociados a los cuatro rumbos del universo.<\/p>\n<p><strong><em>Ixquic<\/em><\/strong> representa la evoluci\u00f3n femenina, fuerza y vigor. El mito de la doncella del inframundo personifica la curiosidad de la diosa, ejemplifica el proceso de germinaci\u00f3n ascendiendo desde el inframundo a la superficie de la tierra.<\/p>\n<p>La cosmogon\u00eda maya ofrece una visi\u00f3n importante de la dualidad y la complementariedad, fuerzas opuestas que se atraen y se complementan, dos de estas fuerzas: la energ\u00eda femenina y masculina, vital para la creaci\u00f3n, armon\u00eda y equilibrio en el universo, adem\u00e1s de ser una propuesta clara de equidad hablando desde una perspectiva de g\u00e9nero.<\/p>\n<p><strong>\u00bfC\u00f3mo perdimos nuestros poderes?<\/strong><\/p>\n<p>Los mitos y narraciones de la vida de las diosas, nos invitan a reflexionar sobre la existencia de tiempos \u201cpre-patriarcales\u201d en donde los dioses hombres gobernaban la tierra, los cielos, mares y los dones y poderes de las diosas quedaban ligados principalmente a la familia, la sexualidad y la fecundidad. \u00a0Sin embargo, lo que hace poderosas a estas diosas, abuelas y\/o energ\u00edas femeninas es su rol fundamental en la creaci\u00f3n de la vida y no \u00fanicamente desde la fecundidad, va m\u00e1s all\u00e1, desde la creatividad, curiosidad, valor, fuerza, sacralidad, poder y adaptabilidad de cambiar el curso de su historia.<\/p>\n<p>Muchas diosas se encuentran atrapadas en mujeres por raz\u00f3n de estereotipos, prejuicios, violencias y desigualdades. Internamente reside una o varias diosas en cada mujer, sin embargo, el mundo externo machista y racista oprime y reprime los poderes de cada una de las diosas, afectando a nivel global la energ\u00eda, vida y aspiraciones de las mujeres, desde diferentes \u00e1ngulos como lo cultural, social, econ\u00f3mico, pol\u00edtico, profesional, acad\u00e9mico y espiritual.<\/p>\n<p><strong>\u00bfC\u00f3mo reconectarnos con nuestras diosas internas?<\/strong><\/p>\n<p>Me gustar\u00eda citar tres (de muchas) ideas principales que <em>Jean Shinoda Bolen <\/em>en su libro regala a todas las diosas en cada mujer:<\/p>\n<p>\u201c<em>Toda mujer tiene el papel fundamental en el desarrollo de la historia de su propia vida<\/em>\u201d. Esto quiere decir que el poder se recupera cuando se ejerce el derecho de decidir, y ese poder se hace m\u00e1s fuerte cuando se hace en colectividad, decidir desde las aspiraciones, sue\u00f1os y motivaciones propias y colectivas, en libertad, sin ataduras del \u201cqu\u00e9 dir\u00e1n\u201d o de los mandatos familiares e imaginarios desiguales del ser mujer; es decir, decidir desde el poder interior.<\/p>\n<p>\u201c<em>Las mujeres son protagonistas o hero\u00ednas de las historias de su propia vida\u201d. <\/em>Cada mujer vive realidades y condiciones de vida distintas, a muchas les toca ser hero\u00ednas, guerreras, creadoras, lideresas, sanadoras, etc. Por eso, es importante reconocer que podemos ser lo que queramos, manifestando el poder sagrado y ancestral que nos acompa\u00f1a.<\/p>\n<p><em>\u201cCuando las mujeres se vuelven conscientes de las fuerzas que influyen en ellas, ellas obtienen el poder que ese conocimiento proporciona\u201d<\/em> \u00bfQu\u00e9 modelos de mujeres les han influido? \u00bfSon conscientes de la diosa\/diosas internas que habitan en cada una? Reconocer a las diosas en las mujeres brinda un paradigma transformador y poderoso para comprenderse y verse a s\u00ed mismas como seres sagrados, valientes, fuertes\u2026<\/p>\n<p>Hist\u00f3ricamente las mujeres han enfrentado tiempos dif\u00edciles: femicidios, violencias, discriminaciones, exclusiones\u2026 \u00a0Por esta raz\u00f3n, te invito a que juntas cambiemos el discurso por guerreras, fuertes, poderosas, tomadoras de decisiones, creadoras y todos aquellos adjetivos que permitan conectar con las diosas de nuestro interior.<\/p>\n<p><em>Karen Legrand-M\u00e9ndez es Psic\u00f3loga Comunitaria y colaboradora frecuente de Revista EntreMundos.<\/em><\/p>\n<p>Foto de portada:\u00a0<a href=\"https:\/\/www.mitologia.info\/alom\/\">https:\/\/www.mitologia.info\/alom\/<\/a><\/p>\n","protected":false},"excerpt":{"rendered":"<p>Acompa\u00f1ando a ni\u00f1as, adolescentes y mujeres (en su mayor\u00eda en condiciones de desigualdad y violencia) en diversos procesos para su sanaci\u00f3n y recuperaci\u00f3n de su poder en Guatemala, me pregunto frecuentemente&#8230; \u00bfen qu\u00e9 momento las mujeres pasamos de ser diosas y seres sagrados y de sabidur\u00eda, a ser oprimidas, excluidas y violentadas por raz\u00f3n de [&hellip;]<\/p>\n","protected":false},"author":1,"featured_media":6353,"comment_status":"closed","ping_status":"closed","sticky":false,"template":"","format":"standard","meta":{"_exactmetrics_skip_tracking":false,"_exactmetrics_sitenote_active":false,"_exactmetrics_sitenote_note":"","_exactmetrics_sitenote_category":0,"jetpack_post_was_ever_published":false,"_jetpack_newsletter_access":"","_jetpack_dont_email_post_to_subs":false,"_jetpack_newsletter_tier_id":0,"_jetpack_memberships_contains_paywalled_content":false,"_jetpack_memberships_contains_paid_content":false,"footnotes":""},"categories":[388,386,454],"tags":[1960,1959,1963,1962,1964,1961],"class_list":["post-6352","post","type-post","status-publish","format-standard","has-post-thumbnail","hentry","category-cultura","category-mujer","category-pagetwo","tag-8-de-marzo","tag-dia-de-la-mujer","tag-diosas-mayas","tag-dioses-mayas","tag-jean-shinoda-bolen","tag-mujeres-guatemala"],"jetpack_featured_media_url":"https:\/\/i0.wp.com\/www.entremundos.org\/revista\/wp-content\/uploads\/2020\/03\/diosas-mayas-1.jpg?fit=736%2C506&ssl=1","jetpack_shortlink":"https:\/\/wp.me\/p7ljt7-1Es","jetpack-related-posts":[{"id":12859,"url":"https:\/\/www.entremundos.org\/revista\/politica\/mujeres-indigenas-y-rurales-en-defensa-del-territorio-frente-al-extractivismo-en-guatemala\/","url_meta":{"origin":6352,"position":0},"title":"Mujeres ind\u00edgenas y rurales en defensa del territorio frente al extractivismo en Guatemala","author":"EntreMundos","date":"21 mayo, 2025","format":false,"excerpt":"Por Asociadas Por lo Justo (JASS) Este es un resumen de un mapeo realizado por JASS, para compartir sus an\u00e1lisis, sus luchas y los impactos en sus vidas. El objetivo es contar las luchas por el territorio frente al extractivismo en Guatemala e identificar el papel y el impacto en\u2026","rel":"","context":"En \u00abFrontPage\u00bb","block_context":{"text":"FrontPage","link":"https:\/\/www.entremundos.org\/revista\/category\/frontpage\/"},"img":{"alt_text":"","src":"https:\/\/i0.wp.com\/www.entremundos.org\/revista\/wp-content\/uploads\/2025\/05\/2-scaled.png?fit=1200%2C843&ssl=1&resize=350%2C200","width":350,"height":200,"srcset":"https:\/\/i0.wp.com\/www.entremundos.org\/revista\/wp-content\/uploads\/2025\/05\/2-scaled.png?fit=1200%2C843&ssl=1&resize=350%2C200 1x, https:\/\/i0.wp.com\/www.entremundos.org\/revista\/wp-content\/uploads\/2025\/05\/2-scaled.png?fit=1200%2C843&ssl=1&resize=525%2C300 1.5x, https:\/\/i0.wp.com\/www.entremundos.org\/revista\/wp-content\/uploads\/2025\/05\/2-scaled.png?fit=1200%2C843&ssl=1&resize=700%2C400 2x, https:\/\/i0.wp.com\/www.entremundos.org\/revista\/wp-content\/uploads\/2025\/05\/2-scaled.png?fit=1200%2C843&ssl=1&resize=1050%2C600 3x"},"classes":[]},{"id":12224,"url":"https:\/\/www.entremundos.org\/revista\/mujer\/derechos-sexuales-y-reproductivos-tema-pendiente-en-guatemala\/","url_meta":{"origin":6352,"position":1},"title":"Derechos sexuales y reproductivos; tema pendiente en Guatemala","author":"EntreMundos","date":"15 julio, 2024","format":false,"excerpt":"POR EMMA G\u00d3MEZ Seg\u00fan La Organizaci\u00f3n de las Naciones Unidas de los Derechos Humanos, (ONU-DH), los derechos sexuales y reproductivos est\u00e1n relacionados con la libertad de las personas a decidir sobre su sexualidad y el ejercicio libre de la misma. Algunos derechos pueden ser; ejercer la sexualidad de manera independiente\u2026","rel":"","context":"En \u00abFrontPage\u00bb","block_context":{"text":"FrontPage","link":"https:\/\/www.entremundos.org\/revista\/category\/frontpage\/"},"img":{"alt_text":"","src":"https:\/\/i0.wp.com\/www.entremundos.org\/revista\/wp-content\/uploads\/2024\/07\/444487166_750607893953803_8829963883492089519_n.jpg?fit=1200%2C1158&ssl=1&resize=350%2C200","width":350,"height":200,"srcset":"https:\/\/i0.wp.com\/www.entremundos.org\/revista\/wp-content\/uploads\/2024\/07\/444487166_750607893953803_8829963883492089519_n.jpg?fit=1200%2C1158&ssl=1&resize=350%2C200 1x, https:\/\/i0.wp.com\/www.entremundos.org\/revista\/wp-content\/uploads\/2024\/07\/444487166_750607893953803_8829963883492089519_n.jpg?fit=1200%2C1158&ssl=1&resize=525%2C300 1.5x, https:\/\/i0.wp.com\/www.entremundos.org\/revista\/wp-content\/uploads\/2024\/07\/444487166_750607893953803_8829963883492089519_n.jpg?fit=1200%2C1158&ssl=1&resize=700%2C400 2x, https:\/\/i0.wp.com\/www.entremundos.org\/revista\/wp-content\/uploads\/2024\/07\/444487166_750607893953803_8829963883492089519_n.jpg?fit=1200%2C1158&ssl=1&resize=1050%2C600 3x"},"classes":[]},{"id":11617,"url":"https:\/\/www.entremundos.org\/revista\/mujer\/la-cultura-es-lo-que-en-la-muerte-continua-siendo-la-vida\/","url_meta":{"origin":6352,"position":2},"title":"\u201cLa Cultura es lo que, en la muerte, contin\u00faa siendo la vida\u201d","author":"EntreMundos","date":"19 enero, 2024","format":false,"excerpt":"POR PATRICIA MIRALB\u00c9S \u00bfTe has preguntado alguna vez por qu\u00e9 un grupo social se comporta de cierta manera? \u00bfDe d\u00f3nde vienen las creencias que te inculcan desde peque\u00f1o? Todo esto tiene que ver con la cultura del lugar en donde vivimos. La cultura es la base de la construcci\u00f3n de\u2026","rel":"","context":"En \u00abCultura\u00bb","block_context":{"text":"Cultura","link":"https:\/\/www.entremundos.org\/revista\/category\/cultura\/"},"img":{"alt_text":"","src":"https:\/\/i0.wp.com\/www.entremundos.org\/revista\/wp-content\/uploads\/2024\/01\/whatsapp-image-2023-12-13-at-6.59.10-pm-1.jpeg?fit=1200%2C800&ssl=1&resize=350%2C200","width":350,"height":200,"srcset":"https:\/\/i0.wp.com\/www.entremundos.org\/revista\/wp-content\/uploads\/2024\/01\/whatsapp-image-2023-12-13-at-6.59.10-pm-1.jpeg?fit=1200%2C800&ssl=1&resize=350%2C200 1x, https:\/\/i0.wp.com\/www.entremundos.org\/revista\/wp-content\/uploads\/2024\/01\/whatsapp-image-2023-12-13-at-6.59.10-pm-1.jpeg?fit=1200%2C800&ssl=1&resize=525%2C300 1.5x, https:\/\/i0.wp.com\/www.entremundos.org\/revista\/wp-content\/uploads\/2024\/01\/whatsapp-image-2023-12-13-at-6.59.10-pm-1.jpeg?fit=1200%2C800&ssl=1&resize=700%2C400 2x, https:\/\/i0.wp.com\/www.entremundos.org\/revista\/wp-content\/uploads\/2024\/01\/whatsapp-image-2023-12-13-at-6.59.10-pm-1.jpeg?fit=1200%2C800&ssl=1&resize=1050%2C600 3x"},"classes":[]},{"id":10833,"url":"https:\/\/www.entremundos.org\/revista\/politica\/violencia-contra-las-mujeres-dominio-masculino-en-la-politica\/","url_meta":{"origin":6352,"position":3},"title":"Violencia contra las mujeres: dominio masculino en la pol\u00edtica","author":"EntreMundos","date":"29 mayo, 2023","format":false,"excerpt":"Silvia Lilian Trujillo La violencia pol\u00edtica es sistem\u00e1tica y permanente, se produce para inhibir, ralentizar o restringir la participaci\u00f3n pol\u00edtica de mujeres, en el marco de un sistema que se resiste a aceptar su igualdad de derechos. Mientras no se trabaje para acabar con esta violencia espec\u00edfica la calidad de\u2026","rel":"","context":"En \u00abFrontPage\u00bb","block_context":{"text":"FrontPage","link":"https:\/\/www.entremundos.org\/revista\/category\/frontpage\/"},"img":{"alt_text":"","src":"https:\/\/i0.wp.com\/www.entremundos.org\/revista\/wp-content\/uploads\/2023\/05\/000_16w772-1.jpg?fit=1200%2C799&ssl=1&resize=350%2C200","width":350,"height":200,"srcset":"https:\/\/i0.wp.com\/www.entremundos.org\/revista\/wp-content\/uploads\/2023\/05\/000_16w772-1.jpg?fit=1200%2C799&ssl=1&resize=350%2C200 1x, https:\/\/i0.wp.com\/www.entremundos.org\/revista\/wp-content\/uploads\/2023\/05\/000_16w772-1.jpg?fit=1200%2C799&ssl=1&resize=525%2C300 1.5x, https:\/\/i0.wp.com\/www.entremundos.org\/revista\/wp-content\/uploads\/2023\/05\/000_16w772-1.jpg?fit=1200%2C799&ssl=1&resize=700%2C400 2x, https:\/\/i0.wp.com\/www.entremundos.org\/revista\/wp-content\/uploads\/2023\/05\/000_16w772-1.jpg?fit=1200%2C799&ssl=1&resize=1050%2C600 3x"},"classes":[]},{"id":12980,"url":"https:\/\/www.entremundos.org\/revista\/mujer\/el-otro-lado-del-viaje-sonado-detras-de-un-espacio-internacional\/","url_meta":{"origin":6352,"position":4},"title":"El otro lado del viaje so\u00f1ado; detr\u00e1s de un espacio internacional","author":"EntreMundos","date":"23 julio, 2025","format":false,"excerpt":"Por Adela Tuy Cuando la gente escucha \u2018Conferencias Internacionales\u2019 piensa en edificios lujosos, gente hablando en ingl\u00e9s, muchas fotos formales y muchos discursos bonitos; tambi\u00e9n en lo elegante de participar en una conferencia y ponerlo en tu curr\u00edculum vitae. Sin embargo, nadie les cuenta sobre lo que hay detr\u00e1s de\u2026","rel":"","context":"En \u00abCine\u00bb","block_context":{"text":"Cine","link":"https:\/\/www.entremundos.org\/revista\/category\/cine\/"},"img":{"alt_text":"","src":"https:\/\/i0.wp.com\/www.entremundos.org\/revista\/wp-content\/uploads\/2025\/07\/20241121_092407-143c-1.jpg?fit=1200%2C800&ssl=1&resize=350%2C200","width":350,"height":200,"srcset":"https:\/\/i0.wp.com\/www.entremundos.org\/revista\/wp-content\/uploads\/2025\/07\/20241121_092407-143c-1.jpg?fit=1200%2C800&ssl=1&resize=350%2C200 1x, https:\/\/i0.wp.com\/www.entremundos.org\/revista\/wp-content\/uploads\/2025\/07\/20241121_092407-143c-1.jpg?fit=1200%2C800&ssl=1&resize=525%2C300 1.5x, https:\/\/i0.wp.com\/www.entremundos.org\/revista\/wp-content\/uploads\/2025\/07\/20241121_092407-143c-1.jpg?fit=1200%2C800&ssl=1&resize=700%2C400 2x, https:\/\/i0.wp.com\/www.entremundos.org\/revista\/wp-content\/uploads\/2025\/07\/20241121_092407-143c-1.jpg?fit=1200%2C800&ssl=1&resize=1050%2C600 3x"},"classes":[]},{"id":10588,"url":"https:\/\/www.entremundos.org\/revista\/politica\/ley-de-mujeres-desaparecidas\/","url_meta":{"origin":6352,"position":5},"title":"Ley de mujeres desaparecidas","author":"EntreMundos","date":"9 marzo, 2023","format":false,"excerpt":"Emma G\u00f3mez\u00a0 En Guatemala, cada d\u00eda desaparecen unas 5 mujeres. La desaparici\u00f3n de mujeres est\u00e1 ligada fuertemente con alg\u00fan tipo de violencia de g\u00e9nero.\u00a0 Hace 3 a\u00f1os se implement\u00f3 un mecanismo de b\u00fasqueda inmediata de mujeres desaparecidas, Isabel-Claudina, mecanismo que tiene como base la Ley de Mujeres Desaparecidas que fue\u2026","rel":"","context":"En \u00abFrontPage\u00bb","block_context":{"text":"FrontPage","link":"https:\/\/www.entremundos.org\/revista\/category\/frontpage\/"},"img":{"alt_text":"","src":"https:\/\/i0.wp.com\/www.entremundos.org\/revista\/wp-content\/uploads\/2023\/03\/isable-claudina-justicia.png?fit=1200%2C789&ssl=1&resize=350%2C200","width":350,"height":200,"srcset":"https:\/\/i0.wp.com\/www.entremundos.org\/revista\/wp-content\/uploads\/2023\/03\/isable-claudina-justicia.png?fit=1200%2C789&ssl=1&resize=350%2C200 1x, https:\/\/i0.wp.com\/www.entremundos.org\/revista\/wp-content\/uploads\/2023\/03\/isable-claudina-justicia.png?fit=1200%2C789&ssl=1&resize=525%2C300 1.5x, https:\/\/i0.wp.com\/www.entremundos.org\/revista\/wp-content\/uploads\/2023\/03\/isable-claudina-justicia.png?fit=1200%2C789&ssl=1&resize=700%2C400 2x, https:\/\/i0.wp.com\/www.entremundos.org\/revista\/wp-content\/uploads\/2023\/03\/isable-claudina-justicia.png?fit=1200%2C789&ssl=1&resize=1050%2C600 3x"},"classes":[]}],"jetpack_sharing_enabled":true,"_links":{"self":[{"href":"https:\/\/www.entremundos.org\/revista\/wp-json\/wp\/v2\/posts\/6352","targetHints":{"allow":["GET"]}}],"collection":[{"href":"https:\/\/www.entremundos.org\/revista\/wp-json\/wp\/v2\/posts"}],"about":[{"href":"https:\/\/www.entremundos.org\/revista\/wp-json\/wp\/v2\/types\/post"}],"author":[{"embeddable":true,"href":"https:\/\/www.entremundos.org\/revista\/wp-json\/wp\/v2\/users\/1"}],"replies":[{"embeddable":true,"href":"https:\/\/www.entremundos.org\/revista\/wp-json\/wp\/v2\/comments?post=6352"}],"version-history":[{"count":4,"href":"https:\/\/www.entremundos.org\/revista\/wp-json\/wp\/v2\/posts\/6352\/revisions"}],"predecessor-version":[{"id":6358,"href":"https:\/\/www.entremundos.org\/revista\/wp-json\/wp\/v2\/posts\/6352\/revisions\/6358"}],"wp:featuredmedia":[{"embeddable":true,"href":"https:\/\/www.entremundos.org\/revista\/wp-json\/wp\/v2\/media\/6353"}],"wp:attachment":[{"href":"https:\/\/www.entremundos.org\/revista\/wp-json\/wp\/v2\/media?parent=6352"}],"wp:term":[{"taxonomy":"category","embeddable":true,"href":"https:\/\/www.entremundos.org\/revista\/wp-json\/wp\/v2\/categories?post=6352"},{"taxonomy":"post_tag","embeddable":true,"href":"https:\/\/www.entremundos.org\/revista\/wp-json\/wp\/v2\/tags?post=6352"}],"curies":[{"name":"wp","href":"https:\/\/api.w.org\/{rel}","templated":true}]}}