{"id":6372,"date":"2020-04-12T20:43:44","date_gmt":"2020-04-13T04:43:44","guid":{"rendered":"http:\/\/www.entremundos.org\/revista\/?p=6372"},"modified":"2020-04-29T21:07:08","modified_gmt":"2020-04-30T05:07:08","slug":"cambio-climatico-y-costas-listas","status":"publish","type":"post","link":"https:\/\/www.entremundos.org\/revista\/cine\/cambio-climatico-y-costas-listas\/","title":{"rendered":"Cambio Clim\u00e1tico y Costas Listas"},"content":{"rendered":"<p><strong>Fabio Cresto Ale\u00edna<\/strong><\/p>\n<p>El clima est\u00e1 cambiando, y este fen\u00f3meno global est\u00e1 afectando al mundo entero, pero no a todas las regiones de la misma manera. Desafortunadamente, en muchos casos los pa\u00edses, los cuales son los menos responsables de las emisiones de gases de efecto invernadero que causan el cambio clim\u00e1tico antropog\u00e9nico, son en los que se espera que el impacto del cambio clim\u00e1tico sea mayor. O donde la capacidad de adaptarse a esos cambios es bastante baja. Esta llamada <em>Injusticia clim\u00e1tica<\/em> es evidente particularmente en la costa del caribe mesoamericano, una regi\u00f3n que es vulnerable especialmente a amenazas relacionadas al clima como la elevaci\u00f3n del nivel del mar, el incremento de la acidificaci\u00f3n del oc\u00e9ano y una mayor frecuencia de eventos de climas extremos. \u00a0Y no solamente los ecosistemas locales est\u00e1n bajo amenaza sino que como esta \u00e1rea es el soporte de vidas y medios de vida de alrededor de dos millones de personas, tambi\u00e9n el modo de vida de muchas comunidades locales ser\u00e1n afectadas radicalmente por los peligros antes mencionados.<\/p>\n<p>\u00bfEntonces qu\u00e9 significan exactamente estas amenazas y qu\u00e9 podemos hacer para adaptarnos a ellos? La principal amenaza a la costa caribe mesoamericana es el inminente aumento del nivel del mar. Proyecciones modernas de modelos clim\u00e1ticos globales de vanguardia muestran que el nivel del mar podr\u00eda aumentar probablemente 40cm para el 2050, y seguir\u00e1 subiendo m\u00e1s y m\u00e1s hasta llegar a 1m para el 2100. El aumento del nivel del mar es principalmente una consecuencia del derretimiento de glaciares y casquetes de hielo, y la llamada <em>expansi\u00f3n t\u00e9rmica<\/em> del agua se debe al incremento de las temperaturas globales. Es el mismo principio que causa el metal de los ferrocarriles a expandirse bajo el sol abrasador. Este cambio dram\u00e1tico afectar\u00e1 irremediablemente la vida de millones de personas en el \u00e1rea que dependen de los mares y tierras costeras para su sustento.<\/p>\n<figure id=\"attachment_6375\" aria-describedby=\"caption-attachment-6375\" style=\"width: 6000px\" class=\"wp-caption aligncenter\"><a href=\"https:\/\/i0.wp.com\/www.entremundos.org\/revista\/wp-content\/uploads\/2020\/03\/foto-i-sarstun.jpg\"><img data-recalc-dims=\"1\" loading=\"lazy\" decoding=\"async\" class=\"wp-image-6375 size-full\" src=\"https:\/\/i0.wp.com\/www.entremundos.org\/revista\/wp-content\/uploads\/2020\/03\/foto-i-sarstun.jpg?resize=640%2C427\" alt=\"\" width=\"640\" height=\"427\" srcset=\"https:\/\/i0.wp.com\/www.entremundos.org\/revista\/wp-content\/uploads\/2020\/03\/foto-i-sarstun.jpg?w=6000&amp;ssl=1 6000w, https:\/\/i0.wp.com\/www.entremundos.org\/revista\/wp-content\/uploads\/2020\/03\/foto-i-sarstun.jpg?resize=300%2C200&amp;ssl=1 300w, https:\/\/i0.wp.com\/www.entremundos.org\/revista\/wp-content\/uploads\/2020\/03\/foto-i-sarstun.jpg?resize=768%2C512&amp;ssl=1 768w, https:\/\/i0.wp.com\/www.entremundos.org\/revista\/wp-content\/uploads\/2020\/03\/foto-i-sarstun.jpg?resize=1024%2C683&amp;ssl=1 1024w, https:\/\/i0.wp.com\/www.entremundos.org\/revista\/wp-content\/uploads\/2020\/03\/foto-i-sarstun.jpg?resize=335%2C223&amp;ssl=1 335w, https:\/\/i0.wp.com\/www.entremundos.org\/revista\/wp-content\/uploads\/2020\/03\/foto-i-sarstun.jpg?resize=1050%2C700&amp;ssl=1 1050w, https:\/\/i0.wp.com\/www.entremundos.org\/revista\/wp-content\/uploads\/2020\/03\/foto-i-sarstun.jpg?w=1280&amp;ssl=1 1280w, https:\/\/i0.wp.com\/www.entremundos.org\/revista\/wp-content\/uploads\/2020\/03\/foto-i-sarstun.jpg?w=1920&amp;ssl=1 1920w\" sizes=\"auto, (max-width: 640px) 100vw, 640px\" \/><\/a><figcaption id=\"caption-attachment-6375\" class=\"wp-caption-text\">R\u00edo Sarst\u00fan. Foto: Guillermo G\u00e1lvez<\/figcaption><\/figure>\n<p>Al mismo tiempo, algunos ecosistemas, que siempre han desempe\u00f1ado un papel clave en la protecci\u00f3n de l\u00edneas costeras, est\u00e1n desapareciendo bajo la presi\u00f3n combinada del cambio clim\u00e1tico y actividades humanas. Los arrecifes de coral, por ejemplo, son un ecosistema clave que ayuda a mantener el bienestar de la costa completa, ya que disipa mucha de la fuerza de las olas entrantes, ayudando as\u00ed a evitar inundaciones y erosi\u00f3n de las costas. El aumento de las temperaturas del agua y la acidificaci\u00f3n del oc\u00e9ano est\u00e1n causando el blanqueamiento de los corales, haci\u00e9ndolos vulnerables, propensos al hambre y eventualmente a la muerte. Otro importante ecosistema costero bajo presi\u00f3n son los bosques manglares, los cuales tambi\u00e9n protegen las costas contra el aumento del nivel del mar, de la erosi\u00f3n y de peligros como mareas de tormenta y tsunamis. Con su complejo y denso sistema de ra\u00edces a\u00e9reas, disipan y aten\u00faan la fuerza de olas altas antes de que lleguen a asentamientos situados a la par de estas barreras naturales. Sin embargo, para funcionar apropiadamente, un bosque manglar debe ser amplio y saludable, provisto de sedimentos suficientes, de agua dulce no contaminada y con enlaces a otros ecosistemas. Todas estas condiciones son frecuentemente amenazadas por la deforestaci\u00f3n y el uso no sostenible de la tierra.<\/p>\n<p>En esta situaci\u00f3n inestable y dram\u00e1tica, el proyecto \u201cCostas listas\u201d est\u00e1 trabajando hacia la implementaci\u00f3n de medidas de adaptaci\u00f3n clim\u00e1tica en las costas de M\u00e9xico, Belice, Honduras y Guatemala. El proyecto est\u00e1 siendo implementado en \u00e1reas marinas protegidas y otras \u00e1reas clave de desarrollo costero del Coral Mesoamericano, incluyendo la Reserva Bi\u00f3sfera R\u00eda Lagartos en Yucat\u00e1n (M\u00e9xico), \u00e1reas protegidas a lo largo de la costa de Belice y el Parque Nacional Punta Izopo (Honduras). En Guatemala el \u00e1rea objetivo es el \u00c1rea de Usos M\u00faltiples del R\u00edo Sarst\u00fan, en Livingston, Izabal. Estos sitios fueron escogidos tanto por la vulnerabilidad particular de la poblaci\u00f3n local frente a los impactos del cambio clim\u00e1tico como por la importancia de la conservaci\u00f3n de la biodiversidad. El principal objetivo de Costas Inteligentes es la identificaci\u00f3n e implementaci\u00f3n de medidas de adaptaci\u00f3n clim\u00e1ticamente\u00a0 inteligente para ayudar a ecosistemas y poblaciones locales en la lucha contra el cambio clim\u00e1tico y sus impactos.<\/p>\n<p>Costas listas es un proyecto de WWF respaldado por la Iniciativa Internacional sobre el Clima del Ministerio Alem\u00e1n de Medio Ambiente, y en Guatemala est\u00e1 respaldado por los esfuerzos de la Fundaci\u00f3n para el Ecodesarrollo y la Conservaci\u00f3n (FUNDAECO), el Consejo Nacional de \u00c1reas Protegidas (CONAP), el Ministerio de Medio Ambiente y Recursos Naturales (MARN), el Ministerio de Agricultura y Ganader\u00eda (MAGA) y el Instituto Nacional de Bosques (INAB). Estas organizaciones est\u00e1n a su vez dirigidas por WWF Mesoam\u00e9rica. Adem\u00e1s, las autoridades locales como la municipalidad de Livingston y los Consejos de Desarrollo Comunitario est\u00e1n involucrados en la planificaci\u00f3n y en la implementaci\u00f3n del proyecto desde su inicio. El trabajo de todas estas instituciones ser\u00e1 apoyado por un nuevo Grupo de trabajo regional, formado por representantes de los cuatro pa\u00edses participantes, quienes proporcionar\u00e1n conocimiento experto en las \u00e1reas de cambio clim\u00e1tico, adaptaci\u00f3n basada en el ecosistema e intervenciones pol\u00edticas, para fomentar un impacto efectivo del proyecto.<\/p>\n<figure id=\"attachment_6377\" aria-describedby=\"caption-attachment-6377\" style=\"width: 1280px\" class=\"wp-caption aligncenter\"><a href=\"https:\/\/i0.wp.com\/www.entremundos.org\/revista\/wp-content\/uploads\/2020\/03\/presentation.jpeg\"><img data-recalc-dims=\"1\" loading=\"lazy\" decoding=\"async\" class=\"wp-image-6377 size-full\" src=\"https:\/\/i0.wp.com\/www.entremundos.org\/revista\/wp-content\/uploads\/2020\/03\/presentation.jpeg?resize=640%2C480\" alt=\"\" width=\"640\" height=\"480\" srcset=\"https:\/\/i0.wp.com\/www.entremundos.org\/revista\/wp-content\/uploads\/2020\/03\/presentation.jpeg?w=1280&amp;ssl=1 1280w, https:\/\/i0.wp.com\/www.entremundos.org\/revista\/wp-content\/uploads\/2020\/03\/presentation.jpeg?resize=300%2C225&amp;ssl=1 300w, https:\/\/i0.wp.com\/www.entremundos.org\/revista\/wp-content\/uploads\/2020\/03\/presentation.jpeg?resize=768%2C576&amp;ssl=1 768w, https:\/\/i0.wp.com\/www.entremundos.org\/revista\/wp-content\/uploads\/2020\/03\/presentation.jpeg?resize=1024%2C768&amp;ssl=1 1024w, https:\/\/i0.wp.com\/www.entremundos.org\/revista\/wp-content\/uploads\/2020\/03\/presentation.jpeg?resize=72%2C54&amp;ssl=1 72w, https:\/\/i0.wp.com\/www.entremundos.org\/revista\/wp-content\/uploads\/2020\/03\/presentation.jpeg?resize=335%2C251&amp;ssl=1 335w, https:\/\/i0.wp.com\/www.entremundos.org\/revista\/wp-content\/uploads\/2020\/03\/presentation.jpeg?resize=1050%2C788&amp;ssl=1 1050w\" sizes=\"auto, (max-width: 640px) 100vw, 640px\" \/><\/a><figcaption id=\"caption-attachment-6377\" class=\"wp-caption-text\">Durante un taller en el tema. Foto: Pilar Vel\u00e1squez<\/figcaption><\/figure>\n<p>Costas Listas se origin\u00f3 a partir de un enfoque de d\u00e9cadas de WWF Mesoam\u00e9rica en el Arrecife Mesoamericano, y de la exitosa colaboraci\u00f3n entre la Universidad de Stanford, la WWF y la Autoridad e Instituto de Gesti\u00f3n de la Zona Costera en Belice, una cooperaci\u00f3n que llev\u00f3 a la finalizaci\u00f3n de Plan Integrado de Manejo de la Zona Costera de Belice. Pronto <em>\u00absurgi\u00f3 la idea de aplicar esas herramientas a toda la ecorregi\u00f3n\u00bb<\/em>, recuerda Pilar Vel\u00e1squez Jofre, Oficial T\u00e9cnica de WWF, responsable del Proyecto Costa Inteligente en Guatemala. <em>\u201cLa Iniciativa Internacional sobre el Clima (IKI) lanz\u00f3 una convocatoria para propuestas que coincidieran con nuestro inter\u00e9s en el \u00e1rea y, por lo tanto, una propuesta fue presentada. Tom\u00f3 casi tres a\u00f1os negociar los t\u00e9rminos finales con IKI, antes de empezar la implementaci\u00f3n en agosto de 2018\u201d<\/em>. La idea detr\u00e1s del proyecto es combinar los m\u00faltiples esfuerzos de las instituciones locales y expertos con la producci\u00f3n de modelos inform\u00e1ticos desarrollados por cient\u00edficos de Stanford y, a su vez, establecer un di\u00e1logo continuo con las comunidades locales sobre medidas de adaptaci\u00f3n clim\u00e1tica. Los modelos simular\u00e1n diferentes escenarios de opciones de adaptaci\u00f3n basadas en el ecosistema que ser\u00e1n evaluadas con pruebas de riesgo ecol\u00f3gico y an\u00e1lisis costo-beneficio.<\/p>\n<p>Este proceso dar\u00e1 a los tomadores de decisiones a nivel local y nacional m\u00e1s herramientas basadas en la ciencia para identificar qu\u00e9 estrategias son las m\u00e1s adecuadas para aplicarse en las diferentes \u00e1reas protegidas y en otras zonas de manejo costero. Los modelos inform\u00e1ticos ser\u00e1n evaluados constantemente contra los datos recolectados localmente y el aporte de expertos que han estado trabajando con estos ecosistemas complejos durante a\u00f1os. De hecho, el proyecto apunta concretamente a <em>\u00abfortalecer las capacidades en las comunidades costeras y las instituciones gubernamentales para integrar escenarios de cambio clim\u00e1tico y opciones de adaptaci\u00f3n, a trav\u00e9s de un proceso participativo de toma de decisiones, en pol\u00edticas relevantes a nivel local y nacional\u00bb<\/em>. Pilar Vel\u00e1squez Jofre, menciona: <em>\u201cEstamos llevando la ciencia a las comunidades para discutirla y analizarla con ellos. Dicho enfoque ascendente aumentar\u00e1 la viabilidad y el \u00e9xito de las opciones de adaptaci\u00f3n elegidas\u201d.<\/em><\/p>\n<p>En Guatemala, Costas Listas continu\u00f3 en enero de 2019 con dos talleres, uno en el \u00e1rea del R\u00edo Sarst\u00fan y otro en la ciudad de Guatemala, cuyo objetivo fue informar a comunidades locales, las instituciones gubernamentales participantes y las ONG\u2019s asociadas a los resultados del segundo modelado de la Universidad de Stanford para recopilar comentarios sobre la evaluaci\u00f3n del modelo y sobre las medidas de adaptaci\u00f3n propuestas. El siguiente hito se alcanzar\u00e1 el siguiente abril, cuando los nuevos resultados del modelado se eval\u00faen localmente otra vez, para poder finalmente escoger la opci\u00f3n de adaptaci\u00f3n m\u00e1s viable para Sarst\u00fan y empezar a planificar su implementaci\u00f3n. En el desolado escenario dominado por los impactos dram\u00e1ticos del cambio clim\u00e1tico en la regi\u00f3n, la implementaci\u00f3n de proyectos como Costas Inteligentes es urgentemente necesario, si no es para evitar esta cat\u00e1strofe provocada por los humanos, al menos para adaptarse a las consecuencias.<\/p>\n<figure id=\"attachment_6381\" aria-describedby=\"caption-attachment-6381\" style=\"width: 3686px\" class=\"wp-caption aligncenter\"><a href=\"https:\/\/i0.wp.com\/www.entremundos.org\/revista\/wp-content\/uploads\/2020\/03\/grouppicture.jpg\"><img data-recalc-dims=\"1\" loading=\"lazy\" decoding=\"async\" class=\"size-full wp-image-6381\" src=\"https:\/\/i0.wp.com\/www.entremundos.org\/revista\/wp-content\/uploads\/2020\/03\/grouppicture.jpg?resize=640%2C437\" alt=\"\" width=\"640\" height=\"437\" srcset=\"https:\/\/i0.wp.com\/www.entremundos.org\/revista\/wp-content\/uploads\/2020\/03\/grouppicture.jpg?w=3686&amp;ssl=1 3686w, https:\/\/i0.wp.com\/www.entremundos.org\/revista\/wp-content\/uploads\/2020\/03\/grouppicture.jpg?resize=300%2C205&amp;ssl=1 300w, https:\/\/i0.wp.com\/www.entremundos.org\/revista\/wp-content\/uploads\/2020\/03\/grouppicture.jpg?resize=768%2C524&amp;ssl=1 768w, https:\/\/i0.wp.com\/www.entremundos.org\/revista\/wp-content\/uploads\/2020\/03\/grouppicture.jpg?resize=1024%2C699&amp;ssl=1 1024w, https:\/\/i0.wp.com\/www.entremundos.org\/revista\/wp-content\/uploads\/2020\/03\/grouppicture.jpg?resize=335%2C229&amp;ssl=1 335w, https:\/\/i0.wp.com\/www.entremundos.org\/revista\/wp-content\/uploads\/2020\/03\/grouppicture.jpg?resize=1050%2C717&amp;ssl=1 1050w, https:\/\/i0.wp.com\/www.entremundos.org\/revista\/wp-content\/uploads\/2020\/03\/grouppicture.jpg?w=1280&amp;ssl=1 1280w, https:\/\/i0.wp.com\/www.entremundos.org\/revista\/wp-content\/uploads\/2020\/03\/grouppicture.jpg?w=1920&amp;ssl=1 1920w\" sizes=\"auto, (max-width: 640px) 100vw, 640px\" \/><\/a><figcaption id=\"caption-attachment-6381\" class=\"wp-caption-text\">Durante un taller en el tema. Foto: Pilar Vel\u00e1squez<\/figcaption><\/figure>\n<p><em>Fabio Cresto Ale\u00edna es de Italia y cient\u00edfico del clima. Recientemente se mud\u00f3 a San Juan La Laguna para colaborar con WWF Guatemala en un proyecto de adaptaci\u00f3n al cambio clim\u00e1tico como experto cient\u00edfico.<\/em><\/p>\n<p>Foto de portada: Guillermo G\u00e1lvez<\/p>\n","protected":false},"excerpt":{"rendered":"<p>Fabio Cresto Ale\u00edna El clima est\u00e1 cambiando, y este fen\u00f3meno global est\u00e1 afectando al mundo entero, pero no a todas las regiones de la misma manera. Desafortunadamente, en muchos casos los pa\u00edses, los cuales son los menos responsables de las emisiones de gases de efecto invernadero que causan el cambio clim\u00e1tico antropog\u00e9nico, son en los [&hellip;]<\/p>\n","protected":false},"author":1,"featured_media":6373,"comment_status":"closed","ping_status":"closed","sticky":false,"template":"","format":"standard","meta":{"_exactmetrics_skip_tracking":false,"_exactmetrics_sitenote_active":false,"_exactmetrics_sitenote_note":"","_exactmetrics_sitenote_category":0,"jetpack_post_was_ever_published":false,"_jetpack_newsletter_access":"","_jetpack_dont_email_post_to_subs":false,"_jetpack_newsletter_tier_id":0,"_jetpack_memberships_contains_paywalled_content":false,"_jetpack_memberships_contains_paid_content":false,"footnotes":""},"categories":[442,452],"tags":[1971,14,28,1967,1968,1970,1969,1972,65,1973,1974],"class_list":["post-6372","post","type-post","status-publish","format-standard","has-post-thumbnail","hentry","category-cine","category-frontpage","tag-afecta-cambio-climatico-guatemala","tag-agua","tag-cambio-climatico","tag-cambio-climatico-guatemala","tag-consecuencias-cambio-climatico-guatemala","tag-efectos-cambio-climatico-guatemala","tag-el-cambio-climatico-y-el-mar","tag-es-real-el-cambio-climatico","tag-guatemala","tag-iniciativas-cambio-climatico-guatemala","tag-que-se-puede-hacer-cambio-climatico"],"jetpack_featured_media_url":"https:\/\/i0.wp.com\/www.entremundos.org\/revista\/wp-content\/uploads\/2020\/03\/foto-ii-sarstun.jpg?fit=4160%2C3120&ssl=1","jetpack_shortlink":"https:\/\/wp.me\/p7ljt7-1EM","jetpack-related-posts":[{"id":704,"url":"https:\/\/www.entremundos.org\/revista\/uncategorized-es\/resumen-de-la-edicion-cambio-climatico\/","url_meta":{"origin":6372,"position":0},"title":"Cambio Clim\u00e1tico &#8211; Resumen de la Edici\u00f3n","author":"EntreMundos","date":"8 mayo, 2015","format":false,"excerpt":"En estas p\u00e1ginas, varios expertos explican como el cambio clim\u00e1tico est\u00e1 afectando a Guatemala y que es lo que el futuro depara. El a\u00f1o pasado durante la temporada de lluvia hubo 45 d\u00edas de sequ\u00eda, lo que caus\u00f3 una crisis humanitaria.\u00a0 Como siempre los m\u00e1s afectados por el desastre medioambiental\u2026","rel":"","context":"En \u00abUncategorized\u00bb","block_context":{"text":"Uncategorized","link":"https:\/\/www.entremundos.org\/revista\/category\/uncategorized-es\/"},"img":{"alt_text":"","src":"https:\/\/i0.wp.com\/www.entremundos.org\/revista\/wp-content\/uploads\/2015\/05\/nota-editor-the-behive-collective-poster-500-years.jpg?fit=600%2C398&ssl=1&resize=350%2C200","width":350,"height":200,"srcset":"https:\/\/i0.wp.com\/www.entremundos.org\/revista\/wp-content\/uploads\/2015\/05\/nota-editor-the-behive-collective-poster-500-years.jpg?fit=600%2C398&ssl=1&resize=350%2C200 1x, https:\/\/i0.wp.com\/www.entremundos.org\/revista\/wp-content\/uploads\/2015\/05\/nota-editor-the-behive-collective-poster-500-years.jpg?fit=600%2C398&ssl=1&resize=525%2C300 1.5x"},"classes":[]},{"id":2399,"url":"https:\/\/www.entremundos.org\/revista\/environment\/climate-change\/climate-change-in-guatemala\/?lang=en","url_meta":{"origin":6372,"position":1},"title":"Climate Change in Guatemala","author":"EntreMundos","date":"7 marzo, 2016","format":false,"excerpt":"By Dr. Edwin Castellanos,\u00a0Co-Director, Center for Environmental Studies and Biodiversity,\u00a0Universidad del Valle de Guatemala, and lead author, UN IPCC Fifth Assessment Report on Climate Change Climate change is without a doubt one of the biggest challenges facing humanity today. We see this in the search for agreements that will limit\u2026","rel":"","context":"En \u00abClimate Change\u00bb","block_context":{"text":"Climate Change","link":"https:\/\/www.entremundos.org\/revista\/category\/environment\/climate-change\/?lang=en"},"img":{"alt_text":"","src":"https:\/\/i0.wp.com\/www.entremundos.org\/revista\/wp-content\/uploads\/2015\/05\/huracan.jpg?fit=461%2C307&ssl=1&resize=350%2C200","width":350,"height":200},"classes":[]},{"id":2386,"url":"https:\/\/www.entremundos.org\/revista\/environment\/drought-canicula-and-climate-change-in-guatemala\/?lang=en","url_meta":{"origin":6372,"position":2},"title":"Drought, Can\u00edcula and Climate Change in Guatemala","author":"EntreMundos","date":"9 marzo, 2016","format":false,"excerpt":"Cover Photo: CONRED By Paris Rivera,\u00a0Climatologist, INSIVUMEH (National Institute for Seismology, Volcanology, Meteorology, and Hydrology) Guatemala usually experiences drought when the temperature of the Pacific Ocean is warmer than normal, a phenomenon known as El Ni\u00f1o. When oceanic-atmospheric conditions favor El Ni\u00f1o, drought and extended can\u00edculas are possible. This occurs\u2026","rel":"","context":"En \u00abClimate Change\u00bb","block_context":{"text":"Climate Change","link":"https:\/\/www.entremundos.org\/revista\/category\/environment\/climate-change\/?lang=en"},"img":{"alt_text":"","src":"https:\/\/i0.wp.com\/www.entremundos.org\/revista\/wp-content\/uploads\/2015\/05\/14889992627_d5edcf33a9_o.jpg?fit=1200%2C800&ssl=1&resize=350%2C200","width":350,"height":200,"srcset":"https:\/\/i0.wp.com\/www.entremundos.org\/revista\/wp-content\/uploads\/2015\/05\/14889992627_d5edcf33a9_o.jpg?fit=1200%2C800&ssl=1&resize=350%2C200 1x, https:\/\/i0.wp.com\/www.entremundos.org\/revista\/wp-content\/uploads\/2015\/05\/14889992627_d5edcf33a9_o.jpg?fit=1200%2C800&ssl=1&resize=525%2C300 1.5x, https:\/\/i0.wp.com\/www.entremundos.org\/revista\/wp-content\/uploads\/2015\/05\/14889992627_d5edcf33a9_o.jpg?fit=1200%2C800&ssl=1&resize=700%2C400 2x, https:\/\/i0.wp.com\/www.entremundos.org\/revista\/wp-content\/uploads\/2015\/05\/14889992627_d5edcf33a9_o.jpg?fit=1200%2C800&ssl=1&resize=1050%2C600 3x"},"classes":[]},{"id":1795,"url":"https:\/\/www.entremundos.org\/revista\/economy\/water-and-climate-change-in-guatemala-according-to-the-experts\/?lang=en","url_meta":{"origin":6372,"position":3},"title":"Water and Climate Change in Guatemala According to the Experts","author":"EntreMundos","date":"16 marzo, 2016","format":false,"excerpt":"(Excerpts from the edition Climate Change, 2015) By\u00a0Dr. Edwin Castellanos\u00a0Co-Director, Center for Environmental Studies and Biodiversity -\u00a0Universidad del Valle de Guatemala.\u00a0Lead Author of the UN IPCC\u2019s Fifth Assessment Report on Climate Change; and\u00a0Paris Rivera,\u00a0Climatologist \u2013 INSIVUMEH\u00a0(National Institute of Seismology, Volcanology, Meteorology, and Hydrology). Dr. Edwin Castellanos: Climate change will be\u2026","rel":"","context":"En \u00abAlternative Economy\u00bb","block_context":{"text":"Alternative Economy","link":"https:\/\/www.entremundos.org\/revista\/category\/economy\/alternative-economy\/?lang=en"},"img":{"alt_text":"","src":"https:\/\/i0.wp.com\/www.entremundos.org\/revista\/wp-content\/uploads\/2015\/05\/14889849049_2ff32c4bb0_o.jpg?fit=1200%2C800&ssl=1&resize=350%2C200","width":350,"height":200,"srcset":"https:\/\/i0.wp.com\/www.entremundos.org\/revista\/wp-content\/uploads\/2015\/05\/14889849049_2ff32c4bb0_o.jpg?fit=1200%2C800&ssl=1&resize=350%2C200 1x, https:\/\/i0.wp.com\/www.entremundos.org\/revista\/wp-content\/uploads\/2015\/05\/14889849049_2ff32c4bb0_o.jpg?fit=1200%2C800&ssl=1&resize=525%2C300 1.5x, https:\/\/i0.wp.com\/www.entremundos.org\/revista\/wp-content\/uploads\/2015\/05\/14889849049_2ff32c4bb0_o.jpg?fit=1200%2C800&ssl=1&resize=700%2C400 2x, https:\/\/i0.wp.com\/www.entremundos.org\/revista\/wp-content\/uploads\/2015\/05\/14889849049_2ff32c4bb0_o.jpg?fit=1200%2C800&ssl=1&resize=1050%2C600 3x"},"classes":[]},{"id":8829,"url":"https:\/\/www.entremundos.org\/revista\/environment\/climate-change-governance-and-the-role-of-indigenous-peoples\/?lang=en","url_meta":{"origin":6372,"position":4},"title":"Climate change governance and the role of Indigenous Peoples","author":"Majo Recinos","date":"20 mayo, 2021","format":false,"excerpt":"For: Fabio Cresto The Food and Agriculture Organization (FAO) of the United Nations and the Fund of the Development of the Indigenous Peoples of Latin America and the Caribbean (FILAC) recently released a fundamental report on forest governance by indigenous and tribal peoples. The main results of the document, that\u2026","rel":"","context":"En \u00abClimate Change\u00bb","block_context":{"text":"Climate Change","link":"https:\/\/www.entremundos.org\/revista\/category\/environment\/climate-change\/?lang=en"},"img":{"alt_text":"","src":"https:\/\/i0.wp.com\/www.entremundos.org\/revista\/wp-content\/uploads\/2021\/05\/socializacion-y-fortalecimiento-de-modelos-de-aplicacion-de-practicas-y-conocimientos-ancestrales-fuente-asocuch.png?fit=1200%2C900&ssl=1&resize=350%2C200","width":350,"height":200,"srcset":"https:\/\/i0.wp.com\/www.entremundos.org\/revista\/wp-content\/uploads\/2021\/05\/socializacion-y-fortalecimiento-de-modelos-de-aplicacion-de-practicas-y-conocimientos-ancestrales-fuente-asocuch.png?fit=1200%2C900&ssl=1&resize=350%2C200 1x, https:\/\/i0.wp.com\/www.entremundos.org\/revista\/wp-content\/uploads\/2021\/05\/socializacion-y-fortalecimiento-de-modelos-de-aplicacion-de-practicas-y-conocimientos-ancestrales-fuente-asocuch.png?fit=1200%2C900&ssl=1&resize=525%2C300 1.5x, https:\/\/i0.wp.com\/www.entremundos.org\/revista\/wp-content\/uploads\/2021\/05\/socializacion-y-fortalecimiento-de-modelos-de-aplicacion-de-practicas-y-conocimientos-ancestrales-fuente-asocuch.png?fit=1200%2C900&ssl=1&resize=700%2C400 2x, https:\/\/i0.wp.com\/www.entremundos.org\/revista\/wp-content\/uploads\/2021\/05\/socializacion-y-fortalecimiento-de-modelos-de-aplicacion-de-practicas-y-conocimientos-ancestrales-fuente-asocuch.png?fit=1200%2C900&ssl=1&resize=1050%2C600 3x"},"classes":[]},{"id":2433,"url":"https:\/\/www.entremundos.org\/revista\/environment\/forests\/cantels-answer\/?lang=en","url_meta":{"origin":6372,"position":5},"title":"Cantel&#8217;s answer","author":"EntreMundos","date":"16 enero, 2016","format":false,"excerpt":"Cover photo: Cantel at sunrise. Photo: Richard Brown By Esteban Sacalxot, Secretary of the Youth Organization Forging Foundations in cantel, and President of the Permanent Council for Life Defense in Cantel. What is climate change? For many of us these are new words in our vocabulary. For others, they\u2019re fashionable\u2026","rel":"","context":"En \u00abClimate Change\u00bb","block_context":{"text":"Climate Change","link":"https:\/\/www.entremundos.org\/revista\/category\/environment\/climate-change\/?lang=en"},"img":{"alt_text":"","src":"https:\/\/i0.wp.com\/www.entremundos.org\/revista\/wp-content\/uploads\/2015\/05\/img_6947.jpg?fit=1200%2C800&ssl=1&resize=350%2C200","width":350,"height":200,"srcset":"https:\/\/i0.wp.com\/www.entremundos.org\/revista\/wp-content\/uploads\/2015\/05\/img_6947.jpg?fit=1200%2C800&ssl=1&resize=350%2C200 1x, https:\/\/i0.wp.com\/www.entremundos.org\/revista\/wp-content\/uploads\/2015\/05\/img_6947.jpg?fit=1200%2C800&ssl=1&resize=525%2C300 1.5x, https:\/\/i0.wp.com\/www.entremundos.org\/revista\/wp-content\/uploads\/2015\/05\/img_6947.jpg?fit=1200%2C800&ssl=1&resize=700%2C400 2x, https:\/\/i0.wp.com\/www.entremundos.org\/revista\/wp-content\/uploads\/2015\/05\/img_6947.jpg?fit=1200%2C800&ssl=1&resize=1050%2C600 3x"},"classes":[]}],"jetpack_sharing_enabled":true,"_links":{"self":[{"href":"https:\/\/www.entremundos.org\/revista\/wp-json\/wp\/v2\/posts\/6372","targetHints":{"allow":["GET"]}}],"collection":[{"href":"https:\/\/www.entremundos.org\/revista\/wp-json\/wp\/v2\/posts"}],"about":[{"href":"https:\/\/www.entremundos.org\/revista\/wp-json\/wp\/v2\/types\/post"}],"author":[{"embeddable":true,"href":"https:\/\/www.entremundos.org\/revista\/wp-json\/wp\/v2\/users\/1"}],"replies":[{"embeddable":true,"href":"https:\/\/www.entremundos.org\/revista\/wp-json\/wp\/v2\/comments?post=6372"}],"version-history":[{"count":3,"href":"https:\/\/www.entremundos.org\/revista\/wp-json\/wp\/v2\/posts\/6372\/revisions"}],"predecessor-version":[{"id":6393,"href":"https:\/\/www.entremundos.org\/revista\/wp-json\/wp\/v2\/posts\/6372\/revisions\/6393"}],"wp:featuredmedia":[{"embeddable":true,"href":"https:\/\/www.entremundos.org\/revista\/wp-json\/wp\/v2\/media\/6373"}],"wp:attachment":[{"href":"https:\/\/www.entremundos.org\/revista\/wp-json\/wp\/v2\/media?parent=6372"}],"wp:term":[{"taxonomy":"category","embeddable":true,"href":"https:\/\/www.entremundos.org\/revista\/wp-json\/wp\/v2\/categories?post=6372"},{"taxonomy":"post_tag","embeddable":true,"href":"https:\/\/www.entremundos.org\/revista\/wp-json\/wp\/v2\/tags?post=6372"}],"curies":[{"name":"wp","href":"https:\/\/api.w.org\/{rel}","templated":true}]}}