{"id":6395,"date":"2020-03-20T16:13:17","date_gmt":"2020-03-21T00:13:17","guid":{"rendered":"http:\/\/www.entremundos.org\/revista\/?p=6395"},"modified":"2020-03-28T21:34:24","modified_gmt":"2020-03-29T05:34:24","slug":"deconstruyendo-lo-renovable","status":"publish","type":"post","link":"https:\/\/www.entremundos.org\/revista\/medio-ambiente\/deconstruyendo-lo-renovable\/","title":{"rendered":"Deconstruyendo lo Renovable"},"content":{"rendered":"<p style=\"text-align: left;\"><strong>Diana Pastor<\/strong><\/p>\n<p>Recientemente, le\u00ed un interesante art\u00edculo en el portal SciDev.Net sobre ciencia y tecnolog\u00eda para el desarrollo global. El art\u00edculo, titulado \u201cLas hidroel\u00e9ctricas \u00bfcalifican como energ\u00eda renovable? menciona que cuando la generaci\u00f3n de energ\u00eda hidroel\u00e9ctrica pasa de ser una necesidad a ser una mercanc\u00eda a negociar y con un impacto masivo sobre el ecosistema local, es necesario preguntarse si deber\u00eda gozar del calificativo de \u201crenovable\u201d. Esto, me llev\u00f3 a pensar en lo que se nos est\u00e1 diciendo y estamos entendiendo sobre este concepto, y sobre el hecho de que no basta pensar que la mejor energ\u00eda es aquella fuente inagotable para su utilizaci\u00f3n.<\/p>\n<p>Al igual que con la energ\u00eda hidr\u00e1ulica, nuevas alternativas de energ\u00eda limpian tambi\u00e9n pueden presentar consecuencias negativas, de no introducirse mediante procesos bien planificados. Por ejemplo, un estudio demostr\u00f3 que, en California (un estado pionero de Estados Unidos en la generaci\u00f3n de energ\u00eda solar) varias de las plantas solares se ubicaron en \u00e1reas que no eran id\u00f3neas para ello, por tratarse de ambientes naturales. No es lo mismo, colocar plantas de energ\u00eda solar en lugares donde a\u00fan existen ecosistemas naturales que, sobre las terrazas de edificios, por ejemplo, pues \u00e9stas son \u00e1reas ya intervenidas por el ser humano.<\/p>\n<p>Buscando m\u00e1s informaci\u00f3n en el tema, descubr\u00ed que Alemania est\u00e1 teniendo problemas tambi\u00e9n con la generaci\u00f3n de electricidad. Hasta hace unos a\u00f1os, este pa\u00eds hab\u00eda tenido un gran \u00e9xito con la producci\u00f3n de energ\u00eda e\u00f3lica, pero luego comenz\u00f3 a estancarse con la construcci\u00f3n de nuevas plantas de molinos de viento. En el portal de tecnolog\u00eda Xataka, Javier Jim\u00e9nez, menciona en un art\u00edculo, \u201cAlemania era el para\u00edso de le energ\u00eda e\u00f3lica\u2026hasta que los alemanes empezaron a odiar los molinos de viento\u201d. Las razones van desde las molestias por el ruido hacia poblaciones cercanas, hasta la est\u00e9tica del paisaje.<\/p>\n<p>Es un hecho que la generaci\u00f3n de energ\u00eda va a tener impactos. Sin embargo, existe la posibilidad de que, mediante la organizaci\u00f3n y la b\u00fasqueda de soluciones en conjunto se generen alternativas para disminuirlos. Un punto de partida, es tomar consciencia y respetar lo renovable. Esto, significa que debemos dejar la visi\u00f3n estrecha de que podemos utilizar indiscriminadamente recursos \u201cilimitados\u201d de la naturaleza, s\u00f3lo porque \u00e9stos se encuentran en abundancia. Por ello, lo renovable debe asociarse a la eficiencia que es, b\u00e1sicamente en energ\u00eda, el ahorro en el consumo de la misma. Utilizar menos energ\u00eda, nos llevar\u00e1 a construir menos plantas energ\u00e9ticas.<\/p>\n<p><a href=\"https:\/\/i0.wp.com\/www.entremundos.org\/revista\/wp-content\/uploads\/2020\/03\/21-deconstru.jpg\"><img data-recalc-dims=\"1\" loading=\"lazy\" decoding=\"async\" class=\"aligncenter size-full wp-image-6396\" src=\"https:\/\/i0.wp.com\/www.entremundos.org\/revista\/wp-content\/uploads\/2020\/03\/21-deconstru.jpg?resize=640%2C413\" alt=\"\" width=\"640\" height=\"413\" srcset=\"https:\/\/i0.wp.com\/www.entremundos.org\/revista\/wp-content\/uploads\/2020\/03\/21-deconstru.jpg?w=1956&amp;ssl=1 1956w, https:\/\/i0.wp.com\/www.entremundos.org\/revista\/wp-content\/uploads\/2020\/03\/21-deconstru.jpg?resize=300%2C194&amp;ssl=1 300w, https:\/\/i0.wp.com\/www.entremundos.org\/revista\/wp-content\/uploads\/2020\/03\/21-deconstru.jpg?resize=768%2C496&amp;ssl=1 768w, https:\/\/i0.wp.com\/www.entremundos.org\/revista\/wp-content\/uploads\/2020\/03\/21-deconstru.jpg?resize=1024%2C661&amp;ssl=1 1024w, https:\/\/i0.wp.com\/www.entremundos.org\/revista\/wp-content\/uploads\/2020\/03\/21-deconstru.jpg?resize=335%2C216&amp;ssl=1 335w, https:\/\/i0.wp.com\/www.entremundos.org\/revista\/wp-content\/uploads\/2020\/03\/21-deconstru.jpg?resize=1050%2C677&amp;ssl=1 1050w, https:\/\/i0.wp.com\/www.entremundos.org\/revista\/wp-content\/uploads\/2020\/03\/21-deconstru.jpg?w=1280&amp;ssl=1 1280w\" sizes=\"auto, (max-width: 640px) 100vw, 640px\" \/><\/a><\/p>\n<p>Lo segundo, es que lo renovable debe ir de la mano con lo sostenible. No se puede pensar en energ\u00eda y desarrollo si satisfacer la demanda actual de electricidad compromete de gran manera los recursos y posibilidades de vida, tanto de las presentes como de las futuras generaciones humanas, as\u00ed como de los animales y plantas. La creaci\u00f3n de energ\u00eda debe pensarse desde el crecimiento econ\u00f3mico, pero tambi\u00e9n desde el cuidado del medio ambiente y el bienestar social. Por eso, la creaci\u00f3n de muchas peque\u00f1as centrales en lugar de pocas pero muy grandes, es clave para este punto, pues \u00e9stas tienen impactos menos nocivos.<\/p>\n<p>Finalmente -y mencion\u00e9 ya anteriormente- la generaci\u00f3n de energ\u00eda tendr\u00e1 impactos, s\u00ed; pero eso no significa que no se pueda trabajar para la restauraci\u00f3n de los ecosistemas da\u00f1ados. Por ello, una consciente responsabilidad social y ambiental de quienes producen energ\u00eda, debe estar presente en todo momento; no como caridad, sino como un compromiso y obligaci\u00f3n derivado de su actividad econ\u00f3mica. Y muy importante, esta responsabilidad social debe ser incluyente con los consumidores, para que \u00e9stos pasen del papel pasivo de solamente pagar su factura al final de mes, a dar a conocer sus inquietudes y contribuir con posibles soluciones para que se mejore la calidad de vida de todas las personas y no s\u00f3lo de unas pocas.<\/p>\n","protected":false},"excerpt":{"rendered":"<p>Diana Pastor Recientemente, le\u00ed un interesante art\u00edculo en el portal SciDev.Net sobre ciencia y tecnolog\u00eda para el desarrollo global. El art\u00edculo, titulado \u201cLas hidroel\u00e9ctricas \u00bfcalifican como energ\u00eda renovable? menciona que cuando la generaci\u00f3n de energ\u00eda hidroel\u00e9ctrica pasa de ser una necesidad a ser una mercanc\u00eda a negociar y con un impacto masivo sobre el ecosistema [&hellip;]<\/p>\n","protected":false},"author":13,"featured_media":6398,"comment_status":"closed","ping_status":"closed","sticky":false,"template":"","format":"standard","meta":{"_exactmetrics_skip_tracking":false,"_exactmetrics_sitenote_active":false,"_exactmetrics_sitenote_note":"","_exactmetrics_sitenote_category":0,"jetpack_post_was_ever_published":false,"_jetpack_newsletter_access":"","_jetpack_dont_email_post_to_subs":false,"_jetpack_newsletter_tier_id":0,"_jetpack_memberships_contains_paywalled_content":false,"_jetpack_memberships_contains_paid_content":false,"footnotes":""},"categories":[402,396,394,452,384,399,406],"tags":[1981,1957],"class_list":["post-6395","post","type-post","status-publish","format-standard","has-post-thumbnail","hentry","category-accion-comunitaria-3","category-bosques","category-cambio-climatico","category-frontpage","category-medio-ambiente","category-megaproyectos","category-megaproyectos-2","tag-energia-renovable","tag-las-hidroelectricas-son-energia-renovable"],"jetpack_featured_media_url":"https:\/\/i0.wp.com\/www.entremundos.org\/revista\/wp-content\/uploads\/2020\/03\/20-deconstruyendo.jpg?fit=604%2C481&ssl=1","jetpack_shortlink":"https:\/\/wp.me\/p7ljt7-1F9","jetpack-related-posts":[{"id":13250,"url":"https:\/\/www.entremundos.org\/revista\/politica\/pymes-migracion-y-el-reto-de-la-informalidad-en-guatemala-una-economia-que-resiste-desde-abajo\/","url_meta":{"origin":6395,"position":0},"title":"PYMES, migraci\u00f3n y el reto de la informalidad en Guatemala: Una econom\u00eda que resiste desde abajo","author":"EntreMundos","date":"17 septiembre, 2025","format":false,"excerpt":"Por Alexander Castillo Este art\u00edculo analiza el papel crucial que juegan las Peque\u00f1as y Medianas Empresas (PYMES) y la migraci\u00f3n en la econom\u00eda guatemalteca. Con base en datos actuales, se resalta que m\u00e1s del 90\u202f% de las empresas del pa\u00eds son peque\u00f1as o medianas, y que las remesas representan cerca\u2026","rel":"","context":"En \u00abFrontPage\u00bb","block_context":{"text":"FrontPage","link":"https:\/\/www.entremundos.org\/revista\/category\/frontpage\/"},"img":{"alt_text":"","src":"","width":0,"height":0},"classes":[]},{"id":11590,"url":"https:\/\/www.entremundos.org\/revista\/medio-ambiente\/el-habitante-arbol\/","url_meta":{"origin":6395,"position":1},"title":"El habitante \u00e1rbol","author":"EntreMundos","date":"19 enero, 2024","format":false,"excerpt":"POR VALERIA LEIVA La administraci\u00f3n municipal de Quetzaltenango orden\u00f3 la tala de \u00e1rboles en el parque de la zona 3 de la ciudad pero vecinos, comerciantes y expertos se manifestaron en contra de esta decisi\u00f3n.\u00a0 Cada ciudad constituye su propio ecosistema urbano y se suele pensar que en el ecosistema\u2026","rel":"","context":"En \u00abBosques\u00bb","block_context":{"text":"Bosques","link":"https:\/\/www.entremundos.org\/revista\/category\/medio-ambiente\/bosques\/"},"img":{"alt_text":"","src":"https:\/\/i0.wp.com\/www.entremundos.org\/revista\/wp-content\/uploads\/2024\/01\/img_1121-1-scaled.jpg?fit=1200%2C900&ssl=1&resize=350%2C200","width":350,"height":200,"srcset":"https:\/\/i0.wp.com\/www.entremundos.org\/revista\/wp-content\/uploads\/2024\/01\/img_1121-1-scaled.jpg?fit=1200%2C900&ssl=1&resize=350%2C200 1x, https:\/\/i0.wp.com\/www.entremundos.org\/revista\/wp-content\/uploads\/2024\/01\/img_1121-1-scaled.jpg?fit=1200%2C900&ssl=1&resize=525%2C300 1.5x, https:\/\/i0.wp.com\/www.entremundos.org\/revista\/wp-content\/uploads\/2024\/01\/img_1121-1-scaled.jpg?fit=1200%2C900&ssl=1&resize=700%2C400 2x, https:\/\/i0.wp.com\/www.entremundos.org\/revista\/wp-content\/uploads\/2024\/01\/img_1121-1-scaled.jpg?fit=1200%2C900&ssl=1&resize=1050%2C600 3x"},"classes":[]},{"id":10580,"url":"https:\/\/www.entremundos.org\/revista\/politica\/desalojos-aumentan-durante-el-gobierno-de-alejandro-giammattei\/","url_meta":{"origin":6395,"position":2},"title":"Desalojos aumentan durante el gobierno de Alejandro Giammattei","author":"EntreMundos","date":"8 marzo, 2023","format":false,"excerpt":"Por Gilberto Escobar\u00a0 En Guatemala, durante los \u00faltimos a\u00f1os, los desalojos han ido en aumento y se han dado en dos modalidades: los desalojos legales que tienen una orden judicial y los extrajudiciales, los que\u00a0 no van acompa\u00f1ados de ninguna orden de un juez y que ocurren\u00a0 en horas de\u2026","rel":"","context":"En \u00abBosques\u00bb","block_context":{"text":"Bosques","link":"https:\/\/www.entremundos.org\/revista\/category\/medio-ambiente\/bosques\/"},"img":{"alt_text":"","src":"https:\/\/i0.wp.com\/www.entremundos.org\/revista\/wp-content\/uploads\/2023\/03\/portada.jpg?fit=1024%2C768&ssl=1&resize=350%2C200","width":350,"height":200,"srcset":"https:\/\/i0.wp.com\/www.entremundos.org\/revista\/wp-content\/uploads\/2023\/03\/portada.jpg?fit=1024%2C768&ssl=1&resize=350%2C200 1x, https:\/\/i0.wp.com\/www.entremundos.org\/revista\/wp-content\/uploads\/2023\/03\/portada.jpg?fit=1024%2C768&ssl=1&resize=525%2C300 1.5x, https:\/\/i0.wp.com\/www.entremundos.org\/revista\/wp-content\/uploads\/2023\/03\/portada.jpg?fit=1024%2C768&ssl=1&resize=700%2C400 2x"},"classes":[]},{"id":11617,"url":"https:\/\/www.entremundos.org\/revista\/mujer\/la-cultura-es-lo-que-en-la-muerte-continua-siendo-la-vida\/","url_meta":{"origin":6395,"position":3},"title":"\u201cLa Cultura es lo que, en la muerte, contin\u00faa siendo la vida\u201d","author":"EntreMundos","date":"19 enero, 2024","format":false,"excerpt":"POR PATRICIA MIRALB\u00c9S \u00bfTe has preguntado alguna vez por qu\u00e9 un grupo social se comporta de cierta manera? \u00bfDe d\u00f3nde vienen las creencias que te inculcan desde peque\u00f1o? Todo esto tiene que ver con la cultura del lugar en donde vivimos. La cultura es la base de la construcci\u00f3n de\u2026","rel":"","context":"En \u00abCultura\u00bb","block_context":{"text":"Cultura","link":"https:\/\/www.entremundos.org\/revista\/category\/cultura\/"},"img":{"alt_text":"","src":"https:\/\/i0.wp.com\/www.entremundos.org\/revista\/wp-content\/uploads\/2024\/01\/whatsapp-image-2023-12-13-at-6.59.10-pm-1.jpeg?fit=1200%2C800&ssl=1&resize=350%2C200","width":350,"height":200,"srcset":"https:\/\/i0.wp.com\/www.entremundos.org\/revista\/wp-content\/uploads\/2024\/01\/whatsapp-image-2023-12-13-at-6.59.10-pm-1.jpeg?fit=1200%2C800&ssl=1&resize=350%2C200 1x, https:\/\/i0.wp.com\/www.entremundos.org\/revista\/wp-content\/uploads\/2024\/01\/whatsapp-image-2023-12-13-at-6.59.10-pm-1.jpeg?fit=1200%2C800&ssl=1&resize=525%2C300 1.5x, https:\/\/i0.wp.com\/www.entremundos.org\/revista\/wp-content\/uploads\/2024\/01\/whatsapp-image-2023-12-13-at-6.59.10-pm-1.jpeg?fit=1200%2C800&ssl=1&resize=700%2C400 2x, https:\/\/i0.wp.com\/www.entremundos.org\/revista\/wp-content\/uploads\/2024\/01\/whatsapp-image-2023-12-13-at-6.59.10-pm-1.jpeg?fit=1200%2C800&ssl=1&resize=1050%2C600 3x"},"classes":[]},{"id":12999,"url":"https:\/\/www.entremundos.org\/revista\/politica\/romper-el-cemento\/","url_meta":{"origin":6395,"position":4},"title":"Romper el cemento","author":"EntreMundos","date":"23 julio, 2025","format":false,"excerpt":"By Valeria Leiva La recuperaci\u00f3n de espacios verdes en la ciudad de Quetzaltenango. La ciudad de Quetzaltenango, como muchos municipios, ha sido v\u00edctima de decisiones pol\u00edticas irresponsables que han afectado el bienestar colectivo. La tala de m\u00e1s de 400 \u00e1rboles sin un plan de transici\u00f3n a largo plazo dej\u00f3 a\u2026","rel":"","context":"En \u00abAccion Comunitaria\u00bb","block_context":{"text":"Accion Comunitaria","link":"https:\/\/www.entremundos.org\/revista\/category\/politica\/accion-comunitaria-3\/"},"img":{"alt_text":"","src":"https:\/\/i0.wp.com\/www.entremundos.org\/revista\/wp-content\/uploads\/2025\/07\/despues2.jpg?fit=1200%2C900&ssl=1&resize=350%2C200","width":350,"height":200,"srcset":"https:\/\/i0.wp.com\/www.entremundos.org\/revista\/wp-content\/uploads\/2025\/07\/despues2.jpg?fit=1200%2C900&ssl=1&resize=350%2C200 1x, https:\/\/i0.wp.com\/www.entremundos.org\/revista\/wp-content\/uploads\/2025\/07\/despues2.jpg?fit=1200%2C900&ssl=1&resize=525%2C300 1.5x, https:\/\/i0.wp.com\/www.entremundos.org\/revista\/wp-content\/uploads\/2025\/07\/despues2.jpg?fit=1200%2C900&ssl=1&resize=700%2C400 2x, https:\/\/i0.wp.com\/www.entremundos.org\/revista\/wp-content\/uploads\/2025\/07\/despues2.jpg?fit=1200%2C900&ssl=1&resize=1050%2C600 3x"},"classes":[]},{"id":13004,"url":"https:\/\/www.entremundos.org\/revista\/politica\/la-valentia-de-elegir-nuestros-suenos\/","url_meta":{"origin":6395,"position":5},"title":"La valent\u00eda de elegir nuestros sue\u00f1os","author":"EntreMundos","date":"23 julio, 2025","format":false,"excerpt":"Por Teresa Lucas Hay t\u00e9rminos en econom\u00eda y finanzas que, aunque t\u00e9cnicos, encierran verdades profundamente humanas. Uno de ellos es el costo de oportunidad. Este concepto se refiere a todo aquello que dejamos de hacer, recibir o disfrutar cuando tomamos una decisi\u00f3n determinada. En otras palabras, cada vez que elegimos\u2026","rel":"","context":"En \u00abFrontPage\u00bb","block_context":{"text":"FrontPage","link":"https:\/\/www.entremundos.org\/revista\/category\/frontpage\/"},"img":{"alt_text":"","src":"https:\/\/i0.wp.com\/www.entremundos.org\/revista\/wp-content\/uploads\/2025\/07\/whatsapp-image-2025-06-11-at-10.12.40-pm-scaled.png?fit=675%2C1200&ssl=1&resize=350%2C200","width":350,"height":200,"srcset":"https:\/\/i0.wp.com\/www.entremundos.org\/revista\/wp-content\/uploads\/2025\/07\/whatsapp-image-2025-06-11-at-10.12.40-pm-scaled.png?fit=675%2C1200&ssl=1&resize=350%2C200 1x, https:\/\/i0.wp.com\/www.entremundos.org\/revista\/wp-content\/uploads\/2025\/07\/whatsapp-image-2025-06-11-at-10.12.40-pm-scaled.png?fit=675%2C1200&ssl=1&resize=525%2C300 1.5x"},"classes":[]}],"jetpack_sharing_enabled":true,"_links":{"self":[{"href":"https:\/\/www.entremundos.org\/revista\/wp-json\/wp\/v2\/posts\/6395","targetHints":{"allow":["GET"]}}],"collection":[{"href":"https:\/\/www.entremundos.org\/revista\/wp-json\/wp\/v2\/posts"}],"about":[{"href":"https:\/\/www.entremundos.org\/revista\/wp-json\/wp\/v2\/types\/post"}],"author":[{"embeddable":true,"href":"https:\/\/www.entremundos.org\/revista\/wp-json\/wp\/v2\/users\/13"}],"replies":[{"embeddable":true,"href":"https:\/\/www.entremundos.org\/revista\/wp-json\/wp\/v2\/comments?post=6395"}],"version-history":[{"count":3,"href":"https:\/\/www.entremundos.org\/revista\/wp-json\/wp\/v2\/posts\/6395\/revisions"}],"predecessor-version":[{"id":6431,"href":"https:\/\/www.entremundos.org\/revista\/wp-json\/wp\/v2\/posts\/6395\/revisions\/6431"}],"wp:featuredmedia":[{"embeddable":true,"href":"https:\/\/www.entremundos.org\/revista\/wp-json\/wp\/v2\/media\/6398"}],"wp:attachment":[{"href":"https:\/\/www.entremundos.org\/revista\/wp-json\/wp\/v2\/media?parent=6395"}],"wp:term":[{"taxonomy":"category","embeddable":true,"href":"https:\/\/www.entremundos.org\/revista\/wp-json\/wp\/v2\/categories?post=6395"},{"taxonomy":"post_tag","embeddable":true,"href":"https:\/\/www.entremundos.org\/revista\/wp-json\/wp\/v2\/tags?post=6395"}],"curies":[{"name":"wp","href":"https:\/\/api.w.org\/{rel}","templated":true}]}}