{"id":6445,"date":"2020-04-01T15:29:33","date_gmt":"2020-04-01T23:29:33","guid":{"rendered":"http:\/\/www.entremundos.org\/revista\/?p=6445&#038;lang=en"},"modified":"2020-05-26T06:37:39","modified_gmt":"2020-05-26T14:37:39","slug":"the-cinematic-art-of-animation","status":"publish","type":"post","link":"https:\/\/www.entremundos.org\/revista\/film\/the-cinematic-art-of-animation\/?lang=en","title":{"rendered":"THE CINEMATIC ART OF ANIMATION"},"content":{"rendered":"<p><strong>By: Mar\u00eda Recinos<\/strong><\/p>\n<p>\u00darsula Echeverr\u00eda is a 32-year-old Guatemalan woman passionate about the art of animation, and recently won the prize for Best Central American Animated Film at the \u00cdcaro Festival with her film \u201cMia and the Missing Rock (Mia y la Roca Perdida).\u201d The movie tells the story of a girl who likes to play with her giant rock friend, who has lost his nose. Her mother wants her to clean her room, but the search for the rock nose seems more fun. Recently, we had the opportunity to interview this promising artist.<\/p>\n<p><strong>EntreMundos (EM): How did your career and love for design and creation begin?<\/strong><\/p>\n<p>\u00darsula Echeverr\u00eda: I initially studied graphic design at Galileo University in 2012. During that time, I danced professionally in the National Ballet of Guatemala, and right when I graduated from college, I was injured dancing, and decided to dedicate myself to design full-time. I realized that I wanted to get involved with animation, but I didn\u2019t have the skills to do it, so I began to take classes and teach myself to use the program harmony. Basically, I taught myself and specialized in this line of work, and this is how I was able to make my first animation. I prepared my portfolio and applied for a master\u2019s degree at the Institute of the Arts at the University of California, and I was accepted. So, I moved to California to study character animation.<\/p>\n<p><strong>EM: How did the idea of this project arise, and who helped you with it?<\/strong><\/p>\n<p>\u00darsula: At CalArts every year there is a final test where you have the freedom to choose the theme, media, and design for your project. The only limit is the amount of time you have. Inspired by what children do, I thought it would be a great and inspiring idea to tell the story of my daughter, who sees the world with a lot of curiosity and has a unique way of talking and expressing herself. In general, she really likes open places, like the countryside, caves, and the sky, and this allowed me to explore different environments for the film. I decided to participate in the \u00cdcaro Festival and won the prize for Best Animated Short Film in Central America.<\/p>\n<p><strong>EM: How did you feel upon being awarded the prize?<\/strong><\/p>\n<p>\u00darsula: I didn\u2019t expect it, it was a surprise. I\u2019ve participated in other festivals around the world but have never won a prize. I remember that they sent me the invitation one day before the event and it was very far, so I wasn\u2019t able to go. I received a call from a friend who told me \u201c\u00darsula\u2026you won!\u201d In that moment, I was in the park playing with my kids, and I felt like crying and telling someone about the emotion I was feeling. It was very moving, knowing that I had won a prize.<\/p>\n<figure id=\"attachment_6442\" aria-describedby=\"caption-attachment-6442\" style=\"width: 364px\" class=\"wp-caption alignleft\"><a href=\"https:\/\/i0.wp.com\/www.entremundos.org\/revista\/wp-content\/uploads\/2020\/04\/mia-y-la-roca-perdida-2-pag.-24.jpg\"><img data-recalc-dims=\"1\" loading=\"lazy\" decoding=\"async\" class=\" wp-image-6442\" src=\"https:\/\/i0.wp.com\/www.entremundos.org\/revista\/wp-content\/uploads\/2020\/04\/mia-y-la-roca-perdida-2-pag.-24-300x169.jpg?resize=364%2C205\" alt=\"\" width=\"364\" height=\"205\" srcset=\"https:\/\/i0.wp.com\/www.entremundos.org\/revista\/wp-content\/uploads\/2020\/04\/mia-y-la-roca-perdida-2-pag.-24.jpg?resize=300%2C169&amp;ssl=1 300w, https:\/\/i0.wp.com\/www.entremundos.org\/revista\/wp-content\/uploads\/2020\/04\/mia-y-la-roca-perdida-2-pag.-24.jpg?resize=768%2C432&amp;ssl=1 768w, https:\/\/i0.wp.com\/www.entremundos.org\/revista\/wp-content\/uploads\/2020\/04\/mia-y-la-roca-perdida-2-pag.-24.jpg?resize=1024%2C576&amp;ssl=1 1024w, https:\/\/i0.wp.com\/www.entremundos.org\/revista\/wp-content\/uploads\/2020\/04\/mia-y-la-roca-perdida-2-pag.-24.jpg?resize=335%2C188&amp;ssl=1 335w, https:\/\/i0.wp.com\/www.entremundos.org\/revista\/wp-content\/uploads\/2020\/04\/mia-y-la-roca-perdida-2-pag.-24.jpg?resize=1050%2C591&amp;ssl=1 1050w, https:\/\/i0.wp.com\/www.entremundos.org\/revista\/wp-content\/uploads\/2020\/04\/mia-y-la-roca-perdida-2-pag.-24.jpg?w=1920&amp;ssl=1 1920w, https:\/\/i0.wp.com\/www.entremundos.org\/revista\/wp-content\/uploads\/2020\/04\/mia-y-la-roca-perdida-2-pag.-24.jpg?w=1280&amp;ssl=1 1280w\" sizes=\"auto, (max-width: 364px) 100vw, 364px\" \/><\/a><figcaption id=\"caption-attachment-6442\" class=\"wp-caption-text\">Scene from animation Mia and the Missing Rock by \u00darsula Echeverr\u00eda.<\/figcaption><\/figure>\n<p><strong>EM: What\u2019s the message of Mia and the Missing Rock?<\/strong><\/p>\n<p>\u00darsula: Children have the freedom to imagine anything. My daughter especially likes collecting sticks, rocks, and pinecones, and I always carry rocks in my pockets. The main idea of the plot is that children don\u2019t have the limitations that adults sometimes have. Adults box themselves up in one thing or another, but children just imagine and play. Children are very curious to me because they have a distinct perspective on life, where they are interested in many things that adults just don\u2019t see.<\/p>\n<p><strong>EM: What do you think about the state of animated film in Guatemala?<\/strong><\/p>\n<p>\u00darsula: There isn\u2019t an interest in animation. Some universities are trying to spark an interest in it, but very few students actually study it. Programs are long and students don\u2019t really end up developing their skills. In California, you have to start at 8 a.m. and work until 10 p.m., which allows you to develop skills in the long term. In Guatemala, there are many people who have to work to be able to study, otherwise they are unable to get by. When one is involved in the world of art, they\u2019re relaxed and have the opportunity to see the things that surround them and observe small details. The real skill of an artist is in seeing these beautiful details that others don\u2019t see. Our country is a Third World country and I feel like it doesn\u2019t really support the arts. Furthermore, artists don\u2019t make a lot of money here. People don\u2019t appreciate their work and criticize art. The few artists that there are have to find a way to make a living because their work is not valued. I feel that this is a cultural situation where people have to be educated about art. There should be many more art classes in schools to spark an interest. Art is everywhere, but we just don\u2019t know it because our society doesn\u2019t support the arts. If nobody teaches you as a child to appreciate art, maybe in the future society will have missed out on the next great cartoonist or filmmaker.<\/p>\n<p><strong>EM: What would you say to women like you, who want to follow their dreams in the world of art and design?<\/strong><\/p>\n<p>\u00darsula: It\u2019s hard to become an artist, but it\u2019s very motivating being an example and inspiration to other women. Now that I\u2019m in the United States, I miss a lot about Guatemala, but being far away has allowed me to see life in different ways. One realizes that our way of thinking is unique, and that being different isn\u2019t a bad thing, since it helps us to be strong and value ourselves in diverse situations. But I want to say to women that nothing good in life comes easy, and that the good is worth everything it costs, because everything will be a product of your effort. It seems difficult and even impossible, but we all have different skills and we just have to appreciate them. We shouldn\u2019t underestimate ourselves. Sometimes we think that we aren\u2019t good enough to do something, but the path to success is uncertain, so you never know until you try. If you really want to do something, doors will open and things will fall into place, but you have to have patience in order to succeed. Watch \u00darsula\u2019s film here: <a href=\"https:\/\/vimeo.com\/ursulaecheverria\/miaylarocaperdida\">https:\/\/vimeo.com\/ursulaecheverria\/miaylarocaperdida<\/a><\/p>\n<p><em>Cover photo: Scene from animation Mia and the Missing Rock.<\/em><\/p>\n","protected":false},"excerpt":{"rendered":"<p>By: Mar\u00eda Recinos \u00darsula Echeverr\u00eda is a 32-year-old Guatemalan woman passionate about the art of animation, and recently won the prize for Best Central American Animated Film at the \u00cdcaro Festival with her film \u201cMia and the Missing Rock (Mia y la Roca Perdida).\u201d The movie tells the story of a girl who likes to [&hellip;]<\/p>\n","protected":false},"author":1,"featured_media":6441,"comment_status":"closed","ping_status":"closed","sticky":false,"template":"","format":"standard","meta":{"_exactmetrics_skip_tracking":false,"_exactmetrics_sitenote_active":false,"_exactmetrics_sitenote_note":"","_exactmetrics_sitenote_category":0,"jetpack_post_was_ever_published":false,"_jetpack_newsletter_access":"","_jetpack_dont_email_post_to_subs":false,"_jetpack_newsletter_tier_id":0,"_jetpack_memberships_contains_paywalled_content":false,"_jetpack_memberships_contains_paid_content":false,"footnotes":""},"categories":[445,455],"tags":[1989,1882,1990,1988],"class_list":["post-6445","post","type-post","status-publish","format-standard","has-post-thumbnail","hentry","category-film","category-pagetwo-en","tag-animation","tag-cortometraje","tag-prize","tag-shortfilm"],"jetpack_featured_media_url":"https:\/\/i0.wp.com\/www.entremundos.org\/revista\/wp-content\/uploads\/2020\/04\/mia-y-la-roca-pag.-22.jpg?fit=1233%2C573&ssl=1","jetpack_shortlink":"https:\/\/wp.me\/p7ljt7-1FX","jetpack-related-posts":[{"id":6568,"url":"https:\/\/www.entremundos.org\/revista\/economy\/food-security\/covid-19-health-inequity-in-guatemala-will-have-dangerous-consequences-during-the-pandemic\/?lang=en","url_meta":{"origin":6445,"position":0},"title":"COVID-19: Health inequity in Guatemala and the pandemic","author":"EntreMundos","date":"12 mayo, 2020","format":false,"excerpt":"By Aaliyah Sayed, Megha Thomas, Thomas Bocian, and Riley Felsher The novel coronavirus has altered our reality, and health systems all around the world are being put to the test. In New Jersey, an hour away from New York, marginalized communities and those with preexisting health problems are suffering disproportionately\u2026","rel":"","context":"En \u00abFood Security\u00bb","block_context":{"text":"Food Security","link":"https:\/\/www.entremundos.org\/revista\/category\/economy\/food-security\/?lang=en"},"img":{"alt_text":"","src":"https:\/\/i0.wp.com\/www.entremundos.org\/revista\/wp-content\/uploads\/2020\/05\/indigenouswomen.jpg?fit=800%2C450&ssl=1&resize=350%2C200","width":350,"height":200,"srcset":"https:\/\/i0.wp.com\/www.entremundos.org\/revista\/wp-content\/uploads\/2020\/05\/indigenouswomen.jpg?fit=800%2C450&ssl=1&resize=350%2C200 1x, https:\/\/i0.wp.com\/www.entremundos.org\/revista\/wp-content\/uploads\/2020\/05\/indigenouswomen.jpg?fit=800%2C450&ssl=1&resize=525%2C300 1.5x, https:\/\/i0.wp.com\/www.entremundos.org\/revista\/wp-content\/uploads\/2020\/05\/indigenouswomen.jpg?fit=800%2C450&ssl=1&resize=700%2C400 2x"},"classes":[]},{"id":9870,"url":"https:\/\/www.entremundos.org\/revista\/world\/our-volunteering-experience\/?lang=en","url_meta":{"origin":6445,"position":1},"title":"Our volunteering experience","author":"EntreMundos","date":"18 mayo, 2022","format":false,"excerpt":"Visiting Palajunoj Valley ande the Municipal Dump in Xela By Ursula and Tanel In our table at the restaurant, we found the last number of EntreMundos Magazine. Looking through the first pages, we noticed articles about environment, human rights and culture in Guatemala that called our attention. With a brief\u2026","rel":"","context":"En \u00abClimate Change\u00bb","block_context":{"text":"Climate Change","link":"https:\/\/www.entremundos.org\/revista\/category\/environment\/climate-change\/?lang=en"},"img":{"alt_text":"","src":"https:\/\/i0.wp.com\/www.entremundos.org\/revista\/wp-content\/uploads\/2022\/05\/whatsapp-image-2022-05-18-at-9.49.38-am.jpeg?fit=1200%2C801&ssl=1&resize=350%2C200","width":350,"height":200,"srcset":"https:\/\/i0.wp.com\/www.entremundos.org\/revista\/wp-content\/uploads\/2022\/05\/whatsapp-image-2022-05-18-at-9.49.38-am.jpeg?fit=1200%2C801&ssl=1&resize=350%2C200 1x, https:\/\/i0.wp.com\/www.entremundos.org\/revista\/wp-content\/uploads\/2022\/05\/whatsapp-image-2022-05-18-at-9.49.38-am.jpeg?fit=1200%2C801&ssl=1&resize=525%2C300 1.5x, https:\/\/i0.wp.com\/www.entremundos.org\/revista\/wp-content\/uploads\/2022\/05\/whatsapp-image-2022-05-18-at-9.49.38-am.jpeg?fit=1200%2C801&ssl=1&resize=700%2C400 2x, https:\/\/i0.wp.com\/www.entremundos.org\/revista\/wp-content\/uploads\/2022\/05\/whatsapp-image-2022-05-18-at-9.49.38-am.jpeg?fit=1200%2C801&ssl=1&resize=1050%2C600 3x"},"classes":[]},{"id":224,"url":"https:\/\/www.entremundos.org\/revista\/uncategorized-es\/light-painting-evolved\/","url_meta":{"origin":6445,"position":2},"title":"Light Painting Evolved","author":"EntreMundos","date":"14 octubre, 2013","format":false,"excerpt":"Gif animations included in this post. Add photoreal images, abstract designs, and animation to your long exposure photos and timelapse.\u00a0Light painting is a fairly simple to do. The first step is to make sure you have the right equipment. Almost every DSLR, and most point-and-shoots, have a long exposure mode.\u2026","rel":"","context":"En \u00abUncategorized\u00bb","block_context":{"text":"Uncategorized","link":"https:\/\/www.entremundos.org\/revista\/category\/uncategorized-es\/"},"img":{"alt_text":"","src":"https:\/\/i0.wp.com\/www.entremundos.org\/revista\/wp-content\/uploads\/2013\/10\/placeholder_image1.png?fit=1200%2C758&ssl=1&resize=350%2C200","width":350,"height":200,"srcset":"https:\/\/i0.wp.com\/www.entremundos.org\/revista\/wp-content\/uploads\/2013\/10\/placeholder_image1.png?fit=1200%2C758&ssl=1&resize=350%2C200 1x, https:\/\/i0.wp.com\/www.entremundos.org\/revista\/wp-content\/uploads\/2013\/10\/placeholder_image1.png?fit=1200%2C758&ssl=1&resize=525%2C300 1.5x, https:\/\/i0.wp.com\/www.entremundos.org\/revista\/wp-content\/uploads\/2013\/10\/placeholder_image1.png?fit=1200%2C758&ssl=1&resize=700%2C400 2x, https:\/\/i0.wp.com\/www.entremundos.org\/revista\/wp-content\/uploads\/2013\/10\/placeholder_image1.png?fit=1200%2C758&ssl=1&resize=1050%2C600 3x"},"classes":[]},{"id":8088,"url":"https:\/\/www.entremundos.org\/revista\/environment\/climate-change\/hurricanes-and-climate-change-disasters-waiting-to-happen\/?lang=en","url_meta":{"origin":6445,"position":3},"title":"HURRICANES AND CLIMATE CHANGE:  Disasters waiting to happen?","author":"EntreMundos","date":"11 enero, 2021","format":false,"excerpt":"By Fabio Cresta Ale\u00edna The wounds opened by hurricanes Eta and Iota are still heavily felt in Guatemala and in whole Central America. This year, during a record-breaking hurricane season, 30 Atlantic storms have been named, meaning that 30 tropical cyclones intensified to the point that their winds were faster\u2026","rel":"","context":"En \u00abClimate Change\u00bb","block_context":{"text":"Climate Change","link":"https:\/\/www.entremundos.org\/revista\/category\/environment\/climate-change\/?lang=en"},"img":{"alt_text":"","src":"https:\/\/i0.wp.com\/www.entremundos.org\/revista\/wp-content\/uploads\/2021\/01\/cambio-climatico-2-autor-reuters-https___www.excelsior.com_.mx_.jpg?fit=1200%2C900&ssl=1&resize=350%2C200","width":350,"height":200,"srcset":"https:\/\/i0.wp.com\/www.entremundos.org\/revista\/wp-content\/uploads\/2021\/01\/cambio-climatico-2-autor-reuters-https___www.excelsior.com_.mx_.jpg?fit=1200%2C900&ssl=1&resize=350%2C200 1x, https:\/\/i0.wp.com\/www.entremundos.org\/revista\/wp-content\/uploads\/2021\/01\/cambio-climatico-2-autor-reuters-https___www.excelsior.com_.mx_.jpg?fit=1200%2C900&ssl=1&resize=525%2C300 1.5x, https:\/\/i0.wp.com\/www.entremundos.org\/revista\/wp-content\/uploads\/2021\/01\/cambio-climatico-2-autor-reuters-https___www.excelsior.com_.mx_.jpg?fit=1200%2C900&ssl=1&resize=700%2C400 2x, https:\/\/i0.wp.com\/www.entremundos.org\/revista\/wp-content\/uploads\/2021\/01\/cambio-climatico-2-autor-reuters-https___www.excelsior.com_.mx_.jpg?fit=1200%2C900&ssl=1&resize=1050%2C600 3x"},"classes":[]},{"id":8359,"url":"https:\/\/www.entremundos.org\/revista\/frontpage-en\/sissy-the-story-of-a-stray-puppy\/?lang=en","url_meta":{"origin":6445,"position":4},"title":"Sissy: The story of a stray puppy","author":"Majo Recinos","date":"19 febrero, 2021","format":false,"excerpt":"For: Mar\u00eda Recinos I\u2019m a rescue dog. This is my story. I was abandoned on the street twice. Like many homeless dogs, I was born on a vacant lot. There were eight of us pups, and my mom left in search of food. There were so many of us that\u2026","rel":"","context":"En \u00abFrontPage\u00bb","block_context":{"text":"FrontPage","link":"https:\/\/www.entremundos.org\/revista\/category\/frontpage-en\/?lang=en"},"img":{"alt_text":"","src":"https:\/\/i0.wp.com\/www.entremundos.org\/revista\/wp-content\/uploads\/2021\/02\/whatsapp-image-2021-02-19-at-10.59.31-am.jpeg?fit=1200%2C936&ssl=1&resize=350%2C200","width":350,"height":200,"srcset":"https:\/\/i0.wp.com\/www.entremundos.org\/revista\/wp-content\/uploads\/2021\/02\/whatsapp-image-2021-02-19-at-10.59.31-am.jpeg?fit=1200%2C936&ssl=1&resize=350%2C200 1x, https:\/\/i0.wp.com\/www.entremundos.org\/revista\/wp-content\/uploads\/2021\/02\/whatsapp-image-2021-02-19-at-10.59.31-am.jpeg?fit=1200%2C936&ssl=1&resize=525%2C300 1.5x, https:\/\/i0.wp.com\/www.entremundos.org\/revista\/wp-content\/uploads\/2021\/02\/whatsapp-image-2021-02-19-at-10.59.31-am.jpeg?fit=1200%2C936&ssl=1&resize=700%2C400 2x, https:\/\/i0.wp.com\/www.entremundos.org\/revista\/wp-content\/uploads\/2021\/02\/whatsapp-image-2021-02-19-at-10.59.31-am.jpeg?fit=1200%2C936&ssl=1&resize=1050%2C600 3x"},"classes":[]},{"id":7588,"url":"https:\/\/www.entremundos.org\/revista\/environment\/brutality-against-animals-persists-in-guatemala-they-beat-a-parlama-turtle-to-remove-its-eggs\/?lang=en","url_meta":{"origin":6445,"position":5},"title":"Brutality against animals persists in Guatemala: they beat a parlama turtle to remove its eggs","author":"EntreMundos","date":"26 septiembre, 2020","format":false,"excerpt":"By EntreMundos Authorities of the National Council of Protected Areas reported that an adult sea turtle of the Parlama species was brutally beaten by unknown persons on Tecojate Beach, Nueva Concepci\u00f3n, Escuintla, who tried to steal its eggs. Despite being an endangered species, this turtle continues to be harassed by\u2026","rel":"","context":"En \u00abEnvironment\u00bb","block_context":{"text":"Environment","link":"https:\/\/www.entremundos.org\/revista\/category\/environment\/?lang=en"},"img":{"alt_text":"","src":"https:\/\/i0.wp.com\/www.entremundos.org\/revista\/wp-content\/uploads\/2020\/09\/120195994_3297330823648689_7562092584676596289_n.jpg?fit=960%2C540&ssl=1&resize=350%2C200","width":350,"height":200,"srcset":"https:\/\/i0.wp.com\/www.entremundos.org\/revista\/wp-content\/uploads\/2020\/09\/120195994_3297330823648689_7562092584676596289_n.jpg?fit=960%2C540&ssl=1&resize=350%2C200 1x, https:\/\/i0.wp.com\/www.entremundos.org\/revista\/wp-content\/uploads\/2020\/09\/120195994_3297330823648689_7562092584676596289_n.jpg?fit=960%2C540&ssl=1&resize=525%2C300 1.5x, https:\/\/i0.wp.com\/www.entremundos.org\/revista\/wp-content\/uploads\/2020\/09\/120195994_3297330823648689_7562092584676596289_n.jpg?fit=960%2C540&ssl=1&resize=700%2C400 2x"},"classes":[]}],"jetpack_sharing_enabled":true,"_links":{"self":[{"href":"https:\/\/www.entremundos.org\/revista\/wp-json\/wp\/v2\/posts\/6445","targetHints":{"allow":["GET"]}}],"collection":[{"href":"https:\/\/www.entremundos.org\/revista\/wp-json\/wp\/v2\/posts"}],"about":[{"href":"https:\/\/www.entremundos.org\/revista\/wp-json\/wp\/v2\/types\/post"}],"author":[{"embeddable":true,"href":"https:\/\/www.entremundos.org\/revista\/wp-json\/wp\/v2\/users\/1"}],"replies":[{"embeddable":true,"href":"https:\/\/www.entremundos.org\/revista\/wp-json\/wp\/v2\/comments?post=6445"}],"version-history":[{"count":3,"href":"https:\/\/www.entremundos.org\/revista\/wp-json\/wp\/v2\/posts\/6445\/revisions"}],"predecessor-version":[{"id":6448,"href":"https:\/\/www.entremundos.org\/revista\/wp-json\/wp\/v2\/posts\/6445\/revisions\/6448"}],"wp:featuredmedia":[{"embeddable":true,"href":"https:\/\/www.entremundos.org\/revista\/wp-json\/wp\/v2\/media\/6441"}],"wp:attachment":[{"href":"https:\/\/www.entremundos.org\/revista\/wp-json\/wp\/v2\/media?parent=6445"}],"wp:term":[{"taxonomy":"category","embeddable":true,"href":"https:\/\/www.entremundos.org\/revista\/wp-json\/wp\/v2\/categories?post=6445"},{"taxonomy":"post_tag","embeddable":true,"href":"https:\/\/www.entremundos.org\/revista\/wp-json\/wp\/v2\/tags?post=6445"}],"curies":[{"name":"wp","href":"https:\/\/api.w.org\/{rel}","templated":true}]}}