{"id":6455,"date":"2020-04-06T21:20:43","date_gmt":"2020-04-07T05:20:43","guid":{"rendered":"http:\/\/www.entremundos.org\/revista\/?p=6455"},"modified":"2020-04-06T21:20:43","modified_gmt":"2020-04-07T05:20:43","slug":"la-ansiedad-en-los-tiempos-del-coronavirus","status":"publish","type":"post","link":"https:\/\/www.entremundos.org\/revista\/salud\/la-ansiedad-en-los-tiempos-del-coronavirus\/","title":{"rendered":"La Ansiedad en los Tiempos del Coronavirus"},"content":{"rendered":"<p><strong>Por Karen Legrand<\/strong><\/p>\n<p>La tierra est\u00e1 m\u00e1s viva que nunca, vemos en las noticias como poco a poco la capa de ozono se regenera, algunos r\u00edos empiezan a aclararse, animales silvestres pasean libremente por grandes ciudades, paralelamente, la humanidad atraviesa momentos de incertidumbre, y porque no decirlo un sentido de extinci\u00f3n.<\/p>\n<p>Estas \u00faltimas semanas el tema popular de las conversaciones, di\u00e1logos, noticias, y por supuesto redes sociales ha sido el Covid-19. Ante ello, cabe preguntarse \u00bfqu\u00e9 impacto genera esta pandemia en nuestra salud mental? s\u00ed; ese tipo de salud siempre olvidada pero presente en todos y todas.\u00a0 \u00bfQu\u00e9 es la salud mental? \u00bfQu\u00e9 tiene que ver el Covid-19 y la salud mental?<\/p>\n<p>La salud debe entenderse como una integralidad y la salud mental es parte de ella. Seg\u00fan la <em>Organizaci\u00f3n Mundial de la Salud -OMS- <\/em>la salud mental est\u00e1 relacionada al bienestar mental y psicol\u00f3gico, esto incluye la prevenci\u00f3n y\/o atenci\u00f3n de trastornos mentales y protecci\u00f3n de los derechos humanos. Por otro lado, la salud se define como el estado de completo bienestar f\u00edsico, mental y social, no \u00fanicamente la ausencia de enfermedades o afecciones.<\/p>\n<p>Hemos memorizado que los s\u00edntomas f\u00edsicos del covid-19 que seg\u00fan la OMS son fiebre, tos y dificultades en la respiraci\u00f3n; pero, \u00bfqu\u00e9 pasa con nuestra salud mental? \u00bfqu\u00e9 signos de alarma deber\u00edamos aprender a identificar y que acciones tomar para restablecer nuestra salud?<\/p>\n<p>Vamos a hacer un ejercicio corto \u00bfCu\u00e1ntas de estas acciones se nos hacen familiares desde que este virus ha ingresado a nuestros pa\u00edses, ciudades y\/o comunidades?<\/p>\n<p>-Supermercados vac\u00edos, mascarillas y alcohol agotados, incertidumbre o miedo sobre el futuro, calles vac\u00edas o abarrotadas, resistencia o dificultad a los cambios, problemas de sue\u00f1o o alimentaci\u00f3n, consulta de noticias o redes sociales con m\u00e1s frecuencia a lo normal, sentimientos de desesperanza, confusi\u00f3n, incertidumbre, desconfianza&#8230;la lista podr\u00eda continuar, y cada uno de estos ejemplos est\u00e1n ligados a nuestra respuesta emocional, cognitiva y de comportamiento cuando nuestro estado de \u201cseguridad\u201d se ve amenazado.<\/p>\n<p><strong>La ansiedad en contextos de desigualdad <\/strong><\/p>\n<p>As\u00ed como las \u201ccuarentenas\u201d no se viven de igual forma en cada sociedad, el impacto del covid-19 en la salud mental tambi\u00e9n presenta sus propios matices.<\/p>\n<p><strong>Situaci\u00f3n No.1<\/strong><\/p>\n<p>Juan trabaja ahora desde casa, sin embargo, se encuentra inquieto, no ha podido dormir bien durante la semana, ha visto constantemente noticias m\u00e1s de 5 veces en el d\u00eda, y sus manos han empezado a irritarse ya que se las lava con m\u00e1s frecuencia de lo recomendado. No ha salido de casa porque teme contagiarse y contagiar a su padre de avanzada edad. Juan es el responsable directo del cuidado de su pap\u00e1.<\/p>\n<p><strong>Situaci\u00f3n No.2<\/strong><\/p>\n<p>Matilde y Jorge tienen 2 ni\u00f1os de 3 y 5 a\u00f1os, ambos venden ropa en el mercado de su comunidad, est\u00e1n muy preocupados porque han cerrado la guarder\u00eda y ahora se llevan a sus ni\u00f1os al mercado o los dejan encerrados en el cuarto que alquilan. Ha disminuido la venta, ahora el mercado est\u00e1 abierto solo unas cuantas horas. Llegado el fin de mes, logran reunir el pago del alquiler, en su canasta b\u00e1sica solo alcanza para frijoles y az\u00facar. Matilde llora y teme quedarse en la calle el pr\u00f3ximo mes, Jorge ha perdido el apetito y se muestra irritable la mayor parte del d\u00eda.<\/p>\n<p>Estas 2 situaciones ejemplifican y contrastan las formas en que una pandemia afecta emocionalmente a las personas seg\u00fan sus contextos, condiciones de vida, g\u00e9nero, acceso a servicios b\u00e1sicos. Las desigualdades traen consigo mayores retos para sociedades en situaci\u00f3n de pobreza, volviendo casi una utop\u00eda y dejando como privilegio el estado de bienestar integral para pocos.<\/p>\n<p>La ansiedad seg\u00fan la OMS es un estado emocional que causa malestar f\u00edsico, emocional, afectivo y\/o del comportamiento. Puede manifestarse de la siguiente forma<\/p>\n<table>\n<tbody>\n<tr>\n<td width=\"221\"><strong>SENSACIONES F\u00cdSICAS<\/strong><\/td>\n<td width=\"251\"><strong>SENSACIONES EMOCIONALES, AFECTIVAS Y\/O DEL COMPORTAMIENTO<\/strong><\/td>\n<\/tr>\n<tr>\n<td width=\"221\">Aumento en tensi\u00f3n muscular<\/p>\n<p>Mareos<\/p>\n<p>Sudoraci\u00f3n excesiva<\/p>\n<p>Taquicardia<\/p>\n<p>Temblores<\/p>\n<p>Problemas digestivos<\/p>\n<p>Diarrea<\/p>\n<p>Fatiga<\/p>\n<p>Problemas de sue\u00f1o<\/td>\n<td width=\"251\">Intranquilidad<\/p>\n<p>Preocupaci\u00f3n excesiva<\/p>\n<p>Miedos irracionales<\/p>\n<p>Ideas catastr\u00f3ficas<\/p>\n<p>Deseos de huir o escapar<\/p>\n<p>Sensaci\u00f3n de muerte<\/p>\n<p>Dificultad de concentraci\u00f3n<\/td>\n<\/tr>\n<\/tbody>\n<\/table>\n<p>La ansiedad causada por el Covid-19 en sociedades que ya viven en crisis y con ansiedad, seg\u00fan la OMS m\u00e1s de 260 millones de personas sufren de trastornos de ansiedad. En la vida diaria estamos expuestos y expuestas a diversos est\u00edmulos o estresores que desarrollan ansiedad, la diferencia en que ciertos s\u00edntomas se desarrollen en un trastorno, depender\u00e1 de las herramientas, capacidades, mecanismos y pol\u00edticas p\u00fablicas de prevenci\u00f3n y atenci\u00f3n para la salud mental que tengamos.<\/p>\n<p><strong>\u00bfQu\u00e9 hacer s\u00ed presentamos ansiedad en estos tiempos del Covid-19? <\/strong><\/p>\n<p>Todos y todas en esta pandemia nos hemos sentido intranquilos\/as, inseguros\/as con temor por nuestra vida, la vida de nuestras familias, amistades, etc. Debemos entender que nuestra respuesta emocional es completamente normal y v\u00e1lida, no debemos avergonzarnos de sentir miedo, pero cuando estas sensaciones afectan nuestra vida diaria, nuestras capacidades de toma de decisiones, nuestros ritmos de sue\u00f1o, alimentaci\u00f3n, es all\u00ed donde debemos buscar ayuda. Ac\u00e1 algunas ideas de lo que podemos hacer.<\/p>\n<p>&#8211;<strong><em>Solicita ayuda psicol\u00f3gica<\/em>,<\/strong> ante la emergencia del covid-19 se han abierto distintas l\u00edneas telef\u00f3nicas y grupos v\u00eda internet para conectarte y obtener el apoyo desde casa.<\/p>\n<p>&#8211; <strong><em>Habla con una persona de confianza<\/em><\/strong>, si no tienes acceso telef\u00f3nico o internet, busca a alguien de confianza, emp\u00e1tico\/a, que te brinde un espacio seguro. La facultad de psicolog\u00eda de la universidad de San Carlos est\u00e1 ofreciendo servicio gratuito psicol\u00f3gico virtual. Click en el siguiente enlace para m\u00e1s informaci\u00f3n.<\/p>\n<p>&#8211;<strong><em> Regula tus emociones por medio de la respiraci\u00f3n, <\/em><\/strong>cuando te sientas confundido\/a, con miedo o te notes con angustia, ve a un lugar en silencio, cierra los ojos, coloca tus manos en el vientre y en el pecho y empieza a respirar, siente como tu cuerpo empieza a calmarse. Hay varios videos en l\u00ednea que pueden orientarnos a realizar ejercicios de respiraci\u00f3n.<\/p>\n<p><strong><em>-Elimina en lo posible los estresores, <\/em><\/strong>identifica las cosas, personas o situaciones que te producen ansiedad, evita ver noticias todo el tiempo, evita conversaciones catastr\u00f3ficas y pesimistas, reemplaza estas por actividades l\u00fadicas, creativas y art\u00edsticas.<\/p>\n<p><strong><em>-Reconecta con la medicina que nos brinda la madre naturaleza, <\/em><\/strong>prep\u00e1rate un t\u00e9 o infusi\u00f3n natural, puede ser de manzanilla, Mar\u00eda Luisa, lavanda, valeriana, tilo para relajarte. Y si buscas energ\u00eda puede ser de naranja, t\u00e9 verde, romero, menta. \u00a0Si vives en Quetzaltenango, te recomendamos esta tienda de suplementos:<\/p>\n<p><strong><em>-Solicita ayuda a tu familia, comunidad, grupos religiosos, amistades, municipalidades, <\/em><\/strong>investiga en tu comunidad o ciudad las acciones de ayuda ante esta pandemia, recuerda que no est\u00e1s solo o sola.<\/p>\n<p>&#8211;<strong><em>Fortalece tus relaciones con tu familia, amistades, vecinos, comunidad, y sobretodo contigo mismo\/a, <\/em><\/strong>son tiempos de grandes cambios para toda la humanidad, as\u00ed que no est\u00e1s solo\/a en esto, aprovecha para comunicarte con tus seres queridos y \u00bfpor qu\u00e9 no? plantearte nuevas metas o sue\u00f1os personales.<\/p>\n<p>Cuidar tu salud y especialmente tu salud mental no es motivo de verg\u00fcenza ni es sin\u00f3nimo de locura, cuidar la salud es responsabilidad de todos y todas.<\/p>\n<p>Contactos para solicitar apoyo emocional en Guatemala<\/p>\n<ul>\n<li>FB Liga Guatemalteca de Higiene Mental &#8211;\u00a0 2232-6269 y 2238-3739<\/li>\n<li>FB Colegio de Psic\u00f3logos de Guatemala \u2013 Chat de apoyo emocional <a href=\"https:\/\/www.colegiodepsicologos.org.gt\/apoyo-emocional-en-emergencias\/\">https:\/\/www.colegiodepsicologos.org.gt\/apoyo-emocional-en-emergencias\/<\/a><\/li>\n<li>FB CICAM Guatemala \u2013 Chat de apoyo a las mujeres <a href=\"http:\/\/www.sosmujer.com\/?fbclid=IwAR2lDI_LcRbHDX8vrhpHv5TXOkIe0MICVxSbQPxpbAB1gqklvvcMT_lPWRU\">sosmujer.com<\/a><\/li>\n<\/ul>\n<p><em>Karen Legrand-M\u00e9ndez es Psic\u00f3loga Comunitaria y escritora frecuente de Revista EntreMundos<\/em><\/p>\n","protected":false},"excerpt":{"rendered":"<p>Por Karen Legrand La tierra est\u00e1 m\u00e1s viva que nunca, vemos en las noticias como poco a poco la capa de ozono se regenera, algunos r\u00edos empiezan a aclararse, animales silvestres pasean libremente por grandes ciudades, paralelamente, la humanidad atraviesa momentos de incertidumbre, y porque no decirlo un sentido de extinci\u00f3n. Estas \u00faltimas semanas el [&hellip;]<\/p>\n","protected":false},"author":1,"featured_media":6454,"comment_status":"closed","ping_status":"closed","sticky":false,"template":"","format":"standard","meta":{"_exactmetrics_skip_tracking":false,"_exactmetrics_sitenote_active":false,"_exactmetrics_sitenote_note":"","_exactmetrics_sitenote_category":0,"jetpack_post_was_ever_published":false,"_jetpack_newsletter_access":"","_jetpack_dont_email_post_to_subs":false,"_jetpack_newsletter_tier_id":0,"_jetpack_memberships_contains_paywalled_content":false,"_jetpack_memberships_contains_paid_content":false,"footnotes":""},"categories":[452,382],"tags":[1994,1993,1991,1992,1995,697],"class_list":["post-6455","post","type-post","status-publish","format-standard","has-post-thumbnail","hentry","category-frontpage","category-salud","tag-ansiedad","tag-coronavirus","tag-coronavirus-ansiedad","tag-coronavirus-guatemala","tag-salud-coronavirus","tag-salud-mental"],"jetpack_featured_media_url":"https:\/\/i0.wp.com\/www.entremundos.org\/revista\/wp-content\/uploads\/2020\/04\/coronavirus-4931407_1280-1.jpg?fit=1280%2C718&ssl=1","jetpack_shortlink":"https:\/\/wp.me\/p7ljt7-1G7","jetpack-related-posts":[{"id":12224,"url":"https:\/\/www.entremundos.org\/revista\/mujer\/derechos-sexuales-y-reproductivos-tema-pendiente-en-guatemala\/","url_meta":{"origin":6455,"position":0},"title":"Derechos sexuales y reproductivos; tema pendiente en Guatemala","author":"EntreMundos","date":"15 julio, 2024","format":false,"excerpt":"POR EMMA G\u00d3MEZ Seg\u00fan La Organizaci\u00f3n de las Naciones Unidas de los Derechos Humanos, (ONU-DH), los derechos sexuales y reproductivos est\u00e1n relacionados con la libertad de las personas a decidir sobre su sexualidad y el ejercicio libre de la misma. Algunos derechos pueden ser; ejercer la sexualidad de manera independiente\u2026","rel":"","context":"En \u00abFrontPage\u00bb","block_context":{"text":"FrontPage","link":"https:\/\/www.entremundos.org\/revista\/category\/frontpage\/"},"img":{"alt_text":"","src":"https:\/\/i0.wp.com\/www.entremundos.org\/revista\/wp-content\/uploads\/2024\/07\/444487166_750607893953803_8829963883492089519_n.jpg?fit=1200%2C1158&ssl=1&resize=350%2C200","width":350,"height":200,"srcset":"https:\/\/i0.wp.com\/www.entremundos.org\/revista\/wp-content\/uploads\/2024\/07\/444487166_750607893953803_8829963883492089519_n.jpg?fit=1200%2C1158&ssl=1&resize=350%2C200 1x, https:\/\/i0.wp.com\/www.entremundos.org\/revista\/wp-content\/uploads\/2024\/07\/444487166_750607893953803_8829963883492089519_n.jpg?fit=1200%2C1158&ssl=1&resize=525%2C300 1.5x, https:\/\/i0.wp.com\/www.entremundos.org\/revista\/wp-content\/uploads\/2024\/07\/444487166_750607893953803_8829963883492089519_n.jpg?fit=1200%2C1158&ssl=1&resize=700%2C400 2x, https:\/\/i0.wp.com\/www.entremundos.org\/revista\/wp-content\/uploads\/2024\/07\/444487166_750607893953803_8829963883492089519_n.jpg?fit=1200%2C1158&ssl=1&resize=1050%2C600 3x"},"classes":[]},{"id":13014,"url":"https:\/\/www.entremundos.org\/revista\/politica\/donar-no-es-negociar\/","url_meta":{"origin":6455,"position":1},"title":"Donar no es negociar","author":"EntreMundos","date":"30 julio, 2025","format":false,"excerpt":"Donar no es negociar Por Lisseth Santos De acuerdo a lo que se conoce respecto a la donaci\u00f3n, esta se refiere a una forma voluntaria de dar sin recibir nada a cambio. Sin embargo, el modelo\u00a0 econ\u00f3mico capitalista, en su fase neoliberal, ha convertido a la salud en un negocio\u2026","rel":"","context":"En \u00abFrontPage\u00bb","block_context":{"text":"FrontPage","link":"https:\/\/www.entremundos.org\/revista\/category\/frontpage\/"},"img":{"alt_text":"","src":"https:\/\/i0.wp.com\/www.entremundos.org\/revista\/wp-content\/uploads\/2025\/07\/20250702_150242-scaled.jpg?fit=1200%2C900&ssl=1&resize=350%2C200","width":350,"height":200,"srcset":"https:\/\/i0.wp.com\/www.entremundos.org\/revista\/wp-content\/uploads\/2025\/07\/20250702_150242-scaled.jpg?fit=1200%2C900&ssl=1&resize=350%2C200 1x, https:\/\/i0.wp.com\/www.entremundos.org\/revista\/wp-content\/uploads\/2025\/07\/20250702_150242-scaled.jpg?fit=1200%2C900&ssl=1&resize=525%2C300 1.5x, https:\/\/i0.wp.com\/www.entremundos.org\/revista\/wp-content\/uploads\/2025\/07\/20250702_150242-scaled.jpg?fit=1200%2C900&ssl=1&resize=700%2C400 2x, https:\/\/i0.wp.com\/www.entremundos.org\/revista\/wp-content\/uploads\/2025\/07\/20250702_150242-scaled.jpg?fit=1200%2C900&ssl=1&resize=1050%2C600 3x"},"classes":[]},{"id":13646,"url":"https:\/\/www.entremundos.org\/revista\/politica\/14-horas-en-la-emergencia-del-san-juan\/","url_meta":{"origin":6455,"position":2},"title":"14 Horas en la emergencia del San Juan","author":"EntreMundos","date":"4 abril, 2026","format":false,"excerpt":"POR JOS\u00c9 RUB\u00c9N ZAMORA A continuaci\u00f3n, un relato vivido el lunes 30 de diciembre de 2025, el experimentado y eficaz m\u00e9dico de Mariscal Zavala y Matamoros tuvo la deferencia de pasar a visitarme y preguntar por mi salud. A grandes rasgos le describ\u00ed la evoluci\u00f3n de mis achaques y c\u00f3mo\u2026","rel":"","context":"En \u00abFrontPage\u00bb","block_context":{"text":"FrontPage","link":"https:\/\/www.entremundos.org\/revista\/category\/frontpage\/"},"img":{"alt_text":"","src":"https:\/\/i0.wp.com\/www.entremundos.org\/revista\/wp-content\/uploads\/2026\/03\/634915345_122122712199038307_404958608411572897_n.jpg?fit=1200%2C802&ssl=1&resize=350%2C200","width":350,"height":200,"srcset":"https:\/\/i0.wp.com\/www.entremundos.org\/revista\/wp-content\/uploads\/2026\/03\/634915345_122122712199038307_404958608411572897_n.jpg?fit=1200%2C802&ssl=1&resize=350%2C200 1x, https:\/\/i0.wp.com\/www.entremundos.org\/revista\/wp-content\/uploads\/2026\/03\/634915345_122122712199038307_404958608411572897_n.jpg?fit=1200%2C802&ssl=1&resize=525%2C300 1.5x, https:\/\/i0.wp.com\/www.entremundos.org\/revista\/wp-content\/uploads\/2026\/03\/634915345_122122712199038307_404958608411572897_n.jpg?fit=1200%2C802&ssl=1&resize=700%2C400 2x, https:\/\/i0.wp.com\/www.entremundos.org\/revista\/wp-content\/uploads\/2026\/03\/634915345_122122712199038307_404958608411572897_n.jpg?fit=1200%2C802&ssl=1&resize=1050%2C600 3x"},"classes":[]},{"id":13644,"url":"https:\/\/www.entremundos.org\/revista\/politica\/fortaleciendo-la-comunidad-desde-dentro-un-nuevo-capitulo-para-caras-alegres\/","url_meta":{"origin":6455,"position":3},"title":"Fortaleciendo la comunidad desde dentro: Un nuevo cap\u00edtulo para Caras Alegres","author":"EntreMundos","date":"4 abril, 2026","format":false,"excerpt":"POR VER\u00d3NICA DI MAGGIO Caras Alegres reabri\u00f3 sus puertas con una renovada claridad y enfoque estrat\u00e9gico. Despu\u00e9s de meses dedicados a la evaluaci\u00f3n y planificaci\u00f3n, este 2026 inicia no simplemente como un nuevo a\u00f1o operativo, sino como una expansi\u00f3n estructurada de nuestro impacto comunitario. El a\u00f1o pasado demostr\u00f3 que el\u2026","rel":"","context":"En \u00abFrontPage\u00bb","block_context":{"text":"FrontPage","link":"https:\/\/www.entremundos.org\/revista\/category\/frontpage\/"},"img":{"alt_text":"","src":"https:\/\/i0.wp.com\/www.entremundos.org\/revista\/wp-content\/uploads\/2026\/03\/633353323_1320877706749036_6826896970194983908_n.jpg?fit=1200%2C963&ssl=1&resize=350%2C200","width":350,"height":200,"srcset":"https:\/\/i0.wp.com\/www.entremundos.org\/revista\/wp-content\/uploads\/2026\/03\/633353323_1320877706749036_6826896970194983908_n.jpg?fit=1200%2C963&ssl=1&resize=350%2C200 1x, https:\/\/i0.wp.com\/www.entremundos.org\/revista\/wp-content\/uploads\/2026\/03\/633353323_1320877706749036_6826896970194983908_n.jpg?fit=1200%2C963&ssl=1&resize=525%2C300 1.5x, https:\/\/i0.wp.com\/www.entremundos.org\/revista\/wp-content\/uploads\/2026\/03\/633353323_1320877706749036_6826896970194983908_n.jpg?fit=1200%2C963&ssl=1&resize=700%2C400 2x, https:\/\/i0.wp.com\/www.entremundos.org\/revista\/wp-content\/uploads\/2026\/03\/633353323_1320877706749036_6826896970194983908_n.jpg?fit=1200%2C963&ssl=1&resize=1050%2C600 3x"},"classes":[]},{"id":12999,"url":"https:\/\/www.entremundos.org\/revista\/politica\/romper-el-cemento\/","url_meta":{"origin":6455,"position":4},"title":"Romper el cemento","author":"EntreMundos","date":"23 julio, 2025","format":false,"excerpt":"By Valeria Leiva La recuperaci\u00f3n de espacios verdes en la ciudad de Quetzaltenango. La ciudad de Quetzaltenango, como muchos municipios, ha sido v\u00edctima de decisiones pol\u00edticas irresponsables que han afectado el bienestar colectivo. La tala de m\u00e1s de 400 \u00e1rboles sin un plan de transici\u00f3n a largo plazo dej\u00f3 a\u2026","rel":"","context":"En \u00abAccion Comunitaria\u00bb","block_context":{"text":"Accion Comunitaria","link":"https:\/\/www.entremundos.org\/revista\/category\/politica\/accion-comunitaria-3\/"},"img":{"alt_text":"","src":"https:\/\/i0.wp.com\/www.entremundos.org\/revista\/wp-content\/uploads\/2025\/07\/despues2.jpg?fit=1200%2C900&ssl=1&resize=350%2C200","width":350,"height":200,"srcset":"https:\/\/i0.wp.com\/www.entremundos.org\/revista\/wp-content\/uploads\/2025\/07\/despues2.jpg?fit=1200%2C900&ssl=1&resize=350%2C200 1x, https:\/\/i0.wp.com\/www.entremundos.org\/revista\/wp-content\/uploads\/2025\/07\/despues2.jpg?fit=1200%2C900&ssl=1&resize=525%2C300 1.5x, https:\/\/i0.wp.com\/www.entremundos.org\/revista\/wp-content\/uploads\/2025\/07\/despues2.jpg?fit=1200%2C900&ssl=1&resize=700%2C400 2x, https:\/\/i0.wp.com\/www.entremundos.org\/revista\/wp-content\/uploads\/2025\/07\/despues2.jpg?fit=1200%2C900&ssl=1&resize=1050%2C600 3x"},"classes":[]},{"id":12622,"url":"https:\/\/www.entremundos.org\/revista\/politica\/presupuesto-nacional-procesos-y-elementos-importantes\/","url_meta":{"origin":6455,"position":5},"title":"Presupuesto nacional; Procesos y elementos importantes","author":"EntreMundos","date":"16 enero, 2025","format":false,"excerpt":"POR YESSICA PASTOR El siguiente es un extracto de una de las conversaciones sostenidas dentro de la serie de encuentros virtuales sobre incidencia pol\u00edtica del Directorio Guatemala. A continuaci\u00f3n, la intervenci\u00f3n de Ricardo Barrientos, director ejecutivo del Instituto Centroamericano de Estudios Fiscales (ICEFI). \u00bfQu\u00e9 factores pol\u00edticos considera que influyeron en\u2026","rel":"","context":"En \u00abPol\u00edtica\u00bb","block_context":{"text":"Pol\u00edtica","link":"https:\/\/www.entremundos.org\/revista\/category\/politica\/"},"img":{"alt_text":"","src":"https:\/\/i0.wp.com\/www.entremundos.org\/revista\/wp-content\/uploads\/2025\/01\/minifi.jpg?fit=1200%2C900&ssl=1&resize=350%2C200","width":350,"height":200,"srcset":"https:\/\/i0.wp.com\/www.entremundos.org\/revista\/wp-content\/uploads\/2025\/01\/minifi.jpg?fit=1200%2C900&ssl=1&resize=350%2C200 1x, https:\/\/i0.wp.com\/www.entremundos.org\/revista\/wp-content\/uploads\/2025\/01\/minifi.jpg?fit=1200%2C900&ssl=1&resize=525%2C300 1.5x, https:\/\/i0.wp.com\/www.entremundos.org\/revista\/wp-content\/uploads\/2025\/01\/minifi.jpg?fit=1200%2C900&ssl=1&resize=700%2C400 2x, https:\/\/i0.wp.com\/www.entremundos.org\/revista\/wp-content\/uploads\/2025\/01\/minifi.jpg?fit=1200%2C900&ssl=1&resize=1050%2C600 3x"},"classes":[]}],"jetpack_sharing_enabled":true,"_links":{"self":[{"href":"https:\/\/www.entremundos.org\/revista\/wp-json\/wp\/v2\/posts\/6455","targetHints":{"allow":["GET"]}}],"collection":[{"href":"https:\/\/www.entremundos.org\/revista\/wp-json\/wp\/v2\/posts"}],"about":[{"href":"https:\/\/www.entremundos.org\/revista\/wp-json\/wp\/v2\/types\/post"}],"author":[{"embeddable":true,"href":"https:\/\/www.entremundos.org\/revista\/wp-json\/wp\/v2\/users\/1"}],"replies":[{"embeddable":true,"href":"https:\/\/www.entremundos.org\/revista\/wp-json\/wp\/v2\/comments?post=6455"}],"version-history":[{"count":1,"href":"https:\/\/www.entremundos.org\/revista\/wp-json\/wp\/v2\/posts\/6455\/revisions"}],"predecessor-version":[{"id":6456,"href":"https:\/\/www.entremundos.org\/revista\/wp-json\/wp\/v2\/posts\/6455\/revisions\/6456"}],"wp:featuredmedia":[{"embeddable":true,"href":"https:\/\/www.entremundos.org\/revista\/wp-json\/wp\/v2\/media\/6454"}],"wp:attachment":[{"href":"https:\/\/www.entremundos.org\/revista\/wp-json\/wp\/v2\/media?parent=6455"}],"wp:term":[{"taxonomy":"category","embeddable":true,"href":"https:\/\/www.entremundos.org\/revista\/wp-json\/wp\/v2\/categories?post=6455"},{"taxonomy":"post_tag","embeddable":true,"href":"https:\/\/www.entremundos.org\/revista\/wp-json\/wp\/v2\/tags?post=6455"}],"curies":[{"name":"wp","href":"https:\/\/api.w.org\/{rel}","templated":true}]}}