{"id":6530,"date":"2020-05-10T21:57:33","date_gmt":"2020-05-11T05:57:33","guid":{"rendered":"http:\/\/www.entremundos.org\/revista\/?p=6530"},"modified":"2020-05-12T12:00:57","modified_gmt":"2020-05-12T20:00:57","slug":"maternidad-forzada-sinonimo-de-violencia","status":"publish","type":"post","link":"https:\/\/www.entremundos.org\/revista\/salud\/maternidad-forzada-sinonimo-de-violencia\/","title":{"rendered":"Maternidad forzada: Sin\u00f3nimo de Violencia"},"content":{"rendered":"<p><strong>Por: Karen Legrand<\/strong><\/p>\n<p>En un pa\u00eds tan conservador y machista como Guatemala, decidir ser madre en lugar de s\u00f3lo serlo sin cuestionarlo, es visto como un acto \u201cantinatural\u201d. Esto se evidencia con la presi\u00f3n de estructuras basadas en creencias culturales, religiosas y sociales que vinculan la maternidad con el \u201cdeber ser\u201d de las mujeres. Comentarios como: \u201c<em>Si no tienes hijxs, te quedar\u00e1s sola\u201d, \u201csi no eres no te realizar\u00e1s como mujer\u201d \u201cle hicieron el favor\u201d (cuando un hombre embaraza a una mujer)\u201d, o \u201c\u00bfqui\u00e9n va a cuidar de ti cuando seas mayor?, <\/em>reflejan que la concepci\u00f3n de maternidad se visualiza como un contrato en donde las mujeres no son capaces de valerse por s\u00ed mismas, lo cual es concebido bajo el imaginario del rol de \u201cservicio y sumisi\u00f3n\u201d de la mujer.<\/p>\n<p><strong>La maternidad forzada en Guatemala <\/strong><\/p>\n<p>La <em>Campa\u00f1a Regional #Ni\u00f1asnomadres <\/em>analizan la maternidad forzada como el resultado de la violencia sexual, de actos sexuales forzados y de las restricciones a servicios de salud sexual y reproductiva, como la interrupci\u00f3n legal del embarazo y falta de pol\u00edticas que aborden integralmente las vulneraciones de derechos y el futuro de las ni\u00f1as y adolescentes.<\/p>\n<p>Guatemala es uno de los pa\u00edses de la regi\u00f3n con n\u00fameros alarmantes de embarazos en ni\u00f1as y adolescentes. Seg\u00fan datos del <em>Observatorio de Salud Sexual y Reproductiva \u2013OSAR-<\/em> en el 2019 se registraron:<\/p>\n<p>-114,858 embarazos en ni\u00f1as y adolescentes de 10 a 19 a\u00f1os<\/p>\n<p>-315 ni\u00f1as y adolescentes embarazadas por d\u00eda<\/p>\n<p>-5,061 corresponden a las edades de 10 a 14 a\u00f1os<\/p>\n<p>Estas cifras representan la realidad de las ni\u00f1as y adolescentes guatemaltecas que viven en situaciones de alta vulnerabilidad y son expuestas a la violencia sexual, trata de personas, relaciones sexuales forzadas, desinformaci\u00f3n sobre sus DSDR<a href=\"#_ftn1\" name=\"_ftnref1\">[1]<\/a> y carencia de pol\u00edticas y planes que garanticen una Educaci\u00f3n Integral en Sexualidad -EIS-.<\/p>\n<p>El embarazo forzado tiene efectos multidimensionales en la vida de las mujeres; en lo f\u00edsico representa un riesgo por muerte antes, durante o despu\u00e9s del nacimiento y violencia obst\u00e9trica (del personal de salud hacia las mujeres embarazadas). En lo social\/comunitario es frecuente la exclusi\u00f3n familiar y escolar (se les expulsa a las mujeres de sus casas y centros educativos) as\u00ed como exposici\u00f3n a la violencia f\u00edsica, emocional y psicol\u00f3gica. A menudo las mujeres pierden sus proyectos de vida y sufren de problemas emocionales como ansiedad o depresi\u00f3n pos parto, por mencionar algunos ejemplos.<\/p>\n<p><strong>Conociendo nuestros Derechos Sexuales y Derechos Reproductivos<\/strong><\/p>\n<p>La sexualidad es una integraci\u00f3n de aspectos f\u00edsicos, emocionales, sociales y espirituales, es decir, que est\u00e1 ligada a nuestro ser integral, a nuestro cuerpo, pensamientos, emociones, contextos, creencias, deseos, etc. Ac\u00e1 te dejamos una lista de los principales DSDR fundamentados en el marco legal guatemalteco y en tratados y convenios internacionales firmados por el Estado de Guatemala.<\/p>\n<ol>\n<li>Derecho a vivir y decidir de forma libre, aut\u00f3noma e informada sobre mi cuerpo y mi sexualidad<\/li>\n<li>Derecho a ejercer y disfrutar plenamente mi sexualidad<\/li>\n<li>Derecho a manifestar p\u00fablicamente mis afectos<\/li>\n<li>Derecho a decidir libremente con quien o quienes relacionarme afectiva, er\u00f3tica y socialmente<\/li>\n<li>Derecho al respeto de mi intimidad y vida privada y al resguardo confidencial de mi informaci\u00f3n personal<\/li>\n<li>Derecho a la vida, a la integridad f\u00edsica, psic\u00f3ligca y sexual, a vivir libres de violencia<\/li>\n<li>Derecho a vivir libre de discriminaci\u00f3n<\/li>\n<li>Derecho a la igualdad de condiciones y oportunidades<\/li>\n<li>Derecho a decidir de manera libre e informada sobre mi vida reproductiva<\/li>\n<li>Derecho a los servicios de salud sexual y reproductiva, incluido el acceso a m\u00e9todos anticonceptivos<\/li>\n<li>Derecho a la informaci\u00f3n actualizada, veza, completa, cient\u00edfica y laica sobre sexualidad<\/li>\n<li>Derecho a la educaci\u00f3n integral en sexualidad<\/li>\n<li>Derecho a la participaci\u00f3n de las pol\u00edticas p\u00fablicas sobre sexualidad<\/li>\n<\/ol>\n<p>\u00bfTe interesa profundizar en cada uno de tus derechos? Ac\u00e1 te dejamos recursos virtuales para consulta<\/p>\n<ul>\n<li>Cartilla de Derechos Sexuales de Las y Los J\u00f3venes \u2013INCIDEJOVEN- <a href=\"http:\/\/incidejoven.org\/wp-content\/uploads\/2019\/11\/Cartilla-de-Derechos-Sexuales-y-Reproductivos.pdf\">http:\/\/incidejoven.org\/wp-content\/uploads\/2019\/11\/Cartilla-de-Derechos-Sexuales-y-Reproductivos.pdf<\/a><\/li>\n<li>FB Alianza de Profesionales por La Salud Guatemala<\/li>\n<li>APROFAM <a href=\"https:\/\/www.aprofam.org.gt\/educacion-sexual\/\">https:\/\/www.aprofam.org.gt\/educacion-sexual\/<\/a><\/li>\n<\/ul>\n<p><strong>La maternidad ser\u00e1 deseada o no ser\u00e1 <\/strong><\/p>\n<p>Decidir ser o no ser madre, c\u00faantos hijxs se quiere tener, usar o no m\u00e9todos de anticoncepci\u00f3n y de qu\u00e9 tipo, y denunciar la violencia sexual, son acciones vinculadas al ejercicio de los derechos sexuales y reproductivos. Como mujeres, tenemos el derecho y la libertad de decidir sobre nuestro cuerpo y nuestra sexualidad; somos nosotras las protagonistas de nuestro proyecto de vida.<\/p>\n<p><a href=\"#_ftnref1\" name=\"_ftn1\">[1]<\/a> Derechos Sexuales y Derechos Reproductivos<\/p>\n<p><em>Karen Legrand es Psic\u00f3loga Comunitaria y es colaboradora de Revista EntreMundos.<\/em><\/p>\n","protected":false},"excerpt":{"rendered":"<p>Por: Karen Legrand En un pa\u00eds tan conservador y machista como Guatemala, decidir ser madre en lugar de s\u00f3lo serlo sin cuestionarlo, es visto como un acto \u201cantinatural\u201d. Esto se evidencia con la presi\u00f3n de estructuras basadas en creencias culturales, religiosas y sociales que vinculan la maternidad con el \u201cdeber ser\u201d de las mujeres. Comentarios [&hellip;]<\/p>\n","protected":false},"author":1,"featured_media":6531,"comment_status":"closed","ping_status":"closed","sticky":false,"template":"","format":"standard","meta":{"_exactmetrics_skip_tracking":false,"_exactmetrics_sitenote_active":false,"_exactmetrics_sitenote_note":"","_exactmetrics_sitenote_category":0,"jetpack_post_was_ever_published":false,"_jetpack_newsletter_access":"","_jetpack_dont_email_post_to_subs":false,"_jetpack_newsletter_tier_id":0,"_jetpack_memberships_contains_paywalled_content":false,"_jetpack_memberships_contains_paid_content":false,"footnotes":""},"categories":[452,386,382],"tags":[2023,2021,2024,2022],"class_list":["post-6530","post","type-post","status-publish","format-standard","has-post-thumbnail","hentry","category-frontpage","category-mujer","category-salud","tag-derechos-sexuales-y-reproductios","tag-maternidad-forzada","tag-ninas-madres-guatemala","tag-ninas-no-madres"],"jetpack_featured_media_url":"https:\/\/i0.wp.com\/www.entremundos.org\/revista\/wp-content\/uploads\/2020\/05\/maternidad.jpg?fit=738%2C530&ssl=1","jetpack_shortlink":"https:\/\/wp.me\/p7ljt7-1Hk","jetpack-related-posts":[{"id":12224,"url":"https:\/\/www.entremundos.org\/revista\/mujer\/derechos-sexuales-y-reproductivos-tema-pendiente-en-guatemala\/","url_meta":{"origin":6530,"position":0},"title":"Derechos sexuales y reproductivos; tema pendiente en Guatemala","author":"EntreMundos","date":"15 julio, 2024","format":false,"excerpt":"POR EMMA G\u00d3MEZ Seg\u00fan La Organizaci\u00f3n de las Naciones Unidas de los Derechos Humanos, (ONU-DH), los derechos sexuales y reproductivos est\u00e1n relacionados con la libertad de las personas a decidir sobre su sexualidad y el ejercicio libre de la misma. Algunos derechos pueden ser; ejercer la sexualidad de manera independiente\u2026","rel":"","context":"En \u00abFrontPage\u00bb","block_context":{"text":"FrontPage","link":"https:\/\/www.entremundos.org\/revista\/category\/frontpage\/"},"img":{"alt_text":"","src":"https:\/\/i0.wp.com\/www.entremundos.org\/revista\/wp-content\/uploads\/2024\/07\/444487166_750607893953803_8829963883492089519_n.jpg?fit=1200%2C1158&ssl=1&resize=350%2C200","width":350,"height":200,"srcset":"https:\/\/i0.wp.com\/www.entremundos.org\/revista\/wp-content\/uploads\/2024\/07\/444487166_750607893953803_8829963883492089519_n.jpg?fit=1200%2C1158&ssl=1&resize=350%2C200 1x, https:\/\/i0.wp.com\/www.entremundos.org\/revista\/wp-content\/uploads\/2024\/07\/444487166_750607893953803_8829963883492089519_n.jpg?fit=1200%2C1158&ssl=1&resize=525%2C300 1.5x, https:\/\/i0.wp.com\/www.entremundos.org\/revista\/wp-content\/uploads\/2024\/07\/444487166_750607893953803_8829963883492089519_n.jpg?fit=1200%2C1158&ssl=1&resize=700%2C400 2x, https:\/\/i0.wp.com\/www.entremundos.org\/revista\/wp-content\/uploads\/2024\/07\/444487166_750607893953803_8829963883492089519_n.jpg?fit=1200%2C1158&ssl=1&resize=1050%2C600 3x"},"classes":[]},{"id":12859,"url":"https:\/\/www.entremundos.org\/revista\/politica\/mujeres-indigenas-y-rurales-en-defensa-del-territorio-frente-al-extractivismo-en-guatemala\/","url_meta":{"origin":6530,"position":1},"title":"Mujeres ind\u00edgenas y rurales en defensa del territorio frente al extractivismo en Guatemala","author":"EntreMundos","date":"21 mayo, 2025","format":false,"excerpt":"Por Asociadas Por lo Justo (JASS) Este es un resumen de un mapeo realizado por JASS, para compartir sus an\u00e1lisis, sus luchas y los impactos en sus vidas. El objetivo es contar las luchas por el territorio frente al extractivismo en Guatemala e identificar el papel y el impacto en\u2026","rel":"","context":"En \u00abFrontPage\u00bb","block_context":{"text":"FrontPage","link":"https:\/\/www.entremundos.org\/revista\/category\/frontpage\/"},"img":{"alt_text":"","src":"https:\/\/i0.wp.com\/www.entremundos.org\/revista\/wp-content\/uploads\/2025\/05\/2-scaled.png?fit=1200%2C843&ssl=1&resize=350%2C200","width":350,"height":200,"srcset":"https:\/\/i0.wp.com\/www.entremundos.org\/revista\/wp-content\/uploads\/2025\/05\/2-scaled.png?fit=1200%2C843&ssl=1&resize=350%2C200 1x, https:\/\/i0.wp.com\/www.entremundos.org\/revista\/wp-content\/uploads\/2025\/05\/2-scaled.png?fit=1200%2C843&ssl=1&resize=525%2C300 1.5x, https:\/\/i0.wp.com\/www.entremundos.org\/revista\/wp-content\/uploads\/2025\/05\/2-scaled.png?fit=1200%2C843&ssl=1&resize=700%2C400 2x, https:\/\/i0.wp.com\/www.entremundos.org\/revista\/wp-content\/uploads\/2025\/05\/2-scaled.png?fit=1200%2C843&ssl=1&resize=1050%2C600 3x"},"classes":[]},{"id":13644,"url":"https:\/\/www.entremundos.org\/revista\/politica\/fortaleciendo-la-comunidad-desde-dentro-un-nuevo-capitulo-para-caras-alegres\/","url_meta":{"origin":6530,"position":2},"title":"Fortaleciendo la comunidad desde dentro: Un nuevo cap\u00edtulo para Caras Alegres","author":"EntreMundos","date":"4 abril, 2026","format":false,"excerpt":"POR VER\u00d3NICA DI MAGGIO Caras Alegres reabri\u00f3 sus puertas con una renovada claridad y enfoque estrat\u00e9gico. Despu\u00e9s de meses dedicados a la evaluaci\u00f3n y planificaci\u00f3n, este 2026 inicia no simplemente como un nuevo a\u00f1o operativo, sino como una expansi\u00f3n estructurada de nuestro impacto comunitario. El a\u00f1o pasado demostr\u00f3 que el\u2026","rel":"","context":"En \u00abFrontPage\u00bb","block_context":{"text":"FrontPage","link":"https:\/\/www.entremundos.org\/revista\/category\/frontpage\/"},"img":{"alt_text":"","src":"https:\/\/i0.wp.com\/www.entremundos.org\/revista\/wp-content\/uploads\/2026\/03\/633353323_1320877706749036_6826896970194983908_n.jpg?fit=1200%2C963&ssl=1&resize=350%2C200","width":350,"height":200,"srcset":"https:\/\/i0.wp.com\/www.entremundos.org\/revista\/wp-content\/uploads\/2026\/03\/633353323_1320877706749036_6826896970194983908_n.jpg?fit=1200%2C963&ssl=1&resize=350%2C200 1x, https:\/\/i0.wp.com\/www.entremundos.org\/revista\/wp-content\/uploads\/2026\/03\/633353323_1320877706749036_6826896970194983908_n.jpg?fit=1200%2C963&ssl=1&resize=525%2C300 1.5x, https:\/\/i0.wp.com\/www.entremundos.org\/revista\/wp-content\/uploads\/2026\/03\/633353323_1320877706749036_6826896970194983908_n.jpg?fit=1200%2C963&ssl=1&resize=700%2C400 2x, https:\/\/i0.wp.com\/www.entremundos.org\/revista\/wp-content\/uploads\/2026\/03\/633353323_1320877706749036_6826896970194983908_n.jpg?fit=1200%2C963&ssl=1&resize=1050%2C600 3x"},"classes":[]},{"id":10833,"url":"https:\/\/www.entremundos.org\/revista\/politica\/violencia-contra-las-mujeres-dominio-masculino-en-la-politica\/","url_meta":{"origin":6530,"position":3},"title":"Violencia contra las mujeres: dominio masculino en la pol\u00edtica","author":"EntreMundos","date":"29 mayo, 2023","format":false,"excerpt":"Silvia Lilian Trujillo La violencia pol\u00edtica es sistem\u00e1tica y permanente, se produce para inhibir, ralentizar o restringir la participaci\u00f3n pol\u00edtica de mujeres, en el marco de un sistema que se resiste a aceptar su igualdad de derechos. Mientras no se trabaje para acabar con esta violencia espec\u00edfica la calidad de\u2026","rel":"","context":"En \u00abFrontPage\u00bb","block_context":{"text":"FrontPage","link":"https:\/\/www.entremundos.org\/revista\/category\/frontpage\/"},"img":{"alt_text":"","src":"https:\/\/i0.wp.com\/www.entremundos.org\/revista\/wp-content\/uploads\/2023\/05\/000_16w772-1.jpg?fit=1200%2C799&ssl=1&resize=350%2C200","width":350,"height":200,"srcset":"https:\/\/i0.wp.com\/www.entremundos.org\/revista\/wp-content\/uploads\/2023\/05\/000_16w772-1.jpg?fit=1200%2C799&ssl=1&resize=350%2C200 1x, https:\/\/i0.wp.com\/www.entremundos.org\/revista\/wp-content\/uploads\/2023\/05\/000_16w772-1.jpg?fit=1200%2C799&ssl=1&resize=525%2C300 1.5x, https:\/\/i0.wp.com\/www.entremundos.org\/revista\/wp-content\/uploads\/2023\/05\/000_16w772-1.jpg?fit=1200%2C799&ssl=1&resize=700%2C400 2x, https:\/\/i0.wp.com\/www.entremundos.org\/revista\/wp-content\/uploads\/2023\/05\/000_16w772-1.jpg?fit=1200%2C799&ssl=1&resize=1050%2C600 3x"},"classes":[]},{"id":13241,"url":"https:\/\/www.entremundos.org\/revista\/politica\/crimen-de-estado-primera-sentencia\/","url_meta":{"origin":6530,"position":4},"title":"Crimen De Estado: Primera Sentencia\u00a0","author":"EntreMundos","date":"17 septiembre, 2025","format":false,"excerpt":"Por Carolina Escobar Sarti Durante el gobierno de Jimmy Morales se cometi\u00f3 un crimen de Estado. Fue el 8 de marzo de 2017, cuando 56 ni\u00f1as y adolescentes fueron colocadas, por horas, en un aula de 7 x 6.8 metros donde no hab\u00eda ni siquiera un ba\u00f1o. Despu\u00e9s del desayuno\u2026","rel":"","context":"En \u00abFrontPage\u00bb","block_context":{"text":"FrontPage","link":"https:\/\/www.entremundos.org\/revista\/category\/frontpage\/"},"img":{"alt_text":"","src":"https:\/\/i0.wp.com\/www.entremundos.org\/revista\/wp-content\/uploads\/2025\/09\/img66.jpg?fit=960%2C1200&ssl=1&resize=350%2C200","width":350,"height":200,"srcset":"https:\/\/i0.wp.com\/www.entremundos.org\/revista\/wp-content\/uploads\/2025\/09\/img66.jpg?fit=960%2C1200&ssl=1&resize=350%2C200 1x, https:\/\/i0.wp.com\/www.entremundos.org\/revista\/wp-content\/uploads\/2025\/09\/img66.jpg?fit=960%2C1200&ssl=1&resize=525%2C300 1.5x, https:\/\/i0.wp.com\/www.entremundos.org\/revista\/wp-content\/uploads\/2025\/09\/img66.jpg?fit=960%2C1200&ssl=1&resize=700%2C400 2x"},"classes":[]},{"id":13004,"url":"https:\/\/www.entremundos.org\/revista\/politica\/la-valentia-de-elegir-nuestros-suenos\/","url_meta":{"origin":6530,"position":5},"title":"La valent\u00eda de elegir nuestros sue\u00f1os","author":"EntreMundos","date":"23 julio, 2025","format":false,"excerpt":"Por Teresa Lucas Hay t\u00e9rminos en econom\u00eda y finanzas que, aunque t\u00e9cnicos, encierran verdades profundamente humanas. Uno de ellos es el costo de oportunidad. Este concepto se refiere a todo aquello que dejamos de hacer, recibir o disfrutar cuando tomamos una decisi\u00f3n determinada. En otras palabras, cada vez que elegimos\u2026","rel":"","context":"En \u00abFrontPage\u00bb","block_context":{"text":"FrontPage","link":"https:\/\/www.entremundos.org\/revista\/category\/frontpage\/"},"img":{"alt_text":"","src":"https:\/\/i0.wp.com\/www.entremundos.org\/revista\/wp-content\/uploads\/2025\/07\/whatsapp-image-2025-06-11-at-10.12.40-pm-scaled.png?fit=675%2C1200&ssl=1&resize=350%2C200","width":350,"height":200,"srcset":"https:\/\/i0.wp.com\/www.entremundos.org\/revista\/wp-content\/uploads\/2025\/07\/whatsapp-image-2025-06-11-at-10.12.40-pm-scaled.png?fit=675%2C1200&ssl=1&resize=350%2C200 1x, https:\/\/i0.wp.com\/www.entremundos.org\/revista\/wp-content\/uploads\/2025\/07\/whatsapp-image-2025-06-11-at-10.12.40-pm-scaled.png?fit=675%2C1200&ssl=1&resize=525%2C300 1.5x"},"classes":[]}],"jetpack_sharing_enabled":true,"_links":{"self":[{"href":"https:\/\/www.entremundos.org\/revista\/wp-json\/wp\/v2\/posts\/6530","targetHints":{"allow":["GET"]}}],"collection":[{"href":"https:\/\/www.entremundos.org\/revista\/wp-json\/wp\/v2\/posts"}],"about":[{"href":"https:\/\/www.entremundos.org\/revista\/wp-json\/wp\/v2\/types\/post"}],"author":[{"embeddable":true,"href":"https:\/\/www.entremundos.org\/revista\/wp-json\/wp\/v2\/users\/1"}],"replies":[{"embeddable":true,"href":"https:\/\/www.entremundos.org\/revista\/wp-json\/wp\/v2\/comments?post=6530"}],"version-history":[{"count":2,"href":"https:\/\/www.entremundos.org\/revista\/wp-json\/wp\/v2\/posts\/6530\/revisions"}],"predecessor-version":[{"id":6534,"href":"https:\/\/www.entremundos.org\/revista\/wp-json\/wp\/v2\/posts\/6530\/revisions\/6534"}],"wp:featuredmedia":[{"embeddable":true,"href":"https:\/\/www.entremundos.org\/revista\/wp-json\/wp\/v2\/media\/6531"}],"wp:attachment":[{"href":"https:\/\/www.entremundos.org\/revista\/wp-json\/wp\/v2\/media?parent=6530"}],"wp:term":[{"taxonomy":"category","embeddable":true,"href":"https:\/\/www.entremundos.org\/revista\/wp-json\/wp\/v2\/categories?post=6530"},{"taxonomy":"post_tag","embeddable":true,"href":"https:\/\/www.entremundos.org\/revista\/wp-json\/wp\/v2\/tags?post=6530"}],"curies":[{"name":"wp","href":"https:\/\/api.w.org\/{rel}","templated":true}]}}