{"id":6694,"date":"2020-05-27T14:10:25","date_gmt":"2020-05-27T22:10:25","guid":{"rendered":"http:\/\/www.entremundos.org\/revista\/?p=6694"},"modified":"2020-06-23T20:10:40","modified_gmt":"2020-06-24T04:10:40","slug":"conociendo-la-produccion-del-cacao","status":"publish","type":"post","link":"https:\/\/www.entremundos.org\/revista\/economia\/conociendo-la-produccion-del-cacao\/","title":{"rendered":"Conociendo la Producci\u00f3n del Cacao"},"content":{"rendered":"<p><strong>Por: Entremundos<\/strong><\/p>\n<p>Jos\u00e9 M\u00edguez Fern\u00e1ndez naci\u00f3 en Espa\u00f1a y su plan era quedarse en Guatemala por dos a\u00f1os. Su vida tom\u00f3 otro camino, pues han pasado 52 a\u00f1os desde ese entonces, y a\u00fan radica en el pa\u00eds. Actualmente, se encuentra viviendo en la Finca Villa Amanda ubicada en San Antonio Suchitep\u00e9quez. All\u00ed, se dedica a cultivar cacao y comercializarlo en Guatemala. EntreMundos tuvo la oportunidad de conversar un poco sobre este tema con don Jos\u00e9 M\u00edguez.<\/p>\n<p><strong>\u00bfCu\u00e9nteme c\u00f3mo se realiza el proceso de siembra del cacao?<\/strong><\/p>\n<p>En primer lugar, hay que escoger una buena semilla que proceda de una buena planta, que produzca frutos de buen aroma y sabor y que no se enferme mucho. La semilla debe estar sana y se debe escoger la mejor para sembrarla. Se debe preparar una bolsa con mezcla de tierra negra, abonada, y un poco de arena; a los ocho d\u00edas empieza a brotar la matita y se puede preparar de dos formas: cuando la mata nace, hay que esperar aproximadamente tres meses y luego sembrarla en el campo. La otra forma es esperar esos tres meses y luego se puede buscar otra planta de muy buena calidad para hacer un injerto en ella y sembrarla en el campo.<\/p>\n<p>Para sembrar la semilla del cacao, se necesita sembrar la parte gruesa hacia abajo porque es donde va salir la ra\u00edz, y la parte puntiaguda va arriba, pues es ah\u00ed donde va salir la mata. En el campo se puede ver plantas sembradas directamente (sin injerto) y plantas sembradas injertadas. De cierta forma, la segunda opci\u00f3n da m\u00e1s confianza, ya que es una planta muy productora, es resistente ante las enfermedades y adem\u00e1s de excelente calidad.<\/p>\n<p><strong><a href=\"https:\/\/i0.wp.com\/www.entremundos.org\/revista\/wp-content\/uploads\/2020\/05\/cacao-si-4-scaled.jpg\"><img data-recalc-dims=\"1\" loading=\"lazy\" decoding=\"async\" class=\"alignright size-medium wp-image-6695\" src=\"https:\/\/i0.wp.com\/www.entremundos.org\/revista\/wp-content\/uploads\/2020\/05\/cacao-si-4-300x300.jpg?resize=300%2C300\" alt=\"\" width=\"300\" height=\"300\" srcset=\"https:\/\/i0.wp.com\/www.entremundos.org\/revista\/wp-content\/uploads\/2020\/05\/cacao-si-4-scaled.jpg?resize=300%2C300&amp;ssl=1 300w, https:\/\/i0.wp.com\/www.entremundos.org\/revista\/wp-content\/uploads\/2020\/05\/cacao-si-4-scaled.jpg?resize=1024%2C1024&amp;ssl=1 1024w, https:\/\/i0.wp.com\/www.entremundos.org\/revista\/wp-content\/uploads\/2020\/05\/cacao-si-4-scaled.jpg?resize=150%2C150&amp;ssl=1 150w, https:\/\/i0.wp.com\/www.entremundos.org\/revista\/wp-content\/uploads\/2020\/05\/cacao-si-4-scaled.jpg?resize=768%2C768&amp;ssl=1 768w, https:\/\/i0.wp.com\/www.entremundos.org\/revista\/wp-content\/uploads\/2020\/05\/cacao-si-4-scaled.jpg?resize=1536%2C1536&amp;ssl=1 1536w, https:\/\/i0.wp.com\/www.entremundos.org\/revista\/wp-content\/uploads\/2020\/05\/cacao-si-4-scaled.jpg?resize=2048%2C2048&amp;ssl=1 2048w, https:\/\/i0.wp.com\/www.entremundos.org\/revista\/wp-content\/uploads\/2020\/05\/cacao-si-4-scaled.jpg?resize=335%2C335&amp;ssl=1 335w, https:\/\/i0.wp.com\/www.entremundos.org\/revista\/wp-content\/uploads\/2020\/05\/cacao-si-4-scaled.jpg?resize=1050%2C1050&amp;ssl=1 1050w, https:\/\/i0.wp.com\/www.entremundos.org\/revista\/wp-content\/uploads\/2020\/05\/cacao-si-4-scaled.jpg?w=1280&amp;ssl=1 1280w, https:\/\/i0.wp.com\/www.entremundos.org\/revista\/wp-content\/uploads\/2020\/05\/cacao-si-4-scaled.jpg?w=1920&amp;ssl=1 1920w\" sizes=\"auto, (max-width: 300px) 100vw, 300px\" \/><\/a>\u00bfQu\u00e9 tipo de clima se necesita para poder sembrar el cacao? \u00bfA qu\u00e9 altitud se siembra?<\/strong><\/p>\n<p>El clima ideal para sembrar el cacao es toda la costa sur de Guatemala como Mazatenango y Chicacao en Suchitep\u00e9quez; San Felipe, Retalhuleu; Malacat\u00e1n, San Marcos; y Santa Luc\u00eda Cotzumalguapa, Escuintla, ya que da las mejores calidades en sabores y aromas. Tambi\u00e9n se puede sembrar en algunas otras zonas apropiadas en otros departamentos como Pet\u00e9n, Izabal y algunas partes de Cob\u00e1n. El cacao se cosecha a 800 metros de altura; si se cultiva a una mayor altura, la planta va a crecer, pero produce menos porque ya no es su habitat natural.<\/p>\n<p><strong>\u00bfNecesita alg\u00fan tipo de suelo en especial para su crecimiento?<\/strong><\/p>\n<p>No tengo mucho conocimiento en este tema, pero el terreno que tenemos es fant\u00e1stico, es profundo, tiene tierra negra y de buena calidad, tengo una parte de terreno donde hay mucha piedra y hemos sembrado, es incre\u00edble porque en los dos lados son f\u00e9rtiles. Creo que el cacao se adapta bastante bien.<\/p>\n<p><strong>\u00bfSe puede hacer alg\u00fan tipo de siembra combinada con el cacao?<\/strong><\/p>\n<p>S\u00ed se puede, aunque yo pienso que el cacao debe ser puro, el cacao necesita tutor\u00eda, es decir necesita \u00e1rboles que le den sombra, porque en el verano el sol es muy fuerte, y para protegerlo se tiene que sembrar \u00e1rboles muy altos como palo blanco o palo volador. Para m\u00ed este \u00faltimo es el mejor, ya que desprende mucha hoja y sirve de abono; adem\u00e1s crece mucho y deja penetrar un poco de luz y sol que el cacao necesita. Si el cacao tiene demasiada sombra, se enferma de hongos, y si no tiene sombra no desarrolla ni se produce bien. Algunos siembran arboles de coco, aunque lo m\u00e1s recomendable son los arboles maderables ya que tambi\u00e9n puede servir para la carpinter\u00eda.<\/p>\n<p><strong>\u00bfLa planta del cacao genera alg\u00fan beneficio para otra especie animal?<\/strong><\/p>\n<p>S\u00ed, aunque lastimosamente estos animalitos muchas veces se convierten en plagas, por ejemplo, el p\u00e1jaro cheje; pica y chupa el n\u00e9ctar de la fruta y la arruina, la ardilla se come la mayor parte de la fruta y el resto se queda tirado y es una perdida para el agricultor. Lo que hago es dejar bananos y pl\u00e1tanos para que ellos se lo coman y no coman el cacao.<\/p>\n<p><strong>\u00bfC\u00f3mo se cosecha el cacao?<\/strong><\/p>\n<p>Es un \u00e1rbol que florea varias veces al a\u00f1o, en cada floraci\u00f3n siempre va dar frutos, nosotros revisamos la plantaci\u00f3n y escogemos los frutos maduros y los cosechamos. Esto eleva un poco el valor del producto porque, aunque haya poquito se pierde tiempo en recorrer toda la plantaci\u00f3n para revisar si hay frutos para cosechar.<\/p>\n<p><strong>\u00bfLos cambios en el clima est\u00e1n afectando la siembra y cosecha de cacao?<\/strong><\/p>\n<p>S\u00ed, definitivamente, porque una lluvia muy tempestuosa y fuera de tiempo perjudica la floraci\u00f3n que est\u00e1 en apogeo, pues hace que las flores se caigan. Lamentablemente nuestro mayor enemigo son las fumigaciones que hacen en las plantaciones de ca\u00f1a, pues utilizan un producto abrazador para la ca\u00f1a, eso mata la flor y el fruto; incluso creo que esto hace m\u00e1s da\u00f1o a la variabilidad clim\u00e1tica.<\/p>\n<p><strong><a href=\"https:\/\/i0.wp.com\/www.entremundos.org\/revista\/wp-content\/uploads\/2020\/05\/no-1-scaled.jpg\"><img data-recalc-dims=\"1\" loading=\"lazy\" decoding=\"async\" class=\"size-medium wp-image-6697 alignleft\" src=\"https:\/\/i0.wp.com\/www.entremundos.org\/revista\/wp-content\/uploads\/2020\/05\/no-1-300x300.jpg?resize=300%2C300\" alt=\"\" width=\"300\" height=\"300\" srcset=\"https:\/\/i0.wp.com\/www.entremundos.org\/revista\/wp-content\/uploads\/2020\/05\/no-1-scaled.jpg?resize=300%2C300&amp;ssl=1 300w, https:\/\/i0.wp.com\/www.entremundos.org\/revista\/wp-content\/uploads\/2020\/05\/no-1-scaled.jpg?resize=1024%2C1024&amp;ssl=1 1024w, https:\/\/i0.wp.com\/www.entremundos.org\/revista\/wp-content\/uploads\/2020\/05\/no-1-scaled.jpg?resize=150%2C150&amp;ssl=1 150w, https:\/\/i0.wp.com\/www.entremundos.org\/revista\/wp-content\/uploads\/2020\/05\/no-1-scaled.jpg?resize=768%2C768&amp;ssl=1 768w, https:\/\/i0.wp.com\/www.entremundos.org\/revista\/wp-content\/uploads\/2020\/05\/no-1-scaled.jpg?resize=1536%2C1536&amp;ssl=1 1536w, https:\/\/i0.wp.com\/www.entremundos.org\/revista\/wp-content\/uploads\/2020\/05\/no-1-scaled.jpg?resize=2048%2C2048&amp;ssl=1 2048w, https:\/\/i0.wp.com\/www.entremundos.org\/revista\/wp-content\/uploads\/2020\/05\/no-1-scaled.jpg?resize=335%2C335&amp;ssl=1 335w, https:\/\/i0.wp.com\/www.entremundos.org\/revista\/wp-content\/uploads\/2020\/05\/no-1-scaled.jpg?resize=1050%2C1050&amp;ssl=1 1050w, https:\/\/i0.wp.com\/www.entremundos.org\/revista\/wp-content\/uploads\/2020\/05\/no-1-scaled.jpg?w=1280&amp;ssl=1 1280w, https:\/\/i0.wp.com\/www.entremundos.org\/revista\/wp-content\/uploads\/2020\/05\/no-1-scaled.jpg?w=1920&amp;ssl=1 1920w\" sizes=\"auto, (max-width: 300px) 100vw, 300px\" \/><\/a>\u00bfQu\u00e9 nos puede contar para finalizar esta interesante conversaci\u00f3n sobre el cacao?<\/strong><\/p>\n<p>Adem\u00e1s de tener la plantaci\u00f3n, sacamos m\u00e1s de 15 productos a base de chocolate y cacao, como jaleas, jarabes, helados, vinagre, desinfectantes, jabones, y otro m\u00e1s. La Finca ofrece tours para que las personas puedan conocer la plantaci\u00f3n, el proceso y trasformaci\u00f3n del cacao, les da la oportunidad de que prueben la pocha o tomar un refresco de cacao. Tambi\u00e9n pueden ver una casita de cacao. En los alrededores de la finca se cuenta con un \u00e1rea recreativa con piscina, canopi, lanchas, pesca y restaurante para pasar un d\u00eda agradable.<\/p>\n<p>&nbsp;<\/p>\n<p><em>Puede visitar la Finca Villa Amanda en San Antonio Suchitep\u00e9quez, Costa Sur de Guatemala\/Carretera Panamericana, kil\u00f3metro 146.<\/em><\/p>\n","protected":false},"excerpt":{"rendered":"<p>Por: Entremundos Jos\u00e9 M\u00edguez Fern\u00e1ndez naci\u00f3 en Espa\u00f1a y su plan era quedarse en Guatemala por dos a\u00f1os. Su vida tom\u00f3 otro camino, pues han pasado 52 a\u00f1os desde ese entonces, y a\u00fan radica en el pa\u00eds. Actualmente, se encuentra viviendo en la Finca Villa Amanda ubicada en San Antonio Suchitep\u00e9quez. All\u00ed, se dedica a [&hellip;]<\/p>\n","protected":false},"author":1,"featured_media":6699,"comment_status":"closed","ping_status":"closed","sticky":false,"template":"","format":"standard","meta":{"_exactmetrics_skip_tracking":false,"_exactmetrics_sitenote_active":false,"_exactmetrics_sitenote_note":"","_exactmetrics_sitenote_category":0,"jetpack_post_was_ever_published":false,"_jetpack_newsletter_access":"","_jetpack_dont_email_post_to_subs":false,"_jetpack_newsletter_tier_id":0,"_jetpack_memberships_contains_paywalled_content":false,"_jetpack_memberships_contains_paid_content":false,"footnotes":""},"categories":[380,401,454],"tags":[2055,2054,2056],"class_list":["post-6694","post","type-post","status-publish","format-standard","has-post-thumbnail","hentry","category-economia","category-economia-alternativa","category-pagetwo","tag-cacao-guatemala","tag-cultivo-de-cacao","tag-produccion-de-cacao-en-guatemala"],"jetpack_featured_media_url":"https:\/\/i0.wp.com\/www.entremundos.org\/revista\/wp-content\/uploads\/2020\/05\/cacao-si-1-scaled.jpg?fit=2560%2C2560&ssl=1","jetpack_shortlink":"https:\/\/wp.me\/p7ljt7-1JY","jetpack-related-posts":[{"id":6702,"url":"https:\/\/www.entremundos.org\/revista\/economy\/learning-about-cacao-production\/?lang=en","url_meta":{"origin":6694,"position":0},"title":"Learning about Cacao Production","author":"EntreMundos","date":"27 mayo, 2020","format":false,"excerpt":"By: Entremundos Jos\u00e9 Miguez Fern\u00e1ndez was born in Spain and his plan was to stay in Guatemala for two years. His life took another turn. 52 years have passed since then and he still resides in the country. Currently, he\u2019s living in the Villa Amanda farm in San Antonio Suchitep\u00e9quez.\u2026","rel":"","context":"En \u00abAlternative Economy\u00bb","block_context":{"text":"Alternative Economy","link":"https:\/\/www.entremundos.org\/revista\/category\/economy\/alternative-economy\/?lang=en"},"img":{"alt_text":"","src":"https:\/\/i0.wp.com\/www.entremundos.org\/revista\/wp-content\/uploads\/2020\/05\/cacao-si-1-scaled.jpg?fit=1200%2C1200&ssl=1&resize=350%2C200","width":350,"height":200,"srcset":"https:\/\/i0.wp.com\/www.entremundos.org\/revista\/wp-content\/uploads\/2020\/05\/cacao-si-1-scaled.jpg?fit=1200%2C1200&ssl=1&resize=350%2C200 1x, https:\/\/i0.wp.com\/www.entremundos.org\/revista\/wp-content\/uploads\/2020\/05\/cacao-si-1-scaled.jpg?fit=1200%2C1200&ssl=1&resize=525%2C300 1.5x, https:\/\/i0.wp.com\/www.entremundos.org\/revista\/wp-content\/uploads\/2020\/05\/cacao-si-1-scaled.jpg?fit=1200%2C1200&ssl=1&resize=700%2C400 2x, https:\/\/i0.wp.com\/www.entremundos.org\/revista\/wp-content\/uploads\/2020\/05\/cacao-si-1-scaled.jpg?fit=1200%2C1200&ssl=1&resize=1050%2C600 3x"},"classes":[]},{"id":11500,"url":"https:\/\/www.entremundos.org\/revista\/frontpage\/desarrollo-y-turismo-comunitario\/","url_meta":{"origin":6694,"position":1},"title":"Desarrollo y turismo comunitario","author":"EntreMundos","date":"11 diciembre, 2023","format":false,"excerpt":"POR ADAFIS Y ASODIL\u00a0 En Guatemala se pueden disfrutar de experiencias inolvidables en cada recorrido que se haga en el pa\u00eds; pues \u00e9ste es de los pa\u00edses con mayores atractivos naturales en Centroam\u00e9rica. Como muestra, te presentamos dos proyectos exitosos de turismo comunitario; ADAFIS y ASODIL. Iniciamos el recorrido en\u2026","rel":"","context":"En \u00abFrontPage\u00bb","block_context":{"text":"FrontPage","link":"https:\/\/www.entremundos.org\/revista\/category\/frontpage\/"},"img":{"alt_text":"","src":"https:\/\/i0.wp.com\/www.entremundos.org\/revista\/wp-content\/uploads\/2023\/12\/foto-asodil-.jpg?fit=480%2C360&ssl=1&resize=350%2C200","width":350,"height":200},"classes":[]},{"id":13250,"url":"https:\/\/www.entremundos.org\/revista\/politica\/pymes-migracion-y-el-reto-de-la-informalidad-en-guatemala-una-economia-que-resiste-desde-abajo\/","url_meta":{"origin":6694,"position":2},"title":"PYMES, migraci\u00f3n y el reto de la informalidad en Guatemala: Una econom\u00eda que resiste desde abajo","author":"EntreMundos","date":"17 septiembre, 2025","format":false,"excerpt":"Por Alexander Castillo Este art\u00edculo analiza el papel crucial que juegan las Peque\u00f1as y Medianas Empresas (PYMES) y la migraci\u00f3n en la econom\u00eda guatemalteca. Con base en datos actuales, se resalta que m\u00e1s del 90\u202f% de las empresas del pa\u00eds son peque\u00f1as o medianas, y que las remesas representan cerca\u2026","rel":"","context":"En \u00abFrontPage\u00bb","block_context":{"text":"FrontPage","link":"https:\/\/www.entremundos.org\/revista\/category\/frontpage\/"},"img":{"alt_text":"","src":"","width":0,"height":0},"classes":[]},{"id":11407,"url":"https:\/\/www.entremundos.org\/revista\/politica\/del-papel-a-la-pantalla\/","url_meta":{"origin":6694,"position":3},"title":"Del papel a la pantalla","author":"EntreMundos","date":"10 noviembre, 2023","format":false,"excerpt":"POR EMMA G\u00d3MEZ Dos pa\u00edses golpeados por la corrupci\u00f3n, violaci\u00f3n de los derechos humanos, injusticias, persecuciones y despojos, por mencionar algunos de los males que tienen en com\u00fan Guatemala y El Salvador. El proyecto, Del Papel a la Pantalla, presenta dos propuestas visuales para reflexionar sobre la educaci\u00f3n sexual y\u2026","rel":"","context":"En \u00abAccion Comunitaria\u00bb","block_context":{"text":"Accion Comunitaria","link":"https:\/\/www.entremundos.org\/revista\/category\/politica\/accion-comunitaria-3\/"},"img":{"alt_text":"","src":"https:\/\/i0.wp.com\/www.entremundos.org\/revista\/wp-content\/uploads\/2023\/11\/whatsapp-image-2023-10-23-at-9.54.45-am-2.jpeg?fit=1200%2C800&ssl=1&resize=350%2C200","width":350,"height":200,"srcset":"https:\/\/i0.wp.com\/www.entremundos.org\/revista\/wp-content\/uploads\/2023\/11\/whatsapp-image-2023-10-23-at-9.54.45-am-2.jpeg?fit=1200%2C800&ssl=1&resize=350%2C200 1x, https:\/\/i0.wp.com\/www.entremundos.org\/revista\/wp-content\/uploads\/2023\/11\/whatsapp-image-2023-10-23-at-9.54.45-am-2.jpeg?fit=1200%2C800&ssl=1&resize=525%2C300 1.5x, https:\/\/i0.wp.com\/www.entremundos.org\/revista\/wp-content\/uploads\/2023\/11\/whatsapp-image-2023-10-23-at-9.54.45-am-2.jpeg?fit=1200%2C800&ssl=1&resize=700%2C400 2x, https:\/\/i0.wp.com\/www.entremundos.org\/revista\/wp-content\/uploads\/2023\/11\/whatsapp-image-2023-10-23-at-9.54.45-am-2.jpeg?fit=1200%2C800&ssl=1&resize=1050%2C600 3x"},"classes":[]},{"id":12622,"url":"https:\/\/www.entremundos.org\/revista\/politica\/presupuesto-nacional-procesos-y-elementos-importantes\/","url_meta":{"origin":6694,"position":4},"title":"Presupuesto nacional; Procesos y elementos importantes","author":"EntreMundos","date":"16 enero, 2025","format":false,"excerpt":"POR YESSICA PASTOR El siguiente es un extracto de una de las conversaciones sostenidas dentro de la serie de encuentros virtuales sobre incidencia pol\u00edtica del Directorio Guatemala. A continuaci\u00f3n, la intervenci\u00f3n de Ricardo Barrientos, director ejecutivo del Instituto Centroamericano de Estudios Fiscales (ICEFI). \u00bfQu\u00e9 factores pol\u00edticos considera que influyeron en\u2026","rel":"","context":"En \u00abPol\u00edtica\u00bb","block_context":{"text":"Pol\u00edtica","link":"https:\/\/www.entremundos.org\/revista\/category\/politica\/"},"img":{"alt_text":"","src":"https:\/\/i0.wp.com\/www.entremundos.org\/revista\/wp-content\/uploads\/2025\/01\/minifi.jpg?fit=1200%2C900&ssl=1&resize=350%2C200","width":350,"height":200,"srcset":"https:\/\/i0.wp.com\/www.entremundos.org\/revista\/wp-content\/uploads\/2025\/01\/minifi.jpg?fit=1200%2C900&ssl=1&resize=350%2C200 1x, https:\/\/i0.wp.com\/www.entremundos.org\/revista\/wp-content\/uploads\/2025\/01\/minifi.jpg?fit=1200%2C900&ssl=1&resize=525%2C300 1.5x, https:\/\/i0.wp.com\/www.entremundos.org\/revista\/wp-content\/uploads\/2025\/01\/minifi.jpg?fit=1200%2C900&ssl=1&resize=700%2C400 2x, https:\/\/i0.wp.com\/www.entremundos.org\/revista\/wp-content\/uploads\/2025\/01\/minifi.jpg?fit=1200%2C900&ssl=1&resize=1050%2C600 3x"},"classes":[]},{"id":12488,"url":"https:\/\/www.entremundos.org\/revista\/politica\/de-la-lucha-a-la-agricultura-en-las-montanas-de-guatemala\/","url_meta":{"origin":6694,"position":5},"title":"De la lucha a la agricultura en las monta\u00f1as de Guatemala","author":"EntreMundos","date":"13 noviembre, 2024","format":false,"excerpt":"POR JONATHAN LOTT A la sombra de las monta\u00f1as selv\u00e1ticas de Guatemala, anta\u00f1o cargadas del espectro del conflicto, el olor del caf\u00e9 flota en el aire. Una generaci\u00f3n despu\u00e9s del hist\u00f3rico acuerdo de paz que puso fin a la guerra civil guatemalteca (1960-1996), decenas de exguerrilleros trabajan ahora la tierra\u2026","rel":"","context":"En \u00abFrontPage\u00bb","block_context":{"text":"FrontPage","link":"https:\/\/www.entremundos.org\/revista\/category\/frontpage\/"},"img":{"alt_text":"","src":"https:\/\/i0.wp.com\/www.entremundos.org\/revista\/wp-content\/uploads\/2024\/11\/anita2-e1731543808410.jpg?fit=910%2C671&ssl=1&resize=350%2C200","width":350,"height":200,"srcset":"https:\/\/i0.wp.com\/www.entremundos.org\/revista\/wp-content\/uploads\/2024\/11\/anita2-e1731543808410.jpg?fit=910%2C671&ssl=1&resize=350%2C200 1x, https:\/\/i0.wp.com\/www.entremundos.org\/revista\/wp-content\/uploads\/2024\/11\/anita2-e1731543808410.jpg?fit=910%2C671&ssl=1&resize=525%2C300 1.5x, https:\/\/i0.wp.com\/www.entremundos.org\/revista\/wp-content\/uploads\/2024\/11\/anita2-e1731543808410.jpg?fit=910%2C671&ssl=1&resize=700%2C400 2x"},"classes":[]}],"jetpack_sharing_enabled":true,"_links":{"self":[{"href":"https:\/\/www.entremundos.org\/revista\/wp-json\/wp\/v2\/posts\/6694","targetHints":{"allow":["GET"]}}],"collection":[{"href":"https:\/\/www.entremundos.org\/revista\/wp-json\/wp\/v2\/posts"}],"about":[{"href":"https:\/\/www.entremundos.org\/revista\/wp-json\/wp\/v2\/types\/post"}],"author":[{"embeddable":true,"href":"https:\/\/www.entremundos.org\/revista\/wp-json\/wp\/v2\/users\/1"}],"replies":[{"embeddable":true,"href":"https:\/\/www.entremundos.org\/revista\/wp-json\/wp\/v2\/comments?post=6694"}],"version-history":[{"count":5,"href":"https:\/\/www.entremundos.org\/revista\/wp-json\/wp\/v2\/posts\/6694\/revisions"}],"predecessor-version":[{"id":6740,"href":"https:\/\/www.entremundos.org\/revista\/wp-json\/wp\/v2\/posts\/6694\/revisions\/6740"}],"wp:featuredmedia":[{"embeddable":true,"href":"https:\/\/www.entremundos.org\/revista\/wp-json\/wp\/v2\/media\/6699"}],"wp:attachment":[{"href":"https:\/\/www.entremundos.org\/revista\/wp-json\/wp\/v2\/media?parent=6694"}],"wp:term":[{"taxonomy":"category","embeddable":true,"href":"https:\/\/www.entremundos.org\/revista\/wp-json\/wp\/v2\/categories?post=6694"},{"taxonomy":"post_tag","embeddable":true,"href":"https:\/\/www.entremundos.org\/revista\/wp-json\/wp\/v2\/tags?post=6694"}],"curies":[{"name":"wp","href":"https:\/\/api.w.org\/{rel}","templated":true}]}}