{"id":6769,"date":"2020-06-04T00:13:53","date_gmt":"2020-06-04T08:13:53","guid":{"rendered":"http:\/\/www.entremundos.org\/revista\/?p=6769"},"modified":"2020-06-22T15:42:54","modified_gmt":"2020-06-22T23:42:54","slug":"en-este-dia-mundial-del-medio-ambiente-conoce-a-10-de-los-animales-en-peligro-de-extincion-en-guatemala","status":"publish","type":"post","link":"https:\/\/www.entremundos.org\/revista\/medio-ambiente\/en-este-dia-mundial-del-medio-ambiente-conoce-a-10-de-los-animales-en-peligro-de-extincion-en-guatemala\/","title":{"rendered":"D\u00eda Mundial del Medio Ambiente: Conoce a 10 de los Animales en Peligro de Extinci\u00f3n en Guatemala"},"content":{"rendered":"","protected":false},"excerpt":{"rendered":"","protected":false},"author":1,"featured_media":6770,"comment_status":"closed","ping_status":"closed","sticky":false,"template":"","format":"gallery","meta":{"_exactmetrics_skip_tracking":false,"_exactmetrics_sitenote_active":false,"_exactmetrics_sitenote_note":"","_exactmetrics_sitenote_category":0,"jetpack_post_was_ever_published":false,"_jetpack_newsletter_access":"","_jetpack_dont_email_post_to_subs":false,"_jetpack_newsletter_tier_id":0,"_jetpack_memberships_contains_paywalled_content":false,"_jetpack_memberships_contains_paid_content":false,"footnotes":""},"categories":[396,394,397,384,392,398],"tags":[],"class_list":["post-6769","post","type-post","status-publish","format-gallery","has-post-thumbnail","hentry","category-bosques","category-cambio-climatico","category-mar","category-medio-ambiente","category-multimedia","category-rios","post_format-post-format-gallery"],"jetpack_featured_media_url":"https:\/\/i0.wp.com\/www.entremundos.org\/revista\/wp-content\/uploads\/2020\/06\/32098624577_a949f6a526_o.jpg?fit=1330%2C945&ssl=1","jetpack_shortlink":"https:\/\/wp.me\/p7ljt7-1Lb","jetpack-related-posts":[{"id":2527,"url":"https:\/\/www.entremundos.org\/revista\/economy\/megaprojects\/2527\/?lang=en","url_meta":{"origin":6769,"position":0},"title":"A major march for land and water beings next week","author":"EntreMundos","date":"7 abril, 2016","format":false,"excerpt":"Over 80 organizations that make up the Popular Grassroots Assembly (Asamblea Social y Popular) have planned a march for water, mother earth, land and life that will take place next week and culminate with rallies in Guatemala City on April 22nd \u2013 Earth Day. The goal of the march is\u2026","rel":"","context":"En \u00abCommunity Action\u00bb","block_context":{"text":"Community Action","link":"https:\/\/www.entremundos.org\/revista\/category\/politics\/community-action-en-2\/?lang=en"},"img":{"alt_text":"","src":"https:\/\/i0.wp.com\/www.entremundos.org\/revista\/wp-content\/uploads\/2016\/04\/conferencia-de-prensa-para-presnetar-la-marcha-por-el-agua-guatemala.-foto-asp.jpg?fit=400%2C300&ssl=1&resize=350%2C200","width":350,"height":200},"classes":[]},{"id":2060,"url":"https:\/\/www.entremundos.org\/revista\/environment\/the-contemplation-of-nature\/?lang=en","url_meta":{"origin":6769,"position":1},"title":"The contemplation of nature","author":"EntreMundos","date":"6 marzo, 2016","format":false,"excerpt":"By Juanita Rojas \"Try to imagine a country that appears to govern itself\u00a0by perfumes, whispers, touches and colors\" Cort\u00e1zar. The massive worldwide protests last November following the Paris summit on climate change have reminded us of the seriousness of global environmental damage and the discrepancies in front of the subject.\u2026","rel":"","context":"En \u00abEnvironment\u00bb","block_context":{"text":"Environment","link":"https:\/\/www.entremundos.org\/revista\/category\/environment\/?lang=en"},"img":{"alt_text":"","src":"https:\/\/i0.wp.com\/www.entremundos.org\/revista\/wp-content\/uploads\/2016\/03\/ceiba-image-21-copia.jpg?fit=634%2C618&ssl=1&resize=350%2C200","width":350,"height":200,"srcset":"https:\/\/i0.wp.com\/www.entremundos.org\/revista\/wp-content\/uploads\/2016\/03\/ceiba-image-21-copia.jpg?fit=634%2C618&ssl=1&resize=350%2C200 1x, https:\/\/i0.wp.com\/www.entremundos.org\/revista\/wp-content\/uploads\/2016\/03\/ceiba-image-21-copia.jpg?fit=634%2C618&ssl=1&resize=525%2C300 1.5x"},"classes":[]},{"id":2617,"url":"https:\/\/www.entremundos.org\/revista\/world\/why-did-they-murder-berta-caceres\/?lang=en","url_meta":{"origin":6769,"position":2},"title":"Why did they murder Berta C\u00e1ceres?","author":"EntreMundos","date":"9 mayo, 2016","format":false,"excerpt":"A solidarity banner for Berta C\u00e1ceres in Guatemala City's Constitution Square, 2016. Photo by Patricia Mac\u00edas. \u00a0\u201cThey follow me. They threaten to kill me, to kidnap me. They threaten my family. This is what we face.\u201d \u00a0 \u00a0 \u00a0 \u00a0 \u00a0 Berta C\u00e1ceres By Vicky Gass, Oxfam. On March 2nd,\u2026","rel":"","context":"En \u00abCommunity Action\u00bb","block_context":{"text":"Community Action","link":"https:\/\/www.entremundos.org\/revista\/category\/politics\/community-action-en-2\/?lang=en"},"img":{"alt_text":"","src":"https:\/\/i0.wp.com\/www.entremundos.org\/revista\/wp-content\/uploads\/2016\/05\/img_7493.jpg?fit=1200%2C742&ssl=1&resize=350%2C200","width":350,"height":200,"srcset":"https:\/\/i0.wp.com\/www.entremundos.org\/revista\/wp-content\/uploads\/2016\/05\/img_7493.jpg?fit=1200%2C742&ssl=1&resize=350%2C200 1x, https:\/\/i0.wp.com\/www.entremundos.org\/revista\/wp-content\/uploads\/2016\/05\/img_7493.jpg?fit=1200%2C742&ssl=1&resize=525%2C300 1.5x, https:\/\/i0.wp.com\/www.entremundos.org\/revista\/wp-content\/uploads\/2016\/05\/img_7493.jpg?fit=1200%2C742&ssl=1&resize=700%2C400 2x, https:\/\/i0.wp.com\/www.entremundos.org\/revista\/wp-content\/uploads\/2016\/05\/img_7493.jpg?fit=1200%2C742&ssl=1&resize=1050%2C600 3x"},"classes":[]},{"id":2677,"url":"https:\/\/www.entremundos.org\/revista\/economy\/alternative-economy\/mayan-bees\/?lang=en","url_meta":{"origin":6769,"position":3},"title":"Mayan bees","author":"EntreMundos","date":"15 mayo, 2016","format":false,"excerpt":"The indispensable role that bees play in the upkeep of ecosystems is a subject that has been researched and studied a lot in Guatemala in the past ten years, drawing the attention of biologists as well as scholars of other subjects. Bees, primarily known for producing honey and other products\u2026","rel":"","context":"En \u00abAlternative Economy\u00bb","block_context":{"text":"Alternative Economy","link":"https:\/\/www.entremundos.org\/revista\/category\/economy\/alternative-economy\/?lang=en"},"img":{"alt_text":"","src":"https:\/\/i0.wp.com\/www.entremundos.org\/revista\/wp-content\/uploads\/2018\/05\/bee_species_cutout_antennae_m_mexico_face_2014-08-08-11.50.35_zs_pmax_15436756240.jpg?fit=1200%2C832&ssl=1&resize=350%2C200","width":350,"height":200,"srcset":"https:\/\/i0.wp.com\/www.entremundos.org\/revista\/wp-content\/uploads\/2018\/05\/bee_species_cutout_antennae_m_mexico_face_2014-08-08-11.50.35_zs_pmax_15436756240.jpg?fit=1200%2C832&ssl=1&resize=350%2C200 1x, https:\/\/i0.wp.com\/www.entremundos.org\/revista\/wp-content\/uploads\/2018\/05\/bee_species_cutout_antennae_m_mexico_face_2014-08-08-11.50.35_zs_pmax_15436756240.jpg?fit=1200%2C832&ssl=1&resize=525%2C300 1.5x, https:\/\/i0.wp.com\/www.entremundos.org\/revista\/wp-content\/uploads\/2018\/05\/bee_species_cutout_antennae_m_mexico_face_2014-08-08-11.50.35_zs_pmax_15436756240.jpg?fit=1200%2C832&ssl=1&resize=700%2C400 2x, https:\/\/i0.wp.com\/www.entremundos.org\/revista\/wp-content\/uploads\/2018\/05\/bee_species_cutout_antennae_m_mexico_face_2014-08-08-11.50.35_zs_pmax_15436756240.jpg?fit=1200%2C832&ssl=1&resize=1050%2C600 3x"},"classes":[]},{"id":2143,"url":"https:\/\/www.entremundos.org\/revista\/culture\/bicirol\/?lang=en","url_meta":{"origin":6769,"position":4},"title":"Bicirol","author":"EntreMundos","date":"20 febrero, 2014","format":false,"excerpt":"Bicirol was born as a reunion of a few friends, 3 of whom used bicycles as a means of transportation 95% of the time. We got together on December 31 with the single intention of going for a ride together, 3 guys and a girl. The ride was short, but\u2026","rel":"","context":"En \u00abCulture\u00bb","block_context":{"text":"Culture","link":"https:\/\/www.entremundos.org\/revista\/category\/culture\/?lang=en"},"img":{"alt_text":"","src":"https:\/\/i0.wp.com\/www.entremundos.org\/revista\/wp-content\/uploads\/2016\/03\/bicirol1.jpg?fit=1200%2C900&ssl=1&resize=350%2C200","width":350,"height":200,"srcset":"https:\/\/i0.wp.com\/www.entremundos.org\/revista\/wp-content\/uploads\/2016\/03\/bicirol1.jpg?fit=1200%2C900&ssl=1&resize=350%2C200 1x, https:\/\/i0.wp.com\/www.entremundos.org\/revista\/wp-content\/uploads\/2016\/03\/bicirol1.jpg?fit=1200%2C900&ssl=1&resize=525%2C300 1.5x, https:\/\/i0.wp.com\/www.entremundos.org\/revista\/wp-content\/uploads\/2016\/03\/bicirol1.jpg?fit=1200%2C900&ssl=1&resize=700%2C400 2x, https:\/\/i0.wp.com\/www.entremundos.org\/revista\/wp-content\/uploads\/2016\/03\/bicirol1.jpg?fit=1200%2C900&ssl=1&resize=1050%2C600 3x"},"classes":[]},{"id":11083,"url":"https:\/\/www.entremundos.org\/revista\/medio-ambiente\/sin-abejas-no-hay-vida\/","url_meta":{"origin":6769,"position":5},"title":"Sin abejas no hay vida","author":"EntreMundos","date":"20 julio, 2023","format":false,"excerpt":"Ma\u00edz de Vida\u00a0 \u00bfSab\u00edas que a nivel global existen m\u00e1s de 20 mil especies de abejas? Su vida es fundamental para los ecosistemas y la producci\u00f3n de alimentos. Sab\u00edas que una abeja vive menos de 40 d\u00edas, visita al menos 1000 flores y produce menos de una cucharadita de miel,\u2026","rel":"","context":"En \u00abAccion Comunitaria\u00bb","block_context":{"text":"Accion Comunitaria","link":"https:\/\/www.entremundos.org\/revista\/category\/politica\/accion-comunitaria-3\/"},"img":{"alt_text":"","src":"https:\/\/i0.wp.com\/www.entremundos.org\/revista\/wp-content\/uploads\/2023\/07\/a6d4e38f-ec55-4772-bcd2-36fc346e048c-1.jpg?fit=901%2C1200&ssl=1&resize=350%2C200","width":350,"height":200,"srcset":"https:\/\/i0.wp.com\/www.entremundos.org\/revista\/wp-content\/uploads\/2023\/07\/a6d4e38f-ec55-4772-bcd2-36fc346e048c-1.jpg?fit=901%2C1200&ssl=1&resize=350%2C200 1x, https:\/\/i0.wp.com\/www.entremundos.org\/revista\/wp-content\/uploads\/2023\/07\/a6d4e38f-ec55-4772-bcd2-36fc346e048c-1.jpg?fit=901%2C1200&ssl=1&resize=525%2C300 1.5x, https:\/\/i0.wp.com\/www.entremundos.org\/revista\/wp-content\/uploads\/2023\/07\/a6d4e38f-ec55-4772-bcd2-36fc346e048c-1.jpg?fit=901%2C1200&ssl=1&resize=700%2C400 2x"},"classes":[]}],"jetpack_sharing_enabled":true,"_links":{"self":[{"href":"https:\/\/www.entremundos.org\/revista\/wp-json\/wp\/v2\/posts\/6769","targetHints":{"allow":["GET"]}}],"collection":[{"href":"https:\/\/www.entremundos.org\/revista\/wp-json\/wp\/v2\/posts"}],"about":[{"href":"https:\/\/www.entremundos.org\/revista\/wp-json\/wp\/v2\/types\/post"}],"author":[{"embeddable":true,"href":"https:\/\/www.entremundos.org\/revista\/wp-json\/wp\/v2\/users\/1"}],"replies":[{"embeddable":true,"href":"https:\/\/www.entremundos.org\/revista\/wp-json\/wp\/v2\/comments?post=6769"}],"version-history":[{"count":8,"href":"https:\/\/www.entremundos.org\/revista\/wp-json\/wp\/v2\/posts\/6769\/revisions"}],"predecessor-version":[{"id":6869,"href":"https:\/\/www.entremundos.org\/revista\/wp-json\/wp\/v2\/posts\/6769\/revisions\/6869"}],"wp:featuredmedia":[{"embeddable":true,"href":"https:\/\/www.entremundos.org\/revista\/wp-json\/wp\/v2\/media\/6770"}],"wp:attachment":[{"href":"https:\/\/www.entremundos.org\/revista\/wp-json\/wp\/v2\/media?parent=6769"}],"wp:term":[{"taxonomy":"category","embeddable":true,"href":"https:\/\/www.entremundos.org\/revista\/wp-json\/wp\/v2\/categories?post=6769"},{"taxonomy":"post_tag","embeddable":true,"href":"https:\/\/www.entremundos.org\/revista\/wp-json\/wp\/v2\/tags?post=6769"}],"curies":[{"name":"wp","href":"https:\/\/api.w.org\/{rel}","templated":true}]}}