{"id":6901,"date":"2020-06-17T19:10:20","date_gmt":"2020-06-18T03:10:20","guid":{"rendered":"http:\/\/www.entremundos.org\/revista\/?p=6901"},"modified":"2020-06-23T16:27:41","modified_gmt":"2020-06-24T00:27:41","slug":"que-es-un-podcast-y-como-hacerlo-todo-en-este-articulo","status":"publish","type":"post","link":"https:\/\/www.entremundos.org\/revista\/musica\/que-es-un-podcast-y-como-hacerlo-todo-en-este-articulo\/","title":{"rendered":"\u00bfQu\u00e9 es un podcast y c\u00f3mo hacerlo? Todo en este art\u00edculo"},"content":{"rendered":"<p><strong>Por: Jason Klarl<\/strong><\/p>\n<p><span style=\"font-weight: 400; color: #333333;\">Durante los cuatro a\u00f1os y medio en que he estado realizando podcasts, he aprendido algunas cosas sobre esta interesante y relativamente nueva forma de comunicaci\u00f3n llamada \u201cpodcasting\u201d. Parece haberse desarrollado como una respuesta directa de lo que nuestros tiempos demandan de nosotros: el di\u00e1logo. Nuestra necesidad humana de comunicarnos jam\u00e1s disminuir\u00e1, especialmente en esta era en particular que tenemos mayores necesidades de hablar sobre soluciones existentes a los dif\u00edciles problemas que enfrentamos. Abajo encontrar\u00e1s informaci\u00f3n t\u00e9cnica y consejos pr\u00e1cticos que espero te inspiren y motiven a crear tu propio podcast.<\/span><\/p>\n<h3>\u00bfQu\u00e9 es un podcast?<\/h3>\n<p><span style=\"font-weight: 400;\">La palabra podcast viene de iPod, el aparato portable de m\u00fasica de Apple, y radiodifusi\u00f3n (broadcast en ingl\u00e9s). Contrario a la creencia popular, un podcast no es simplemente cualquier programa de descarga o transmisi\u00f3n de audio (o video) del internet. Lo que hace a un podcast \u00fanico es que \u00e9ste hace uso de un m\u00e9todo de redifusi\u00f3n, es decir, la distribuci\u00f3n de contenidos informativos o l\u00fadicos de un emisor original por otro, que adquiere los derechos mediante un contrato o licencia. Esta transmisi\u00f3n puede llevarse a cabo en cualquier medio de comunicaci\u00f3n.\u00a0<\/span><\/p>\n<h3>Los inicios del Podcasting<\/h3>\n<p><span style=\"font-weight: 400;\">Cuando la red mundial a\u00fan estaba en su infancia, la gente estaba descubriendo maneras de suscribirse a contenido de p\u00e1ginas web y sindicarse a un \u201cfeed\u201d para recibir de forma autom\u00e1tica cualquier art\u00edculo en cuanto se encontrara disponible. Este m\u00e9todo es conocido simplemente como suscripci\u00f3n (o RSS por sus siglas en ingl\u00e9s). Fue entonces cuando se desarrollaron aplicaciones llamadas \u201clectores de feed\u201d, lo que dio origen al blog. A principios de la d\u00e9cada de 2000, el antiguo Veejay (mezclador audiovisual) de MTV, Adam Curry, conocido como el \u201cPodfather\u201d, junto al desarrollador de software Dave Winer, trabajaron juntos en un software que expandiera la idea del RSS para incluir archivos de audio. Esto fue conocido en ese momento como el \u201caudio blogging\u201d. El software permiti\u00f3 que contenido de audio fuera autom\u00e1ticamente descargado y transferido a la plataforma de m\u00fasica iTunes de Apple y se sincronizara con un iPod; de pronto, el iPod ya no era solo para m\u00fasica sino para generar otros contenidos. As\u00ed naci\u00f3 el podcast.<\/span><\/p>\n<h3>El Podcasting hoy<\/h3>\n<figure id=\"attachment_6883\" aria-describedby=\"caption-attachment-6883\" style=\"width: 592px\" class=\"wp-caption alignright\"><a href=\"https:\/\/i0.wp.com\/www.entremundos.org\/revista\/wp-content\/uploads\/2020\/06\/jason-enmedio.jpg\"><img data-recalc-dims=\"1\" loading=\"lazy\" decoding=\"async\" class=\"wp-image-6883\" src=\"https:\/\/i0.wp.com\/www.entremundos.org\/revista\/wp-content\/uploads\/2020\/06\/jason-enmedio.jpg?resize=592%2C384\" alt=\"\" width=\"592\" height=\"384\" srcset=\"https:\/\/i0.wp.com\/www.entremundos.org\/revista\/wp-content\/uploads\/2020\/06\/jason-enmedio.jpg?w=1276&amp;ssl=1 1276w, https:\/\/i0.wp.com\/www.entremundos.org\/revista\/wp-content\/uploads\/2020\/06\/jason-enmedio.jpg?resize=300%2C195&amp;ssl=1 300w, https:\/\/i0.wp.com\/www.entremundos.org\/revista\/wp-content\/uploads\/2020\/06\/jason-enmedio.jpg?resize=1024%2C664&amp;ssl=1 1024w, https:\/\/i0.wp.com\/www.entremundos.org\/revista\/wp-content\/uploads\/2020\/06\/jason-enmedio.jpg?resize=768%2C498&amp;ssl=1 768w, https:\/\/i0.wp.com\/www.entremundos.org\/revista\/wp-content\/uploads\/2020\/06\/jason-enmedio.jpg?resize=335%2C217&amp;ssl=1 335w, https:\/\/i0.wp.com\/www.entremundos.org\/revista\/wp-content\/uploads\/2020\/06\/jason-enmedio.jpg?resize=1050%2C681&amp;ssl=1 1050w\" sizes=\"auto, (max-width: 592px) 100vw, 592px\" \/><\/a><figcaption id=\"caption-attachment-6883\" class=\"wp-caption-text\">Jason Klarl entrevistando a ex coordinadora del programa de voluntarios de EntreMundos.<\/figcaption><\/figure>\n<p><span style=\"font-weight: 400;\">Hoy en d\u00eda, los tel\u00e9fonos inteligentes han reemplazado al iPod y la popularidad de los podcasts ha detonado. Ahora existen m\u00e1s de un mill\u00f3n de shows en la lista del directorio de Apple, con m\u00e1s de 30 millones de episodios hasta abril del 2020. La mitad de los hogares en los Estados Unidos tienen oyentes de podcasts. \u00bfC\u00f3mo se explica dicha popularidad? El hecho de que los podcasts sean relativamente f\u00e1ciles y baratos de producir lo hace atractivo para cualquiera que quiera compartir su mensaje con una comunidad grande. Un podcast tiene el potencial de alcanzar a cualquiera en el planeta que est\u00e9 conectado a internet y comparta alg\u00fan inter\u00e9s en un mismo tema. Aunque la mayor\u00eda de podcasts a\u00fan son descargados en los Estados Unidos, estamos empezando a ver un incremento en el podcasting en Am\u00e9rica Latina y en otras partes del mundo.\u00a0<\/span><\/p>\n<p><span style=\"font-weight: 400;\">Martina Castro, fundadora de Adonde Media se ha dedicado a promover podcasts en idioma espa\u00f1ol. Ella publica un bolet\u00edn informativo v\u00eda correo electr\u00f3nico llamado Podcaste@s\u00a0 con art\u00edculos en espa\u00f1ol sobre varios aspectos del podcasting. Tambi\u00e9n ha escrito art\u00edculos y ha impartido una serie de webinars. En uno de ellos, llamado \u00bfc\u00f3mo escuchar como un productor de Podcast? identifica algunos de los elementos m\u00e1s importantes para hacer una producci\u00f3n efectiva.<\/span><\/p>\n<blockquote><p><i>Podemos<\/i><i> identificar diversos elementos en producciones de sonido; para m\u00ed son 5 cosas fundamentales, las que m\u00e1s me gustan, m\u00e1s me inspiran y que m\u00e1s llaman mi atenci\u00f3n: ritmo, voz, tensi\u00f3n, gui\u00f3n y el uso de sonidos. Si podemos usar, aunque sea una de estas cosas de manera efectiva en nuestra producci\u00f3n, entonces vamos a involucrar al oyente.\u00a0<\/i><\/p><\/blockquote>\n<h3>\u00bfC\u00f3mo hacer tu propio podcast?<\/h3>\n<p><span style=\"font-weight: 400;\">Con una inversi\u00f3n m\u00ednima en equipo y compromiso con tu tema, puedes crear tu propio podcast. Hay muchos tutoriales disponibles sobre cada aspecto de la creaci\u00f3n de tu propia producci\u00f3n, desde hacerlo sin equipo, hasta crear obras de arte, y claro, publicarlas. Estos tutoriales te guiar\u00e1n, pero a\u00fan necesitas responder muchas preguntas importantes como: \u00bfcu\u00e1n largo ser\u00e1 mi podcast? \u00bfQu\u00e9 tan seguido producir\u00e9 nuevos episodios? \u00bfTendr\u00e9 a un coanfitri\u00f3n? La gu\u00eda Buzzprout identifica paso a paso, 8 \u00e1reas elementales que necesitas considerar: concepto, formato, equipo y software; adem\u00e1s de grabaci\u00f3n, edici\u00f3n y carga, arte y categor\u00edas, inclusi\u00f3n en la lista y lanzamiento.\u00a0<\/span><\/p>\n<h3>Las Herramientas del Podcasting<\/h3>\n<p><span style=\"font-weight: 400;\">En el transcurso de los cuatro a\u00f1os y medio como podcaster, he llegado a confiar en varias herramientas gratuitas (o de muy bajo costo) para producir mis podcasts en Travelogue Media. Audacity es una estaci\u00f3n de trabajo de audio digital (DAW por sus siglas en ingl\u00e9s), una multiplataforma gratuita y abierta que puede manejar adecuadamente la mayor\u00eda de las necesidades de grabaci\u00f3n y edici\u00f3n. Auphoninc es un servicio de nivelaci\u00f3n y masterizaci\u00f3n de postproducci\u00f3n en l\u00ednea. Es muy recomendado para aquellos con poca experiencia en la ingenier\u00eda de audio. Usar Auphonic ayudar\u00e1 a entregar archivos de audio con un sonido m\u00e1s consistente y uniforme. Archive.org es un sitio en donde normalmente almaceno todos mis archivos de audio terminados. Es recomendable que mantengas todos tus archivos multimedia separados de tu sitio web de podcast. Aunque no es necesario tener un sitio web para tus podcasts, generalmente se recomienda obtener uno para que puedas tener el control sobre tu propio feed. Otra herramienta que he encontrado indispensable es Headliner. Esta app gratuita en l\u00ednea es usada para crear videos de tu podcast para ser compartidos en redes sociales, como Twitter e Instagram.\u00a0<\/span><\/p>\n<p><span style=\"font-weight: 400;\">Espero que encuentres esta informaci\u00f3n \u00fatil y que la uses para crear tu propio podcast. Si lo haces, te deseo suerte, y cu\u00e9ntame sobre ello a podcast@travelogue.media<\/span><\/p>\n","protected":false},"excerpt":{"rendered":"<p>Por: Jason Klarl Durante los cuatro a\u00f1os y medio en que he estado realizando podcasts, he aprendido algunas cosas sobre esta interesante y relativamente nueva forma de comunicaci\u00f3n llamada \u201cpodcasting\u201d. Parece haberse desarrollado como una respuesta directa de lo que nuestros tiempos demandan de nosotros: el di\u00e1logo. Nuestra necesidad humana de comunicarnos jam\u00e1s disminuir\u00e1, especialmente [&hellip;]<\/p>\n","protected":false},"author":13,"featured_media":6881,"comment_status":"closed","ping_status":"closed","sticky":false,"template":"","format":"standard","meta":{"_exactmetrics_skip_tracking":false,"_exactmetrics_sitenote_active":false,"_exactmetrics_sitenote_note":"","_exactmetrics_sitenote_category":0,"jetpack_post_was_ever_published":false,"_jetpack_newsletter_access":"","_jetpack_dont_email_post_to_subs":false,"_jetpack_newsletter_tier_id":0,"_jetpack_memberships_contains_paywalled_content":false,"_jetpack_memberships_contains_paid_content":false,"footnotes":""},"categories":[451,454],"tags":[2102,2101,2093,2099,2104,2103,2100],"class_list":["post-6901","post","type-post","status-publish","format-standard","has-post-thumbnail","hentry","category-musica","category-pagetwo","tag-app-podcast","tag-herramientas-podcasting","tag-podcast","tag-podcastting","tag-producciones-de-sonido","tag-programa-podcast","tag-radiodifusion"],"jetpack_featured_media_url":"https:\/\/i0.wp.com\/www.entremundos.org\/revista\/wp-content\/uploads\/2020\/06\/jason-grabadora.jpg?fit=2048%2C1536&ssl=1","jetpack_shortlink":"https:\/\/wp.me\/p7ljt7-1Nj","jetpack-related-posts":[{"id":11590,"url":"https:\/\/www.entremundos.org\/revista\/medio-ambiente\/el-habitante-arbol\/","url_meta":{"origin":6901,"position":0},"title":"El habitante \u00e1rbol","author":"EntreMundos","date":"19 enero, 2024","format":false,"excerpt":"POR VALERIA LEIVA La administraci\u00f3n municipal de Quetzaltenango orden\u00f3 la tala de \u00e1rboles en el parque de la zona 3 de la ciudad pero vecinos, comerciantes y expertos se manifestaron en contra de esta decisi\u00f3n.\u00a0 Cada ciudad constituye su propio ecosistema urbano y se suele pensar que en el ecosistema\u2026","rel":"","context":"En \u00abBosques\u00bb","block_context":{"text":"Bosques","link":"https:\/\/www.entremundos.org\/revista\/category\/medio-ambiente\/bosques\/"},"img":{"alt_text":"","src":"https:\/\/i0.wp.com\/www.entremundos.org\/revista\/wp-content\/uploads\/2024\/01\/img_1121-1-scaled.jpg?fit=1200%2C900&ssl=1&resize=350%2C200","width":350,"height":200,"srcset":"https:\/\/i0.wp.com\/www.entremundos.org\/revista\/wp-content\/uploads\/2024\/01\/img_1121-1-scaled.jpg?fit=1200%2C900&ssl=1&resize=350%2C200 1x, https:\/\/i0.wp.com\/www.entremundos.org\/revista\/wp-content\/uploads\/2024\/01\/img_1121-1-scaled.jpg?fit=1200%2C900&ssl=1&resize=525%2C300 1.5x, https:\/\/i0.wp.com\/www.entremundos.org\/revista\/wp-content\/uploads\/2024\/01\/img_1121-1-scaled.jpg?fit=1200%2C900&ssl=1&resize=700%2C400 2x, https:\/\/i0.wp.com\/www.entremundos.org\/revista\/wp-content\/uploads\/2024\/01\/img_1121-1-scaled.jpg?fit=1200%2C900&ssl=1&resize=1050%2C600 3x"},"classes":[]},{"id":13014,"url":"https:\/\/www.entremundos.org\/revista\/politica\/donar-no-es-negociar\/","url_meta":{"origin":6901,"position":1},"title":"Donar no es negociar","author":"EntreMundos","date":"30 julio, 2025","format":false,"excerpt":"Donar no es negociar Por Lisseth Santos De acuerdo a lo que se conoce respecto a la donaci\u00f3n, esta se refiere a una forma voluntaria de dar sin recibir nada a cambio. Sin embargo, el modelo\u00a0 econ\u00f3mico capitalista, en su fase neoliberal, ha convertido a la salud en un negocio\u2026","rel":"","context":"En \u00abFrontPage\u00bb","block_context":{"text":"FrontPage","link":"https:\/\/www.entremundos.org\/revista\/category\/frontpage\/"},"img":{"alt_text":"","src":"https:\/\/i0.wp.com\/www.entremundos.org\/revista\/wp-content\/uploads\/2025\/07\/20250702_150242-scaled.jpg?fit=1200%2C900&ssl=1&resize=350%2C200","width":350,"height":200,"srcset":"https:\/\/i0.wp.com\/www.entremundos.org\/revista\/wp-content\/uploads\/2025\/07\/20250702_150242-scaled.jpg?fit=1200%2C900&ssl=1&resize=350%2C200 1x, https:\/\/i0.wp.com\/www.entremundos.org\/revista\/wp-content\/uploads\/2025\/07\/20250702_150242-scaled.jpg?fit=1200%2C900&ssl=1&resize=525%2C300 1.5x, https:\/\/i0.wp.com\/www.entremundos.org\/revista\/wp-content\/uploads\/2025\/07\/20250702_150242-scaled.jpg?fit=1200%2C900&ssl=1&resize=700%2C400 2x, https:\/\/i0.wp.com\/www.entremundos.org\/revista\/wp-content\/uploads\/2025\/07\/20250702_150242-scaled.jpg?fit=1200%2C900&ssl=1&resize=1050%2C600 3x"},"classes":[]},{"id":12999,"url":"https:\/\/www.entremundos.org\/revista\/politica\/romper-el-cemento\/","url_meta":{"origin":6901,"position":2},"title":"Romper el cemento","author":"EntreMundos","date":"23 julio, 2025","format":false,"excerpt":"By Valeria Leiva La recuperaci\u00f3n de espacios verdes en la ciudad de Quetzaltenango. La ciudad de Quetzaltenango, como muchos municipios, ha sido v\u00edctima de decisiones pol\u00edticas irresponsables que han afectado el bienestar colectivo. La tala de m\u00e1s de 400 \u00e1rboles sin un plan de transici\u00f3n a largo plazo dej\u00f3 a\u2026","rel":"","context":"En \u00abAccion Comunitaria\u00bb","block_context":{"text":"Accion Comunitaria","link":"https:\/\/www.entremundos.org\/revista\/category\/politica\/accion-comunitaria-3\/"},"img":{"alt_text":"","src":"https:\/\/i0.wp.com\/www.entremundos.org\/revista\/wp-content\/uploads\/2025\/07\/despues2.jpg?fit=1200%2C900&ssl=1&resize=350%2C200","width":350,"height":200,"srcset":"https:\/\/i0.wp.com\/www.entremundos.org\/revista\/wp-content\/uploads\/2025\/07\/despues2.jpg?fit=1200%2C900&ssl=1&resize=350%2C200 1x, https:\/\/i0.wp.com\/www.entremundos.org\/revista\/wp-content\/uploads\/2025\/07\/despues2.jpg?fit=1200%2C900&ssl=1&resize=525%2C300 1.5x, https:\/\/i0.wp.com\/www.entremundos.org\/revista\/wp-content\/uploads\/2025\/07\/despues2.jpg?fit=1200%2C900&ssl=1&resize=700%2C400 2x, https:\/\/i0.wp.com\/www.entremundos.org\/revista\/wp-content\/uploads\/2025\/07\/despues2.jpg?fit=1200%2C900&ssl=1&resize=1050%2C600 3x"},"classes":[]},{"id":11407,"url":"https:\/\/www.entremundos.org\/revista\/politica\/del-papel-a-la-pantalla\/","url_meta":{"origin":6901,"position":3},"title":"Del papel a la pantalla","author":"EntreMundos","date":"10 noviembre, 2023","format":false,"excerpt":"POR EMMA G\u00d3MEZ Dos pa\u00edses golpeados por la corrupci\u00f3n, violaci\u00f3n de los derechos humanos, injusticias, persecuciones y despojos, por mencionar algunos de los males que tienen en com\u00fan Guatemala y El Salvador. El proyecto, Del Papel a la Pantalla, presenta dos propuestas visuales para reflexionar sobre la educaci\u00f3n sexual y\u2026","rel":"","context":"En \u00abAccion Comunitaria\u00bb","block_context":{"text":"Accion Comunitaria","link":"https:\/\/www.entremundos.org\/revista\/category\/politica\/accion-comunitaria-3\/"},"img":{"alt_text":"","src":"https:\/\/i0.wp.com\/www.entremundos.org\/revista\/wp-content\/uploads\/2023\/11\/whatsapp-image-2023-10-23-at-9.54.45-am-2.jpeg?fit=1200%2C800&ssl=1&resize=350%2C200","width":350,"height":200,"srcset":"https:\/\/i0.wp.com\/www.entremundos.org\/revista\/wp-content\/uploads\/2023\/11\/whatsapp-image-2023-10-23-at-9.54.45-am-2.jpeg?fit=1200%2C800&ssl=1&resize=350%2C200 1x, https:\/\/i0.wp.com\/www.entremundos.org\/revista\/wp-content\/uploads\/2023\/11\/whatsapp-image-2023-10-23-at-9.54.45-am-2.jpeg?fit=1200%2C800&ssl=1&resize=525%2C300 1.5x, https:\/\/i0.wp.com\/www.entremundos.org\/revista\/wp-content\/uploads\/2023\/11\/whatsapp-image-2023-10-23-at-9.54.45-am-2.jpeg?fit=1200%2C800&ssl=1&resize=700%2C400 2x, https:\/\/i0.wp.com\/www.entremundos.org\/revista\/wp-content\/uploads\/2023\/11\/whatsapp-image-2023-10-23-at-9.54.45-am-2.jpeg?fit=1200%2C800&ssl=1&resize=1050%2C600 3x"},"classes":[]},{"id":11617,"url":"https:\/\/www.entremundos.org\/revista\/mujer\/la-cultura-es-lo-que-en-la-muerte-continua-siendo-la-vida\/","url_meta":{"origin":6901,"position":4},"title":"\u201cLa Cultura es lo que, en la muerte, contin\u00faa siendo la vida\u201d","author":"EntreMundos","date":"19 enero, 2024","format":false,"excerpt":"POR PATRICIA MIRALB\u00c9S \u00bfTe has preguntado alguna vez por qu\u00e9 un grupo social se comporta de cierta manera? \u00bfDe d\u00f3nde vienen las creencias que te inculcan desde peque\u00f1o? Todo esto tiene que ver con la cultura del lugar en donde vivimos. La cultura es la base de la construcci\u00f3n de\u2026","rel":"","context":"En \u00abCultura\u00bb","block_context":{"text":"Cultura","link":"https:\/\/www.entremundos.org\/revista\/category\/cultura\/"},"img":{"alt_text":"","src":"https:\/\/i0.wp.com\/www.entremundos.org\/revista\/wp-content\/uploads\/2024\/01\/whatsapp-image-2023-12-13-at-6.59.10-pm-1.jpeg?fit=1200%2C800&ssl=1&resize=350%2C200","width":350,"height":200,"srcset":"https:\/\/i0.wp.com\/www.entremundos.org\/revista\/wp-content\/uploads\/2024\/01\/whatsapp-image-2023-12-13-at-6.59.10-pm-1.jpeg?fit=1200%2C800&ssl=1&resize=350%2C200 1x, https:\/\/i0.wp.com\/www.entremundos.org\/revista\/wp-content\/uploads\/2024\/01\/whatsapp-image-2023-12-13-at-6.59.10-pm-1.jpeg?fit=1200%2C800&ssl=1&resize=525%2C300 1.5x, https:\/\/i0.wp.com\/www.entremundos.org\/revista\/wp-content\/uploads\/2024\/01\/whatsapp-image-2023-12-13-at-6.59.10-pm-1.jpeg?fit=1200%2C800&ssl=1&resize=700%2C400 2x, https:\/\/i0.wp.com\/www.entremundos.org\/revista\/wp-content\/uploads\/2024\/01\/whatsapp-image-2023-12-13-at-6.59.10-pm-1.jpeg?fit=1200%2C800&ssl=1&resize=1050%2C600 3x"},"classes":[]},{"id":12622,"url":"https:\/\/www.entremundos.org\/revista\/politica\/presupuesto-nacional-procesos-y-elementos-importantes\/","url_meta":{"origin":6901,"position":5},"title":"Presupuesto nacional; Procesos y elementos importantes","author":"EntreMundos","date":"16 enero, 2025","format":false,"excerpt":"POR YESSICA PASTOR El siguiente es un extracto de una de las conversaciones sostenidas dentro de la serie de encuentros virtuales sobre incidencia pol\u00edtica del Directorio Guatemala. A continuaci\u00f3n, la intervenci\u00f3n de Ricardo Barrientos, director ejecutivo del Instituto Centroamericano de Estudios Fiscales (ICEFI). \u00bfQu\u00e9 factores pol\u00edticos considera que influyeron en\u2026","rel":"","context":"En \u00abPol\u00edtica\u00bb","block_context":{"text":"Pol\u00edtica","link":"https:\/\/www.entremundos.org\/revista\/category\/politica\/"},"img":{"alt_text":"","src":"https:\/\/i0.wp.com\/www.entremundos.org\/revista\/wp-content\/uploads\/2025\/01\/minifi.jpg?fit=1200%2C900&ssl=1&resize=350%2C200","width":350,"height":200,"srcset":"https:\/\/i0.wp.com\/www.entremundos.org\/revista\/wp-content\/uploads\/2025\/01\/minifi.jpg?fit=1200%2C900&ssl=1&resize=350%2C200 1x, https:\/\/i0.wp.com\/www.entremundos.org\/revista\/wp-content\/uploads\/2025\/01\/minifi.jpg?fit=1200%2C900&ssl=1&resize=525%2C300 1.5x, https:\/\/i0.wp.com\/www.entremundos.org\/revista\/wp-content\/uploads\/2025\/01\/minifi.jpg?fit=1200%2C900&ssl=1&resize=700%2C400 2x, https:\/\/i0.wp.com\/www.entremundos.org\/revista\/wp-content\/uploads\/2025\/01\/minifi.jpg?fit=1200%2C900&ssl=1&resize=1050%2C600 3x"},"classes":[]}],"jetpack_sharing_enabled":true,"_links":{"self":[{"href":"https:\/\/www.entremundos.org\/revista\/wp-json\/wp\/v2\/posts\/6901","targetHints":{"allow":["GET"]}}],"collection":[{"href":"https:\/\/www.entremundos.org\/revista\/wp-json\/wp\/v2\/posts"}],"about":[{"href":"https:\/\/www.entremundos.org\/revista\/wp-json\/wp\/v2\/types\/post"}],"author":[{"embeddable":true,"href":"https:\/\/www.entremundos.org\/revista\/wp-json\/wp\/v2\/users\/13"}],"replies":[{"embeddable":true,"href":"https:\/\/www.entremundos.org\/revista\/wp-json\/wp\/v2\/comments?post=6901"}],"version-history":[{"count":8,"href":"https:\/\/www.entremundos.org\/revista\/wp-json\/wp\/v2\/posts\/6901\/revisions"}],"predecessor-version":[{"id":6951,"href":"https:\/\/www.entremundos.org\/revista\/wp-json\/wp\/v2\/posts\/6901\/revisions\/6951"}],"wp:featuredmedia":[{"embeddable":true,"href":"https:\/\/www.entremundos.org\/revista\/wp-json\/wp\/v2\/media\/6881"}],"wp:attachment":[{"href":"https:\/\/www.entremundos.org\/revista\/wp-json\/wp\/v2\/media?parent=6901"}],"wp:term":[{"taxonomy":"category","embeddable":true,"href":"https:\/\/www.entremundos.org\/revista\/wp-json\/wp\/v2\/categories?post=6901"},{"taxonomy":"post_tag","embeddable":true,"href":"https:\/\/www.entremundos.org\/revista\/wp-json\/wp\/v2\/tags?post=6901"}],"curies":[{"name":"wp","href":"https:\/\/api.w.org\/{rel}","templated":true}]}}