{"id":692,"date":"2016-01-08T00:17:30","date_gmt":"2016-01-08T08:17:30","guid":{"rendered":"https:\/\/entremundosrevista.wordpress.com\/?p=692"},"modified":"2016-03-16T07:36:34","modified_gmt":"2016-03-16T15:36:34","slug":"la-desaparicion-de-la-nieve-italiana","status":"publish","type":"post","link":"https:\/\/www.entremundos.org\/revista\/mundo\/la-desaparicion-de-la-nieve-italiana\/","title":{"rendered":"La desaparici\u00f3n de la nieve italiana"},"content":{"rendered":"<p class=\"p1\">Por Massimo Basano, artesano y escritor italiano<\/p>\n<p class=\"p1\">Para los nacidos dentro de los tr\u00f3picos siempre seguir\u00e1 siendo un misterio la relaci\u00f3n que une a los hombres con la nieve. Sin embargo, en el norte de Italia, donde yo vivo, es un vinculo fundamental para el equilibrio de los ciclos naturales.<\/p>\n<p class=\"p1\"><span class=\"s1\">Hace veinte a\u00f1os, la nieve aparec\u00eda a principios de Diciembre y segu\u00eda cayendo, con mayor o menor intensidad, hasta el final del invierno. Durante dos meses la naturaleza se escond\u00eda bajo una manta blanca y suave que la proteg\u00eda de los rigores del invierno y le daba su merecido descanso anual. Con el pasar de los a\u00f1os la nieve aparec\u00eda cada vez menos, hasta desaparecer totalmente durante toda una d\u00e9cada. Hoy en d\u00eda, el invierno se ha convertido en una temporada an\u00f3mala, caracterizada por temperaturas suaves, que se alternan con breves per\u00edodos de heladas fuertes.<\/span><\/p>\n<p class=\"p1\"><span class=\"s1\">El calentamiento global se esta acelerando. Seg\u00fan la Coldiretti (Asociaci\u00f3n Nacional de Agricultores italianos), el 2014 fue el a\u00f1o con las temperaturas m\u00e1s altas desde 1880, a\u00f1o en el que comenzaron a medirse.<span class=\"Apple-converted-space\">\u00a0 <\/span>Con un aumento medio de la temperatura de 1,45 \u00b0Celsius, una de las consecuencias directas de este fen\u00f3meno es la dr\u00e1stica disminuci\u00f3n de las nevadas. La nieve es un componente esencial de nuestro ecosistema: su manto protege la naturaleza de las bajas de temperaturas y proporciona agua y nutrientes para el crecimiento vegetativo; tambi\u00e9n determina el flujo de los r\u00edos durante el deshielo de la primavera y contribuye a la formaci\u00f3n de las reservas de agua para los per\u00edodos de sequ\u00eda del verano.<\/span><\/p>\n<p class=\"p1\"><span class=\"s1\">La escasez de nieve provoca un despertar vegetativo prematuro, exponiendo los cultivos a intensas heladas, aumentando la proliferaci\u00f3n de las infecciones por hongos e insectos que da\u00f1an a las plantas. Seg\u00fan la misma Coldiretti, el cambio de clima ya ha tenido graves efectos sobre las cosechas \u201cMade in Italy\u201d en el 2014: se registraron perdidas que van desde el 35% del aceite de oliva, al 15% para el vino, hasta el 50% para la miel, mientras la cosecha de casta\u00f1as tambi\u00e9n se ha reducido hasta un m\u00ednimo hist\u00f3rico.<\/span><\/p>\n<blockquote>\n<p class=\"p1\">O<span class=\"Apple-converted-space\">\u00a0<\/span>como en Per\u00fa, donde el 40% de la superficie de los glaciares ha desaparecido desde los a\u00f1os 70, y donde el enorme R\u00edo Santo se esta secando, ya que el glaciar que lo alimentaba ya se ha derretido.<\/p>\n<\/blockquote>\n<p class=\"p1\"><span class=\"s1\">Imagina estos problemas en un pa\u00eds como Pakistan, un pa\u00eds empobrecido y destrozado por la guerra, con una poblaci\u00f3n tres veces m\u00e1s grande que Italia, donde las tensiones por la escasez de agua aumentan cada d\u00eda. El 80% del caudal del r\u00edo Indus, el m\u00e1s importante del pa\u00eds, proviene del deshielo de glaciares y nieve. O<span class=\"Apple-converted-space\">\u00a0<\/span>como en Per\u00fa, donde el 40% de la superficie de los glaciares ha desaparecido desde los a\u00f1os 70, y donde el enorme R\u00edo Santo se esta secando, ya que el glaciar que lo alimentaba ya se ha derretido. Por primera vez en miles de a\u00f1os la desaparici\u00f3n del hielo en Per\u00fa ha dejado al descubierto rocas de metales preciosos. Adem\u00e1s el agua derretida lleva consigo metales pesados t\u00f3xicos, como ars\u00e9nico, hierro o cadmio, que provienen de las rocas y acaban en el subsuelo. Este problema esta creciendo m\u00e1s r\u00e1pido de lo esperado, y se espera que afecte pronto a toda la regi\u00f3n Andina, incluyendo a Chile, Ecuador y Bolivia. Expertos en Califorma, mientras tanto dicen que el estado esta experimentando la peor sequ\u00eda en 1200 a\u00f1os y que las reservas de nieve en las monta\u00f1as est\u00e1n solo al 5% de su media hist\u00f3rica.<\/span><\/p>\n<p class=\"p1\"><span class=\"s1\">El aumento de las temperaturas en invierno no implica, como se podr\u00eda pensar, veranos calurosos. Al contrario, durante los \u00faltimos dos a\u00f1os se registraron veranos con temperaturas por debajo de la media. Con tormentas frecuentes y violentas causadas por el sobrecalentamiento, que tiene un impacto nocivo sobre los ciclos naturales &#8211; especialmente en el agua &#8211; causando anomal\u00edas en todas las estaciones.<\/span><\/p>\n<p class=\"p1\"><span class=\"s1\">En la actualidad, datos cient\u00edficos demuestran la estrecha relaci\u00f3n entre el cambio clim\u00e1tico y la intervenci\u00f3n humana en los mecanismos naturales, a trav\u00e9s de la quema de combustibles f\u00f3siles (carb\u00f3n, petr\u00f3leo y gas) para la producci\u00f3n de energ\u00eda, el transporte, las emisiones industriales y dom\u00e9sticas, la deforestaci\u00f3n, los basureros, etc&#8230; A diferencia de todas las dem\u00e1s especies<span class=\"Apple-converted-space\">\u00a0 <\/span>de animales, respetuosas los ciclos naturales, el hombre sigue alterando por razones ego\u00edstas el equilibrio natural. Aunque las consecuencias<span class=\"Apple-converted-space\">\u00a0 <\/span>de estas acciones son cada vez m\u00e1s dram\u00e1ticas, no existe<span class=\"Apple-converted-space\">\u00a0 <\/span>voluntad de poner fin a estas intervenciones destructoras y<span class=\"Apple-converted-space\">\u00a0 <\/span>realizar cambios para reconstruir una relaci\u00f3n positiva y equilibrada con el medio ambiente.<\/span><\/p>\n<p class=\"p1\"><span class=\"s1\">La falta de nieve es s\u00f3lamente una se\u00f1al de alarma por el deterioro de nuestra relaci\u00f3n con la naturaleza, una parte esencial de nuestro ser. Tal vez por eso cada invierno, podr\u00e1s escucharnos gritar \u201c\u00a1\u00a1\u00a1ESTA NEVANDO!!!\u201d, mientras levantamos los ojos al cielo y sonre\u00edmos.<\/span><\/p>\n<p class=\"p1\">\n","protected":false},"excerpt":{"rendered":"<p>Por Massimo Basano, artesano y escritor italiano Para los nacidos dentro de los tr\u00f3picos siempre seguir\u00e1 siendo un misterio la relaci\u00f3n que une a los hombres con la nieve. Sin embargo, en el norte de Italia, donde yo vivo, es un vinculo fundamental para el equilibrio de los ciclos naturales. Hace veinte a\u00f1os, la nieve [&hellip;]<\/p>\n","protected":false},"author":1,"featured_media":693,"comment_status":"closed","ping_status":"open","sticky":false,"template":"","format":"standard","meta":{"_exactmetrics_skip_tracking":false,"_exactmetrics_sitenote_active":false,"_exactmetrics_sitenote_note":"","_exactmetrics_sitenote_category":0,"jetpack_post_was_ever_published":false,"_jetpack_newsletter_access":"","_jetpack_dont_email_post_to_subs":false,"_jetpack_newsletter_tier_id":0,"_jetpack_memberships_contains_paywalled_content":false,"_jetpack_memberships_contains_paid_content":false,"footnotes":""},"categories":[394,390],"tags":[],"class_list":["post-692","post","type-post","status-publish","format-standard","has-post-thumbnail","hentry","category-cambio-climatico","category-mundo"],"jetpack_featured_media_url":"https:\/\/i0.wp.com\/www.entremundos.org\/revista\/wp-content\/uploads\/2015\/05\/4136180558_2f9610aeb3_z.jpg?fit=640%2C425&ssl=1","jetpack_shortlink":"https:\/\/wp.me\/p7ljt7-ba","jetpack-related-posts":[{"id":12622,"url":"https:\/\/www.entremundos.org\/revista\/politica\/presupuesto-nacional-procesos-y-elementos-importantes\/","url_meta":{"origin":692,"position":0},"title":"Presupuesto nacional; Procesos y elementos importantes","author":"EntreMundos","date":"16 enero, 2025","format":false,"excerpt":"POR YESSICA PASTOR El siguiente es un extracto de una de las conversaciones sostenidas dentro de la serie de encuentros virtuales sobre incidencia pol\u00edtica del Directorio Guatemala. A continuaci\u00f3n, la intervenci\u00f3n de Ricardo Barrientos, director ejecutivo del Instituto Centroamericano de Estudios Fiscales (ICEFI). \u00bfQu\u00e9 factores pol\u00edticos considera que influyeron en\u2026","rel":"","context":"En \u00abPol\u00edtica\u00bb","block_context":{"text":"Pol\u00edtica","link":"https:\/\/www.entremundos.org\/revista\/category\/politica\/"},"img":{"alt_text":"","src":"https:\/\/i0.wp.com\/www.entremundos.org\/revista\/wp-content\/uploads\/2025\/01\/minifi.jpg?fit=1200%2C900&ssl=1&resize=350%2C200","width":350,"height":200,"srcset":"https:\/\/i0.wp.com\/www.entremundos.org\/revista\/wp-content\/uploads\/2025\/01\/minifi.jpg?fit=1200%2C900&ssl=1&resize=350%2C200 1x, https:\/\/i0.wp.com\/www.entremundos.org\/revista\/wp-content\/uploads\/2025\/01\/minifi.jpg?fit=1200%2C900&ssl=1&resize=525%2C300 1.5x, https:\/\/i0.wp.com\/www.entremundos.org\/revista\/wp-content\/uploads\/2025\/01\/minifi.jpg?fit=1200%2C900&ssl=1&resize=700%2C400 2x, https:\/\/i0.wp.com\/www.entremundos.org\/revista\/wp-content\/uploads\/2025\/01\/minifi.jpg?fit=1200%2C900&ssl=1&resize=1050%2C600 3x"},"classes":[]},{"id":12488,"url":"https:\/\/www.entremundos.org\/revista\/politica\/de-la-lucha-a-la-agricultura-en-las-montanas-de-guatemala\/","url_meta":{"origin":692,"position":1},"title":"De la lucha a la agricultura en las monta\u00f1as de Guatemala","author":"EntreMundos","date":"13 noviembre, 2024","format":false,"excerpt":"POR JONATHAN LOTT A la sombra de las monta\u00f1as selv\u00e1ticas de Guatemala, anta\u00f1o cargadas del espectro del conflicto, el olor del caf\u00e9 flota en el aire. Una generaci\u00f3n despu\u00e9s del hist\u00f3rico acuerdo de paz que puso fin a la guerra civil guatemalteca (1960-1996), decenas de exguerrilleros trabajan ahora la tierra\u2026","rel":"","context":"En \u00abFrontPage\u00bb","block_context":{"text":"FrontPage","link":"https:\/\/www.entremundos.org\/revista\/category\/frontpage\/"},"img":{"alt_text":"","src":"https:\/\/i0.wp.com\/www.entremundos.org\/revista\/wp-content\/uploads\/2024\/11\/anita2-e1731543808410.jpg?fit=910%2C671&ssl=1&resize=350%2C200","width":350,"height":200,"srcset":"https:\/\/i0.wp.com\/www.entremundos.org\/revista\/wp-content\/uploads\/2024\/11\/anita2-e1731543808410.jpg?fit=910%2C671&ssl=1&resize=350%2C200 1x, https:\/\/i0.wp.com\/www.entremundos.org\/revista\/wp-content\/uploads\/2024\/11\/anita2-e1731543808410.jpg?fit=910%2C671&ssl=1&resize=525%2C300 1.5x, https:\/\/i0.wp.com\/www.entremundos.org\/revista\/wp-content\/uploads\/2024\/11\/anita2-e1731543808410.jpg?fit=910%2C671&ssl=1&resize=700%2C400 2x"},"classes":[]},{"id":11590,"url":"https:\/\/www.entremundos.org\/revista\/medio-ambiente\/el-habitante-arbol\/","url_meta":{"origin":692,"position":2},"title":"El habitante \u00e1rbol","author":"EntreMundos","date":"19 enero, 2024","format":false,"excerpt":"POR VALERIA LEIVA La administraci\u00f3n municipal de Quetzaltenango orden\u00f3 la tala de \u00e1rboles en el parque de la zona 3 de la ciudad pero vecinos, comerciantes y expertos se manifestaron en contra de esta decisi\u00f3n.\u00a0 Cada ciudad constituye su propio ecosistema urbano y se suele pensar que en el ecosistema\u2026","rel":"","context":"En \u00abBosques\u00bb","block_context":{"text":"Bosques","link":"https:\/\/www.entremundos.org\/revista\/category\/medio-ambiente\/bosques\/"},"img":{"alt_text":"","src":"https:\/\/i0.wp.com\/www.entremundos.org\/revista\/wp-content\/uploads\/2024\/01\/img_1121-1-scaled.jpg?fit=1200%2C900&ssl=1&resize=350%2C200","width":350,"height":200,"srcset":"https:\/\/i0.wp.com\/www.entremundos.org\/revista\/wp-content\/uploads\/2024\/01\/img_1121-1-scaled.jpg?fit=1200%2C900&ssl=1&resize=350%2C200 1x, https:\/\/i0.wp.com\/www.entremundos.org\/revista\/wp-content\/uploads\/2024\/01\/img_1121-1-scaled.jpg?fit=1200%2C900&ssl=1&resize=525%2C300 1.5x, https:\/\/i0.wp.com\/www.entremundos.org\/revista\/wp-content\/uploads\/2024\/01\/img_1121-1-scaled.jpg?fit=1200%2C900&ssl=1&resize=700%2C400 2x, https:\/\/i0.wp.com\/www.entremundos.org\/revista\/wp-content\/uploads\/2024\/01\/img_1121-1-scaled.jpg?fit=1200%2C900&ssl=1&resize=1050%2C600 3x"},"classes":[]},{"id":12038,"url":"https:\/\/www.entremundos.org\/revista\/politica\/quetzaltenango-500-anos-de-historia-desafios-y-esperanza\/","url_meta":{"origin":692,"position":3},"title":"Quetzaltenango: 500 a\u00f1os de historia, desaf\u00edos y esperanza","author":"EntreMundos","date":"16 mayo, 2024","format":false,"excerpt":"POR SAMUEL ALVAREZ MORALES La historia de la ciudad se remonta a la \u00e9poca precolombina. Desde entonces, fue un importante centro comercial y cultural para la regi\u00f3n. Sus primeros habitantes fueron los Mam, quienes la llamar\u00edan Kulaja; los Quich\u00e9s la conquistaron y la nombraron Xelajuj No\u2019j. Finalmente, el 15 de\u2026","rel":"","context":"En \u00abFrontPage\u00bb","block_context":{"text":"FrontPage","link":"https:\/\/www.entremundos.org\/revista\/category\/frontpage\/"},"img":{"alt_text":"","src":"https:\/\/i0.wp.com\/www.entremundos.org\/revista\/wp-content\/uploads\/2024\/05\/whatsapp-image-2024-05-03-at-5.26.36-pm-scaled.jpeg?fit=632%2C1200&ssl=1&resize=350%2C200","width":350,"height":200,"srcset":"https:\/\/i0.wp.com\/www.entremundos.org\/revista\/wp-content\/uploads\/2024\/05\/whatsapp-image-2024-05-03-at-5.26.36-pm-scaled.jpeg?fit=632%2C1200&ssl=1&resize=350%2C200 1x, https:\/\/i0.wp.com\/www.entremundos.org\/revista\/wp-content\/uploads\/2024\/05\/whatsapp-image-2024-05-03-at-5.26.36-pm-scaled.jpeg?fit=632%2C1200&ssl=1&resize=525%2C300 1.5x"},"classes":[]},{"id":13241,"url":"https:\/\/www.entremundos.org\/revista\/politica\/crimen-de-estado-primera-sentencia\/","url_meta":{"origin":692,"position":4},"title":"Crimen De Estado: Primera Sentencia\u00a0","author":"EntreMundos","date":"17 septiembre, 2025","format":false,"excerpt":"Por Carolina Escobar Sarti Durante el gobierno de Jimmy Morales se cometi\u00f3 un crimen de Estado. Fue el 8 de marzo de 2017, cuando 56 ni\u00f1as y adolescentes fueron colocadas, por horas, en un aula de 7 x 6.8 metros donde no hab\u00eda ni siquiera un ba\u00f1o. Despu\u00e9s del desayuno\u2026","rel":"","context":"En \u00abFrontPage\u00bb","block_context":{"text":"FrontPage","link":"https:\/\/www.entremundos.org\/revista\/category\/frontpage\/"},"img":{"alt_text":"","src":"https:\/\/i0.wp.com\/www.entremundos.org\/revista\/wp-content\/uploads\/2025\/09\/img66.jpg?fit=960%2C1200&ssl=1&resize=350%2C200","width":350,"height":200,"srcset":"https:\/\/i0.wp.com\/www.entremundos.org\/revista\/wp-content\/uploads\/2025\/09\/img66.jpg?fit=960%2C1200&ssl=1&resize=350%2C200 1x, https:\/\/i0.wp.com\/www.entremundos.org\/revista\/wp-content\/uploads\/2025\/09\/img66.jpg?fit=960%2C1200&ssl=1&resize=525%2C300 1.5x, https:\/\/i0.wp.com\/www.entremundos.org\/revista\/wp-content\/uploads\/2025\/09\/img66.jpg?fit=960%2C1200&ssl=1&resize=700%2C400 2x"},"classes":[]},{"id":11847,"url":"https:\/\/www.entremundos.org\/revista\/politica\/cuando-la-tierra-se-movio\/","url_meta":{"origin":692,"position":5},"title":"Cuando la tierra se movi\u00f3","author":"EntreMundos","date":"26 marzo, 2024","format":false,"excerpt":"POR CECILIA REED Estaba profundamente dormida, unos minutos despu\u00e9s de la medianoche; cuando de repente, \u00a1mi cuerpo entr\u00f3 en modo de p\u00e1nico y me despert\u00e9! Mi cama se balanceaba vigorosamente de izquierda a derecha, y las paredes a mi alrededor se balanceaban en direcci\u00f3n opuesta a un ritmo similar. Nunca\u2026","rel":"","context":"En \u00abAccion Comunitaria\u00bb","block_context":{"text":"Accion Comunitaria","link":"https:\/\/www.entremundos.org\/revista\/category\/politica\/accion-comunitaria-3\/"},"img":{"alt_text":"","src":"https:\/\/i0.wp.com\/www.entremundos.org\/revista\/wp-content\/uploads\/2024\/03\/20240124_080747-scaled.jpg?fit=1200%2C900&ssl=1&resize=350%2C200","width":350,"height":200,"srcset":"https:\/\/i0.wp.com\/www.entremundos.org\/revista\/wp-content\/uploads\/2024\/03\/20240124_080747-scaled.jpg?fit=1200%2C900&ssl=1&resize=350%2C200 1x, https:\/\/i0.wp.com\/www.entremundos.org\/revista\/wp-content\/uploads\/2024\/03\/20240124_080747-scaled.jpg?fit=1200%2C900&ssl=1&resize=525%2C300 1.5x, https:\/\/i0.wp.com\/www.entremundos.org\/revista\/wp-content\/uploads\/2024\/03\/20240124_080747-scaled.jpg?fit=1200%2C900&ssl=1&resize=700%2C400 2x, https:\/\/i0.wp.com\/www.entremundos.org\/revista\/wp-content\/uploads\/2024\/03\/20240124_080747-scaled.jpg?fit=1200%2C900&ssl=1&resize=1050%2C600 3x"},"classes":[]}],"jetpack_sharing_enabled":true,"_links":{"self":[{"href":"https:\/\/www.entremundos.org\/revista\/wp-json\/wp\/v2\/posts\/692","targetHints":{"allow":["GET"]}}],"collection":[{"href":"https:\/\/www.entremundos.org\/revista\/wp-json\/wp\/v2\/posts"}],"about":[{"href":"https:\/\/www.entremundos.org\/revista\/wp-json\/wp\/v2\/types\/post"}],"author":[{"embeddable":true,"href":"https:\/\/www.entremundos.org\/revista\/wp-json\/wp\/v2\/users\/1"}],"replies":[{"embeddable":true,"href":"https:\/\/www.entremundos.org\/revista\/wp-json\/wp\/v2\/comments?post=692"}],"version-history":[{"count":3,"href":"https:\/\/www.entremundos.org\/revista\/wp-json\/wp\/v2\/posts\/692\/revisions"}],"predecessor-version":[{"id":2420,"href":"https:\/\/www.entremundos.org\/revista\/wp-json\/wp\/v2\/posts\/692\/revisions\/2420"}],"wp:featuredmedia":[{"embeddable":true,"href":"https:\/\/www.entremundos.org\/revista\/wp-json\/wp\/v2\/media\/693"}],"wp:attachment":[{"href":"https:\/\/www.entremundos.org\/revista\/wp-json\/wp\/v2\/media?parent=692"}],"wp:term":[{"taxonomy":"category","embeddable":true,"href":"https:\/\/www.entremundos.org\/revista\/wp-json\/wp\/v2\/categories?post=692"},{"taxonomy":"post_tag","embeddable":true,"href":"https:\/\/www.entremundos.org\/revista\/wp-json\/wp\/v2\/tags?post=692"}],"curies":[{"name":"wp","href":"https:\/\/api.w.org\/{rel}","templated":true}]}}