{"id":698,"date":"2016-01-08T00:34:54","date_gmt":"2016-01-08T08:34:54","guid":{"rendered":"https:\/\/entremundosrevista.wordpress.com\/?p=698"},"modified":"2016-03-16T06:40:41","modified_gmt":"2016-03-16T14:40:41","slug":"la-roya-del-cafe-en-guatemala","status":"publish","type":"post","link":"https:\/\/www.entremundos.org\/revista\/economia\/la-roya-del-cafe-en-guatemala\/","title":{"rendered":"La roya del caf\u00e9 en Guatemala"},"content":{"rendered":"<h6>Foto de portada:\u00a0Planta de caf\u00e9 afectada por la roya. Foto:Jairo Cajina<\/h6>\n<p>&nbsp;<\/p>\n<p>Por Dr. Francisco Anzueto Rodriguez, investigador de ANACAFE (Asociaci\u00f3n Nacional de Caf\u00e9)<\/p>\n<p class=\"p1\"><span class=\"s1\">La roya, un hongo que ataca a las plantas de caf\u00e9, lleg\u00f3 en Centroam\u00e9rica en 1976 y provoc\u00f3 relativamente pocas p\u00e9rdidas durante las primeras tres d\u00e9cadas en la regi\u00f3n. Pero desde 2010, afecta cada vez m\u00e1s a la producci\u00f3n de caf\u00e9 y la variaci\u00f3n reciente del clima es un factor principal.<\/span><\/p>\n<p class=\"p1\"><span class=\"s1\">En Guatemala, en 2010 se empezaron a observar ataques espor\u00e1dicos de la roya en diversas zonas de mayor altitud. En 2011-12, se observaron ataques m\u00e1s severos, induciendo p\u00e9rdidas importantes en la producci\u00f3n del caf\u00e9 a nivel local.<\/span><\/p>\n<p class=\"p1\"><span class=\"s1\">En 2012-13 la roya se difundi\u00f3 fuertemente en el suroriente, nororiente, norte, central, El Quich\u00e9 y costa sur. En 2013-14 se observa un segundo a\u00f1o de impacto en la zona suroriente y nororiente, esta vez afectando tambi\u00e9n al departamento de Huehuetenango. Las p\u00e9rdidas totales de ambos ciclos se estiman en 800,000 quintales oro y cerca de 100,000 empleos. Las condiciones clim\u00e1ticas de estos per\u00edodos ser\u00edan similares a las condiciones proyectadas en algunos escenarios del cambio clim\u00e1tico, lo que podr\u00eda ser un indicio de lo esperado en el futuro con el comportamiento de la roya y otras enfermedades y plagas del caf\u00e9.<\/span><\/p>\n<p class=\"p1\"><span class=\"s1\">Las plantaciones m\u00e1s afectadas fueron aquellas con plantas de caf\u00e9 m\u00e1s viejas, de baja producci\u00f3n, poco podadas y sin aplicaci\u00f3n de fertilizantes sint\u00e9ticos, condici\u00f3n m\u00e1s com\u00fan en peque\u00f1os productores, quienes adicionalmente tienen mayores limitaciones para acceso a financiamiento o cr\u00e9dito, necesarios para recuperar las plantaciones.<\/span><\/p>\n<p class=\"p1\"><span class=\"s1\">El caf\u00e9 org\u00e1nico certificado ha sido el sector m\u00e1s afectado por la epidemia, debido a que los productores no pueden utilizar agroqu\u00edmicos de s\u00edntesis qu\u00edmica, en este caso fungicidas sist\u00e9micos. Los fungicidas de contacto a base de cobre que son permitidos en la producci\u00f3n org\u00e1nica no logran contrarrestar los niveles epid\u00e9micos que la roya muestra actualmente. Antes de la epidemia de roya los promedios de producci\u00f3n org\u00e1nica eran alrededor de 12 quintales pergamino por manzana, cayendo a seis quintales por efecto de la enfermedad, incluso menos. Una opci\u00f3n ser\u00eda la sustituci\u00f3n con variedades m\u00e1s resistentes a la roya, lo cual requiere de importantes inversiones y tiempo durante el cual no tendr\u00edan cosechas.<\/span><\/p>\n<p class=\"p1\"><span class=\"s1\">El an\u00e1lisis de datos clim\u00e1ticos de ANACAF\u00c9 muestra que en 2010 y 2011 ocurrieron condiciones favorables para la roya, propiciando su posterior incremento en varias zonas situadas arriba de 1,000 metros. En 2012 se observ\u00f3 la m\u00e1xima epidemia por los siguientes factores: influencia clim\u00e1tica favorable, alta presencia de in\u00f3culo (lesiones del pasado), predominancia de variedades susceptibles (88% de las variedades en Guatemala) y poco manejo agron\u00f3mico.<\/span><\/p>\n<p class=\"p1\"><span class=\"s1\">En 2012 las temperaturas m\u00ednimas diarias aumentaron en promedio 0.9\u00b0C, mientras que las temperaturas m\u00e1ximas diarias disminuyeron 1.2\u00b0C, lo cual representa una reducci\u00f3n de la amplitud t\u00e9rmica diurna. Muy probablemente esto provoc\u00f3 una disminuci\u00f3n del per\u00edodo de latancia de la enfermedad con ciclos de reproducci\u00f3n m\u00e1s cortos, y en consecuencia m\u00e1s roya. En 2014 la epidemia continu\u00f3 con alta prevalencia de esporas y lesiones en hojas. Se observaron incrementos de esporulaci\u00f3n del hongo y dispersi\u00f3n de esporas de las hojas infectadas.<\/span><\/p>\n<blockquote>\n<p class=\"p1\"><em>Existe entonces una situaci\u00f3n de alta prevalencia de in\u00f3culo y condiciones clim\u00e1ticas favorables para un nuevo ciclo epid\u00e9mico de la roya en 2015.<\/em><\/p>\n<\/blockquote>\n<p class=\"p1\"><span class=\"s1\">Existe entonces una situaci\u00f3n de alta prevalencia de in\u00f3culo y condiciones clim\u00e1ticas favorables para un nuevo ciclo epid\u00e9mico de la roya en 2015, y en consecuencia la importancia de retomar oportunamente el programa de control preventivo de la roya con fungicidas sist\u00e9micos, y un buen manejo agron\u00f3mico de las plantaciones (fertilizaci\u00f3n, enmiendas, podas, control de malezas, etc.). (Nota editorial: La Revista EntreMundos no respalda el uso de m\u00e9todos no org\u00e1nicos.)<\/span><\/p>\n<p class=\"p1\"><span class=\"s1\">Ser\u00e1 necesario realizar ajustes en la agronom\u00eda del cultivo, manteniendo el agro-sistema predominante en Guatemala de caf\u00e9 y \u00e1rboles de sombra, sistema que brinda una mejor adaptaci\u00f3n al cambio clim\u00e1tico para poder continuar ofreciendo a los consumidores nuestro caf\u00e9 de calidad reconocida mundialmente.<\/span><\/p>\n<p class=\"p1\">\n","protected":false},"excerpt":{"rendered":"<p>Foto de portada:\u00a0Planta de caf\u00e9 afectada por la roya. Foto:Jairo Cajina &nbsp; Por Dr. Francisco Anzueto Rodriguez, investigador de ANACAFE (Asociaci\u00f3n Nacional de Caf\u00e9) La roya, un hongo que ataca a las plantas de caf\u00e9, lleg\u00f3 en Centroam\u00e9rica en 1976 y provoc\u00f3 relativamente pocas p\u00e9rdidas durante las primeras tres d\u00e9cadas en la regi\u00f3n. Pero desde [&hellip;]<\/p>\n","protected":false},"author":1,"featured_media":699,"comment_status":"closed","ping_status":"open","sticky":false,"template":"","format":"standard","meta":{"_exactmetrics_skip_tracking":false,"_exactmetrics_sitenote_active":false,"_exactmetrics_sitenote_note":"","_exactmetrics_sitenote_category":0,"jetpack_post_was_ever_published":false,"_jetpack_newsletter_access":"","_jetpack_dont_email_post_to_subs":false,"_jetpack_newsletter_tier_id":0,"_jetpack_memberships_contains_paywalled_content":false,"_jetpack_memberships_contains_paid_content":false,"footnotes":""},"categories":[394,380,384,456],"tags":[],"class_list":["post-698","post","type-post","status-publish","format-standard","has-post-thumbnail","hentry","category-cambio-climatico","category-economia","category-medio-ambiente","category-migration"],"jetpack_featured_media_url":"https:\/\/i0.wp.com\/www.entremundos.org\/revista\/wp-content\/uploads\/2015\/05\/roya-afectaciones-a-produccion-de-cafe.jpg?fit=500%2C309&ssl=1","jetpack_shortlink":"https:\/\/wp.me\/p7ljt7-bg","jetpack-related-posts":[{"id":2403,"url":"https:\/\/www.entremundos.org\/revista\/economy\/coffee-and-roya-in-guatemala\/?lang=en","url_meta":{"origin":698,"position":0},"title":"Coffee and Roya in Guatemala","author":"EntreMundos","date":"7 marzo, 2016","format":false,"excerpt":"Cover photo: Jairo Cajina By Dr. Francisco Anzueto Rodriguez, researcher with ANACAFE (National Coffe Association) \u201cLa roya,\u201d a fungus that attacks coffee plants, arrived in Central America in 1976 and caused relatively few losses during its first three decades in the region. But since 2010, it has become a severe\u2026","rel":"","context":"En \u00abClimate Change\u00bb","block_context":{"text":"Climate Change","link":"https:\/\/www.entremundos.org\/revista\/category\/environment\/climate-change\/?lang=en"},"img":{"alt_text":"","src":"https:\/\/i0.wp.com\/www.entremundos.org\/revista\/wp-content\/uploads\/2015\/05\/roya-afectaciones-a-produccion-de-cafe.jpg?fit=500%2C309&ssl=1&resize=350%2C200","width":350,"height":200},"classes":[]},{"id":1810,"url":"https:\/\/www.entremundos.org\/revista\/economy\/organized-bean-by-bean\/?lang=en","url_meta":{"origin":698,"position":1},"title":"Xela&#8217;s Caf\u00e9 Armon\u00eda: An ethical business model","author":"EntreMundos","date":"10 marzo, 2016","format":false,"excerpt":"By Patricia Mac\u00edas L\u00f3pez -\u00a0Entremundos Correspondent It\u2019s harder than you\u2019d think to enjoy a cup of organic and fair-trade coffee in Guatemala. The majority of the coffee produced here is exported, and grown on large plantations owned by very few and worked by many in abysmal labor conditions. It\u2019s difficult\u2026","rel":"","context":"En \u00abAlternative Economy\u00bb","block_context":{"text":"Alternative Economy","link":"https:\/\/www.entremundos.org\/revista\/category\/economy\/alternative-economy\/?lang=en"},"img":{"alt_text":"","src":"https:\/\/i0.wp.com\/www.entremundos.org\/revista\/wp-content\/uploads\/2015\/03\/img_7102-copia.jpg?fit=1200%2C800&ssl=1&resize=350%2C200","width":350,"height":200,"srcset":"https:\/\/i0.wp.com\/www.entremundos.org\/revista\/wp-content\/uploads\/2015\/03\/img_7102-copia.jpg?fit=1200%2C800&ssl=1&resize=350%2C200 1x, https:\/\/i0.wp.com\/www.entremundos.org\/revista\/wp-content\/uploads\/2015\/03\/img_7102-copia.jpg?fit=1200%2C800&ssl=1&resize=525%2C300 1.5x, https:\/\/i0.wp.com\/www.entremundos.org\/revista\/wp-content\/uploads\/2015\/03\/img_7102-copia.jpg?fit=1200%2C800&ssl=1&resize=700%2C400 2x, https:\/\/i0.wp.com\/www.entremundos.org\/revista\/wp-content\/uploads\/2015\/03\/img_7102-copia.jpg?fit=1200%2C800&ssl=1&resize=1050%2C600 3x"},"classes":[]},{"id":12488,"url":"https:\/\/www.entremundos.org\/revista\/politica\/de-la-lucha-a-la-agricultura-en-las-montanas-de-guatemala\/","url_meta":{"origin":698,"position":2},"title":"De la lucha a la agricultura en las monta\u00f1as de Guatemala","author":"EntreMundos","date":"13 noviembre, 2024","format":false,"excerpt":"POR JONATHAN LOTT A la sombra de las monta\u00f1as selv\u00e1ticas de Guatemala, anta\u00f1o cargadas del espectro del conflicto, el olor del caf\u00e9 flota en el aire. Una generaci\u00f3n despu\u00e9s del hist\u00f3rico acuerdo de paz que puso fin a la guerra civil guatemalteca (1960-1996), decenas de exguerrilleros trabajan ahora la tierra\u2026","rel":"","context":"En \u00abFrontPage\u00bb","block_context":{"text":"FrontPage","link":"https:\/\/www.entremundos.org\/revista\/category\/frontpage\/"},"img":{"alt_text":"","src":"https:\/\/i0.wp.com\/www.entremundos.org\/revista\/wp-content\/uploads\/2024\/11\/anita2-e1731543808410.jpg?fit=910%2C671&ssl=1&resize=350%2C200","width":350,"height":200,"srcset":"https:\/\/i0.wp.com\/www.entremundos.org\/revista\/wp-content\/uploads\/2024\/11\/anita2-e1731543808410.jpg?fit=910%2C671&ssl=1&resize=350%2C200 1x, https:\/\/i0.wp.com\/www.entremundos.org\/revista\/wp-content\/uploads\/2024\/11\/anita2-e1731543808410.jpg?fit=910%2C671&ssl=1&resize=525%2C300 1.5x, https:\/\/i0.wp.com\/www.entremundos.org\/revista\/wp-content\/uploads\/2024\/11\/anita2-e1731543808410.jpg?fit=910%2C671&ssl=1&resize=700%2C400 2x"},"classes":[]},{"id":2597,"url":"https:\/\/www.entremundos.org\/revista\/culture\/the-enormous-waterfalls-of-san-marcos\/?lang=en","url_meta":{"origin":698,"position":3},"title":"The enormous hidden waterfalls of San Marcos","author":"EntreMundos","date":"27 abril, 2016","format":false,"excerpt":"A community ecotourism adventure. By Yessika Calder\u00f3n - Travel & Health Guatemala Too much of Guatemala\u2019s natural beauty has remained hidden from its citizens and the world. Fortunately, intrepid Guatemalan and foreign travelers have been helping to rediscover the country\u2019s beautiful places, many of which have been preserved for thousands\u2026","rel":"","context":"En \u00abCulture\u00bb","block_context":{"text":"Culture","link":"https:\/\/www.entremundos.org\/revista\/category\/culture\/?lang=en"},"img":{"alt_text":"","src":"https:\/\/i0.wp.com\/www.entremundos.org\/revista\/wp-content\/uploads\/2016\/04\/cataratasi.png?fit=921%2C617&ssl=1&resize=350%2C200","width":350,"height":200,"srcset":"https:\/\/i0.wp.com\/www.entremundos.org\/revista\/wp-content\/uploads\/2016\/04\/cataratasi.png?fit=921%2C617&ssl=1&resize=350%2C200 1x, https:\/\/i0.wp.com\/www.entremundos.org\/revista\/wp-content\/uploads\/2016\/04\/cataratasi.png?fit=921%2C617&ssl=1&resize=525%2C300 1.5x, https:\/\/i0.wp.com\/www.entremundos.org\/revista\/wp-content\/uploads\/2016\/04\/cataratasi.png?fit=921%2C617&ssl=1&resize=700%2C400 2x"},"classes":[]},{"id":11407,"url":"https:\/\/www.entremundos.org\/revista\/politica\/del-papel-a-la-pantalla\/","url_meta":{"origin":698,"position":4},"title":"Del papel a la pantalla","author":"EntreMundos","date":"10 noviembre, 2023","format":false,"excerpt":"POR EMMA G\u00d3MEZ Dos pa\u00edses golpeados por la corrupci\u00f3n, violaci\u00f3n de los derechos humanos, injusticias, persecuciones y despojos, por mencionar algunos de los males que tienen en com\u00fan Guatemala y El Salvador. El proyecto, Del Papel a la Pantalla, presenta dos propuestas visuales para reflexionar sobre la educaci\u00f3n sexual y\u2026","rel":"","context":"En \u00abAccion Comunitaria\u00bb","block_context":{"text":"Accion Comunitaria","link":"https:\/\/www.entremundos.org\/revista\/category\/politica\/accion-comunitaria-3\/"},"img":{"alt_text":"","src":"https:\/\/i0.wp.com\/www.entremundos.org\/revista\/wp-content\/uploads\/2023\/11\/whatsapp-image-2023-10-23-at-9.54.45-am-2.jpeg?fit=1200%2C800&ssl=1&resize=350%2C200","width":350,"height":200,"srcset":"https:\/\/i0.wp.com\/www.entremundos.org\/revista\/wp-content\/uploads\/2023\/11\/whatsapp-image-2023-10-23-at-9.54.45-am-2.jpeg?fit=1200%2C800&ssl=1&resize=350%2C200 1x, https:\/\/i0.wp.com\/www.entremundos.org\/revista\/wp-content\/uploads\/2023\/11\/whatsapp-image-2023-10-23-at-9.54.45-am-2.jpeg?fit=1200%2C800&ssl=1&resize=525%2C300 1.5x, https:\/\/i0.wp.com\/www.entremundos.org\/revista\/wp-content\/uploads\/2023\/11\/whatsapp-image-2023-10-23-at-9.54.45-am-2.jpeg?fit=1200%2C800&ssl=1&resize=700%2C400 2x, https:\/\/i0.wp.com\/www.entremundos.org\/revista\/wp-content\/uploads\/2023\/11\/whatsapp-image-2023-10-23-at-9.54.45-am-2.jpeg?fit=1200%2C800&ssl=1&resize=1050%2C600 3x"},"classes":[]},{"id":11083,"url":"https:\/\/www.entremundos.org\/revista\/medio-ambiente\/sin-abejas-no-hay-vida\/","url_meta":{"origin":698,"position":5},"title":"Sin abejas no hay vida","author":"EntreMundos","date":"20 julio, 2023","format":false,"excerpt":"Ma\u00edz de Vida\u00a0 \u00bfSab\u00edas que a nivel global existen m\u00e1s de 20 mil especies de abejas? Su vida es fundamental para los ecosistemas y la producci\u00f3n de alimentos. Sab\u00edas que una abeja vive menos de 40 d\u00edas, visita al menos 1000 flores y produce menos de una cucharadita de miel,\u2026","rel":"","context":"En \u00abAccion Comunitaria\u00bb","block_context":{"text":"Accion Comunitaria","link":"https:\/\/www.entremundos.org\/revista\/category\/politica\/accion-comunitaria-3\/"},"img":{"alt_text":"","src":"https:\/\/i0.wp.com\/www.entremundos.org\/revista\/wp-content\/uploads\/2023\/07\/a6d4e38f-ec55-4772-bcd2-36fc346e048c-1.jpg?fit=901%2C1200&ssl=1&resize=350%2C200","width":350,"height":200,"srcset":"https:\/\/i0.wp.com\/www.entremundos.org\/revista\/wp-content\/uploads\/2023\/07\/a6d4e38f-ec55-4772-bcd2-36fc346e048c-1.jpg?fit=901%2C1200&ssl=1&resize=350%2C200 1x, https:\/\/i0.wp.com\/www.entremundos.org\/revista\/wp-content\/uploads\/2023\/07\/a6d4e38f-ec55-4772-bcd2-36fc346e048c-1.jpg?fit=901%2C1200&ssl=1&resize=525%2C300 1.5x, https:\/\/i0.wp.com\/www.entremundos.org\/revista\/wp-content\/uploads\/2023\/07\/a6d4e38f-ec55-4772-bcd2-36fc346e048c-1.jpg?fit=901%2C1200&ssl=1&resize=700%2C400 2x"},"classes":[]}],"jetpack_sharing_enabled":true,"_links":{"self":[{"href":"https:\/\/www.entremundos.org\/revista\/wp-json\/wp\/v2\/posts\/698","targetHints":{"allow":["GET"]}}],"collection":[{"href":"https:\/\/www.entremundos.org\/revista\/wp-json\/wp\/v2\/posts"}],"about":[{"href":"https:\/\/www.entremundos.org\/revista\/wp-json\/wp\/v2\/types\/post"}],"author":[{"embeddable":true,"href":"https:\/\/www.entremundos.org\/revista\/wp-json\/wp\/v2\/users\/1"}],"replies":[{"embeddable":true,"href":"https:\/\/www.entremundos.org\/revista\/wp-json\/wp\/v2\/comments?post=698"}],"version-history":[{"count":4,"href":"https:\/\/www.entremundos.org\/revista\/wp-json\/wp\/v2\/posts\/698\/revisions"}],"predecessor-version":[{"id":2406,"href":"https:\/\/www.entremundos.org\/revista\/wp-json\/wp\/v2\/posts\/698\/revisions\/2406"}],"wp:featuredmedia":[{"embeddable":true,"href":"https:\/\/www.entremundos.org\/revista\/wp-json\/wp\/v2\/media\/699"}],"wp:attachment":[{"href":"https:\/\/www.entremundos.org\/revista\/wp-json\/wp\/v2\/media?parent=698"}],"wp:term":[{"taxonomy":"category","embeddable":true,"href":"https:\/\/www.entremundos.org\/revista\/wp-json\/wp\/v2\/categories?post=698"},{"taxonomy":"post_tag","embeddable":true,"href":"https:\/\/www.entremundos.org\/revista\/wp-json\/wp\/v2\/tags?post=698"}],"curies":[{"name":"wp","href":"https:\/\/api.w.org\/{rel}","templated":true}]}}