{"id":6991,"date":"2020-07-02T16:50:31","date_gmt":"2020-07-03T00:50:31","guid":{"rendered":"http:\/\/www.entremundos.org\/revista\/?p=6991"},"modified":"2020-09-08T20:49:50","modified_gmt":"2020-09-09T04:49:50","slug":"juventudes-estar-y-ser-indigena-maya-el-camino-hacia-el-hacer","status":"publish","type":"post","link":"https:\/\/www.entremundos.org\/revista\/cultura\/juventudes-estar-y-ser-indigena-maya-el-camino-hacia-el-hacer\/","title":{"rendered":"Juventudes: Estar y Ser Ind\u00edgena maya, el camino hacia el hacer"},"content":{"rendered":"<p><strong>Por: Marlon No\u00e9 Sotz<\/strong><\/p>\n<p>Yo nac\u00ed Ind\u00edgena, pero advert\u00ed mi identidad hasta dos d\u00e9cadas m\u00e1s tarde. Desde ni\u00f1o pon\u00eda, o a menudo pon\u00edan por m\u00ed una X o marca en el espacio de Ind\u00edgena, a la par del recuadro de ladino o mestizo, para identificar mi etnia (en los ex\u00e1menes, en el centro de salud, en mi inscripci\u00f3n de nacimiento, en los censos, en la universidad). Pero no entend\u00eda nada sobre aquello que se formaba en mi conciencia y que se plasmar\u00eda en mis actitudes. Pensaba que quiz\u00e1s ten\u00eda que ver algo con mi color y aspecto, mis contornos duros, marcados, mi pelo negro o mis labores en el campo. No estaba seguro de ello. De lo que s\u00ed ten\u00eda certeza era que encajaba mejor en aquel recuadro de Ind\u00edgena. Sea de las ideas que dec\u00eda la maestra en la escuela, en mi casa, en la tele o en la calle, estaba en el recuadro de Ind\u00edgena, no hab\u00eda otra opci\u00f3n. All\u00ed encajaba dentro del \u00e1pice de: etnia, pueblo o raza. Interioric\u00e9 sin mucha singularidad y con normalidad, y entonces, me denominaba como Ind\u00edgena sin saber nunca lo que significaba serlo, sin asumirlo con conciencia.<\/p>\n<p>En mi familia, no recuerdo que mi mam\u00e1, pap\u00e1 o alguien m\u00e1s, nos hablara en Kaqchikel. Excepto mi abuela materna, quien era la \u00fanica que se comunicaba en este idioma con nosotros. No se hablaba sobre historias ancestrales, contadas por nuestros abuelos o abuelas. A veces, habl\u00e1bamos sobre espantos, \u00e1nimas, esp\u00edritus, oraciones, pero no de nuestras historias; es m\u00e1s, siempre se demeritaba o menospreciaba toda forma de pensar, vivir o revivir aquello que no estaba presente, como el idioma Kaqchikel, el respeto a las ceremonias mayas, el tiempo del calendario maya, los saberes sobre cuidados ancestrales, las pr\u00e1cticas comunitarias, etc.<\/p>\n<p>Para m\u00ed y mi familia, esas formas de vivir eran algo ajeno. Hab\u00eda una ausencia en la vida que no parec\u00eda evidente. En mi casa se habla en espa\u00f1ol, se vive conforme al tiempo consagrado en el calendario gregoriano \u2013navidad, semana santa, v\u00edrgenes mar\u00edas y jesuses, de muchos nombres, una feria, la independencia, d\u00eda de los muertos y santos- jornadas laborales, rutinas escolares oficiales, y se buscaba el sentido de la existencia del mundo en una moral ocupada por la biblia y la doctrina cat\u00f3lica.<\/p>\n<p>En la escuela era lo mismo: el estrecho de Bering, la esplendorosa y antigua civilizaci\u00f3n maya, la extinci\u00f3n de su mundo, las carabelas y don Crist\u00f3bal Col\u00f3n, religiones polite\u00edstas, paganas, barbarie, don Pedro de Alvarado y los h\u00e9roes de la conquista, la colonia, las figuras de la independencia y el indio. Fechas y personajes con apellidos espa\u00f1oles. En fin, los temas generales de los libros de texto usados en Guatemala. Nunca escuche la versi\u00f3n de quienes fueron vencidos: nosotros los indios.<\/p>\n<p>En mi recorrido por la escuela, desde la escuela primaria, siguiendo la educaci\u00f3n b\u00e1sica, el diversificado e incluso la universidad, no aparecemos en la historia oficial; se nos da muy poca importancia, o aparecemos como sujetos pasivos, v\u00edctimas muchas veces, pero nada m\u00e1s. La \u00e9poca que nos inclu\u00eda con exclusividad era la de la violencia: nombres, muchos nombres de muertos, desaparecidos, secuestrados, torturados, con apellidos en idiomas mayas. En ese pedazo de la historia aparecemos de una manera silenciada e impune. Aun as\u00ed, he aprendido que estuvimos presentes de otras formas, no s\u00f3lo durante la guerra sino en otros acontecimientos que nos parecen tan ajenos, lejanos y distantes, y que, a medida que nuestras voces de resistencia se alzan, nos reivindica con un papel importante, con una lucha que he tomado como propia.<\/p>\n<p>Mi llegada a la universidad fue casi un privilegio, no estaba contemplada dentro de mis planes al ser hijo de una t\u00e9cnica en salud rural y un campesino, una fila de espera de mis siete hermanos y ochenta y dos kil\u00f3metros de la Ciudad de Guatemala, donde quedaba la universidad. Ingres\u00e9 a la Facultad de Ciencias Jur\u00eddicas y Sociales de la Universidad de San Carlos, espacio donde la descomposici\u00f3n acad\u00e9mica y \u00e9tica pueden llegar a sus expresiones m\u00e1s fr\u00edvolas. Me refugi\u00e9 en la Biblioteca de la Universidad, acompa\u00f1ado de libros de Guzm\u00e1n B\u00f6ckler, Marta Elena Casa\u00fas, Miguel \u00c1ngel Asturias, Severo Mart\u00ednez Pel\u00e1ez, Figueroa Ibarra, Eduardo Galeano, el Pop Vuh, el Memorial de Solol\u00e1, el Rabinal Ach\u00ed; y de ah\u00ed, decid\u00ed estudiar en la Escuela de Ciencia Pol\u00edtica.<\/p>\n<p>Elegir esta carrera, me abri\u00f3 la posibilidad a una variedad de campos de conocimiento en las ciencias sociales, aprender de la historia, practicar la cr\u00edtica e involucrarme en el movimiento estudiantil. Adopt\u00e9 nuevas visiones sobre la realidad -con teor\u00eda pol\u00edtica occidental al principio- y posteriormente, desde otros autores: Boaventura de Sousa Santos, Aura Cumes, Gladys Tzul, Dorotea G\u00f3mez Grijalva y mediante epistemolog\u00edas del sur, desde la pol\u00edtica comunitaria y las experiencias pol\u00edticas de movimiento social Ind\u00edgena comunitario.<\/p>\n<p>Mis experiencias en el movimiento estudiantil gestado alrededor de la recuperaci\u00f3n de representaciones estudiantiles como la Asociaci\u00f3n de Estudiantes Universitarios, fue para m\u00ed un espacio de reflexi\u00f3n, formaci\u00f3n y acci\u00f3n pol\u00edtica dentro del movimiento estudiantil. Desde ah\u00ed pude redefinirme en un entorno de diversas conversaciones, discusiones y di\u00e1logos sobre muchas de las reivindicaciones y temas presentes en distintos espacios: la defensa del territorio, la identidad y espiritualidad maya, la memoria hist\u00f3rica, el racismo, lo movimientos de mujeres por la igualdad de derechos, las formas de violencia contra las mujeres (tal como el el acoso y hostigamiento sexual, la dominaci\u00f3n masculina y el sistema patriarcal, la ideolog\u00eda sexista y las pr\u00e1cticas machistas), as\u00ed como las desigualdades sociales y las relaciones de poder altamente asim\u00e9tricas, las luchas de los movimientos de la comunidad LGTBI, la ni\u00f1ez, la juventud, los movimientos ciudadanos por la transparencia y en contra de la corrupci\u00f3n, entre muchos otros.<\/p>\n<p>Sin embargo, me percat\u00e9 de que hablar y discutir sobre lo comunitario, lo Ind\u00edgena, la lucha de los pueblos originarios desde el campus universitario o desde la metr\u00f3poli era y contin\u00faa siendo una huida aut\u00e9ntica, una ausencia que no se llena, una tinaja vac\u00eda sin la experiencia vital y cotidiana de la comunidad. Es ensombrecer las voces que se alzan desde ah\u00ed y solapar problemas sustanciales. Por lo tanto, es una construcci\u00f3n incompleta.<\/p>\n<p>Fue en ese momento cuando asum\u00ed con plenitud de conciencia y pensamiento, el ser Ind\u00edgena. No solo estaba Ind\u00edgena. Ahora era Ind\u00edgena. Soy un indio, \u00a1y que! Soy joven maya-kaqchiquel. Es una declaraci\u00f3n voluntaria no desde una p\u00e1gina en blanco; sino anclada en todo ese soporte de memoria colectiva, historia y flujo ancestral que ello implica y que hab\u00eda aprendido. Asum\u00ed serlo en forma aut\u00e9ntica.<\/p>\n<p>Este acto de autorreconocimiento, representa una actitud reflexiva y cr\u00edtica frente a nuestra individualidad, al mundo, a la naturaleza, a nuestra familia, nuestras amistades, frente a los adversarios. Es tambi\u00e9n para m\u00ed una posici\u00f3n pol\u00edtica, epist\u00e9mica, humana, \u00e9tica que se encuentra entre el recorrido de formaci\u00f3n, la toma de conciencia sobre mi identidad como sujeto de derechos de forma individual y colectiva; ahora, desde mis experiencias cotidianas en la comunidad. Es una consecuencia de la necesidad de escuchar, de aprender y de gritar desde voces propias.<\/p>\n<p>A\u00fan con la plena conciencia de ser Ind\u00edgena, este acto de asumirme como tal y reconocer mi identidad estaba vac\u00edo. Este sentido de ser y de pertenecer a un pueblo, a una comunidad, sin estar y hacer en el pueblo y en la comunidad, le quita toda autenticidad. De ah\u00ed que volv\u00ed, despu\u00e9s de seis a\u00f1os aproximadamente a mi comunidad, Chixot, a abrirme a experiencias de vida que estaban all\u00ed presentes, gest\u00e1ndose desde hace mucho sin que me diera cuenta. Volv\u00ed a participar en varios espacios comunitarios desde mi reconocimiento, como ser maya-kaqchikel, y a reconstruir y sanar una identidad quebrada.<\/p>\n<p>Mi experiencia relata una vivencia que cientos de j\u00f3venes Ind\u00edgenas experimentan en el recorrido hacia el autorreconocimiento y del desaf\u00edo que ello representa, tanto para aquellos que nos encontramos en una situaci\u00f3n m\u00e1s privilegiada con acceso a la educaci\u00f3n como para aquellos que no la tienen, y que est\u00e1n y viven en nuestras comunidades, que se enfrentan a instituciones e instancias tradicionales productoras y reproductoras de principios, discursos y pr\u00e1cticas de colonialidad del saber y del poder, como la familia, la escuela, la iglesia, y el mismo Estado. Estos espacios, impiden el florecimiento del autorreconocimiento desde las visiones mayas ancestrales y las luchas que ello implico, y ponen al descubierto la transici\u00f3n hacia el punto de reflexi\u00f3n y encuentro sobre el ser Ind\u00edgena maya. Esta toma de conciencia, esta convergencia entre el estar, ser y hacer de la existencia humana como sujeto de derechos perteneciente a un pueblo maya, es fundamental.<\/p>\n<p>\u00bfQu\u00e9 podemos hacer para facilitar este proceso de reconocimiento de qui\u00e9nes somos? Es imperativo crear y recrear espacios locales, comunitarios y permanentes de formaci\u00f3n, di\u00e1logo y encuentro, desde lo maya, recuperando o revitalizando la sabidur\u00eda y espiritualidad, el arte y saberes, la memoria hist\u00f3rica y las resistencias que promuevan la autorreflexi\u00f3n de nuestra identidad para asumirla con plenitud de conciencia, memoria y actitud, y seguirla construyendo y reflexionando desde las pr\u00e1cticas vitales comunitarias. Debemos buscar aquellos espacios que contribuyan a cambiar la vida cotidiana material y de conciencia de nosotros la juventud maya, as\u00ed como asumir el desaf\u00edo de abrirse a la reflexi\u00f3n de las demandas y luchas de otras resistencias para entrelazar esfuerzos colectivos. Este proyecto cr\u00edtico desde nosotros y nosotras, j\u00f3venes mayas, es un hito impostergable que ya ha comenzado.<\/p>\n","protected":false},"excerpt":{"rendered":"<p>Por: Marlon No\u00e9 Sotz Yo nac\u00ed Ind\u00edgena, pero advert\u00ed mi identidad hasta dos d\u00e9cadas m\u00e1s tarde. Desde ni\u00f1o pon\u00eda, o a menudo pon\u00edan por m\u00ed una X o marca en el espacio de Ind\u00edgena, a la par del recuadro de ladino o mestizo, para identificar mi etnia (en los ex\u00e1menes, en el centro de salud, [&hellip;]<\/p>\n","protected":false},"author":1,"featured_media":6992,"comment_status":"closed","ping_status":"closed","sticky":false,"template":"","format":"standard","meta":{"_exactmetrics_skip_tracking":false,"_exactmetrics_sitenote_active":false,"_exactmetrics_sitenote_note":"","_exactmetrics_sitenote_category":0,"jetpack_post_was_ever_published":false,"_jetpack_newsletter_access":"","_jetpack_dont_email_post_to_subs":false,"_jetpack_newsletter_tier_id":0,"_jetpack_memberships_contains_paywalled_content":false,"_jetpack_memberships_contains_paid_content":false,"footnotes":""},"categories":[388,439,454],"tags":[2156,2157,2158],"class_list":["post-6991","post","type-post","status-publish","format-standard","has-post-thumbnail","hentry","category-cultura","category-juventud","category-pagetwo","tag-identidad-indigena","tag-jovenes-indigenas-en-guatemala","tag-reconocimiento-como-indigena"],"jetpack_featured_media_url":"https:\/\/i0.wp.com\/www.entremundos.org\/revista\/wp-content\/uploads\/2020\/07\/4390881213_302e26b50d_o-scaled.jpg?fit=2560%2C1707&ssl=1","jetpack_shortlink":"https:\/\/wp.me\/p7ljt7-1OL","jetpack-related-posts":[{"id":12980,"url":"https:\/\/www.entremundos.org\/revista\/mujer\/el-otro-lado-del-viaje-sonado-detras-de-un-espacio-internacional\/","url_meta":{"origin":6991,"position":0},"title":"El otro lado del viaje so\u00f1ado; detr\u00e1s de un espacio internacional","author":"EntreMundos","date":"23 julio, 2025","format":false,"excerpt":"Por Adela Tuy Cuando la gente escucha \u2018Conferencias Internacionales\u2019 piensa en edificios lujosos, gente hablando en ingl\u00e9s, muchas fotos formales y muchos discursos bonitos; tambi\u00e9n en lo elegante de participar en una conferencia y ponerlo en tu curr\u00edculum vitae. Sin embargo, nadie les cuenta sobre lo que hay detr\u00e1s de\u2026","rel":"","context":"En \u00abCine\u00bb","block_context":{"text":"Cine","link":"https:\/\/www.entremundos.org\/revista\/category\/cine\/"},"img":{"alt_text":"","src":"https:\/\/i0.wp.com\/www.entremundos.org\/revista\/wp-content\/uploads\/2025\/07\/20241121_092407-143c-1.jpg?fit=1200%2C800&ssl=1&resize=350%2C200","width":350,"height":200,"srcset":"https:\/\/i0.wp.com\/www.entremundos.org\/revista\/wp-content\/uploads\/2025\/07\/20241121_092407-143c-1.jpg?fit=1200%2C800&ssl=1&resize=350%2C200 1x, https:\/\/i0.wp.com\/www.entremundos.org\/revista\/wp-content\/uploads\/2025\/07\/20241121_092407-143c-1.jpg?fit=1200%2C800&ssl=1&resize=525%2C300 1.5x, https:\/\/i0.wp.com\/www.entremundos.org\/revista\/wp-content\/uploads\/2025\/07\/20241121_092407-143c-1.jpg?fit=1200%2C800&ssl=1&resize=700%2C400 2x, https:\/\/i0.wp.com\/www.entremundos.org\/revista\/wp-content\/uploads\/2025\/07\/20241121_092407-143c-1.jpg?fit=1200%2C800&ssl=1&resize=1050%2C600 3x"},"classes":[]},{"id":10580,"url":"https:\/\/www.entremundos.org\/revista\/politica\/desalojos-aumentan-durante-el-gobierno-de-alejandro-giammattei\/","url_meta":{"origin":6991,"position":1},"title":"Desalojos aumentan durante el gobierno de Alejandro Giammattei","author":"EntreMundos","date":"8 marzo, 2023","format":false,"excerpt":"Por Gilberto Escobar\u00a0 En Guatemala, durante los \u00faltimos a\u00f1os, los desalojos han ido en aumento y se han dado en dos modalidades: los desalojos legales que tienen una orden judicial y los extrajudiciales, los que\u00a0 no van acompa\u00f1ados de ninguna orden de un juez y que ocurren\u00a0 en horas de\u2026","rel":"","context":"En \u00abBosques\u00bb","block_context":{"text":"Bosques","link":"https:\/\/www.entremundos.org\/revista\/category\/medio-ambiente\/bosques\/"},"img":{"alt_text":"","src":"https:\/\/i0.wp.com\/www.entremundos.org\/revista\/wp-content\/uploads\/2023\/03\/portada.jpg?fit=1024%2C768&ssl=1&resize=350%2C200","width":350,"height":200,"srcset":"https:\/\/i0.wp.com\/www.entremundos.org\/revista\/wp-content\/uploads\/2023\/03\/portada.jpg?fit=1024%2C768&ssl=1&resize=350%2C200 1x, https:\/\/i0.wp.com\/www.entremundos.org\/revista\/wp-content\/uploads\/2023\/03\/portada.jpg?fit=1024%2C768&ssl=1&resize=525%2C300 1.5x, https:\/\/i0.wp.com\/www.entremundos.org\/revista\/wp-content\/uploads\/2023\/03\/portada.jpg?fit=1024%2C768&ssl=1&resize=700%2C400 2x"},"classes":[]},{"id":13642,"url":"https:\/\/www.entremundos.org\/revista\/politica\/las-mujeres-inspiran-es-hora-de-acabar-con-las-brechas-de-desigualdad\/","url_meta":{"origin":6991,"position":2},"title":"Las mujeres inspiran: Es hora de acabar con las brechas de desigualdad","author":"EntreMundos","date":"4 abril, 2026","format":false,"excerpt":"POR MARIANA L\u00d3PEZ La discriminaci\u00f3n y racismo son temas que se han abordado e incluso se ha dicho que ya se han superado estando lejos de ser parte de nuestra realidad, sin embargo, basta con observar para comprender que una cosa es el discurso y otra la pr\u00e1ctica. En la\u2026","rel":"","context":"En \u00abFrontPage\u00bb","block_context":{"text":"FrontPage","link":"https:\/\/www.entremundos.org\/revista\/category\/frontpage\/"},"img":{"alt_text":"","src":"https:\/\/i0.wp.com\/www.entremundos.org\/revista\/wp-content\/uploads\/2026\/03\/649499575_1230883245899060_5224768132019882352_n.jpg?fit=1200%2C800&ssl=1&resize=350%2C200","width":350,"height":200,"srcset":"https:\/\/i0.wp.com\/www.entremundos.org\/revista\/wp-content\/uploads\/2026\/03\/649499575_1230883245899060_5224768132019882352_n.jpg?fit=1200%2C800&ssl=1&resize=350%2C200 1x, https:\/\/i0.wp.com\/www.entremundos.org\/revista\/wp-content\/uploads\/2026\/03\/649499575_1230883245899060_5224768132019882352_n.jpg?fit=1200%2C800&ssl=1&resize=525%2C300 1.5x, https:\/\/i0.wp.com\/www.entremundos.org\/revista\/wp-content\/uploads\/2026\/03\/649499575_1230883245899060_5224768132019882352_n.jpg?fit=1200%2C800&ssl=1&resize=700%2C400 2x, https:\/\/i0.wp.com\/www.entremundos.org\/revista\/wp-content\/uploads\/2026\/03\/649499575_1230883245899060_5224768132019882352_n.jpg?fit=1200%2C800&ssl=1&resize=1050%2C600 3x"},"classes":[]},{"id":11407,"url":"https:\/\/www.entremundos.org\/revista\/politica\/del-papel-a-la-pantalla\/","url_meta":{"origin":6991,"position":3},"title":"Del papel a la pantalla","author":"EntreMundos","date":"10 noviembre, 2023","format":false,"excerpt":"POR EMMA G\u00d3MEZ Dos pa\u00edses golpeados por la corrupci\u00f3n, violaci\u00f3n de los derechos humanos, injusticias, persecuciones y despojos, por mencionar algunos de los males que tienen en com\u00fan Guatemala y El Salvador. El proyecto, Del Papel a la Pantalla, presenta dos propuestas visuales para reflexionar sobre la educaci\u00f3n sexual y\u2026","rel":"","context":"En \u00abAccion Comunitaria\u00bb","block_context":{"text":"Accion Comunitaria","link":"https:\/\/www.entremundos.org\/revista\/category\/politica\/accion-comunitaria-3\/"},"img":{"alt_text":"","src":"https:\/\/i0.wp.com\/www.entremundos.org\/revista\/wp-content\/uploads\/2023\/11\/whatsapp-image-2023-10-23-at-9.54.45-am-2.jpeg?fit=1200%2C800&ssl=1&resize=350%2C200","width":350,"height":200,"srcset":"https:\/\/i0.wp.com\/www.entremundos.org\/revista\/wp-content\/uploads\/2023\/11\/whatsapp-image-2023-10-23-at-9.54.45-am-2.jpeg?fit=1200%2C800&ssl=1&resize=350%2C200 1x, https:\/\/i0.wp.com\/www.entremundos.org\/revista\/wp-content\/uploads\/2023\/11\/whatsapp-image-2023-10-23-at-9.54.45-am-2.jpeg?fit=1200%2C800&ssl=1&resize=525%2C300 1.5x, https:\/\/i0.wp.com\/www.entremundos.org\/revista\/wp-content\/uploads\/2023\/11\/whatsapp-image-2023-10-23-at-9.54.45-am-2.jpeg?fit=1200%2C800&ssl=1&resize=700%2C400 2x, https:\/\/i0.wp.com\/www.entremundos.org\/revista\/wp-content\/uploads\/2023\/11\/whatsapp-image-2023-10-23-at-9.54.45-am-2.jpeg?fit=1200%2C800&ssl=1&resize=1050%2C600 3x"},"classes":[]},{"id":12224,"url":"https:\/\/www.entremundos.org\/revista\/mujer\/derechos-sexuales-y-reproductivos-tema-pendiente-en-guatemala\/","url_meta":{"origin":6991,"position":4},"title":"Derechos sexuales y reproductivos; tema pendiente en Guatemala","author":"EntreMundos","date":"15 julio, 2024","format":false,"excerpt":"POR EMMA G\u00d3MEZ Seg\u00fan La Organizaci\u00f3n de las Naciones Unidas de los Derechos Humanos, (ONU-DH), los derechos sexuales y reproductivos est\u00e1n relacionados con la libertad de las personas a decidir sobre su sexualidad y el ejercicio libre de la misma. Algunos derechos pueden ser; ejercer la sexualidad de manera independiente\u2026","rel":"","context":"En \u00abFrontPage\u00bb","block_context":{"text":"FrontPage","link":"https:\/\/www.entremundos.org\/revista\/category\/frontpage\/"},"img":{"alt_text":"","src":"https:\/\/i0.wp.com\/www.entremundos.org\/revista\/wp-content\/uploads\/2024\/07\/444487166_750607893953803_8829963883492089519_n.jpg?fit=1200%2C1158&ssl=1&resize=350%2C200","width":350,"height":200,"srcset":"https:\/\/i0.wp.com\/www.entremundos.org\/revista\/wp-content\/uploads\/2024\/07\/444487166_750607893953803_8829963883492089519_n.jpg?fit=1200%2C1158&ssl=1&resize=350%2C200 1x, https:\/\/i0.wp.com\/www.entremundos.org\/revista\/wp-content\/uploads\/2024\/07\/444487166_750607893953803_8829963883492089519_n.jpg?fit=1200%2C1158&ssl=1&resize=525%2C300 1.5x, https:\/\/i0.wp.com\/www.entremundos.org\/revista\/wp-content\/uploads\/2024\/07\/444487166_750607893953803_8829963883492089519_n.jpg?fit=1200%2C1158&ssl=1&resize=700%2C400 2x, https:\/\/i0.wp.com\/www.entremundos.org\/revista\/wp-content\/uploads\/2024\/07\/444487166_750607893953803_8829963883492089519_n.jpg?fit=1200%2C1158&ssl=1&resize=1050%2C600 3x"},"classes":[]},{"id":10833,"url":"https:\/\/www.entremundos.org\/revista\/politica\/violencia-contra-las-mujeres-dominio-masculino-en-la-politica\/","url_meta":{"origin":6991,"position":5},"title":"Violencia contra las mujeres: dominio masculino en la pol\u00edtica","author":"EntreMundos","date":"29 mayo, 2023","format":false,"excerpt":"Silvia Lilian Trujillo La violencia pol\u00edtica es sistem\u00e1tica y permanente, se produce para inhibir, ralentizar o restringir la participaci\u00f3n pol\u00edtica de mujeres, en el marco de un sistema que se resiste a aceptar su igualdad de derechos. Mientras no se trabaje para acabar con esta violencia espec\u00edfica la calidad de\u2026","rel":"","context":"En \u00abFrontPage\u00bb","block_context":{"text":"FrontPage","link":"https:\/\/www.entremundos.org\/revista\/category\/frontpage\/"},"img":{"alt_text":"","src":"https:\/\/i0.wp.com\/www.entremundos.org\/revista\/wp-content\/uploads\/2023\/05\/000_16w772-1.jpg?fit=1200%2C799&ssl=1&resize=350%2C200","width":350,"height":200,"srcset":"https:\/\/i0.wp.com\/www.entremundos.org\/revista\/wp-content\/uploads\/2023\/05\/000_16w772-1.jpg?fit=1200%2C799&ssl=1&resize=350%2C200 1x, https:\/\/i0.wp.com\/www.entremundos.org\/revista\/wp-content\/uploads\/2023\/05\/000_16w772-1.jpg?fit=1200%2C799&ssl=1&resize=525%2C300 1.5x, https:\/\/i0.wp.com\/www.entremundos.org\/revista\/wp-content\/uploads\/2023\/05\/000_16w772-1.jpg?fit=1200%2C799&ssl=1&resize=700%2C400 2x, https:\/\/i0.wp.com\/www.entremundos.org\/revista\/wp-content\/uploads\/2023\/05\/000_16w772-1.jpg?fit=1200%2C799&ssl=1&resize=1050%2C600 3x"},"classes":[]}],"jetpack_sharing_enabled":true,"_links":{"self":[{"href":"https:\/\/www.entremundos.org\/revista\/wp-json\/wp\/v2\/posts\/6991","targetHints":{"allow":["GET"]}}],"collection":[{"href":"https:\/\/www.entremundos.org\/revista\/wp-json\/wp\/v2\/posts"}],"about":[{"href":"https:\/\/www.entremundos.org\/revista\/wp-json\/wp\/v2\/types\/post"}],"author":[{"embeddable":true,"href":"https:\/\/www.entremundos.org\/revista\/wp-json\/wp\/v2\/users\/1"}],"replies":[{"embeddable":true,"href":"https:\/\/www.entremundos.org\/revista\/wp-json\/wp\/v2\/comments?post=6991"}],"version-history":[{"count":2,"href":"https:\/\/www.entremundos.org\/revista\/wp-json\/wp\/v2\/posts\/6991\/revisions"}],"predecessor-version":[{"id":7277,"href":"https:\/\/www.entremundos.org\/revista\/wp-json\/wp\/v2\/posts\/6991\/revisions\/7277"}],"wp:featuredmedia":[{"embeddable":true,"href":"https:\/\/www.entremundos.org\/revista\/wp-json\/wp\/v2\/media\/6992"}],"wp:attachment":[{"href":"https:\/\/www.entremundos.org\/revista\/wp-json\/wp\/v2\/media?parent=6991"}],"wp:term":[{"taxonomy":"category","embeddable":true,"href":"https:\/\/www.entremundos.org\/revista\/wp-json\/wp\/v2\/categories?post=6991"},{"taxonomy":"post_tag","embeddable":true,"href":"https:\/\/www.entremundos.org\/revista\/wp-json\/wp\/v2\/tags?post=6991"}],"curies":[{"name":"wp","href":"https:\/\/api.w.org\/{rel}","templated":true}]}}