{"id":701,"date":"2016-01-08T00:53:08","date_gmt":"2016-01-08T08:53:08","guid":{"rendered":"https:\/\/entremundosrevista.wordpress.com\/?p=701"},"modified":"2017-10-17T11:06:26","modified_gmt":"2017-10-17T19:06:26","slug":"la-respuesta-de-cantel","status":"publish","type":"post","link":"https:\/\/www.entremundos.org\/revista\/medio-ambiente\/cambio-climatico\/la-respuesta-de-cantel\/","title":{"rendered":"La respuesta de Cantel ante el cambio clim\u00e1tico"},"content":{"rendered":"<h6>Foto de portada: Cantel al amanecer. Foto: Richard Brown<\/h6>\n<p>Por Esteban Sacalxot, Secretario de la organizaci\u00f3n de j\u00f3venes Rescate Forjando Cimientos Cantel y presidente de consejo permanente por la defensa de la vida Cantel.<\/p>\n<p class=\"p1\"><span class=\"s1\">\u00bfQu\u00e9 es el cambio clim\u00e1tico? Para muchos de nosotros son dos pablaras nuevas para nuestro vocabulario, para otros, palabras que est\u00e1n de moda y para algunos palabras que no tienen interpretaci\u00f3n. Sin embargo el cambio clim\u00e1tico afecta a otros retos globales como la escasez de agua, la sobrepoblaci\u00f3n, la seguridad alimentaria, la p\u00e9rdida de biodiversidad, que est\u00e1n impactando a todos. No importa si crees o no en Dios, si tienes mucho o poco dinero, si eres de Am\u00e9rica o de otro continente, los efectos de estos retos globales nos afectan a todos y si no accionamos positivamente ahora, los impactos ser\u00e1n mayores para nuestros hijos y nietos.<\/span><\/p>\n<blockquote>\n<p class=\"p1\"><em>En Cantel tras los \u00faltimos 15 a\u00f1os se han perdido grandes extensiones de bosques por incendios forestales, el bledo, los nabos, plantas que han sido por siglos parte de la dieta de nuestros abuelos.<\/em><\/p>\n<\/blockquote>\n<p class=\"p1\"><span class=\"s1\">En Cantel tras los \u00faltimos 15 a\u00f1os se han perdido grandes extensiones de bosques por incendios forestales, el bledo, los nabos, plantas que han sido por siglos parte de la dieta de nuestros abuelos. Incluso el apasote que ya no se ve crecer en los terrenos como antes y que actualmente se compra en pilones. Los arboles de cerezas, saucos, encinos, manzanilla, muy pocos pueden verse, los gorriones ya no pueden verse con regularidad, las luci\u00e9rnagas de igual manera ya no adornan nuestras noches con su fosforescente luz. \u00bfQue est\u00e1 pasando?<\/span><\/p>\n<p class=\"p1\"><span class=\"s1\">A\u00f1os atr\u00e1s el calor del d\u00eda se sent\u00eda con normalidad. Ahora, estar un par de minutos bajo el sol empiezas a sentir que te quemas. Ya no sabemos cu\u00e1ndo empezar\u00e1 a llover o si har\u00e1 mucho verano, si la siembra dar\u00e1 buenas cosechas o se perder\u00e1n por la sequ\u00eda. Las tormentas tropicales y huracanes que han azotado en nuestro pa\u00eds, han tenido grandes impactos en nuestro municipio. El m\u00e1s dram\u00e1tico ha sido el Agata que causo inundaciones y deslaves de cerros que estaban deforestados. Muchas familias perdieron su casa, y varias personas murieron. La provisi\u00f3n de alimentaci\u00f3n durante los 15 d\u00edas posteriores estuvo muy escasa y eso nos mostr\u00f3 que no estamos preparados para enfrentar impactos mayores del desequilibrio en el clima.<\/span><\/p>\n<p class=\"p1\"><span class=\"s1\">Existen alternativas o todo se ha perdido ya? Hace unos d\u00edas se llev\u00f3 a cabo el Congreso de la Juventud Liderando por la Pachamama en donde j\u00f3venes de Cantel tuvieron la oportunidad de intercambiar opiniones relacionadas a este importante tema, a trav\u00e9s de un proceso de tres d\u00edas, donde dejaron de manifiesto sus mayores preocupaciones pero tambi\u00e9n sus ideas de cambio y sus planes de acci\u00f3n para contribuir a frenar a los efectos del cambio clim\u00e1tico. Entre sus ideas vibrantes puedo resaltar: el cambio personal, reduciendo el consumo de productos enlatados, envasados y empacados industrialmente con contenidos qu\u00edmicos y az\u00facar industrial que est\u00e1n generando basura en las comunidades y que contaminan a nuestros cuerpos tanto como contaminan a nuestra madre tierra. Los proyectos de reforestaci\u00f3n para la conservaci\u00f3n y cuidado de los bosques, la prevenci\u00f3n de inundaciones y deslaves y la protecci\u00f3n de las fuentes de agua, que abastecen a las nueve comunidades del municipio. Sumideros ecol\u00f3gicos para el tratamiento de las aguas grises. Y la implementaci\u00f3n de huertos familiares ecol\u00f3gicos, usando conocimientos ancestrales, de esa forma rescatando la sabidur\u00eda de los abuelos Maya Kiches para la siembra y cosecha de sus propios alimentos, usando practicas responsables en el cuidado de la madre tierra.<\/span><\/p>\n<p class=\"p1\"><span class=\"s1\">Es muy inspirador ver que los j\u00f3venes est\u00e1n tomando conciencia y fortaleciendo acciones responsables para el cuidado de nuestros medios de vida. Todos los habitantes del municipio unidos podemos fortalecer acciones para contribuir a frenar a los efectos del cambio clim\u00e1tico. Sum\u00e1ndonos al esfuerzo de las organizaciones que est\u00e1n llevando a cabo diferentes actividades de reforestaci\u00f3n y<span class=\"Apple-converted-space\">\u00a0 <\/span>formaci\u00f3n ambiental, podemos asegurar que nuestros hijos tengan al nacer una comunidad, resiliente y ecol\u00f3gicamente sostenible y nosotros ahora disfrutemos de las bondades que nos proporciona nuestra pachamama. Tambi\u00e9n podremos ser un modelo para nuestros vecinos locales y hasta globales.<\/span><\/p>\n<p>&nbsp;<\/p>\n","protected":false},"excerpt":{"rendered":"<p>Foto de portada: Cantel al amanecer. Foto: Richard Brown Por Esteban Sacalxot, Secretario de la organizaci\u00f3n de j\u00f3venes Rescate Forjando Cimientos Cantel y presidente de consejo permanente por la defensa de la vida Cantel. \u00bfQu\u00e9 es el cambio clim\u00e1tico? Para muchos de nosotros son dos pablaras nuevas para nuestro vocabulario, para otros, palabras que est\u00e1n [&hellip;]<\/p>\n","protected":false},"author":1,"featured_media":2429,"comment_status":"closed","ping_status":"open","sticky":false,"template":"","format":"standard","meta":{"_exactmetrics_skip_tracking":false,"_exactmetrics_sitenote_active":false,"_exactmetrics_sitenote_note":"","_exactmetrics_sitenote_category":0,"jetpack_post_was_ever_published":false,"_jetpack_newsletter_access":"","_jetpack_dont_email_post_to_subs":false,"_jetpack_newsletter_tier_id":0,"_jetpack_memberships_contains_paywalled_content":false,"_jetpack_memberships_contains_paid_content":false,"footnotes":""},"categories":[396,394],"tags":[28,30,65,1084,507,1048,1083],"class_list":["post-701","post","type-post","status-publish","format-standard","has-post-thumbnail","hentry","category-bosques","category-cambio-climatico","tag-cambio-climatico","tag-cantel","tag-guatemala","tag-hurucan","tag-sequia","tag-seres","tag-siembra"],"jetpack_featured_media_url":"https:\/\/i0.wp.com\/www.entremundos.org\/revista\/wp-content\/uploads\/2015\/05\/img_6947.jpg?fit=4272%2C2848&ssl=1","jetpack_shortlink":"https:\/\/wp.me\/p7ljt7-bj","jetpack-related-posts":[{"id":2433,"url":"https:\/\/www.entremundos.org\/revista\/environment\/forests\/cantels-answer\/?lang=en","url_meta":{"origin":701,"position":0},"title":"Cantel&#8217;s answer","author":"EntreMundos","date":"16 enero, 2016","format":false,"excerpt":"Cover photo: Cantel at sunrise. Photo: Richard Brown By Esteban Sacalxot, Secretary of the Youth Organization Forging Foundations in cantel, and President of the Permanent Council for Life Defense in Cantel. What is climate change? For many of us these are new words in our vocabulary. For others, they\u2019re fashionable\u2026","rel":"","context":"En \u00abClimate Change\u00bb","block_context":{"text":"Climate Change","link":"https:\/\/www.entremundos.org\/revista\/category\/environment\/climate-change\/?lang=en"},"img":{"alt_text":"","src":"https:\/\/i0.wp.com\/www.entremundos.org\/revista\/wp-content\/uploads\/2015\/05\/img_6947.jpg?fit=1200%2C800&ssl=1&resize=350%2C200","width":350,"height":200,"srcset":"https:\/\/i0.wp.com\/www.entremundos.org\/revista\/wp-content\/uploads\/2015\/05\/img_6947.jpg?fit=1200%2C800&ssl=1&resize=350%2C200 1x, https:\/\/i0.wp.com\/www.entremundos.org\/revista\/wp-content\/uploads\/2015\/05\/img_6947.jpg?fit=1200%2C800&ssl=1&resize=525%2C300 1.5x, https:\/\/i0.wp.com\/www.entremundos.org\/revista\/wp-content\/uploads\/2015\/05\/img_6947.jpg?fit=1200%2C800&ssl=1&resize=700%2C400 2x, https:\/\/i0.wp.com\/www.entremundos.org\/revista\/wp-content\/uploads\/2015\/05\/img_6947.jpg?fit=1200%2C800&ssl=1&resize=1050%2C600 3x"},"classes":[]},{"id":704,"url":"https:\/\/www.entremundos.org\/revista\/uncategorized-es\/resumen-de-la-edicion-cambio-climatico\/","url_meta":{"origin":701,"position":1},"title":"Cambio Clim\u00e1tico &#8211; Resumen de la Edici\u00f3n","author":"EntreMundos","date":"8 mayo, 2015","format":false,"excerpt":"En estas p\u00e1ginas, varios expertos explican como el cambio clim\u00e1tico est\u00e1 afectando a Guatemala y que es lo que el futuro depara. El a\u00f1o pasado durante la temporada de lluvia hubo 45 d\u00edas de sequ\u00eda, lo que caus\u00f3 una crisis humanitaria.\u00a0 Como siempre los m\u00e1s afectados por el desastre medioambiental\u2026","rel":"","context":"En \u00abUncategorized\u00bb","block_context":{"text":"Uncategorized","link":"https:\/\/www.entremundos.org\/revista\/category\/uncategorized-es\/"},"img":{"alt_text":"","src":"https:\/\/i0.wp.com\/www.entremundos.org\/revista\/wp-content\/uploads\/2015\/05\/nota-editor-the-behive-collective-poster-500-years.jpg?fit=600%2C398&ssl=1&resize=350%2C200","width":350,"height":200,"srcset":"https:\/\/i0.wp.com\/www.entremundos.org\/revista\/wp-content\/uploads\/2015\/05\/nota-editor-the-behive-collective-poster-500-years.jpg?fit=600%2C398&ssl=1&resize=350%2C200 1x, https:\/\/i0.wp.com\/www.entremundos.org\/revista\/wp-content\/uploads\/2015\/05\/nota-editor-the-behive-collective-poster-500-years.jpg?fit=600%2C398&ssl=1&resize=525%2C300 1.5x"},"classes":[]},{"id":2558,"url":"https:\/\/www.entremundos.org\/revista\/environment\/cantel-and-the-march-for-water-i-drink-water-so-im-joining-the-march\/?lang=en","url_meta":{"origin":701,"position":2},"title":"Cantel and the March for Water: I Drink Water, So I\u2019m Joining The March","author":"EntreMundos","date":"13 abril, 2016","format":false,"excerpt":"By Esteban Sacalxot When I was younger, my father would take my brother and me to the mountains, where together with neighbors and the elders of our drinking water council we performed hamanos, days of labor, carrying water to our community\u2019s homes. The effort and sacrifice that this required helps\u2026","rel":"","context":"En \u00abCommunity Action\u00bb","block_context":{"text":"Community Action","link":"https:\/\/www.entremundos.org\/revista\/category\/politics\/community-action-en-2\/?lang=en"},"img":{"alt_text":"","src":"https:\/\/i0.wp.com\/www.entremundos.org\/revista\/wp-content\/uploads\/2016\/04\/presa-de-parracana.jpg?fit=1200%2C900&ssl=1&resize=350%2C200","width":350,"height":200,"srcset":"https:\/\/i0.wp.com\/www.entremundos.org\/revista\/wp-content\/uploads\/2016\/04\/presa-de-parracana.jpg?fit=1200%2C900&ssl=1&resize=350%2C200 1x, https:\/\/i0.wp.com\/www.entremundos.org\/revista\/wp-content\/uploads\/2016\/04\/presa-de-parracana.jpg?fit=1200%2C900&ssl=1&resize=525%2C300 1.5x, https:\/\/i0.wp.com\/www.entremundos.org\/revista\/wp-content\/uploads\/2016\/04\/presa-de-parracana.jpg?fit=1200%2C900&ssl=1&resize=700%2C400 2x, https:\/\/i0.wp.com\/www.entremundos.org\/revista\/wp-content\/uploads\/2016\/04\/presa-de-parracana.jpg?fit=1200%2C900&ssl=1&resize=1050%2C600 3x"},"classes":[]},{"id":12980,"url":"https:\/\/www.entremundos.org\/revista\/mujer\/el-otro-lado-del-viaje-sonado-detras-de-un-espacio-internacional\/","url_meta":{"origin":701,"position":3},"title":"El otro lado del viaje so\u00f1ado; detr\u00e1s de un espacio internacional","author":"EntreMundos","date":"23 julio, 2025","format":false,"excerpt":"Por Adela Tuy Cuando la gente escucha \u2018Conferencias Internacionales\u2019 piensa en edificios lujosos, gente hablando en ingl\u00e9s, muchas fotos formales y muchos discursos bonitos; tambi\u00e9n en lo elegante de participar en una conferencia y ponerlo en tu curr\u00edculum vitae. Sin embargo, nadie les cuenta sobre lo que hay detr\u00e1s de\u2026","rel":"","context":"En \u00abCine\u00bb","block_context":{"text":"Cine","link":"https:\/\/www.entremundos.org\/revista\/category\/cine\/"},"img":{"alt_text":"","src":"https:\/\/i0.wp.com\/www.entremundos.org\/revista\/wp-content\/uploads\/2025\/07\/20241121_092407-143c-1.jpg?fit=1200%2C800&ssl=1&resize=350%2C200","width":350,"height":200,"srcset":"https:\/\/i0.wp.com\/www.entremundos.org\/revista\/wp-content\/uploads\/2025\/07\/20241121_092407-143c-1.jpg?fit=1200%2C800&ssl=1&resize=350%2C200 1x, https:\/\/i0.wp.com\/www.entremundos.org\/revista\/wp-content\/uploads\/2025\/07\/20241121_092407-143c-1.jpg?fit=1200%2C800&ssl=1&resize=525%2C300 1.5x, https:\/\/i0.wp.com\/www.entremundos.org\/revista\/wp-content\/uploads\/2025\/07\/20241121_092407-143c-1.jpg?fit=1200%2C800&ssl=1&resize=700%2C400 2x, https:\/\/i0.wp.com\/www.entremundos.org\/revista\/wp-content\/uploads\/2025\/07\/20241121_092407-143c-1.jpg?fit=1200%2C800&ssl=1&resize=1050%2C600 3x"},"classes":[]},{"id":13246,"url":"https:\/\/www.entremundos.org\/revista\/politica\/el-mundo-no-es-como-lo-imaginamos\/","url_meta":{"origin":701,"position":4},"title":"El mundo no es como lo imaginamos","author":"EntreMundos","date":"17 septiembre, 2025","format":false,"excerpt":"Por Juan Jos\u00e9 Hurtado Paz y Paz \"Ojal\u00e1 viviera en la teor\u00eda, porque en teor\u00eda todo est\u00e1 bien\" \u00a0Cita atribuida a Quino (Joaqu\u00edn Salvador Lavado Tej\u00f3n), en boca de su personaje Mafalda\u00a0 Vivimos en un mundo injusto, desigual, que excluye a las mayor\u00edas de oportunidades y posibilidades, y que niega\u2026","rel":"","context":"En \u00abFrontPage\u00bb","block_context":{"text":"FrontPage","link":"https:\/\/www.entremundos.org\/revista\/category\/frontpage\/"},"img":{"alt_text":"","src":"https:\/\/i0.wp.com\/www.entremundos.org\/revista\/wp-content\/uploads\/2025\/09\/img86.jpg?fit=1200%2C683&ssl=1&resize=350%2C200","width":350,"height":200,"srcset":"https:\/\/i0.wp.com\/www.entremundos.org\/revista\/wp-content\/uploads\/2025\/09\/img86.jpg?fit=1200%2C683&ssl=1&resize=350%2C200 1x, https:\/\/i0.wp.com\/www.entremundos.org\/revista\/wp-content\/uploads\/2025\/09\/img86.jpg?fit=1200%2C683&ssl=1&resize=525%2C300 1.5x, https:\/\/i0.wp.com\/www.entremundos.org\/revista\/wp-content\/uploads\/2025\/09\/img86.jpg?fit=1200%2C683&ssl=1&resize=700%2C400 2x, https:\/\/i0.wp.com\/www.entremundos.org\/revista\/wp-content\/uploads\/2025\/09\/img86.jpg?fit=1200%2C683&ssl=1&resize=1050%2C600 3x"},"classes":[]},{"id":10588,"url":"https:\/\/www.entremundos.org\/revista\/politica\/ley-de-mujeres-desaparecidas\/","url_meta":{"origin":701,"position":5},"title":"Ley de mujeres desaparecidas","author":"EntreMundos","date":"9 marzo, 2023","format":false,"excerpt":"Emma G\u00f3mez\u00a0 En Guatemala, cada d\u00eda desaparecen unas 5 mujeres. La desaparici\u00f3n de mujeres est\u00e1 ligada fuertemente con alg\u00fan tipo de violencia de g\u00e9nero.\u00a0 Hace 3 a\u00f1os se implement\u00f3 un mecanismo de b\u00fasqueda inmediata de mujeres desaparecidas, Isabel-Claudina, mecanismo que tiene como base la Ley de Mujeres Desaparecidas que fue\u2026","rel":"","context":"En \u00abFrontPage\u00bb","block_context":{"text":"FrontPage","link":"https:\/\/www.entremundos.org\/revista\/category\/frontpage\/"},"img":{"alt_text":"","src":"https:\/\/i0.wp.com\/www.entremundos.org\/revista\/wp-content\/uploads\/2023\/03\/isable-claudina-justicia.png?fit=1200%2C789&ssl=1&resize=350%2C200","width":350,"height":200,"srcset":"https:\/\/i0.wp.com\/www.entremundos.org\/revista\/wp-content\/uploads\/2023\/03\/isable-claudina-justicia.png?fit=1200%2C789&ssl=1&resize=350%2C200 1x, https:\/\/i0.wp.com\/www.entremundos.org\/revista\/wp-content\/uploads\/2023\/03\/isable-claudina-justicia.png?fit=1200%2C789&ssl=1&resize=525%2C300 1.5x, https:\/\/i0.wp.com\/www.entremundos.org\/revista\/wp-content\/uploads\/2023\/03\/isable-claudina-justicia.png?fit=1200%2C789&ssl=1&resize=700%2C400 2x, https:\/\/i0.wp.com\/www.entremundos.org\/revista\/wp-content\/uploads\/2023\/03\/isable-claudina-justicia.png?fit=1200%2C789&ssl=1&resize=1050%2C600 3x"},"classes":[]}],"jetpack_sharing_enabled":true,"_links":{"self":[{"href":"https:\/\/www.entremundos.org\/revista\/wp-json\/wp\/v2\/posts\/701","targetHints":{"allow":["GET"]}}],"collection":[{"href":"https:\/\/www.entremundos.org\/revista\/wp-json\/wp\/v2\/posts"}],"about":[{"href":"https:\/\/www.entremundos.org\/revista\/wp-json\/wp\/v2\/types\/post"}],"author":[{"embeddable":true,"href":"https:\/\/www.entremundos.org\/revista\/wp-json\/wp\/v2\/users\/1"}],"replies":[{"embeddable":true,"href":"https:\/\/www.entremundos.org\/revista\/wp-json\/wp\/v2\/comments?post=701"}],"version-history":[{"count":5,"href":"https:\/\/www.entremundos.org\/revista\/wp-json\/wp\/v2\/posts\/701\/revisions"}],"predecessor-version":[{"id":3607,"href":"https:\/\/www.entremundos.org\/revista\/wp-json\/wp\/v2\/posts\/701\/revisions\/3607"}],"wp:featuredmedia":[{"embeddable":true,"href":"https:\/\/www.entremundos.org\/revista\/wp-json\/wp\/v2\/media\/2429"}],"wp:attachment":[{"href":"https:\/\/www.entremundos.org\/revista\/wp-json\/wp\/v2\/media?parent=701"}],"wp:term":[{"taxonomy":"category","embeddable":true,"href":"https:\/\/www.entremundos.org\/revista\/wp-json\/wp\/v2\/categories?post=701"},{"taxonomy":"post_tag","embeddable":true,"href":"https:\/\/www.entremundos.org\/revista\/wp-json\/wp\/v2\/tags?post=701"}],"curies":[{"name":"wp","href":"https:\/\/api.w.org\/{rel}","templated":true}]}}