{"id":7060,"date":"2020-07-14T16:32:50","date_gmt":"2020-07-15T00:32:50","guid":{"rendered":"http:\/\/www.entremundos.org\/revista\/?p=7060"},"modified":"2020-09-15T17:23:14","modified_gmt":"2020-09-16T01:23:14","slug":"entrevista-con-la-primer-mujer-periodista-transgenero-shantal-munguia","status":"publish","type":"post","link":"https:\/\/www.entremundos.org\/revista\/mujer\/entrevista-con-la-primer-mujer-periodista-transgenero-shantal-munguia\/","title":{"rendered":"Shantal Munguia: La Primer Mujer Transg\u00e9nero Periodista en Honduras"},"content":{"rendered":"<p style=\"text-align: left;\"><strong>Por: EntreMundos<\/strong><\/p>\n<p style=\"text-align: left;\">La Revista EntreMundos conoci\u00f3 a Shantal Munguia en la presentaci\u00f3n del documental m\/f\/x, organizado por Hivos Guatemala, la cual tuvo una presentaci\u00f3n en la Ciudad de Quetzaltenango, dirigido por el director Koen Suidgeest, una producci\u00f3n que presenta las experiencias de vida y oportunidades de tres personas trans de distintas partes del mundo, que nos ense\u00f1a que debe existir una sociedad m\u00e1s tolerante, inclusiva y justa.<\/p>\n<p><strong>EntreMundos (EM) \u00bfPuedes contarnos quien es Shantal Munguia<\/strong><\/p>\n<p><strong>Shantal:<\/strong> Es una mujer transg\u00e9nero que ha tratado de sobrevivir a una sociedad clasista, machista, conservadora, y de pocas oportunidades, Shantal es alguien que lucha, no por conseguir fama sino por la igualdad como seres humanos, que nos traten a todos de la misma forma. Es una mujer que quiere generar un cambio en la mentalidad para que tengamos las mismas oportunidades y para que al ser una mujer transg\u00e9nero no tenga que ser marginada, y que no se descalifique el trabajo que uno elige.<\/p>\n<p><strong>EM: \u00bfC\u00f3mo fue tu transici\u00f3n y <\/strong><strong>c\u00f3mo le explicaste a tu familia y amigos lo que pasaba?<\/strong><\/p>\n<p><strong>Shantal:<\/strong> Fue algo dif\u00edcil tanto para m\u00ed como para mis padres y hermanos, la transici\u00f3n fue durante la \u00e9poca de mi adolescencia, el proceso fue a base de un tratamiento hormonal. Tuve miedo de expresar realmente lo que yo era y sent\u00eda, porque es algo que no es bien visto en mi pa\u00eds, existe discriminaci\u00f3n por tu forma de ser, de actuar y pensar. Ir \u00a0a estudiar, o ir a un lugar y sentirme c\u00f3moda era algo dif\u00edcil, porque existe rechazo&#8230; eres objeto de burla, hay maltrato f\u00edsico y psicol\u00f3gico.<\/p>\n<p><strong>EM: \u00bfCu\u00e9ntanos un d\u00eda cualquiera en tu vida?<\/strong><\/p>\n<p><strong>Shantal:<\/strong> Mi vida es un poco aburrida (entre risas), un d\u00eda normal para Shantal es levantarme, cepillarme los dientes, ba\u00f1arme, arreglar la cama; si tengo una entrevista o algo que hacer en mi trabajo salgo y lo realizo, de vez en cuando salgo a convivir con amigas y amigos, me gusta dedicarle un tiempo a la pareja para estar feliz. No tengo una vida fiestera, prefiero las cosas m\u00e1s \u00edntimas, amo compartir pl\u00e1ticas donde uno conoce m\u00e1s a las personas.<\/p>\n<p><strong>EM: \u00bfC\u00f3mo naci\u00f3 tu carrera y que te motiv\u00f3 a ser periodista?<\/strong><\/p>\n<p><strong>Shantal:<\/strong> Empec\u00e9 estudiando Lenguas Extranjeras, pero mientras iba avanzando sent\u00ed que no era para m\u00ed, y poco a poco me di cuenta que quer\u00eda ser periodista. Ahora quiero demostrarle a las personas que soy una periodista profesional, y que he luchado para estudiar. Quiero que la gente cambie esas ideas equivocadas sobre las personas trans.<\/p>\n<p>Mi profesi\u00f3n me ha dado muchas oportunidades, me ha abierto espacios de otras formas, para cambiar pensamientos y demostrar que somos personas preparadas, que estudiamos y que estamos para servir a los dem\u00e1s y ser ese puente entre la diversidad con la sociedad, consiguiendo as\u00ed el respeto de muchas personas educadores y colegas.<\/p>\n<p><strong>EM: \u00bfC\u00f3mo fue estudiar como persona trans en la universidad? \u00bfQu\u00e9 sentiste al ser la primera mujer transexual graduada como licenciada en periodismo en la Universidad Nacional Aut\u00f3noma de Honduras?<\/strong><\/p>\n<p><strong>Shantal:<\/strong> Llegue a la universidad expres\u00e1ndome tal como soy, con mi vestimenta diferente, era como romper y enfrentar los estereotipos, sin embargo fue algo muy dif\u00edcil, como todo en Honduras. En la universidad sufr\u00ed de discriminaci\u00f3n tanto por los estudiantes como los educadores, fui objeto de burlas, recuerdo una ocasi\u00f3n en donde acepte participar en un certamen de belleza; me dijeron que era una falta de respeto el que yo participara, sentir ese rechazo de mis colegas fue algo muy duro, pero esto me catapulto como Shantal Munguia al ser una noticia nacional e internacional como la mujer trans quer\u00eda participar en un certamen de belleza. Yo solo quer\u00eda ser parte de ello.<\/p>\n<p>Me gustar\u00eda poder decir que fue una hermosa experiencia y que no tuve ning\u00fan problema, pero no fue as\u00ed, y aunque en la vida uno encuentra obst\u00e1culos siempre existir\u00e1 una forma de vencerlos. Creo que fue la primera vez que se vio a una persona trans en la universidad p\u00fablica, pero a m\u00ed lo que me interesaba era estudiar, superarme y dar una impresi\u00f3n diferente de lo que todos pensaban. Despu\u00e9s de todo, lleg\u00f3 el d\u00eda de mi graduaci\u00f3n y me sent\u00ed muy orgullosa al recibir mi t\u00edtulo universitario, en Honduras no existe una ley de identidad de g\u00e9nero as\u00ed que el t\u00edtulo aparece con mi nombre legal, sin embargo, en la ceremonia\u00a0 yo recib\u00ed mi t\u00edtulo como Shantal Munguia, la primera mujer transgenero graduada como licenciada en periodismo.<\/p>\n<p><strong>EM: \u00bfHa sido dif\u00edcil desarrollar tu carrera en el campo de la comunicaci\u00f3n?<\/strong><\/p>\n<p><strong>Shantal:<\/strong> S\u00ed, ha sido dif\u00edcil que se me tome como profesional. No quiero que me tomen como la mujer transg\u00e9nero que siempre presenta temas sexuales, er\u00f3ticos o sobre prostituci\u00f3n, porque yo no soy sex\u00f3loga, no quiero que me estanquen en una sola cosa, creo que tengo la capacidad de informar en otros temas de inter\u00e9s donde puedo destacar.<\/p>\n<p><strong>EM: \u00bfQu\u00e9 opinas de la situaci\u00f3n de discriminaci\u00f3n, acoso y exclusi\u00f3n que viven las personas sexualmente diversas en tu pa\u00eds? (y espec\u00edficamente las personas trans).<\/strong><\/p>\n<p><strong>Shantal<\/strong>: Solo con el hecho de ser diferente significa que a una persona se le va a hacer de menos; eso ha hecho que muchas personas trans se involucren en el trabajo sexual. Muchas otras mujeres trans se ven obligadas a huir del pa\u00eds porque no hay acceso a un trabajo digno ni garant\u00edas para expresar tu identidad de g\u00e9nero. A\u00fan vivimos en una sociedad conservadora, se sufre discriminaci\u00f3n en la calle, te ven como objeto sexual, para satisfacer un deseo. El acoso hacia una persona trans se vive a diario al escuchar las burlas tanto de hombres como mujeres, exponi\u00e9ndose a tantos calificativos que duele escuchar. Adem\u00e1s est\u00e1n los los cr\u00edmenes y abusos f\u00edsicos, se corre el riesgo de que te asesinen, en Honduras existen tasas de asesinatos y ataques de odio hacia personas trans y todo queda impune.<\/p>\n<figure id=\"attachment_7063\" aria-describedby=\"caption-attachment-7063\" style=\"width: 960px\" class=\"wp-caption alignright\"><a href=\"https:\/\/i0.wp.com\/www.entremundos.org\/revista\/wp-content\/uploads\/2020\/07\/shantal-2.jpeg\"><img data-recalc-dims=\"1\" loading=\"lazy\" decoding=\"async\" class=\"wp-image-7063 size-large\" src=\"https:\/\/i0.wp.com\/www.entremundos.org\/revista\/wp-content\/uploads\/2020\/07\/shantal-2-1024x767.jpeg?resize=640%2C479\" alt=\"\" width=\"640\" height=\"479\" srcset=\"https:\/\/i0.wp.com\/www.entremundos.org\/revista\/wp-content\/uploads\/2020\/07\/shantal-2.jpeg?resize=1024%2C767&amp;ssl=1 1024w, https:\/\/i0.wp.com\/www.entremundos.org\/revista\/wp-content\/uploads\/2020\/07\/shantal-2.jpeg?resize=300%2C225&amp;ssl=1 300w, https:\/\/i0.wp.com\/www.entremundos.org\/revista\/wp-content\/uploads\/2020\/07\/shantal-2.jpeg?resize=768%2C575&amp;ssl=1 768w, https:\/\/i0.wp.com\/www.entremundos.org\/revista\/wp-content\/uploads\/2020\/07\/shantal-2.jpeg?resize=72%2C54&amp;ssl=1 72w, https:\/\/i0.wp.com\/www.entremundos.org\/revista\/wp-content\/uploads\/2020\/07\/shantal-2.jpeg?resize=335%2C251&amp;ssl=1 335w, https:\/\/i0.wp.com\/www.entremundos.org\/revista\/wp-content\/uploads\/2020\/07\/shantal-2.jpeg?resize=1050%2C787&amp;ssl=1 1050w, https:\/\/i0.wp.com\/www.entremundos.org\/revista\/wp-content\/uploads\/2020\/07\/shantal-2.jpeg?w=1280&amp;ssl=1 1280w\" sizes=\"auto, (max-width: 640px) 100vw, 640px\" \/><\/a><figcaption id=\"caption-attachment-7063\" class=\"wp-caption-text\">Shantal y compa\u00f1eros de trabajo<\/figcaption><\/figure>\n<p><strong>EM: <\/strong><strong>Actualmente trabajas en un programa de televisi\u00f3n, tocando temas sobre educaci\u00f3n sexual, y de la comunidad LGTBIQ. \u00bfC\u00f3mo percibe y reacciona la sociedad hondure\u00f1a ante estos temas?<\/strong><\/p>\n<p><strong>Shantal:<\/strong> Es un programa totalmente diferente, hablamos abiertamente de temas tab\u00fa como la sexualidad, la comunidad LGTBTIQ, enfermedades de transmisi\u00f3n sexual, embarazos tempranos en adolescentes y otros temas similares. Muchas personas no tienen informaci\u00f3n en relaci\u00f3n a estos temas, porque simplemente no hay una educaci\u00f3n sexual en casa ni en los centros educativos. El programa est\u00e1 dirigido a adolescentes y adultos porque son temas que son necesarios tocar y porque muchos tienen dudas, creamos esta plataforma para que se replique, ya que los temas son proporcionados por profesionales como psic\u00f3logos, sex\u00f3logos, doctores especialistas en el tema.<\/p>\n<p><strong>EM: Alguna an\u00e9cdota o experiencia que nos quieras contar como periodista<\/strong>.<\/p>\n<p><strong>Shantal:<\/strong> Hice un casting para el documental <em>m\/f\/x<\/em>,\u00a0 y a los directores les impact\u00f3 mucho mi historia, desde mi superaci\u00f3n profesional hasta mi transici\u00f3n. Fue muy bonito porque involucr\u00e9 mi trabajo como periodista y me dio mucha satisfacci\u00f3n poder contar mi vida a nivel internacional. Conoc\u00ed otras historias en diferentes contextos, y me di cuenta que al final nos un\u00eda una sola cosa y es que luchamos por la inclusi\u00f3n, porque queremos ser aceptados tal y como somos. Esto permite dar voz a otras personas de la comunidad que no lo tienen o que no pueden hacerlo.<\/p>\n<p><strong>EM: \u00bfQu\u00e9 le dir\u00edas a las personas LGTBIQ, que, como t\u00fa, quieren seguir sus sue\u00f1os?<\/strong><\/p>\n<p><strong>Shantal:<\/strong> Que nada en la vida es f\u00e1cil pero tampoco imposible, si yo lo logr\u00e9 todos tambi\u00e9n pueden, mi mensaje es para todas aquellas personas que lean el art\u00edculo, sin distinci\u00f3n de sexo o de raza, creo que tenemos las mismas oportunidades y capacidades para seguir adelante, nos va llenar de satisfacci\u00f3n como seres humanos, el poder expresarnos y apoyarnos los unos a los otros.<\/p>\n<p><strong>EM: Algo m\u00e1s que quisieras agregar<\/strong><\/p>\n<p><strong>Shantal:<\/strong> Agradecer a la Revista EntreMundos por la entrevista y que sea de provecho y agrado para los lectores.<\/p>\n","protected":false},"excerpt":{"rendered":"<p>Por: EntreMundos La Revista EntreMundos conoci\u00f3 a Shantal Munguia en la presentaci\u00f3n del documental m\/f\/x, organizado por Hivos Guatemala, la cual tuvo una presentaci\u00f3n en la Ciudad de Quetzaltenango, dirigido por el director Koen Suidgeest, una producci\u00f3n que presenta las experiencias de vida y oportunidades de tres personas trans de distintas partes del mundo, que [&hellip;]<\/p>\n","protected":false},"author":13,"featured_media":7061,"comment_status":"closed","ping_status":"closed","sticky":false,"template":"","format":"standard","meta":{"_exactmetrics_skip_tracking":false,"_exactmetrics_sitenote_active":false,"_exactmetrics_sitenote_note":"","_exactmetrics_sitenote_category":0,"jetpack_post_was_ever_published":false,"_jetpack_newsletter_access":"","_jetpack_dont_email_post_to_subs":false,"_jetpack_newsletter_tier_id":0,"_jetpack_memberships_contains_paywalled_content":false,"_jetpack_memberships_contains_paid_content":false,"footnotes":""},"categories":[404,439,386,454,1772],"tags":[2201,2202,2200,2203,2198,2199],"class_list":["post-7060","post","type-post","status-publish","format-standard","has-post-thumbnail","hentry","category-figuras-publicas","category-juventud","category-mujer","category-pagetwo","category-situacion-social","tag-comunidadlgtbiq","tag-documental-m-f-x","tag-primer-mujer-periodista-transgenero","tag-primera-mujer-transexual-graduada-en-honduras","tag-shantal-munguia","tag-transgenero"],"jetpack_featured_media_url":"https:\/\/i0.wp.com\/www.entremundos.org\/revista\/wp-content\/uploads\/2020\/07\/shantal-1.jpeg?fit=1080%2C720&ssl=1","jetpack_shortlink":"https:\/\/wp.me\/p7ljt7-1PS","jetpack-related-posts":[{"id":7073,"url":"https:\/\/www.entremundos.org\/revista\/women\/shantal-munguia-the-first-transgender-woman-journalist-in-honduras\/?lang=en","url_meta":{"origin":7060,"position":0},"title":"Shantal Munguia: The First Transgender Woman Journalist in Honduras","author":"Majo Recinos","date":"14 julio, 2020","format":false,"excerpt":"By EntreMundos EntreMundos Magazine met Shantal Munguia at the screening of the documentary m\/f\/x, organized by Hivos Guatemala, which had a presentation in the city of Quetzaltenango, directed by Koen Suidgeest, a production that presents the life experiences and opportunities of three trans people from different parts of the world,\u2026","rel":"","context":"En \u00abPageTwo\u00bb","block_context":{"text":"PageTwo","link":"https:\/\/www.entremundos.org\/revista\/category\/pagetwo-en\/?lang=en"},"img":{"alt_text":"","src":"https:\/\/i0.wp.com\/www.entremundos.org\/revista\/wp-content\/uploads\/2020\/07\/shantal-1.jpeg?fit=1080%2C720&ssl=1&resize=350%2C200","width":350,"height":200,"srcset":"https:\/\/i0.wp.com\/www.entremundos.org\/revista\/wp-content\/uploads\/2020\/07\/shantal-1.jpeg?fit=1080%2C720&ssl=1&resize=350%2C200 1x, https:\/\/i0.wp.com\/www.entremundos.org\/revista\/wp-content\/uploads\/2020\/07\/shantal-1.jpeg?fit=1080%2C720&ssl=1&resize=525%2C300 1.5x, https:\/\/i0.wp.com\/www.entremundos.org\/revista\/wp-content\/uploads\/2020\/07\/shantal-1.jpeg?fit=1080%2C720&ssl=1&resize=700%2C400 2x, https:\/\/i0.wp.com\/www.entremundos.org\/revista\/wp-content\/uploads\/2020\/07\/shantal-1.jpeg?fit=1080%2C720&ssl=1&resize=1050%2C600 3x"},"classes":[]},{"id":13642,"url":"https:\/\/www.entremundos.org\/revista\/politica\/las-mujeres-inspiran-es-hora-de-acabar-con-las-brechas-de-desigualdad\/","url_meta":{"origin":7060,"position":1},"title":"Las mujeres inspiran: Es hora de acabar con las brechas de desigualdad","author":"EntreMundos","date":"4 abril, 2026","format":false,"excerpt":"POR MARIANA L\u00d3PEZ La discriminaci\u00f3n y racismo son temas que se han abordado e incluso se ha dicho que ya se han superado estando lejos de ser parte de nuestra realidad, sin embargo, basta con observar para comprender que una cosa es el discurso y otra la pr\u00e1ctica. En la\u2026","rel":"","context":"En \u00abFrontPage\u00bb","block_context":{"text":"FrontPage","link":"https:\/\/www.entremundos.org\/revista\/category\/frontpage\/"},"img":{"alt_text":"","src":"https:\/\/i0.wp.com\/www.entremundos.org\/revista\/wp-content\/uploads\/2026\/03\/649499575_1230883245899060_5224768132019882352_n.jpg?fit=1200%2C800&ssl=1&resize=350%2C200","width":350,"height":200,"srcset":"https:\/\/i0.wp.com\/www.entremundos.org\/revista\/wp-content\/uploads\/2026\/03\/649499575_1230883245899060_5224768132019882352_n.jpg?fit=1200%2C800&ssl=1&resize=350%2C200 1x, https:\/\/i0.wp.com\/www.entremundos.org\/revista\/wp-content\/uploads\/2026\/03\/649499575_1230883245899060_5224768132019882352_n.jpg?fit=1200%2C800&ssl=1&resize=525%2C300 1.5x, https:\/\/i0.wp.com\/www.entremundos.org\/revista\/wp-content\/uploads\/2026\/03\/649499575_1230883245899060_5224768132019882352_n.jpg?fit=1200%2C800&ssl=1&resize=700%2C400 2x, https:\/\/i0.wp.com\/www.entremundos.org\/revista\/wp-content\/uploads\/2026\/03\/649499575_1230883245899060_5224768132019882352_n.jpg?fit=1200%2C800&ssl=1&resize=1050%2C600 3x"},"classes":[]},{"id":11617,"url":"https:\/\/www.entremundos.org\/revista\/mujer\/la-cultura-es-lo-que-en-la-muerte-continua-siendo-la-vida\/","url_meta":{"origin":7060,"position":2},"title":"\u201cLa Cultura es lo que, en la muerte, contin\u00faa siendo la vida\u201d","author":"EntreMundos","date":"19 enero, 2024","format":false,"excerpt":"POR PATRICIA MIRALB\u00c9S \u00bfTe has preguntado alguna vez por qu\u00e9 un grupo social se comporta de cierta manera? \u00bfDe d\u00f3nde vienen las creencias que te inculcan desde peque\u00f1o? Todo esto tiene que ver con la cultura del lugar en donde vivimos. La cultura es la base de la construcci\u00f3n de\u2026","rel":"","context":"En \u00abCultura\u00bb","block_context":{"text":"Cultura","link":"https:\/\/www.entremundos.org\/revista\/category\/cultura\/"},"img":{"alt_text":"","src":"https:\/\/i0.wp.com\/www.entremundos.org\/revista\/wp-content\/uploads\/2024\/01\/whatsapp-image-2023-12-13-at-6.59.10-pm-1.jpeg?fit=1200%2C800&ssl=1&resize=350%2C200","width":350,"height":200,"srcset":"https:\/\/i0.wp.com\/www.entremundos.org\/revista\/wp-content\/uploads\/2024\/01\/whatsapp-image-2023-12-13-at-6.59.10-pm-1.jpeg?fit=1200%2C800&ssl=1&resize=350%2C200 1x, https:\/\/i0.wp.com\/www.entremundos.org\/revista\/wp-content\/uploads\/2024\/01\/whatsapp-image-2023-12-13-at-6.59.10-pm-1.jpeg?fit=1200%2C800&ssl=1&resize=525%2C300 1.5x, https:\/\/i0.wp.com\/www.entremundos.org\/revista\/wp-content\/uploads\/2024\/01\/whatsapp-image-2023-12-13-at-6.59.10-pm-1.jpeg?fit=1200%2C800&ssl=1&resize=700%2C400 2x, https:\/\/i0.wp.com\/www.entremundos.org\/revista\/wp-content\/uploads\/2024\/01\/whatsapp-image-2023-12-13-at-6.59.10-pm-1.jpeg?fit=1200%2C800&ssl=1&resize=1050%2C600 3x"},"classes":[]},{"id":11407,"url":"https:\/\/www.entremundos.org\/revista\/politica\/del-papel-a-la-pantalla\/","url_meta":{"origin":7060,"position":3},"title":"Del papel a la pantalla","author":"EntreMundos","date":"10 noviembre, 2023","format":false,"excerpt":"POR EMMA G\u00d3MEZ Dos pa\u00edses golpeados por la corrupci\u00f3n, violaci\u00f3n de los derechos humanos, injusticias, persecuciones y despojos, por mencionar algunos de los males que tienen en com\u00fan Guatemala y El Salvador. El proyecto, Del Papel a la Pantalla, presenta dos propuestas visuales para reflexionar sobre la educaci\u00f3n sexual y\u2026","rel":"","context":"En \u00abAccion Comunitaria\u00bb","block_context":{"text":"Accion Comunitaria","link":"https:\/\/www.entremundos.org\/revista\/category\/politica\/accion-comunitaria-3\/"},"img":{"alt_text":"","src":"https:\/\/i0.wp.com\/www.entremundos.org\/revista\/wp-content\/uploads\/2023\/11\/whatsapp-image-2023-10-23-at-9.54.45-am-2.jpeg?fit=1200%2C800&ssl=1&resize=350%2C200","width":350,"height":200,"srcset":"https:\/\/i0.wp.com\/www.entremundos.org\/revista\/wp-content\/uploads\/2023\/11\/whatsapp-image-2023-10-23-at-9.54.45-am-2.jpeg?fit=1200%2C800&ssl=1&resize=350%2C200 1x, https:\/\/i0.wp.com\/www.entremundos.org\/revista\/wp-content\/uploads\/2023\/11\/whatsapp-image-2023-10-23-at-9.54.45-am-2.jpeg?fit=1200%2C800&ssl=1&resize=525%2C300 1.5x, https:\/\/i0.wp.com\/www.entremundos.org\/revista\/wp-content\/uploads\/2023\/11\/whatsapp-image-2023-10-23-at-9.54.45-am-2.jpeg?fit=1200%2C800&ssl=1&resize=700%2C400 2x, https:\/\/i0.wp.com\/www.entremundos.org\/revista\/wp-content\/uploads\/2023\/11\/whatsapp-image-2023-10-23-at-9.54.45-am-2.jpeg?fit=1200%2C800&ssl=1&resize=1050%2C600 3x"},"classes":[]},{"id":12859,"url":"https:\/\/www.entremundos.org\/revista\/politica\/mujeres-indigenas-y-rurales-en-defensa-del-territorio-frente-al-extractivismo-en-guatemala\/","url_meta":{"origin":7060,"position":4},"title":"Mujeres ind\u00edgenas y rurales en defensa del territorio frente al extractivismo en Guatemala","author":"EntreMundos","date":"21 mayo, 2025","format":false,"excerpt":"Por Asociadas Por lo Justo (JASS) Este es un resumen de un mapeo realizado por JASS, para compartir sus an\u00e1lisis, sus luchas y los impactos en sus vidas. El objetivo es contar las luchas por el territorio frente al extractivismo en Guatemala e identificar el papel y el impacto en\u2026","rel":"","context":"En \u00abFrontPage\u00bb","block_context":{"text":"FrontPage","link":"https:\/\/www.entremundos.org\/revista\/category\/frontpage\/"},"img":{"alt_text":"","src":"https:\/\/i0.wp.com\/www.entremundos.org\/revista\/wp-content\/uploads\/2025\/05\/2-scaled.png?fit=1200%2C843&ssl=1&resize=350%2C200","width":350,"height":200,"srcset":"https:\/\/i0.wp.com\/www.entremundos.org\/revista\/wp-content\/uploads\/2025\/05\/2-scaled.png?fit=1200%2C843&ssl=1&resize=350%2C200 1x, https:\/\/i0.wp.com\/www.entremundos.org\/revista\/wp-content\/uploads\/2025\/05\/2-scaled.png?fit=1200%2C843&ssl=1&resize=525%2C300 1.5x, https:\/\/i0.wp.com\/www.entremundos.org\/revista\/wp-content\/uploads\/2025\/05\/2-scaled.png?fit=1200%2C843&ssl=1&resize=700%2C400 2x, https:\/\/i0.wp.com\/www.entremundos.org\/revista\/wp-content\/uploads\/2025\/05\/2-scaled.png?fit=1200%2C843&ssl=1&resize=1050%2C600 3x"},"classes":[]},{"id":12224,"url":"https:\/\/www.entremundos.org\/revista\/mujer\/derechos-sexuales-y-reproductivos-tema-pendiente-en-guatemala\/","url_meta":{"origin":7060,"position":5},"title":"Derechos sexuales y reproductivos; tema pendiente en Guatemala","author":"EntreMundos","date":"15 julio, 2024","format":false,"excerpt":"POR EMMA G\u00d3MEZ Seg\u00fan La Organizaci\u00f3n de las Naciones Unidas de los Derechos Humanos, (ONU-DH), los derechos sexuales y reproductivos est\u00e1n relacionados con la libertad de las personas a decidir sobre su sexualidad y el ejercicio libre de la misma. Algunos derechos pueden ser; ejercer la sexualidad de manera independiente\u2026","rel":"","context":"En \u00abFrontPage\u00bb","block_context":{"text":"FrontPage","link":"https:\/\/www.entremundos.org\/revista\/category\/frontpage\/"},"img":{"alt_text":"","src":"https:\/\/i0.wp.com\/www.entremundos.org\/revista\/wp-content\/uploads\/2024\/07\/444487166_750607893953803_8829963883492089519_n.jpg?fit=1200%2C1158&ssl=1&resize=350%2C200","width":350,"height":200,"srcset":"https:\/\/i0.wp.com\/www.entremundos.org\/revista\/wp-content\/uploads\/2024\/07\/444487166_750607893953803_8829963883492089519_n.jpg?fit=1200%2C1158&ssl=1&resize=350%2C200 1x, https:\/\/i0.wp.com\/www.entremundos.org\/revista\/wp-content\/uploads\/2024\/07\/444487166_750607893953803_8829963883492089519_n.jpg?fit=1200%2C1158&ssl=1&resize=525%2C300 1.5x, https:\/\/i0.wp.com\/www.entremundos.org\/revista\/wp-content\/uploads\/2024\/07\/444487166_750607893953803_8829963883492089519_n.jpg?fit=1200%2C1158&ssl=1&resize=700%2C400 2x, https:\/\/i0.wp.com\/www.entremundos.org\/revista\/wp-content\/uploads\/2024\/07\/444487166_750607893953803_8829963883492089519_n.jpg?fit=1200%2C1158&ssl=1&resize=1050%2C600 3x"},"classes":[]}],"jetpack_sharing_enabled":true,"_links":{"self":[{"href":"https:\/\/www.entremundos.org\/revista\/wp-json\/wp\/v2\/posts\/7060","targetHints":{"allow":["GET"]}}],"collection":[{"href":"https:\/\/www.entremundos.org\/revista\/wp-json\/wp\/v2\/posts"}],"about":[{"href":"https:\/\/www.entremundos.org\/revista\/wp-json\/wp\/v2\/types\/post"}],"author":[{"embeddable":true,"href":"https:\/\/www.entremundos.org\/revista\/wp-json\/wp\/v2\/users\/13"}],"replies":[{"embeddable":true,"href":"https:\/\/www.entremundos.org\/revista\/wp-json\/wp\/v2\/comments?post=7060"}],"version-history":[{"count":10,"href":"https:\/\/www.entremundos.org\/revista\/wp-json\/wp\/v2\/posts\/7060\/revisions"}],"predecessor-version":[{"id":7076,"href":"https:\/\/www.entremundos.org\/revista\/wp-json\/wp\/v2\/posts\/7060\/revisions\/7076"}],"wp:featuredmedia":[{"embeddable":true,"href":"https:\/\/www.entremundos.org\/revista\/wp-json\/wp\/v2\/media\/7061"}],"wp:attachment":[{"href":"https:\/\/www.entremundos.org\/revista\/wp-json\/wp\/v2\/media?parent=7060"}],"wp:term":[{"taxonomy":"category","embeddable":true,"href":"https:\/\/www.entremundos.org\/revista\/wp-json\/wp\/v2\/categories?post=7060"},{"taxonomy":"post_tag","embeddable":true,"href":"https:\/\/www.entremundos.org\/revista\/wp-json\/wp\/v2\/tags?post=7060"}],"curies":[{"name":"wp","href":"https:\/\/api.w.org\/{rel}","templated":true}]}}