{"id":708,"date":"2016-01-08T01:04:49","date_gmt":"2016-01-08T09:04:49","guid":{"rendered":"https:\/\/entremundosrevista.wordpress.com\/?p=708"},"modified":"2016-03-15T16:12:52","modified_gmt":"2016-03-16T00:12:52","slug":"sequia-canicula-y-cambio-climatico-en-guatemala","status":"publish","type":"post","link":"https:\/\/www.entremundos.org\/revista\/medio-ambiente\/sequia-canicula-y-cambio-climatico-en-guatemala\/","title":{"rendered":"Sequ\u00eda, Can\u00edcula y Cambio Clim\u00e1tico en Guatemala"},"content":{"rendered":"<p>&nbsp;<\/p>\n<h6>Foto de portada: Efectos de la can\u00edcula de 2015 en San Jos\u00e9 del Golfo, Guatemala. Foto: CONRED<\/h6>\n<p>Por Paris Rivera,\u00a0Climat\u00f3logo, INSIVUMEH (Instituto Nacional de Sismolog\u00eda, Vulcanolog\u00eda, Meteorolog\u00eda, e Hidrolog\u00eda)<\/p>\n<p class=\"p1\"><span class=\"s1\">La sequ\u00eda es un tiempo seco de larga duraci\u00f3n en el que el agua disponible de una determinada regi\u00f3n<span class=\"Apple-converted-space\">\u00a0 <\/span>se ubica por debajo de los par\u00e1metros habituales; por lo tanto, no resulta suficiente para satisfacer las necesidades de los seres humanos, los animales y las plantas. En Guatemala la sequ\u00eda ha afectado principalmente a la zona semi\u00e1rida del pa\u00eds, conocida como \u201cCorredor Seco\u201d, pero se cree que esta regi\u00f3n se extender\u00e1 hacia el altiplano en los pr\u00f3ximos a\u00f1os. Esto basado en los escenarios de cambio clim\u00e1tico que el IPPC proyecta. Seg\u00fan el INSIVUMEH, se han producido can\u00edculas prolongadas en a\u00f1os de sequ\u00eda y en ocasiones en a\u00f1os catalogados como a\u00f1os Ni\u00f1o o condiciones neutras. Entre estos a\u00f1os se puede mencionar la sequ\u00edas de 1998, 2009 y 2014. <\/span><\/p>\n<p class=\"p1\"><span class=\"s1\">La can\u00edcula, o veranillo, es un fen\u00f3meno meteorol\u00f3gico-clim\u00e1tico que se caracteriza por la escasez o ausencia de agua durante la \u00e9poca lluviosa de Guatemala, seg\u00fan INSIVUMEH. La can\u00edcula significa reducci\u00f3n en lluvias dentro de la \u00e9poca de lluvias, com\u00fanmente entre 10 a 20 d\u00edas en los cuales la lluvia es reducida significativamente o incluso sin lluvias. Durante esta \u00e9poca los vientos secos impiden el paso de la humedad y por ello aparece un calor seco m\u00e1s perceptible. En los \u00faltimos a\u00f1os estos per\u00edodos c\u00e1lidos y sin lluvia han sido m\u00e1s prolongados. Esta nueva tendencia se le atribuye al cambio clim\u00e1tico.<\/span><\/p>\n<p class=\"p1\"><span class=\"s1\">En Guatemala se presenta la sequ\u00eda generalmente cuando la temperatura del oc\u00e9ano pacifico est\u00e1 m\u00e1s c\u00e1lida de lo normal, un fen\u00f3meno conocido como El Ni\u00f1o. Cuando hay condiciones oc\u00e9ano-atmosf\u00e9ricas que favorecen a El Ni\u00f1o, se puede presentar sequ\u00eda y a su vez una can\u00edcula extendida. Esto ocurre por el resultado de variabilidad en las condiciones clim\u00e1ticas mundiales que alteran el ciclo hidrol\u00f3gico del pa\u00eds y suben las temperaturas oce\u00e1nicas. Se cree que el calentamiento global y cambio clim\u00e1tico provoca eventos meteorol\u00f3gicos m\u00e1s intensos y recurrentes en Guatemala y en el mundo.<\/span><\/p>\n<figure id=\"attachment_2381\" aria-describedby=\"caption-attachment-2381\" style=\"width: 960px\" class=\"wp-caption aligncenter\"><a href=\"https:\/\/i0.wp.com\/www.entremundos.org\/revista\/wp-content\/uploads\/2015\/05\/15073520991_24b4d3bcac_o.jpg\" rel=\"attachment wp-att-2381\"><img data-recalc-dims=\"1\" loading=\"lazy\" decoding=\"async\" class=\"size-large wp-image-2381\" src=\"https:\/\/i0.wp.com\/www.entremundos.org\/revista\/wp-content\/uploads\/2015\/05\/15073520991_24b4d3bcac_o-1024x683.jpg?resize=640%2C427\" alt=\"Efectos de la sequ\u00eda de 2015 en San Jos\u00e9 del Golfo, Guatemala. Foto: CONRED\" width=\"640\" height=\"427\" srcset=\"https:\/\/i0.wp.com\/www.entremundos.org\/revista\/wp-content\/uploads\/2015\/05\/15073520991_24b4d3bcac_o.jpg?resize=1024%2C683&amp;ssl=1 1024w, https:\/\/i0.wp.com\/www.entremundos.org\/revista\/wp-content\/uploads\/2015\/05\/15073520991_24b4d3bcac_o.jpg?resize=300%2C200&amp;ssl=1 300w, https:\/\/i0.wp.com\/www.entremundos.org\/revista\/wp-content\/uploads\/2015\/05\/15073520991_24b4d3bcac_o.jpg?resize=768%2C512&amp;ssl=1 768w, https:\/\/i0.wp.com\/www.entremundos.org\/revista\/wp-content\/uploads\/2015\/05\/15073520991_24b4d3bcac_o.jpg?resize=335%2C223&amp;ssl=1 335w, https:\/\/i0.wp.com\/www.entremundos.org\/revista\/wp-content\/uploads\/2015\/05\/15073520991_24b4d3bcac_o.jpg?resize=1050%2C700&amp;ssl=1 1050w, https:\/\/i0.wp.com\/www.entremundos.org\/revista\/wp-content\/uploads\/2015\/05\/15073520991_24b4d3bcac_o.jpg?w=1280&amp;ssl=1 1280w, https:\/\/i0.wp.com\/www.entremundos.org\/revista\/wp-content\/uploads\/2015\/05\/15073520991_24b4d3bcac_o.jpg?w=1920&amp;ssl=1 1920w\" sizes=\"auto, (max-width: 640px) 100vw, 640px\" \/><\/a><figcaption id=\"caption-attachment-2381\" class=\"wp-caption-text\">Efectos de la sequ\u00eda de 2015 en San Jos\u00e9 del Golfo, Guatemala. Foto: CONRED<\/figcaption><\/figure>\n<p class=\"p1\"><span class=\"s1\">En 2014 Guatemala fue afectada por una sequ\u00eda que provoc\u00f3 una can\u00edcula prolongada, con ausencia de lluvia de hasta 45 d\u00edas seg\u00fan comentarios de pobladores. (Nota editorial: Seg\u00fan las autoridades gubernamentales se perdieron m\u00e1s del 70% de los cultivos de granos b\u00e1sicos del pa\u00eds, principalmente de peque\u00f1os productores, afectando directamente a m\u00e1s de un mill\u00f3n de personas y subiendo los precios de los alimentos, sobre todo en el Corredor Seco, donde el cambio clim\u00e1tico ya hab\u00eda causado una p\u00e9rdida masiva tambi\u00e9n en la otra fuente principal de ingresos, la cosecha de caf\u00e9, por medio de la roya. Todo esto agudiz\u00f3 \u201cla desnutrici\u00f3n en ni\u00f1os y ni\u00f1as menores de cinco a\u00f1os y mujeres en edad reproductiva, aumentando el riesgo de conflictividad social y familiar e incrementando flujos de migraci\u00f3n interna y al exterior\u201d (\u201cReporte de Situaci\u00f3n No. 1 Sequ\u00eda\u201d).)<\/span><\/p>\n<p class=\"p1\">\n<p class=\"p1\"><span class=\"s1\">Esta sequ\u00eda fue provocada por un leve calentamiento en la temperatura del oc\u00e9ano pacifico. Este calentamiento de aproximadamente 0.6 grados arriba de lo normal se mantuvo en varios meses del a\u00f1o 2014. Este per\u00edodo de calentamiento prologando caus\u00f3 la sequ\u00eda en Guatemala pero hay que aclarar que nunca fue considerado como un fen\u00f3meno del Ni\u00f1o, porque las diferencias de temperatura no sobrepasaron los limites establecidos por la Organizaci\u00f3n Meteorol\u00f3gica Mundial (OMM).<\/span><\/p>\n<p class=\"p1\"><span class=\"s1\">En el futuro es de esperarse que, debido al cambio clim\u00e1tico, las sequ\u00edas y las can\u00edculas en Guatemala aumenten en intensidad, severidad, extensi\u00f3n y duraci\u00f3n, increment\u00e1ndose la frecuencia de su ocurrencia, as\u00ed como la vulnerabilidad y el impacto en la poblaci\u00f3n. Guatemala no puede comparar su contribuci\u00f3n al cambio clim\u00e1tico con las de los pa\u00edses desarrollados, pero debido a su alta vulnerabilidad y poco desarrollo ambiental est\u00e1 sufriendo las repercusiones de esta problem\u00e1tica. Anudado a eso las erupciones volc\u00e1nicas, la quema de combustibles f\u00f3siles, la deforestaci\u00f3n y la actividad industrial local del pa\u00eds, no solo contaminan nuestro entorno sino que aceleran los efectos de degradaci\u00f3n ambiental que tendr\u00e1 nuestro pa\u00eds debido al cambio clim\u00e1tico.<\/span><\/p>\n<p class=\"p1\">\n","protected":false},"excerpt":{"rendered":"<p>&nbsp; Foto de portada: Efectos de la can\u00edcula de 2015 en San Jos\u00e9 del Golfo, Guatemala. Foto: CONRED Por Paris Rivera,\u00a0Climat\u00f3logo, INSIVUMEH (Instituto Nacional de Sismolog\u00eda, Vulcanolog\u00eda, Meteorolog\u00eda, e Hidrolog\u00eda) La sequ\u00eda es un tiempo seco de larga duraci\u00f3n en el que el agua disponible de una determinada regi\u00f3n\u00a0 se ubica por debajo de los [&hellip;]<\/p>\n","protected":false},"author":1,"featured_media":2383,"comment_status":"closed","ping_status":"open","sticky":false,"template":"","format":"standard","meta":{"_exactmetrics_skip_tracking":false,"_exactmetrics_sitenote_active":false,"_exactmetrics_sitenote_note":"","_exactmetrics_sitenote_category":0,"jetpack_post_was_ever_published":false,"_jetpack_newsletter_access":"","_jetpack_dont_email_post_to_subs":false,"_jetpack_newsletter_tier_id":0,"_jetpack_memberships_contains_paywalled_content":false,"_jetpack_memberships_contains_paid_content":false,"footnotes":""},"categories":[394,384],"tags":[376],"class_list":["post-708","post","type-post","status-publish","format-standard","has-post-thumbnail","hentry","category-cambio-climatico","category-medio-ambiente","tag-medio-ambiente"],"jetpack_featured_media_url":"https:\/\/i0.wp.com\/www.entremundos.org\/revista\/wp-content\/uploads\/2015\/05\/14889992627_d5edcf33a9_o.jpg?fit=5616%2C3744&ssl=1","jetpack_shortlink":"https:\/\/wp.me\/p7ljt7-bq","jetpack-related-posts":[{"id":2386,"url":"https:\/\/www.entremundos.org\/revista\/environment\/drought-canicula-and-climate-change-in-guatemala\/?lang=en","url_meta":{"origin":708,"position":0},"title":"Drought, Can\u00edcula and Climate Change in Guatemala","author":"EntreMundos","date":"9 marzo, 2016","format":false,"excerpt":"Cover Photo: CONRED By Paris Rivera,\u00a0Climatologist, INSIVUMEH (National Institute for Seismology, Volcanology, Meteorology, and Hydrology) Guatemala usually experiences drought when the temperature of the Pacific Ocean is warmer than normal, a phenomenon known as El Ni\u00f1o. When oceanic-atmospheric conditions favor El Ni\u00f1o, drought and extended can\u00edculas are possible. This occurs\u2026","rel":"","context":"En \u00abClimate Change\u00bb","block_context":{"text":"Climate Change","link":"https:\/\/www.entremundos.org\/revista\/category\/environment\/climate-change\/?lang=en"},"img":{"alt_text":"","src":"https:\/\/i0.wp.com\/www.entremundos.org\/revista\/wp-content\/uploads\/2015\/05\/14889992627_d5edcf33a9_o.jpg?fit=1200%2C800&ssl=1&resize=350%2C200","width":350,"height":200,"srcset":"https:\/\/i0.wp.com\/www.entremundos.org\/revista\/wp-content\/uploads\/2015\/05\/14889992627_d5edcf33a9_o.jpg?fit=1200%2C800&ssl=1&resize=350%2C200 1x, https:\/\/i0.wp.com\/www.entremundos.org\/revista\/wp-content\/uploads\/2015\/05\/14889992627_d5edcf33a9_o.jpg?fit=1200%2C800&ssl=1&resize=525%2C300 1.5x, https:\/\/i0.wp.com\/www.entremundos.org\/revista\/wp-content\/uploads\/2015\/05\/14889992627_d5edcf33a9_o.jpg?fit=1200%2C800&ssl=1&resize=700%2C400 2x, https:\/\/i0.wp.com\/www.entremundos.org\/revista\/wp-content\/uploads\/2015\/05\/14889992627_d5edcf33a9_o.jpg?fit=1200%2C800&ssl=1&resize=1050%2C600 3x"},"classes":[]},{"id":704,"url":"https:\/\/www.entremundos.org\/revista\/uncategorized-es\/resumen-de-la-edicion-cambio-climatico\/","url_meta":{"origin":708,"position":1},"title":"Cambio Clim\u00e1tico &#8211; Resumen de la Edici\u00f3n","author":"EntreMundos","date":"8 mayo, 2015","format":false,"excerpt":"En estas p\u00e1ginas, varios expertos explican como el cambio clim\u00e1tico est\u00e1 afectando a Guatemala y que es lo que el futuro depara. El a\u00f1o pasado durante la temporada de lluvia hubo 45 d\u00edas de sequ\u00eda, lo que caus\u00f3 una crisis humanitaria.\u00a0 Como siempre los m\u00e1s afectados por el desastre medioambiental\u2026","rel":"","context":"En \u00abUncategorized\u00bb","block_context":{"text":"Uncategorized","link":"https:\/\/www.entremundos.org\/revista\/category\/uncategorized-es\/"},"img":{"alt_text":"","src":"https:\/\/i0.wp.com\/www.entremundos.org\/revista\/wp-content\/uploads\/2015\/05\/nota-editor-the-behive-collective-poster-500-years.jpg?fit=600%2C398&ssl=1&resize=350%2C200","width":350,"height":200,"srcset":"https:\/\/i0.wp.com\/www.entremundos.org\/revista\/wp-content\/uploads\/2015\/05\/nota-editor-the-behive-collective-poster-500-years.jpg?fit=600%2C398&ssl=1&resize=350%2C200 1x, https:\/\/i0.wp.com\/www.entremundos.org\/revista\/wp-content\/uploads\/2015\/05\/nota-editor-the-behive-collective-poster-500-years.jpg?fit=600%2C398&ssl=1&resize=525%2C300 1.5x"},"classes":[]},{"id":1795,"url":"https:\/\/www.entremundos.org\/revista\/economy\/water-and-climate-change-in-guatemala-according-to-the-experts\/?lang=en","url_meta":{"origin":708,"position":2},"title":"Water and Climate Change in Guatemala According to the Experts","author":"EntreMundos","date":"16 marzo, 2016","format":false,"excerpt":"(Excerpts from the edition Climate Change, 2015) By\u00a0Dr. Edwin Castellanos\u00a0Co-Director, Center for Environmental Studies and Biodiversity -\u00a0Universidad del Valle de Guatemala.\u00a0Lead Author of the UN IPCC\u2019s Fifth Assessment Report on Climate Change; and\u00a0Paris Rivera,\u00a0Climatologist \u2013 INSIVUMEH\u00a0(National Institute of Seismology, Volcanology, Meteorology, and Hydrology). Dr. Edwin Castellanos: Climate change will be\u2026","rel":"","context":"En \u00abAlternative Economy\u00bb","block_context":{"text":"Alternative Economy","link":"https:\/\/www.entremundos.org\/revista\/category\/economy\/alternative-economy\/?lang=en"},"img":{"alt_text":"","src":"https:\/\/i0.wp.com\/www.entremundos.org\/revista\/wp-content\/uploads\/2015\/05\/14889849049_2ff32c4bb0_o.jpg?fit=1200%2C800&ssl=1&resize=350%2C200","width":350,"height":200,"srcset":"https:\/\/i0.wp.com\/www.entremundos.org\/revista\/wp-content\/uploads\/2015\/05\/14889849049_2ff32c4bb0_o.jpg?fit=1200%2C800&ssl=1&resize=350%2C200 1x, https:\/\/i0.wp.com\/www.entremundos.org\/revista\/wp-content\/uploads\/2015\/05\/14889849049_2ff32c4bb0_o.jpg?fit=1200%2C800&ssl=1&resize=525%2C300 1.5x, https:\/\/i0.wp.com\/www.entremundos.org\/revista\/wp-content\/uploads\/2015\/05\/14889849049_2ff32c4bb0_o.jpg?fit=1200%2C800&ssl=1&resize=700%2C400 2x, https:\/\/i0.wp.com\/www.entremundos.org\/revista\/wp-content\/uploads\/2015\/05\/14889849049_2ff32c4bb0_o.jpg?fit=1200%2C800&ssl=1&resize=1050%2C600 3x"},"classes":[]},{"id":11590,"url":"https:\/\/www.entremundos.org\/revista\/medio-ambiente\/el-habitante-arbol\/","url_meta":{"origin":708,"position":3},"title":"El habitante \u00e1rbol","author":"EntreMundos","date":"19 enero, 2024","format":false,"excerpt":"POR VALERIA LEIVA La administraci\u00f3n municipal de Quetzaltenango orden\u00f3 la tala de \u00e1rboles en el parque de la zona 3 de la ciudad pero vecinos, comerciantes y expertos se manifestaron en contra de esta decisi\u00f3n.\u00a0 Cada ciudad constituye su propio ecosistema urbano y se suele pensar que en el ecosistema\u2026","rel":"","context":"En \u00abBosques\u00bb","block_context":{"text":"Bosques","link":"https:\/\/www.entremundos.org\/revista\/category\/medio-ambiente\/bosques\/"},"img":{"alt_text":"","src":"https:\/\/i0.wp.com\/www.entremundos.org\/revista\/wp-content\/uploads\/2024\/01\/img_1121-1-scaled.jpg?fit=1200%2C900&ssl=1&resize=350%2C200","width":350,"height":200,"srcset":"https:\/\/i0.wp.com\/www.entremundos.org\/revista\/wp-content\/uploads\/2024\/01\/img_1121-1-scaled.jpg?fit=1200%2C900&ssl=1&resize=350%2C200 1x, https:\/\/i0.wp.com\/www.entremundos.org\/revista\/wp-content\/uploads\/2024\/01\/img_1121-1-scaled.jpg?fit=1200%2C900&ssl=1&resize=525%2C300 1.5x, https:\/\/i0.wp.com\/www.entremundos.org\/revista\/wp-content\/uploads\/2024\/01\/img_1121-1-scaled.jpg?fit=1200%2C900&ssl=1&resize=700%2C400 2x, https:\/\/i0.wp.com\/www.entremundos.org\/revista\/wp-content\/uploads\/2024\/01\/img_1121-1-scaled.jpg?fit=1200%2C900&ssl=1&resize=1050%2C600 3x"},"classes":[]},{"id":2399,"url":"https:\/\/www.entremundos.org\/revista\/environment\/climate-change\/climate-change-in-guatemala\/?lang=en","url_meta":{"origin":708,"position":4},"title":"Climate Change in Guatemala","author":"EntreMundos","date":"7 marzo, 2016","format":false,"excerpt":"By Dr. Edwin Castellanos,\u00a0Co-Director, Center for Environmental Studies and Biodiversity,\u00a0Universidad del Valle de Guatemala, and lead author, UN IPCC Fifth Assessment Report on Climate Change Climate change is without a doubt one of the biggest challenges facing humanity today. We see this in the search for agreements that will limit\u2026","rel":"","context":"En \u00abClimate Change\u00bb","block_context":{"text":"Climate Change","link":"https:\/\/www.entremundos.org\/revista\/category\/environment\/climate-change\/?lang=en"},"img":{"alt_text":"","src":"https:\/\/i0.wp.com\/www.entremundos.org\/revista\/wp-content\/uploads\/2015\/05\/huracan.jpg?fit=461%2C307&ssl=1&resize=350%2C200","width":350,"height":200},"classes":[]},{"id":12980,"url":"https:\/\/www.entremundos.org\/revista\/mujer\/el-otro-lado-del-viaje-sonado-detras-de-un-espacio-internacional\/","url_meta":{"origin":708,"position":5},"title":"El otro lado del viaje so\u00f1ado; detr\u00e1s de un espacio internacional","author":"EntreMundos","date":"23 julio, 2025","format":false,"excerpt":"Por Adela Tuy Cuando la gente escucha \u2018Conferencias Internacionales\u2019 piensa en edificios lujosos, gente hablando en ingl\u00e9s, muchas fotos formales y muchos discursos bonitos; tambi\u00e9n en lo elegante de participar en una conferencia y ponerlo en tu curr\u00edculum vitae. Sin embargo, nadie les cuenta sobre lo que hay detr\u00e1s de\u2026","rel":"","context":"En \u00abCine\u00bb","block_context":{"text":"Cine","link":"https:\/\/www.entremundos.org\/revista\/category\/cine\/"},"img":{"alt_text":"","src":"https:\/\/i0.wp.com\/www.entremundos.org\/revista\/wp-content\/uploads\/2025\/07\/20241121_092407-143c-1.jpg?fit=1200%2C800&ssl=1&resize=350%2C200","width":350,"height":200,"srcset":"https:\/\/i0.wp.com\/www.entremundos.org\/revista\/wp-content\/uploads\/2025\/07\/20241121_092407-143c-1.jpg?fit=1200%2C800&ssl=1&resize=350%2C200 1x, https:\/\/i0.wp.com\/www.entremundos.org\/revista\/wp-content\/uploads\/2025\/07\/20241121_092407-143c-1.jpg?fit=1200%2C800&ssl=1&resize=525%2C300 1.5x, https:\/\/i0.wp.com\/www.entremundos.org\/revista\/wp-content\/uploads\/2025\/07\/20241121_092407-143c-1.jpg?fit=1200%2C800&ssl=1&resize=700%2C400 2x, https:\/\/i0.wp.com\/www.entremundos.org\/revista\/wp-content\/uploads\/2025\/07\/20241121_092407-143c-1.jpg?fit=1200%2C800&ssl=1&resize=1050%2C600 3x"},"classes":[]}],"jetpack_sharing_enabled":true,"_links":{"self":[{"href":"https:\/\/www.entremundos.org\/revista\/wp-json\/wp\/v2\/posts\/708","targetHints":{"allow":["GET"]}}],"collection":[{"href":"https:\/\/www.entremundos.org\/revista\/wp-json\/wp\/v2\/posts"}],"about":[{"href":"https:\/\/www.entremundos.org\/revista\/wp-json\/wp\/v2\/types\/post"}],"author":[{"embeddable":true,"href":"https:\/\/www.entremundos.org\/revista\/wp-json\/wp\/v2\/users\/1"}],"replies":[{"embeddable":true,"href":"https:\/\/www.entremundos.org\/revista\/wp-json\/wp\/v2\/comments?post=708"}],"version-history":[{"count":3,"href":"https:\/\/www.entremundos.org\/revista\/wp-json\/wp\/v2\/posts\/708\/revisions"}],"predecessor-version":[{"id":2385,"href":"https:\/\/www.entremundos.org\/revista\/wp-json\/wp\/v2\/posts\/708\/revisions\/2385"}],"wp:featuredmedia":[{"embeddable":true,"href":"https:\/\/www.entremundos.org\/revista\/wp-json\/wp\/v2\/media\/2383"}],"wp:attachment":[{"href":"https:\/\/www.entremundos.org\/revista\/wp-json\/wp\/v2\/media?parent=708"}],"wp:term":[{"taxonomy":"category","embeddable":true,"href":"https:\/\/www.entremundos.org\/revista\/wp-json\/wp\/v2\/categories?post=708"},{"taxonomy":"post_tag","embeddable":true,"href":"https:\/\/www.entremundos.org\/revista\/wp-json\/wp\/v2\/tags?post=708"}],"curies":[{"name":"wp","href":"https:\/\/api.w.org\/{rel}","templated":true}]}}