{"id":7186,"date":"2020-08-11T18:30:44","date_gmt":"2020-08-12T02:30:44","guid":{"rendered":"http:\/\/www.entremundos.org\/revista\/?p=7186&#038;lang=en"},"modified":"2020-08-19T17:02:11","modified_gmt":"2020-08-20T01:02:11","slug":"a-sacred-otomi-indigenous-forest-is-threatened-by-the-construction-of-a-highway","status":"publish","type":"post","link":"https:\/\/www.entremundos.org\/revista\/world\/a-sacred-otomi-indigenous-forest-is-threatened-by-the-construction-of-a-highway\/?lang=en","title":{"rendered":"A sacred Otom\u00ed indigenous forest is threatened by the construction of a highway"},"content":{"rendered":"<p><strong>By: Leidy Gonz\u00e1lez<\/strong><\/p>\n<p>Today it is common to hear about the dispossession of material, cultural and common goods in Indigenous communities. Most of us feel outraged by such events because, \u201cit has cost us much to preserve them\u201d. When this dispossession threatens nature, it is not only about the usurpation of natural resources, but also an attack against our worldview and love for our mother earth.<\/p>\n<p>Ecological projects in Mexico create a frequent discussion between the population and the state over the difference in people\u2019s perceptions. An example of this is the Mexico &#8211; Toluca highway project, affecting the forest found in indigenous communities such as Santa Cruz Ayotuxco, San Lorenzo Huitzizilapan, San Francisco Atotuxco, Magdalena Chichicaspa and San Francisco Xochicuautla in the municipality of Lerma, State of Mexico.<\/p>\n<p>According to the Otom\u00ed culture, the forest and its hills are the representation of Christ. The highway divides the forest where the inhabitants make offerings for their traditions and customs; In addition, in this place is the sanctuary to the \u201cDivine Face\u201d, and with the construction of the highway, parts of the \u201cDivine Face\u201d would be broken.<\/p>\n<figure id=\"attachment_7139\" aria-describedby=\"caption-attachment-7139\" style=\"width: 672px\" class=\"wp-caption alignleft\"><a href=\"https:\/\/i0.wp.com\/www.entremundos.org\/revista\/wp-content\/uploads\/2020\/08\/xochicuatla.mapageocomunes.jpeg\"><img data-recalc-dims=\"1\" loading=\"lazy\" decoding=\"async\" class=\" wp-image-7139\" src=\"https:\/\/i0.wp.com\/www.entremundos.org\/revista\/wp-content\/uploads\/2020\/08\/xochicuatla.mapageocomunes.jpeg?resize=640%2C452\" alt=\"\" width=\"640\" height=\"452\" srcset=\"https:\/\/i0.wp.com\/www.entremundos.org\/revista\/wp-content\/uploads\/2020\/08\/xochicuatla.mapageocomunes.jpeg?w=1023&amp;ssl=1 1023w, https:\/\/i0.wp.com\/www.entremundos.org\/revista\/wp-content\/uploads\/2020\/08\/xochicuatla.mapageocomunes.jpeg?resize=300%2C212&amp;ssl=1 300w, https:\/\/i0.wp.com\/www.entremundos.org\/revista\/wp-content\/uploads\/2020\/08\/xochicuatla.mapageocomunes.jpeg?resize=768%2C543&amp;ssl=1 768w, https:\/\/i0.wp.com\/www.entremundos.org\/revista\/wp-content\/uploads\/2020\/08\/xochicuatla.mapageocomunes.jpeg?resize=335%2C237&amp;ssl=1 335w\" sizes=\"auto, (max-width: 640px) 100vw, 640px\" \/><\/a><figcaption id=\"caption-attachment-7139\" class=\"wp-caption-text\">Source: Environmental Justice Atlas<\/figcaption><\/figure>\n<p>According to the Inigo Report, \u201cother reasons why people oppose the project is that, according to the company\u2019s plan, the work would split two nature reserves, causing the inhabitants to no longer have free access to places in the forest that are sacred to them. In addition, the fauna of the region would be in danger, as it would have to cross over the highway\u201d.<\/p>\n<p>The construction was approved in 2013 illegally by an illegitimate registration of community members in this place. According to the statement of the community assembly, \u201cthis construction is planned in a stretch of 39.34 km that mainly affects 22 km from the Protected Natural Area and Sanctuary of Water of the San L\u00e1zaro River sub-basin of the communal territory of the aforementioned communities\u201d.<\/p>\n<p>The San Francisco Xochicuautla community has been in a constant struggle against the Mexican state for the construction of this highway for 13 years. The ancestors of this community have sheltered the Otom\u00ed forest for generations, but throughout Lerma, the destruction of approximately 3 million 900 thousand square meters of the Sacred Forest condemns the inhabitants of the H\u00f1ah\u00f1us (Otom\u00ed) communities.<\/p>\n<p>At the beginning of construction the forest&#8217;s defense communities refused this project due to the expropriation of the forest and the benefit that a private company will gain from it. In the face of the imminent expropriation of natural wealth, the Otom\u00ed defenders of nature in San Francisco Xochicuautla publicly denounced this fact.<\/p>\n<p>This resulted in a series of public complaints towards the Mexican state that have become a direct violence towards the H\u00f1ah\u00f1us (Otom\u00ed) peoples. This shows how day by day, the Mexican State makes decisions without the consultation of the people; however, this is not something new, there are records of other incidents that have occurred long ago that violate Mother Earth and promote the exploitation of resources under a state of corruption, which has brought as a result the following crimes for the population:<\/p>\n<ul>\n<li>\n<figure id=\"attachment_7128\" aria-describedby=\"caption-attachment-7128\" style=\"width: 494px\" class=\"wp-caption alignright\"><a href=\"https:\/\/i0.wp.com\/www.entremundos.org\/revista\/wp-content\/uploads\/2020\/08\/65485645_2403193469955934_523254688850640896_o.jpg\"><img data-recalc-dims=\"1\" loading=\"lazy\" decoding=\"async\" class=\" wp-image-7128\" src=\"https:\/\/i0.wp.com\/www.entremundos.org\/revista\/wp-content\/uploads\/2020\/08\/65485645_2403193469955934_523254688850640896_o.jpg?resize=494%2C278\" alt=\"\" width=\"494\" height=\"278\" srcset=\"https:\/\/i0.wp.com\/www.entremundos.org\/revista\/wp-content\/uploads\/2020\/08\/65485645_2403193469955934_523254688850640896_o.jpg?w=1632&amp;ssl=1 1632w, https:\/\/i0.wp.com\/www.entremundos.org\/revista\/wp-content\/uploads\/2020\/08\/65485645_2403193469955934_523254688850640896_o.jpg?resize=300%2C169&amp;ssl=1 300w, https:\/\/i0.wp.com\/www.entremundos.org\/revista\/wp-content\/uploads\/2020\/08\/65485645_2403193469955934_523254688850640896_o.jpg?resize=1024%2C576&amp;ssl=1 1024w, https:\/\/i0.wp.com\/www.entremundos.org\/revista\/wp-content\/uploads\/2020\/08\/65485645_2403193469955934_523254688850640896_o.jpg?resize=768%2C432&amp;ssl=1 768w, https:\/\/i0.wp.com\/www.entremundos.org\/revista\/wp-content\/uploads\/2020\/08\/65485645_2403193469955934_523254688850640896_o.jpg?resize=1536%2C864&amp;ssl=1 1536w, https:\/\/i0.wp.com\/www.entremundos.org\/revista\/wp-content\/uploads\/2020\/08\/65485645_2403193469955934_523254688850640896_o.jpg?resize=335%2C188&amp;ssl=1 335w, https:\/\/i0.wp.com\/www.entremundos.org\/revista\/wp-content\/uploads\/2020\/08\/65485645_2403193469955934_523254688850640896_o.jpg?resize=1050%2C591&amp;ssl=1 1050w, https:\/\/i0.wp.com\/www.entremundos.org\/revista\/wp-content\/uploads\/2020\/08\/65485645_2403193469955934_523254688850640896_o.jpg?w=1280&amp;ssl=1 1280w\" sizes=\"auto, (max-width: 494px) 100vw, 494px\" \/><\/a><figcaption id=\"caption-attachment-7128\" class=\"wp-caption-text\">Photo: Ngisa Xochicuautla<\/figcaption><\/figure>\n<p>Death threats<\/li>\n<li>Political Prison<\/li>\n<li>Attacks<\/li>\n<li>Military siege on communities<\/li>\n<li>Breach of agreements<\/li>\n<li>Unjustified detention of women and men<\/li>\n<li>And other types of human rights violations<\/li>\n<\/ul>\n<p>Ambition is a strong weapon that won\u2019t stop the highway project, despite two constitutional protections in the possession of the villagers, which force the company to stop the work. Despite this, under these protections, Xochicuautla fights repression and the excessive increase of buildings that destroy and prevent the preservation of their sacred spaces.<\/p>\n<p>The defense of territories for indigenous communities is not easy, as projects that take away indigenous land and territory are in complicity with the power of the State. There is a struggle on the part of indigenou people in the face of these injustices, which triggers allegations, but also aggressions.<\/p>\n<p>This is the way things are in Mexico, where power, ambition and corruption come together; However, indigenous communities insist on fighting for their worldview, for their customs, for their traditions and above all for Mother Nature that gives us life, even if it means being a victim of direct and structural violence for opposing megaprojects and the State.<\/p>\n<p><em>Leidy Gonzales is of Otom\u00ed ethnicity from M\u00e9xico and Bachelor in Intercultural Communication<\/em><\/p>\n","protected":false},"excerpt":{"rendered":"<p>By: Leidy Gonz\u00e1lez Today it is common to hear about the dispossession of material, cultural and common goods in Indigenous communities. Most of us feel outraged by such events because, \u201cit has cost us much to preserve them\u201d. When this dispossession threatens nature, it is not only about the usurpation of natural resources, but also [&hellip;]<\/p>\n","protected":false},"author":1,"featured_media":7138,"comment_status":"closed","ping_status":"closed","sticky":false,"template":"","format":"standard","meta":{"_exactmetrics_skip_tracking":false,"_exactmetrics_sitenote_active":false,"_exactmetrics_sitenote_note":"","_exactmetrics_sitenote_category":0,"jetpack_post_was_ever_published":false,"_jetpack_newsletter_access":"","_jetpack_dont_email_post_to_subs":false,"_jetpack_newsletter_tier_id":0,"_jetpack_memberships_contains_paywalled_content":false,"_jetpack_memberships_contains_paid_content":false,"footnotes":""},"categories":[426,415,417,420,455,424,414],"tags":[901,2245,2247,2246,2249,2221,2248],"class_list":["post-7186","post","type-post","status-publish","format-standard","has-post-thumbnail","hentry","category-corruption","category-environment","category-forests","category-megaprojects-en","category-pagetwo-en","category-politics","category-world","tag-mexico","tag-otomi-forests","tag-otomi-peoples","tag-road-construction-xochicuautla","tag-san-francisco-xochicuautla","tag-sn-fco-xochi","tag-toluca-highway-project"],"jetpack_featured_media_url":"https:\/\/i0.wp.com\/www.entremundos.org\/revista\/wp-content\/uploads\/2020\/08\/carretera-bosque.jpg?fit=856%2C540&ssl=1","jetpack_shortlink":"https:\/\/wp.me\/p7ljt7-1RU","jetpack-related-posts":[{"id":2690,"url":"https:\/\/www.entremundos.org\/revista\/politics\/community-action-en-2\/racism-responds-when-guatemalas-downtrodden-block-roads\/?lang=en","url_meta":{"origin":7186,"position":0},"title":"Racism responds when Guatemala&#8217;s downtrodden block roads","author":"EntreMundos","date":"19 mayo, 2016","format":false,"excerpt":"Blockade in Nahual\u00e1, Solol\u00e1, Guatemala. May 11, 2016. Photo by Ollantay Itzamn\u00e1. Commentary by Ollantay Itzamn\u00e1 Nearly 20 blockades on Guatemala\u2019s principal highways were in place by dawn this past Wednesday, May 11th. They were occupied by the \u201cregrettable\u201d presence of 15,000 indigenous Maya and rural workers of the National\u2026","rel":"","context":"En \u00abCommunity Action\u00bb","block_context":{"text":"Community Action","link":"https:\/\/www.entremundos.org\/revista\/category\/politics\/community-action-en-2\/?lang=en"},"img":{"alt_text":"","src":"https:\/\/i0.wp.com\/www.entremundos.org\/revista\/wp-content\/uploads\/2016\/05\/emcodecamayoii.jpg?fit=1200%2C675&ssl=1&resize=350%2C200","width":350,"height":200,"srcset":"https:\/\/i0.wp.com\/www.entremundos.org\/revista\/wp-content\/uploads\/2016\/05\/emcodecamayoii.jpg?fit=1200%2C675&ssl=1&resize=350%2C200 1x, https:\/\/i0.wp.com\/www.entremundos.org\/revista\/wp-content\/uploads\/2016\/05\/emcodecamayoii.jpg?fit=1200%2C675&ssl=1&resize=525%2C300 1.5x, https:\/\/i0.wp.com\/www.entremundos.org\/revista\/wp-content\/uploads\/2016\/05\/emcodecamayoii.jpg?fit=1200%2C675&ssl=1&resize=700%2C400 2x, https:\/\/i0.wp.com\/www.entremundos.org\/revista\/wp-content\/uploads\/2016\/05\/emcodecamayoii.jpg?fit=1200%2C675&ssl=1&resize=1050%2C600 3x"},"classes":[]},{"id":7590,"url":"https:\/\/www.entremundos.org\/revista\/economy\/extractivismsynonymous-with-development\/?lang=en","url_meta":{"origin":7186,"position":1},"title":"Extractivism\u2026synonymous with development?","author":"EntreMundos","date":"1 octubre, 2020","format":false,"excerpt":"By Raquel Ju\u00e1rez The mineral wealth of Mexico has been coveted since the Spanish invasion. When Hern\u00e1n Cort\u00e9s set sail for the land of the Aztecs in 1519, his mission was to seize indigenous gold. Upon their arrival in Tenochtitlan, the Aztec king Moctezuma said that the Spanish were suffering\u2026","rel":"","context":"En \u00abEconomy\u00bb","block_context":{"text":"Economy","link":"https:\/\/www.entremundos.org\/revista\/category\/economy\/?lang=en"},"img":{"alt_text":"","src":"https:\/\/i0.wp.com\/www.entremundos.org\/revista\/wp-content\/uploads\/2020\/09\/open-pit-mining-2464761_1280.jpg?fit=1200%2C800&ssl=1&resize=350%2C200","width":350,"height":200,"srcset":"https:\/\/i0.wp.com\/www.entremundos.org\/revista\/wp-content\/uploads\/2020\/09\/open-pit-mining-2464761_1280.jpg?fit=1200%2C800&ssl=1&resize=350%2C200 1x, https:\/\/i0.wp.com\/www.entremundos.org\/revista\/wp-content\/uploads\/2020\/09\/open-pit-mining-2464761_1280.jpg?fit=1200%2C800&ssl=1&resize=525%2C300 1.5x, https:\/\/i0.wp.com\/www.entremundos.org\/revista\/wp-content\/uploads\/2020\/09\/open-pit-mining-2464761_1280.jpg?fit=1200%2C800&ssl=1&resize=700%2C400 2x, https:\/\/i0.wp.com\/www.entremundos.org\/revista\/wp-content\/uploads\/2020\/09\/open-pit-mining-2464761_1280.jpg?fit=1200%2C800&ssl=1&resize=1050%2C600 3x"},"classes":[]},{"id":7206,"url":"https:\/\/www.entremundos.org\/revista\/economy\/megaprojects\/dispossession-of-ancestral-lands-the-case-of-the-maya-qeqchi-catalji-community\/?lang=en","url_meta":{"origin":7186,"position":2},"title":"Dispossession of ancestral lands: The case of the Maya Q&#8217;eqchi &#8216;Catalj\u00ed community","author":"EntreMundos","date":"19 agosto, 2020","format":false,"excerpt":"*By Cesar Bol In Guatemala, as in many other countries in the world that have been invaded and colonized, Indigenous People have not been taken into account as part of development, and rather actions have been taken and laws have even been created to legitimize the dispossession of land and\u2026","rel":"","context":"En \u00abCommunity Action\u00bb","block_context":{"text":"Community Action","link":"https:\/\/www.entremundos.org\/revista\/category\/politics\/community-action-en-2\/?lang=en"},"img":{"alt_text":"","src":"https:\/\/i0.wp.com\/www.entremundos.org\/revista\/wp-content\/uploads\/2020\/08\/foto-nelson.jpg?fit=1200%2C886&ssl=1&resize=350%2C200","width":350,"height":200,"srcset":"https:\/\/i0.wp.com\/www.entremundos.org\/revista\/wp-content\/uploads\/2020\/08\/foto-nelson.jpg?fit=1200%2C886&ssl=1&resize=350%2C200 1x, https:\/\/i0.wp.com\/www.entremundos.org\/revista\/wp-content\/uploads\/2020\/08\/foto-nelson.jpg?fit=1200%2C886&ssl=1&resize=525%2C300 1.5x, https:\/\/i0.wp.com\/www.entremundos.org\/revista\/wp-content\/uploads\/2020\/08\/foto-nelson.jpg?fit=1200%2C886&ssl=1&resize=700%2C400 2x, https:\/\/i0.wp.com\/www.entremundos.org\/revista\/wp-content\/uploads\/2020\/08\/foto-nelson.jpg?fit=1200%2C886&ssl=1&resize=1050%2C600 3x"},"classes":[]},{"id":7602,"url":"https:\/\/www.entremundos.org\/revista\/culture\/romanticizing-indigenous-peoples-resistance-is-another-form-of-discrimination\/?lang=en","url_meta":{"origin":7186,"position":3},"title":"Romanticizing Indigenous Peoples&#8217; Resistance Is Another Form Of Discrimination","author":"EntreMundos","date":"5 octubre, 2020","format":false,"excerpt":"By Emiliano G\u00f3mez Izaguirre We, as members of an indigenous people in southern Mexico (The Mixteco People or \u00d1uu Savi) have years of experience as educators and community spokespersons in our region. One of the most common, yet barely discussed, difficulties that several of our colleagues have had to confront\u2026","rel":"","context":"En \u00abCulture\u00bb","block_context":{"text":"Culture","link":"https:\/\/www.entremundos.org\/revista\/category\/culture\/?lang=en"},"img":{"alt_text":"","src":"https:\/\/i0.wp.com\/www.entremundos.org\/revista\/wp-content\/uploads\/2020\/09\/mujer-radialista.jpg?fit=1200%2C900&ssl=1&resize=350%2C200","width":350,"height":200,"srcset":"https:\/\/i0.wp.com\/www.entremundos.org\/revista\/wp-content\/uploads\/2020\/09\/mujer-radialista.jpg?fit=1200%2C900&ssl=1&resize=350%2C200 1x, https:\/\/i0.wp.com\/www.entremundos.org\/revista\/wp-content\/uploads\/2020\/09\/mujer-radialista.jpg?fit=1200%2C900&ssl=1&resize=525%2C300 1.5x, https:\/\/i0.wp.com\/www.entremundos.org\/revista\/wp-content\/uploads\/2020\/09\/mujer-radialista.jpg?fit=1200%2C900&ssl=1&resize=700%2C400 2x, https:\/\/i0.wp.com\/www.entremundos.org\/revista\/wp-content\/uploads\/2020\/09\/mujer-radialista.jpg?fit=1200%2C900&ssl=1&resize=1050%2C600 3x"},"classes":[]},{"id":12861,"url":"https:\/\/www.entremundos.org\/revista\/uncategorized\/indigenous-and-rural-women-defend-land-in-the-face-of-extractivism-in-guatemala\/?lang=en","url_meta":{"origin":7186,"position":4},"title":"Indigenous and rural women defend land in the face of extractivism in Guatemala","author":"EntreMundos","date":"21 mayo, 2025","format":false,"excerpt":"By Just Associates (JASS) TRASLATED BY THOMAS LANG This is a summary of an outline published by Just Associates (JASS) with the goal of\u00a0sharing information about the fight for land in the face of extractivism in Guatemala. It\u00a0highlights the role of women and the impact the fight has had on\u2026","rel":"","context":"En \u00abFrontPage\u00bb","block_context":{"text":"FrontPage","link":"https:\/\/www.entremundos.org\/revista\/category\/frontpage-en\/?lang=en"},"img":{"alt_text":"","src":"https:\/\/i0.wp.com\/www.entremundos.org\/revista\/wp-content\/uploads\/2025\/05\/2-scaled.png?fit=1200%2C843&ssl=1&resize=350%2C200","width":350,"height":200,"srcset":"https:\/\/i0.wp.com\/www.entremundos.org\/revista\/wp-content\/uploads\/2025\/05\/2-scaled.png?fit=1200%2C843&ssl=1&resize=350%2C200 1x, https:\/\/i0.wp.com\/www.entremundos.org\/revista\/wp-content\/uploads\/2025\/05\/2-scaled.png?fit=1200%2C843&ssl=1&resize=525%2C300 1.5x, https:\/\/i0.wp.com\/www.entremundos.org\/revista\/wp-content\/uploads\/2025\/05\/2-scaled.png?fit=1200%2C843&ssl=1&resize=700%2C400 2x, https:\/\/i0.wp.com\/www.entremundos.org\/revista\/wp-content\/uploads\/2025\/05\/2-scaled.png?fit=1200%2C843&ssl=1&resize=1050%2C600 3x"},"classes":[]},{"id":2743,"url":"https:\/\/www.entremundos.org\/revista\/environment\/forest-fires-set-by-drug-traffickers-threaten-guatemalas-virgin-forest-and-archaeological-wonders\/?lang=en","url_meta":{"origin":7186,"position":5},"title":"Forest fires set by drug traffickers threaten Guatemala\u2019s virgin forest and archaeological wonders","author":"EntreMundos","date":"20 junio, 2016","format":false,"excerpt":"Forest fires devastated at least 80 square kilometers of preserved forest in Pet\u00e9n before the rains of June 4th and 5th put most of them out. The Guatemalan government declared a state of emergency to battle the fires. Guatemala\u2019s Minister of Environment and Natural Resources said, \u201cthe hand of man\u2026","rel":"","context":"En \u00abCorruption\u00bb","block_context":{"text":"Corruption","link":"https:\/\/www.entremundos.org\/revista\/category\/politics\/corruption\/?lang=en"},"img":{"alt_text":"","src":"https:\/\/i0.wp.com\/www.entremundos.org\/revista\/wp-content\/uploads\/2016\/06\/incendio.jpg?fit=777%2C472&ssl=1&resize=350%2C200","width":350,"height":200,"srcset":"https:\/\/i0.wp.com\/www.entremundos.org\/revista\/wp-content\/uploads\/2016\/06\/incendio.jpg?fit=777%2C472&ssl=1&resize=350%2C200 1x, https:\/\/i0.wp.com\/www.entremundos.org\/revista\/wp-content\/uploads\/2016\/06\/incendio.jpg?fit=777%2C472&ssl=1&resize=525%2C300 1.5x, https:\/\/i0.wp.com\/www.entremundos.org\/revista\/wp-content\/uploads\/2016\/06\/incendio.jpg?fit=777%2C472&ssl=1&resize=700%2C400 2x"},"classes":[]}],"jetpack_sharing_enabled":true,"_links":{"self":[{"href":"https:\/\/www.entremundos.org\/revista\/wp-json\/wp\/v2\/posts\/7186","targetHints":{"allow":["GET"]}}],"collection":[{"href":"https:\/\/www.entremundos.org\/revista\/wp-json\/wp\/v2\/posts"}],"about":[{"href":"https:\/\/www.entremundos.org\/revista\/wp-json\/wp\/v2\/types\/post"}],"author":[{"embeddable":true,"href":"https:\/\/www.entremundos.org\/revista\/wp-json\/wp\/v2\/users\/1"}],"replies":[{"embeddable":true,"href":"https:\/\/www.entremundos.org\/revista\/wp-json\/wp\/v2\/comments?post=7186"}],"version-history":[{"count":2,"href":"https:\/\/www.entremundos.org\/revista\/wp-json\/wp\/v2\/posts\/7186\/revisions"}],"predecessor-version":[{"id":7204,"href":"https:\/\/www.entremundos.org\/revista\/wp-json\/wp\/v2\/posts\/7186\/revisions\/7204"}],"wp:featuredmedia":[{"embeddable":true,"href":"https:\/\/www.entremundos.org\/revista\/wp-json\/wp\/v2\/media\/7138"}],"wp:attachment":[{"href":"https:\/\/www.entremundos.org\/revista\/wp-json\/wp\/v2\/media?parent=7186"}],"wp:term":[{"taxonomy":"category","embeddable":true,"href":"https:\/\/www.entremundos.org\/revista\/wp-json\/wp\/v2\/categories?post=7186"},{"taxonomy":"post_tag","embeddable":true,"href":"https:\/\/www.entremundos.org\/revista\/wp-json\/wp\/v2\/tags?post=7186"}],"curies":[{"name":"wp","href":"https:\/\/api.w.org\/{rel}","templated":true}]}}