{"id":7372,"date":"2020-09-16T15:18:16","date_gmt":"2020-09-16T23:18:16","guid":{"rendered":"http:\/\/www.entremundos.org\/revista\/?p=7372&#038;lang=en"},"modified":"2020-09-28T17:24:17","modified_gmt":"2020-09-29T01:24:17","slug":"buried-voices","status":"publish","type":"post","link":"https:\/\/www.entremundos.org\/revista\/culture\/buried-voices\/?lang=en","title":{"rendered":"BURIED VOICES: The Fight of the Leaders and Defenders of Honduras"},"content":{"rendered":"<p><strong>By: Karen Recarte<\/strong><\/p>\n<p>The struggles of Indigenous leaders of the Honduran peoples within a multiethnic, multicultural and multilingual country that is made up of four ethnic groups: mestizo or white, Indigenous (Lencas Misquitos, Tolupanes, Chortis, Pech or Payas, Tawahkas), The Gar\u00edfunas and Creole-Anglo-speakers, have turned into streams of blood through the years, under the rule of capitalism. The disappearance and reports of indigenous brothers who have been silenced to death are quiet echoes in the ears of institutions that are supposed to be entities where justice prevails, but they are only have served as links to stop the song of the peoples who suffer forgotten.<\/p>\n<p>More than 120 murder cases of environmentalists have been recorded as of 2010. Palm oil plantations, mines and dams have become their graves over the years under the government\u2019s cloak of corruption. The blood of martyrs such as LESBIA JANETH URQU\u00cdA URQU\u00cdA, BERTA C\u00c1CERES and NELSON GARC\u00cdA, are among hundreds of others killed. They seem to be forgotten are they are silenced. The cries of the Indigenous peoples, environmental\u00a0refugees, remain amidst the cornfields, coffee plants and bean crops.<\/p>\n<p>At the plantations, between the mountains and highlands of Honduras, dreams are woven and hope overflows. However, when the voices escape from the farms and the pleadings cross the valleys, the hand of corruption arrives, carrying the weapon that will make disappear anyone or anybody that denounces the corrupt, the destroyer of worlds, the infamous that ends dignity and extinguishes the hope for Justice. Human rights are not respected; Indigenous activists are threatened, persecuted and finally assassinated before the helpless watch of human rights organizations.<\/p>\n<figure id=\"attachment_7432\" aria-describedby=\"caption-attachment-7432\" style=\"width: 348px\" class=\"wp-caption alignleft\"><a href=\"https:\/\/i0.wp.com\/www.entremundos.org\/revista\/wp-content\/uploads\/2020\/09\/pic-21-2.jpg\"><img data-recalc-dims=\"1\" loading=\"lazy\" decoding=\"async\" class=\" wp-image-7432\" src=\"https:\/\/i0.wp.com\/www.entremundos.org\/revista\/wp-content\/uploads\/2020\/09\/pic-21-2-1024x1024.jpg?resize=348%2C348\" alt=\"\" width=\"348\" height=\"348\" srcset=\"https:\/\/i0.wp.com\/www.entremundos.org\/revista\/wp-content\/uploads\/2020\/09\/pic-21-2.jpg?resize=1024%2C1024&amp;ssl=1 1024w, https:\/\/i0.wp.com\/www.entremundos.org\/revista\/wp-content\/uploads\/2020\/09\/pic-21-2.jpg?resize=300%2C300&amp;ssl=1 300w, https:\/\/i0.wp.com\/www.entremundos.org\/revista\/wp-content\/uploads\/2020\/09\/pic-21-2.jpg?resize=150%2C150&amp;ssl=1 150w, https:\/\/i0.wp.com\/www.entremundos.org\/revista\/wp-content\/uploads\/2020\/09\/pic-21-2.jpg?resize=768%2C768&amp;ssl=1 768w, https:\/\/i0.wp.com\/www.entremundos.org\/revista\/wp-content\/uploads\/2020\/09\/pic-21-2.jpg?resize=335%2C335&amp;ssl=1 335w, https:\/\/i0.wp.com\/www.entremundos.org\/revista\/wp-content\/uploads\/2020\/09\/pic-21-2.jpg?resize=1050%2C1050&amp;ssl=1 1050w, https:\/\/i0.wp.com\/www.entremundos.org\/revista\/wp-content\/uploads\/2020\/09\/pic-21-2.jpg?w=1080&amp;ssl=1 1080w\" sizes=\"auto, (max-width: 348px) 100vw, 348px\" \/><\/a><figcaption id=\"caption-attachment-7432\" class=\"wp-caption-text\">Garifuna slogan after 4 of their recent leaders disappearence.<\/figcaption><\/figure>\n<p>The government is killing this country, and the mourning is aggravated due to the recent vile disappearance of our Garifuna brothers Milton Joel Mart\u00ednez \u00c1lvarez, Suany Aparicio Mej\u00eda, Alder Santana Thomas and \u201cLa Mamba\u201d; The government is an accomplice in the kidnapping of our brothers, that most likely have joined the other fighters for the rights of the peoples, whose lives were taken by the instruction of those who try to silence them.<\/p>\n<p>The UN has also been witness to the hundreds of murders of the defenders of Indigenous Peoples. However, the petitions to the government to clarify these crimes have only been empty records with null words and without due process. The Indigenous people continue to be massacred; they live under attack and harassment. No one guarantees their protection; their lands and natural resources continue to be taken away. Faced with this scenario, many of them have had to flee from their villages, making Honduras to be considered one of the most dangerous countries for defenders of the environment and the earth.<\/p>\n<p>The multiple human rights violations suffered by men and women that defend the Indigenous Peoples, as well as the criminalization, death threats and recent murders of members of the Tolup\u00e1n people have suffered in the defense of their lands, have unleashed fear among the people, but also have risen repudiation, due to the extermination of the Indigenous people brought about by the capitalists, whom are determined to do whatever they have to do to continue, including murders, which have happened for years and continue to increase in the different villages that demand justice.<\/p>\n<p>The genocide and exile has expanded in the last 10 years, the destruction of the Indigenous peoples seems to have been adopted by the current government as a national policy, imposing the imperialist power of resource extraction. The government does not seem to recognize the existence of Indigenous Peoples, who live in precarious conditions, but demand a life with dignity.<\/p>\n<p>Moreover, the government has become an expert in breaching the agreements reached with the Indigenous communities. Furthermore, the alternatives for the subsistence of these peoples are increasingly becoming reduced, it seems that nobody cares what happens in the country, there is no real system in place that would support Indigenous Peoples in order to scrutinize the conflict, seek a necessary solution that would guarantee their safety and economic sustainability.<\/p>\n<figure id=\"attachment_7435\" aria-describedby=\"caption-attachment-7435\" style=\"width: 402px\" class=\"wp-caption alignright\"><a href=\"https:\/\/i0.wp.com\/www.entremundos.org\/revista\/wp-content\/uploads\/2020\/09\/pic-3-1.jpeg\"><img data-recalc-dims=\"1\" loading=\"lazy\" decoding=\"async\" class=\" wp-image-7435\" src=\"https:\/\/i0.wp.com\/www.entremundos.org\/revista\/wp-content\/uploads\/2020\/09\/pic-3-1.jpeg?resize=402%2C449\" alt=\"\" width=\"402\" height=\"449\" srcset=\"https:\/\/i0.wp.com\/www.entremundos.org\/revista\/wp-content\/uploads\/2020\/09\/pic-3-1.jpeg?w=841&amp;ssl=1 841w, https:\/\/i0.wp.com\/www.entremundos.org\/revista\/wp-content\/uploads\/2020\/09\/pic-3-1.jpeg?resize=269%2C300&amp;ssl=1 269w, https:\/\/i0.wp.com\/www.entremundos.org\/revista\/wp-content\/uploads\/2020\/09\/pic-3-1.jpeg?resize=768%2C857&amp;ssl=1 768w, https:\/\/i0.wp.com\/www.entremundos.org\/revista\/wp-content\/uploads\/2020\/09\/pic-3-1.jpeg?resize=335%2C374&amp;ssl=1 335w\" sizes=\"auto, (max-width: 402px) 100vw, 402px\" \/><\/a><figcaption id=\"caption-attachment-7435\" class=\"wp-caption-text\">Inhabitant of town Buenas Noches, Comayagua. Photo: Karen Recante<\/figcaption><\/figure>\n<p>For these peoples, Honduras is a place without opportunities; there is no state presence. They are massacred for the interests of a narco-dictatorship and they don\u2019t have any opportunity to guarantee their survival under a genocidal regime. Authoritarian regimes have driven these groups to a situation of marginalization and poverty. To this picture is added the militarization of the zones, as well as the agrarian disputes that contribute to the exacerbation of violence.<\/p>\n<p>The current government has built its power by means of a network of friendships, debts, favors and threats that have allowed it to handle the justice system becoming anything but just.\u00a0 Political control has come to create differences between cultural caciques, demonstrating that preserving power is not achieved by popular and collective support and consensus, but by means of\u00a0 \u201cfear, imposition and force\u201d. Under these circumstances, the bond is broken delegating power to the oppressor and further weakening the oppressed.<\/p>\n<p>Consequently, the acts of forestry exploitation of natural resources, the aggressions, the impunity generated by the lack of clarity of crimes committed by the elite that governs the country, will continue to be a story of leaders who lost their lives in a violent history of antagonisms occupying a place among the voices buried in the silence of their graves.<\/p>\n<p>The precarious situation of the Protestants who, under their trembling voices, cry out for justice, will fail before a government figure that endorses violence and steers public opinion; If measures are not taken today to stop this situation. It seems as if Indigenous Peoples are alone against the powers of the State that are complicit in the agreements to continue enslaving them and making them victims of their hunger for wealth and power. The destruction of culture and natural resources that provide people with their livelihood seems unstoppable. The heroes who have been silenced will be honored and remembered, but without concrete actions nothing will prevent the cries to continue to emerge from among the cornfields and huts of those who defend their rights.<\/p>\n<p>It is urgent to prioritize and respect the rights of Indigenous Peoples and to support the populations that live marginalized and in social isolation. Honduras has become a political corruption vault and a grave for those who rebel against the system. It has been ignored by international human rights organizations such as: Transparency International, Amnesty International, Defender of the People, United Nations Human Rights Council, United Nations Children&#8217;s Fund (UNICEF), United Nations Development Program (UNDP), Human Rights Watch, Human Rights Without Frontiers (HRWF), United Nations Educational, Scientific and Scientific Organization Culture (UNESCO), International Labor Organization (ILO).<\/p>\n<p>Where is the statement of these organizations, whose objective is to achieve international cooperation for the solution of economic, social, cultural or humanitarian problems and that are invested in the development and upholding human rights and the fundamental freedoms of all? We expect their support, they should be the voices that convey to the world the pain of our peoples, the lamentations of orphaned children and the cry of our Mother Earth whose natural resources are being depleted and with them, our people who are struggling to survive.<\/p>\n<p>&nbsp;<\/p>\n<p><em>&#8211;Karen Recarte is part of the Lenca Indigenous community and lives in Comayagua, Honduras. She works as a technical advisor in the development of rural projects. She provides training in administration of natural resources, productive management and organization for different Indigenous Peoples.<\/em><\/p>\n<p><em>Cover photo: Karen Recarte<\/em><\/p>\n","protected":false},"excerpt":{"rendered":"<p>By: Karen Recarte The struggles of Indigenous leaders of the Honduran peoples within a multiethnic, multicultural and multilingual country that is made up of four ethnic groups: mestizo or white, Indigenous (Lencas Misquitos, Tolupanes, Chortis, Pech or Payas, Tawahkas), The Gar\u00edfunas and Creole-Anglo-speakers, have turned into streams of blood through the years, under the rule [&hellip;]<\/p>\n","protected":false},"author":1,"featured_media":7370,"comment_status":"closed","ping_status":"closed","sticky":false,"template":"","format":"standard","meta":{"_exactmetrics_skip_tracking":false,"_exactmetrics_sitenote_active":false,"_exactmetrics_sitenote_note":"","_exactmetrics_sitenote_category":0,"jetpack_post_was_ever_published":false,"_jetpack_newsletter_access":"","_jetpack_dont_email_post_to_subs":false,"_jetpack_newsletter_tier_id":0,"_jetpack_memberships_contains_paywalled_content":false,"_jetpack_memberships_contains_paid_content":false,"footnotes":""},"categories":[426,409,415,420,455,1806],"tags":[2310,2312,2313,2311],"class_list":["post-7372","post","type-post","status-publish","format-standard","has-post-thumbnail","hentry","category-corruption","category-culture","category-environment","category-megaprojects-en","category-pagetwo-en","category-social-situation","tag-corruption-in-honduras","tag-garifuna-advocates-assassinated","tag-human-rights-violation-in-honduras","tag-indigenous-peoples-advocates-murdered"],"jetpack_featured_media_url":"https:\/\/i0.wp.com\/www.entremundos.org\/revista\/wp-content\/uploads\/2020\/09\/portada-5.jpg?fit=1549%2C1600&ssl=1","jetpack_shortlink":"https:\/\/wp.me\/p7ljt7-1UU","jetpack-related-posts":[{"id":7599,"url":"https:\/\/www.entremundos.org\/revista\/world\/the-garifuna-fight-for-their-territory\/?lang=en","url_meta":{"origin":7372,"position":0},"title":"The Garifuna Fight for their Territory","author":"Majo Recinos","date":"1 octubre, 2020","format":false,"excerpt":"By Alison Ch\u00e1vez On April 12, 1797, the Garifuna community settled in Honduras as the descendants of Africans who had previously inhabited the island of St. Vincent. Thus began a process in which a total of 47 Garifuna communities would be established along the northern coast of the country. One\u2026","rel":"","context":"En \u00abFrontPage\u00bb","block_context":{"text":"FrontPage","link":"https:\/\/www.entremundos.org\/revista\/category\/frontpage-en\/?lang=en"},"img":{"alt_text":"","src":"https:\/\/i0.wp.com\/www.entremundos.org\/revista\/wp-content\/uploads\/2020\/10\/fb-jorge-calix.jpg?fit=750%2C833&ssl=1&resize=350%2C200","width":350,"height":200,"srcset":"https:\/\/i0.wp.com\/www.entremundos.org\/revista\/wp-content\/uploads\/2020\/10\/fb-jorge-calix.jpg?fit=750%2C833&ssl=1&resize=350%2C200 1x, https:\/\/i0.wp.com\/www.entremundos.org\/revista\/wp-content\/uploads\/2020\/10\/fb-jorge-calix.jpg?fit=750%2C833&ssl=1&resize=525%2C300 1.5x, https:\/\/i0.wp.com\/www.entremundos.org\/revista\/wp-content\/uploads\/2020\/10\/fb-jorge-calix.jpg?fit=750%2C833&ssl=1&resize=700%2C400 2x"},"classes":[]},{"id":2095,"url":"https:\/\/www.entremundos.org\/revista\/economy\/alternative-economy\/livingston-seriously-underrated\/?lang=en","url_meta":{"origin":7372,"position":1},"title":"Livingston, Guatemala: Afro culture on the Caribbean","author":"EntreMundos","date":"14 marzo, 2016","format":false,"excerpt":"By Richard Brown - Editor, EntreMundos Livingston has a bad rap. If you stay at R\u00edo Dulce, 40 kilometers upriver, most tourist spots will tell you Livingston is worth a three-hour visit and no more. They\u2019ll tell you to walk the main street, have a look at the locals, order\u2026","rel":"","context":"En \u00abAlternative Economy\u00bb","block_context":{"text":"Alternative Economy","link":"https:\/\/www.entremundos.org\/revista\/category\/economy\/alternative-economy\/?lang=en"},"img":{"alt_text":"","src":"https:\/\/i0.wp.com\/www.entremundos.org\/revista\/wp-content\/uploads\/2016\/03\/img_5406-copia.jpg?fit=1200%2C827&ssl=1&resize=350%2C200","width":350,"height":200,"srcset":"https:\/\/i0.wp.com\/www.entremundos.org\/revista\/wp-content\/uploads\/2016\/03\/img_5406-copia.jpg?fit=1200%2C827&ssl=1&resize=350%2C200 1x, https:\/\/i0.wp.com\/www.entremundos.org\/revista\/wp-content\/uploads\/2016\/03\/img_5406-copia.jpg?fit=1200%2C827&ssl=1&resize=525%2C300 1.5x, https:\/\/i0.wp.com\/www.entremundos.org\/revista\/wp-content\/uploads\/2016\/03\/img_5406-copia.jpg?fit=1200%2C827&ssl=1&resize=700%2C400 2x, https:\/\/i0.wp.com\/www.entremundos.org\/revista\/wp-content\/uploads\/2016\/03\/img_5406-copia.jpg?fit=1200%2C827&ssl=1&resize=1050%2C600 3x"},"classes":[]},{"id":2647,"url":"https:\/\/www.entremundos.org\/revista\/world\/2641\/?lang=en","url_meta":{"origin":7372,"position":2},"title":"COPINH: Defending Lenca Lands","author":"EntreMundos","date":"13 mayo, 2016","format":false,"excerpt":"Cover Photo: Berta C\u00e1ceres. Photo: Prachatai via Flickr By Nicole Tse In the wake of the recent tragedies in Honduras, most people have heard of COPINH either through the media or from other sources. The Civic Council of Popular and Indigenous Organizations of Honduras (Consejo C\u00edvico de Organizaciones Populares e\u2026","rel":"","context":"En \u00abCommunity Action\u00bb","block_context":{"text":"Community Action","link":"https:\/\/www.entremundos.org\/revista\/category\/politics\/community-action-en-2\/?lang=en"},"img":{"alt_text":"","src":"https:\/\/i0.wp.com\/www.entremundos.org\/revista\/wp-content\/uploads\/2016\/05\/24860048504_063e8716cb_o-1.gif?fit=1174%2C658&ssl=1&resize=350%2C200","width":350,"height":200,"srcset":"https:\/\/i0.wp.com\/www.entremundos.org\/revista\/wp-content\/uploads\/2016\/05\/24860048504_063e8716cb_o-1.gif?fit=1174%2C658&ssl=1&resize=350%2C200 1x, https:\/\/i0.wp.com\/www.entremundos.org\/revista\/wp-content\/uploads\/2016\/05\/24860048504_063e8716cb_o-1.gif?fit=1174%2C658&ssl=1&resize=525%2C300 1.5x, https:\/\/i0.wp.com\/www.entremundos.org\/revista\/wp-content\/uploads\/2016\/05\/24860048504_063e8716cb_o-1.gif?fit=1174%2C658&ssl=1&resize=700%2C400 2x, https:\/\/i0.wp.com\/www.entremundos.org\/revista\/wp-content\/uploads\/2016\/05\/24860048504_063e8716cb_o-1.gif?fit=1174%2C658&ssl=1&resize=1050%2C600 3x"},"classes":[]},{"id":2790,"url":"https:\/\/www.entremundos.org\/revista\/economy\/food-security\/nagoyas-deadly-legacy\/?lang=en","url_meta":{"origin":7372,"position":3},"title":"Nagoya&#8217;s deadly legacy","author":"EntreMundos","date":"22 agosto, 2016","format":false,"excerpt":"By REDSAG\u00a0 The Nagoya protocol was generated from the agreement on biological diversity for the conservation of biological diversity, the usage of its components, and the just and equitable participation of the benefits that come from the usage of the genetic resources; it was negotiated at the Environment and Development\u2026","rel":"","context":"En \u00abEnvironment\u00bb","block_context":{"text":"Environment","link":"https:\/\/www.entremundos.org\/revista\/category\/environment\/?lang=en"},"img":{"alt_text":"","src":"https:\/\/i0.wp.com\/www.entremundos.org\/revista\/wp-content\/uploads\/2016\/08\/nagoya.jpg?fit=700%2C320&ssl=1&resize=350%2C200","width":350,"height":200,"srcset":"https:\/\/i0.wp.com\/www.entremundos.org\/revista\/wp-content\/uploads\/2016\/08\/nagoya.jpg?fit=700%2C320&ssl=1&resize=350%2C200 1x, https:\/\/i0.wp.com\/www.entremundos.org\/revista\/wp-content\/uploads\/2016\/08\/nagoya.jpg?fit=700%2C320&ssl=1&resize=525%2C300 1.5x, https:\/\/i0.wp.com\/www.entremundos.org\/revista\/wp-content\/uploads\/2016\/08\/nagoya.jpg?fit=700%2C320&ssl=1&resize=700%2C400 2x"},"classes":[]},{"id":2617,"url":"https:\/\/www.entremundos.org\/revista\/world\/why-did-they-murder-berta-caceres\/?lang=en","url_meta":{"origin":7372,"position":4},"title":"Why did they murder Berta C\u00e1ceres?","author":"EntreMundos","date":"9 mayo, 2016","format":false,"excerpt":"A solidarity banner for Berta C\u00e1ceres in Guatemala City's Constitution Square, 2016. Photo by Patricia Mac\u00edas. \u00a0\u201cThey follow me. They threaten to kill me, to kidnap me. They threaten my family. This is what we face.\u201d \u00a0 \u00a0 \u00a0 \u00a0 \u00a0 Berta C\u00e1ceres By Vicky Gass, Oxfam. On March 2nd,\u2026","rel":"","context":"En \u00abCommunity Action\u00bb","block_context":{"text":"Community Action","link":"https:\/\/www.entremundos.org\/revista\/category\/politics\/community-action-en-2\/?lang=en"},"img":{"alt_text":"","src":"https:\/\/i0.wp.com\/www.entremundos.org\/revista\/wp-content\/uploads\/2016\/05\/img_7493.jpg?fit=1200%2C742&ssl=1&resize=350%2C200","width":350,"height":200,"srcset":"https:\/\/i0.wp.com\/www.entremundos.org\/revista\/wp-content\/uploads\/2016\/05\/img_7493.jpg?fit=1200%2C742&ssl=1&resize=350%2C200 1x, https:\/\/i0.wp.com\/www.entremundos.org\/revista\/wp-content\/uploads\/2016\/05\/img_7493.jpg?fit=1200%2C742&ssl=1&resize=525%2C300 1.5x, https:\/\/i0.wp.com\/www.entremundos.org\/revista\/wp-content\/uploads\/2016\/05\/img_7493.jpg?fit=1200%2C742&ssl=1&resize=700%2C400 2x, https:\/\/i0.wp.com\/www.entremundos.org\/revista\/wp-content\/uploads\/2016\/05\/img_7493.jpg?fit=1200%2C742&ssl=1&resize=1050%2C600 3x"},"classes":[]},{"id":7710,"url":"https:\/\/www.entremundos.org\/revista\/environment\/health-and-nutrition-of-the-chorti-maya-people-and-the-imminent-threat-in-the-face-of-a-lack-of-water\/?lang=en","url_meta":{"origin":7372,"position":5},"title":"Health and nutrition of the Ch\u2019orti\u2019 Maya people and the imminent threat in the face of a lack of water","author":"EntreMundos","date":"15 noviembre, 2020","format":false,"excerpt":"By Norma Sancir \u201cWhen I was growing up with my mother and siblings, we would carry water in tecomates. Back then, the water was nice and healthy. The sources of water were very close to our homes.\u201d Francisco Ram\u00edrez, Ch\u2019orti\u2019 Maya Indigenous Authority from Olopa, Chiquimula. Guatemala is a pluricultural\u2026","rel":"","context":"En \u00abClimate Change\u00bb","block_context":{"text":"Climate Change","link":"https:\/\/www.entremundos.org\/revista\/category\/environment\/climate-change\/?lang=en"},"img":{"alt_text":"","src":"https:\/\/i0.wp.com\/www.entremundos.org\/revista\/wp-content\/uploads\/2020\/10\/foto-portada-scaled.jpg?fit=1200%2C900&ssl=1&resize=350%2C200","width":350,"height":200,"srcset":"https:\/\/i0.wp.com\/www.entremundos.org\/revista\/wp-content\/uploads\/2020\/10\/foto-portada-scaled.jpg?fit=1200%2C900&ssl=1&resize=350%2C200 1x, https:\/\/i0.wp.com\/www.entremundos.org\/revista\/wp-content\/uploads\/2020\/10\/foto-portada-scaled.jpg?fit=1200%2C900&ssl=1&resize=525%2C300 1.5x, https:\/\/i0.wp.com\/www.entremundos.org\/revista\/wp-content\/uploads\/2020\/10\/foto-portada-scaled.jpg?fit=1200%2C900&ssl=1&resize=700%2C400 2x, https:\/\/i0.wp.com\/www.entremundos.org\/revista\/wp-content\/uploads\/2020\/10\/foto-portada-scaled.jpg?fit=1200%2C900&ssl=1&resize=1050%2C600 3x"},"classes":[]}],"jetpack_sharing_enabled":true,"_links":{"self":[{"href":"https:\/\/www.entremundos.org\/revista\/wp-json\/wp\/v2\/posts\/7372","targetHints":{"allow":["GET"]}}],"collection":[{"href":"https:\/\/www.entremundos.org\/revista\/wp-json\/wp\/v2\/posts"}],"about":[{"href":"https:\/\/www.entremundos.org\/revista\/wp-json\/wp\/v2\/types\/post"}],"author":[{"embeddable":true,"href":"https:\/\/www.entremundos.org\/revista\/wp-json\/wp\/v2\/users\/1"}],"replies":[{"embeddable":true,"href":"https:\/\/www.entremundos.org\/revista\/wp-json\/wp\/v2\/comments?post=7372"}],"version-history":[{"count":6,"href":"https:\/\/www.entremundos.org\/revista\/wp-json\/wp\/v2\/posts\/7372\/revisions"}],"predecessor-version":[{"id":7437,"href":"https:\/\/www.entremundos.org\/revista\/wp-json\/wp\/v2\/posts\/7372\/revisions\/7437"}],"wp:featuredmedia":[{"embeddable":true,"href":"https:\/\/www.entremundos.org\/revista\/wp-json\/wp\/v2\/media\/7370"}],"wp:attachment":[{"href":"https:\/\/www.entremundos.org\/revista\/wp-json\/wp\/v2\/media?parent=7372"}],"wp:term":[{"taxonomy":"category","embeddable":true,"href":"https:\/\/www.entremundos.org\/revista\/wp-json\/wp\/v2\/categories?post=7372"},{"taxonomy":"post_tag","embeddable":true,"href":"https:\/\/www.entremundos.org\/revista\/wp-json\/wp\/v2\/tags?post=7372"}],"curies":[{"name":"wp","href":"https:\/\/api.w.org\/{rel}","templated":true}]}}