{"id":7465,"date":"2020-10-10T13:35:43","date_gmt":"2020-10-10T21:35:43","guid":{"rendered":"http:\/\/www.entremundos.org\/revista\/?p=7465"},"modified":"2020-10-20T17:47:50","modified_gmt":"2020-10-21T01:47:50","slug":"una-mirada-a-la-educacion-indigena-el-caso-de-la-comunidad-mazateca","status":"publish","type":"post","link":"https:\/\/www.entremundos.org\/revista\/mundo\/una-mirada-a-la-educacion-indigena-el-caso-de-la-comunidad-mazateca\/","title":{"rendered":"Una mirada a la educaci\u00f3n Ind\u00edgena: El caso de la comunidad mazateca"},"content":{"rendered":"<p><strong>Por: Diego Landeta<\/strong><\/p>\n<p>Hablar de la educaci\u00f3n de los ni\u00f1os, ni\u00f1as, adolescentes, y j\u00f3venes Ind\u00edgenas en estos tiempos, es hablar de situaciones que han sido olvidadas, invisibilizadas e incluso ignoradas por el Estado. En casi todos los pa\u00edses del mundo la enfermedad causada por el virus (COVID-19) ha generado situaciones bastantes complejas en el \u00e1mbito pol\u00edtico, econ\u00f3mico y educativo. Bajo este contexto, algunos se preguntar\u00e1n \u00bfha afectado la pandemia a la educaci\u00f3n de las comunidades Ind\u00edgenas? \u00bfc\u00f3mo viven estas comunidades en estos tiempos? Quiero contar la experiencia espec\u00edfica en cuanto a la situaci\u00f3n de educaci\u00f3n de mi comunidad de Mazatl\u00e1n Villa de Flores, Oaxaca, perteneciente a la cultura mazateca alta.<\/p>\n<p>El pueblo de Mazatl\u00e1n Villa de Flores se encuentra en la regi\u00f3n ca\u00f1ada del estado de Oaxaca. Un pueblo que a\u00fan conserva su lengua, territorio, tradiciones, costumbres, y cosmovisiones. En la comunidad casi toda la gente mayor es monoling\u00fce en idioma mazateco, son los ni\u00f1os y j\u00f3venes quienes por necesidad, han comenzado a utilizar m\u00e1s el idioma espa\u00f1ol (por d\u00e9cadas, se ha considerado al espa\u00f1ol como una lengua de prestigio frente a los idiomas de los pueblos originarios). En mi regi\u00f3n, para acceder a servicios educativos y de salud, o para obtener un trabajo, el espa\u00f1ol es la lengua para hacerlo, por lo que hoy en d\u00eda es evidente que todos aspiren a hablar el espa\u00f1ol ante que el mazateco.<\/p>\n<p><a href=\"https:\/\/i0.wp.com\/www.entremundos.org\/revista\/wp-content\/uploads\/2020\/09\/img_20190930_161905374.jpg\"><img data-recalc-dims=\"1\" loading=\"lazy\" decoding=\"async\" class=\" wp-image-7468 alignright\" src=\"https:\/\/i0.wp.com\/www.entremundos.org\/revista\/wp-content\/uploads\/2020\/09\/img_20190930_161905374-300x225.jpg?resize=321%2C241\" alt=\"\" width=\"321\" height=\"241\" srcset=\"https:\/\/i0.wp.com\/www.entremundos.org\/revista\/wp-content\/uploads\/2020\/09\/img_20190930_161905374.jpg?resize=300%2C225&amp;ssl=1 300w, https:\/\/i0.wp.com\/www.entremundos.org\/revista\/wp-content\/uploads\/2020\/09\/img_20190930_161905374.jpg?resize=1024%2C768&amp;ssl=1 1024w, https:\/\/i0.wp.com\/www.entremundos.org\/revista\/wp-content\/uploads\/2020\/09\/img_20190930_161905374.jpg?resize=768%2C576&amp;ssl=1 768w, https:\/\/i0.wp.com\/www.entremundos.org\/revista\/wp-content\/uploads\/2020\/09\/img_20190930_161905374.jpg?resize=1536%2C1152&amp;ssl=1 1536w, https:\/\/i0.wp.com\/www.entremundos.org\/revista\/wp-content\/uploads\/2020\/09\/img_20190930_161905374.jpg?resize=72%2C54&amp;ssl=1 72w, https:\/\/i0.wp.com\/www.entremundos.org\/revista\/wp-content\/uploads\/2020\/09\/img_20190930_161905374.jpg?resize=335%2C251&amp;ssl=1 335w, https:\/\/i0.wp.com\/www.entremundos.org\/revista\/wp-content\/uploads\/2020\/09\/img_20190930_161905374.jpg?resize=1050%2C788&amp;ssl=1 1050w, https:\/\/i0.wp.com\/www.entremundos.org\/revista\/wp-content\/uploads\/2020\/09\/img_20190930_161905374.jpg?w=1600&amp;ssl=1 1600w, https:\/\/i0.wp.com\/www.entremundos.org\/revista\/wp-content\/uploads\/2020\/09\/img_20190930_161905374.jpg?w=1280&amp;ssl=1 1280w\" sizes=\"auto, (max-width: 321px) 100vw, 321px\" \/><\/a>Ahora bien, para entender la situaci\u00f3n educativa actual de los ni\u00f1os y j\u00f3venes mazatecos, hay que hacer una retrospectiva desde el cierre de las escuelas en nuestro pa\u00eds, cuando se implement\u00f3 el programa \u201cAprende en casa\u201d. Para muchas comunidades originarias, especialmente para los docentes estudiantes y padres de familia Ind\u00edgenas, el programa caus\u00f3 cierta insatisfacci\u00f3n, frustraci\u00f3n y desconcierto, porque las autoridades educativas que implementaron dicho programa (desde el gobierno) asumieron que todos ten\u00edan acceso a internet y a plataformas digitales.<\/p>\n<p>Sin embargo, la realidad en Mazatl\u00e1n es otra, porque debido a la pobreza y al olvido de los gobiernos, pocos estudiantes mazatecos tienen la posibilidad de acceder a la tecnolog\u00eda (computadora e internet), a pesar de ser necesario; algunos maestros han hecho lo posible para que estos ni\u00f1os aprendan en casa implementado sus propias estrategias, como llevar las tareas a los hogares de los ni\u00f1os o pegando la informaci\u00f3n con las tareas en las escuelas. Es complicado que los ni\u00f1os, ni\u00f1as y j\u00f3venes que viven en comunidades aisladas -donde ni los servicios b\u00e1sicos ni siquiera llegan- puedan adaptarse a esta metodolog\u00eda, por lo que quedan excluidas.<\/p>\n<p>Sabiendo que durante d\u00e9cadas la educaci\u00f3n de nuestros estudiantes mazatecos no ha sido del todo buena, bajo esta situaci\u00f3n ha sido a\u00fan m\u00e1s complejo porque ni los estudiantes, docentes y padres de familia Ind\u00edgenas no tienen las condiciones para enfrentar estas realidades. Esto significa que la educaci\u00f3n en la comunidad mazateca es a\u00fan m\u00e1s cr\u00edtica porque desde nuestro pueblo y para la ni\u00f1ez, la forma de aprender es a trav\u00e9s de la interacci\u00f3n y observaci\u00f3n que realiza en su entorno y de los sujetos, por tanto, en este caso es importante el papel del mediador o el facilitador en su proceso de ense\u00f1anza y aprendizaje.<\/p>\n<p><a href=\"https:\/\/i0.wp.com\/www.entremundos.org\/revista\/wp-content\/uploads\/2020\/09\/img_20200517_115817411.jpg\"><img data-recalc-dims=\"1\" loading=\"lazy\" decoding=\"async\" class=\"alignleft wp-image-7470\" src=\"https:\/\/i0.wp.com\/www.entremundos.org\/revista\/wp-content\/uploads\/2020\/09\/img_20200517_115817411-300x225.jpg?resize=365%2C274\" alt=\"\" width=\"365\" height=\"274\" srcset=\"https:\/\/i0.wp.com\/www.entremundos.org\/revista\/wp-content\/uploads\/2020\/09\/img_20200517_115817411.jpg?resize=300%2C225&amp;ssl=1 300w, https:\/\/i0.wp.com\/www.entremundos.org\/revista\/wp-content\/uploads\/2020\/09\/img_20200517_115817411.jpg?resize=1024%2C768&amp;ssl=1 1024w, https:\/\/i0.wp.com\/www.entremundos.org\/revista\/wp-content\/uploads\/2020\/09\/img_20200517_115817411.jpg?resize=768%2C576&amp;ssl=1 768w, https:\/\/i0.wp.com\/www.entremundos.org\/revista\/wp-content\/uploads\/2020\/09\/img_20200517_115817411.jpg?resize=1536%2C1152&amp;ssl=1 1536w, https:\/\/i0.wp.com\/www.entremundos.org\/revista\/wp-content\/uploads\/2020\/09\/img_20200517_115817411.jpg?resize=72%2C54&amp;ssl=1 72w, https:\/\/i0.wp.com\/www.entremundos.org\/revista\/wp-content\/uploads\/2020\/09\/img_20200517_115817411.jpg?resize=335%2C251&amp;ssl=1 335w, https:\/\/i0.wp.com\/www.entremundos.org\/revista\/wp-content\/uploads\/2020\/09\/img_20200517_115817411.jpg?resize=1050%2C788&amp;ssl=1 1050w, https:\/\/i0.wp.com\/www.entremundos.org\/revista\/wp-content\/uploads\/2020\/09\/img_20200517_115817411.jpg?w=1600&amp;ssl=1 1600w, https:\/\/i0.wp.com\/www.entremundos.org\/revista\/wp-content\/uploads\/2020\/09\/img_20200517_115817411.jpg?w=1280&amp;ssl=1 1280w\" sizes=\"auto, (max-width: 365px) 100vw, 365px\" \/><\/a>Es evidente que el programa \u201cAprende en casa\u201d ha fracasado en la comunidad mazateca, ya que, al no tener clases, muchos estudiantes se dedicaron a las actividades del campo. Adem\u00e1s, en la comunidad la mayor\u00eda de la gente cuenta con un nivel de escolaridad baja, algunos de ellos, ni siquiera concluyeron la primaria, y por eso apoyar a los hijos desde casa fue dif\u00edcil. En este caso me pregunto, \u00bfrealmente aprendieron algo los estudiantes mazatecos con los m\u00e9todos de ense\u00f1anza y aprendizaje a distancia? \u00bfConcluyeron satisfactoriamente su ciclo escolar en nivel, primaria, secundaria y bachillerato? Estas preguntas se plantean para reflexionar un poco en torno a los aprendizajes adquiridos de las y los estudiantes ante la contingencia, ya que no es posible implementar un m\u00e9todo de ense\u00f1anza y aprendizaje a distancia cuando bien sabemos que las realidades de las comunidades son otras.<\/p>\n<p>Considero que el principal reto para el docente al retorno a clases es c\u00f3mo incorporar los conocimientos o contenidos que se han visto afectados por la pandemia, ya que el programa implementado no fue eficiente en los procesos de ense\u00f1anza y aprendizaje de los estudiantes mazatecos. As\u00ed mismo, otra de las cuestiones a plantear es c\u00f3mo se estimular\u00e1 a los estudiantes despu\u00e9s de varios meses sin clases presenciales y c\u00f3mo ser\u00e1 la din\u00e1mica dentro de las clases.<\/p>\n<p>Por otro lado, existe otro desaf\u00edo para los estudiantes, maestros y padres de familia al regreso a clases, porque sabemos que los protocolos y las medidas sanitarias deben ser una prioridad. Como los estudiantes est\u00e1n acostumbrados a jugar y platicar con sus compa\u00f1eros dentro de clase y fuera de ella, \u00bfc\u00f3mo se mantendr\u00e1 el distanciamiento social? En la comunidad, s\u00f3lo existe una farmacia para adquirir productos como cubrebocas y gel antibacterial. Estos son s\u00f3lo algunos de los retos que posiblemente se presenten en el regreso a clases. Considero entonces que es importante que las autoridades educativas implemente una estrategia que coadyuve en el proceso de ense\u00f1anza y aprendizaje de los estudiantes mazatecos<\/p>\n<p>Es necesario implementar un mecanismo de financiamiento de la infraestructura de las escuelas, para la comunidad mazateca, adem\u00e1s el acceso a las redes e incluso dotar dispositivos m\u00f3viles para los estudiantes mazatecos. As\u00ed mismo como los productos que es necesario en estos tiempos como las cubrebocas y gel antibacterial. Adem\u00e1s, brindar un programa de capacitaci\u00f3n para los docentes ind\u00edgenas y estudiantes para el uso de la tecnolog\u00eda, esto como un material para ense\u00f1ar habilidades espec\u00edficas. Considero que es necesario que las autoridades educativas al retorno de las actividades implementen materiales educativos en la lengua mazateca alta para los estudiantes. Lo anterior es un derecho que todos deber\u00edamos tener y de acceder a estos servicios ya que en mi comunidad de Mazatl\u00e1n ha sido excluido hist\u00f3ricamente de los servicios que ha brindado el Estado.<\/p>\n<p><em>&#8211;Juan Diego Landeta es Mazateco y es Licenciado en Educaci\u00f3n Ind\u00edgena con especialidad en dise\u00f1ar, evaluar pol\u00edticas educativas ind\u00edgenas en las comunidades, instituciones del sector privado, organismos no gubernamentales y en las escuelas de distintos niveles con poblaci\u00f3n ind\u00edgena en espacios rurales y urbanos por la Universidad Pedag\u00f3gica Nacional unidad Ajusco, M\u00e9xico. Ha hecho su Servicio Social en el programa del Consejo Nacional de Fomento Educativo (CONAFE) en el Estado de Oaxaca. Colabor\u00f3 en la Secretar\u00eda de Educaci\u00f3n, Ciencia, Tecnolog\u00eda e Innovaci\u00f3n de la CDMX como Residente Universitario.<\/em><\/p>\n","protected":false},"excerpt":{"rendered":"<p>Por: Diego Landeta Hablar de la educaci\u00f3n de los ni\u00f1os, ni\u00f1as, adolescentes, y j\u00f3venes Ind\u00edgenas en estos tiempos, es hablar de situaciones que han sido olvidadas, invisibilizadas e incluso ignoradas por el Estado. En casi todos los pa\u00edses del mundo la enfermedad causada por el virus (COVID-19) ha generado situaciones bastantes complejas en el \u00e1mbito [&hellip;]<\/p>\n","protected":false},"author":1,"featured_media":7466,"comment_status":"closed","ping_status":"closed","sticky":false,"template":"","format":"standard","meta":{"_exactmetrics_skip_tracking":false,"_exactmetrics_sitenote_active":false,"_exactmetrics_sitenote_note":"","_exactmetrics_sitenote_category":0,"jetpack_post_was_ever_published":false,"_jetpack_newsletter_access":"","_jetpack_dont_email_post_to_subs":false,"_jetpack_newsletter_tier_id":0,"_jetpack_memberships_contains_paywalled_content":false,"_jetpack_memberships_contains_paid_content":false,"footnotes":""},"categories":[439,390,454,1772],"tags":[2371,2373,2370,2374,2372],"class_list":["post-7465","post","type-post","status-publish","format-standard","has-post-thumbnail","hentry","category-juventud","category-mundo","category-pagetwo","category-situacion-social","tag-aprendizaje-a-distancia","tag-comunidades-indigenas-y-educacion-durante-covid-19","tag-educacion-durante-pandemia","tag-mexico-2","tag-realidad-educativa"],"jetpack_featured_media_url":"https:\/\/i0.wp.com\/www.entremundos.org\/revista\/wp-content\/uploads\/2020\/09\/img_20190925_111255724.jpg?fit=1600%2C1200&ssl=1","jetpack_shortlink":"https:\/\/wp.me\/p7ljt7-1Wp","jetpack-related-posts":[{"id":12980,"url":"https:\/\/www.entremundos.org\/revista\/mujer\/el-otro-lado-del-viaje-sonado-detras-de-un-espacio-internacional\/","url_meta":{"origin":7465,"position":0},"title":"El otro lado del viaje so\u00f1ado; detr\u00e1s de un espacio internacional","author":"EntreMundos","date":"23 julio, 2025","format":false,"excerpt":"Por Adela Tuy Cuando la gente escucha \u2018Conferencias Internacionales\u2019 piensa en edificios lujosos, gente hablando en ingl\u00e9s, muchas fotos formales y muchos discursos bonitos; tambi\u00e9n en lo elegante de participar en una conferencia y ponerlo en tu curr\u00edculum vitae. Sin embargo, nadie les cuenta sobre lo que hay detr\u00e1s de\u2026","rel":"","context":"En \u00abCine\u00bb","block_context":{"text":"Cine","link":"https:\/\/www.entremundos.org\/revista\/category\/cine\/"},"img":{"alt_text":"","src":"https:\/\/i0.wp.com\/www.entremundos.org\/revista\/wp-content\/uploads\/2025\/07\/20241121_092407-143c-1.jpg?fit=1200%2C800&ssl=1&resize=350%2C200","width":350,"height":200,"srcset":"https:\/\/i0.wp.com\/www.entremundos.org\/revista\/wp-content\/uploads\/2025\/07\/20241121_092407-143c-1.jpg?fit=1200%2C800&ssl=1&resize=350%2C200 1x, https:\/\/i0.wp.com\/www.entremundos.org\/revista\/wp-content\/uploads\/2025\/07\/20241121_092407-143c-1.jpg?fit=1200%2C800&ssl=1&resize=525%2C300 1.5x, https:\/\/i0.wp.com\/www.entremundos.org\/revista\/wp-content\/uploads\/2025\/07\/20241121_092407-143c-1.jpg?fit=1200%2C800&ssl=1&resize=700%2C400 2x, https:\/\/i0.wp.com\/www.entremundos.org\/revista\/wp-content\/uploads\/2025\/07\/20241121_092407-143c-1.jpg?fit=1200%2C800&ssl=1&resize=1050%2C600 3x"},"classes":[]},{"id":12224,"url":"https:\/\/www.entremundos.org\/revista\/mujer\/derechos-sexuales-y-reproductivos-tema-pendiente-en-guatemala\/","url_meta":{"origin":7465,"position":1},"title":"Derechos sexuales y reproductivos; tema pendiente en Guatemala","author":"EntreMundos","date":"15 julio, 2024","format":false,"excerpt":"POR EMMA G\u00d3MEZ Seg\u00fan La Organizaci\u00f3n de las Naciones Unidas de los Derechos Humanos, (ONU-DH), los derechos sexuales y reproductivos est\u00e1n relacionados con la libertad de las personas a decidir sobre su sexualidad y el ejercicio libre de la misma. Algunos derechos pueden ser; ejercer la sexualidad de manera independiente\u2026","rel":"","context":"En \u00abFrontPage\u00bb","block_context":{"text":"FrontPage","link":"https:\/\/www.entremundos.org\/revista\/category\/frontpage\/"},"img":{"alt_text":"","src":"https:\/\/i0.wp.com\/www.entremundos.org\/revista\/wp-content\/uploads\/2024\/07\/444487166_750607893953803_8829963883492089519_n.jpg?fit=1200%2C1158&ssl=1&resize=350%2C200","width":350,"height":200,"srcset":"https:\/\/i0.wp.com\/www.entremundos.org\/revista\/wp-content\/uploads\/2024\/07\/444487166_750607893953803_8829963883492089519_n.jpg?fit=1200%2C1158&ssl=1&resize=350%2C200 1x, https:\/\/i0.wp.com\/www.entremundos.org\/revista\/wp-content\/uploads\/2024\/07\/444487166_750607893953803_8829963883492089519_n.jpg?fit=1200%2C1158&ssl=1&resize=525%2C300 1.5x, https:\/\/i0.wp.com\/www.entremundos.org\/revista\/wp-content\/uploads\/2024\/07\/444487166_750607893953803_8829963883492089519_n.jpg?fit=1200%2C1158&ssl=1&resize=700%2C400 2x, https:\/\/i0.wp.com\/www.entremundos.org\/revista\/wp-content\/uploads\/2024\/07\/444487166_750607893953803_8829963883492089519_n.jpg?fit=1200%2C1158&ssl=1&resize=1050%2C600 3x"},"classes":[]},{"id":11407,"url":"https:\/\/www.entremundos.org\/revista\/politica\/del-papel-a-la-pantalla\/","url_meta":{"origin":7465,"position":2},"title":"Del papel a la pantalla","author":"EntreMundos","date":"10 noviembre, 2023","format":false,"excerpt":"POR EMMA G\u00d3MEZ Dos pa\u00edses golpeados por la corrupci\u00f3n, violaci\u00f3n de los derechos humanos, injusticias, persecuciones y despojos, por mencionar algunos de los males que tienen en com\u00fan Guatemala y El Salvador. El proyecto, Del Papel a la Pantalla, presenta dos propuestas visuales para reflexionar sobre la educaci\u00f3n sexual y\u2026","rel":"","context":"En \u00abAccion Comunitaria\u00bb","block_context":{"text":"Accion Comunitaria","link":"https:\/\/www.entremundos.org\/revista\/category\/politica\/accion-comunitaria-3\/"},"img":{"alt_text":"","src":"https:\/\/i0.wp.com\/www.entremundos.org\/revista\/wp-content\/uploads\/2023\/11\/whatsapp-image-2023-10-23-at-9.54.45-am-2.jpeg?fit=1200%2C800&ssl=1&resize=350%2C200","width":350,"height":200,"srcset":"https:\/\/i0.wp.com\/www.entremundos.org\/revista\/wp-content\/uploads\/2023\/11\/whatsapp-image-2023-10-23-at-9.54.45-am-2.jpeg?fit=1200%2C800&ssl=1&resize=350%2C200 1x, https:\/\/i0.wp.com\/www.entremundos.org\/revista\/wp-content\/uploads\/2023\/11\/whatsapp-image-2023-10-23-at-9.54.45-am-2.jpeg?fit=1200%2C800&ssl=1&resize=525%2C300 1.5x, https:\/\/i0.wp.com\/www.entremundos.org\/revista\/wp-content\/uploads\/2023\/11\/whatsapp-image-2023-10-23-at-9.54.45-am-2.jpeg?fit=1200%2C800&ssl=1&resize=700%2C400 2x, https:\/\/i0.wp.com\/www.entremundos.org\/revista\/wp-content\/uploads\/2023\/11\/whatsapp-image-2023-10-23-at-9.54.45-am-2.jpeg?fit=1200%2C800&ssl=1&resize=1050%2C600 3x"},"classes":[]},{"id":12859,"url":"https:\/\/www.entremundos.org\/revista\/politica\/mujeres-indigenas-y-rurales-en-defensa-del-territorio-frente-al-extractivismo-en-guatemala\/","url_meta":{"origin":7465,"position":3},"title":"Mujeres ind\u00edgenas y rurales en defensa del territorio frente al extractivismo en Guatemala","author":"EntreMundos","date":"21 mayo, 2025","format":false,"excerpt":"Por Asociadas Por lo Justo (JASS) Este es un resumen de un mapeo realizado por JASS, para compartir sus an\u00e1lisis, sus luchas y los impactos en sus vidas. El objetivo es contar las luchas por el territorio frente al extractivismo en Guatemala e identificar el papel y el impacto en\u2026","rel":"","context":"En \u00abFrontPage\u00bb","block_context":{"text":"FrontPage","link":"https:\/\/www.entremundos.org\/revista\/category\/frontpage\/"},"img":{"alt_text":"","src":"https:\/\/i0.wp.com\/www.entremundos.org\/revista\/wp-content\/uploads\/2025\/05\/2-scaled.png?fit=1200%2C843&ssl=1&resize=350%2C200","width":350,"height":200,"srcset":"https:\/\/i0.wp.com\/www.entremundos.org\/revista\/wp-content\/uploads\/2025\/05\/2-scaled.png?fit=1200%2C843&ssl=1&resize=350%2C200 1x, https:\/\/i0.wp.com\/www.entremundos.org\/revista\/wp-content\/uploads\/2025\/05\/2-scaled.png?fit=1200%2C843&ssl=1&resize=525%2C300 1.5x, https:\/\/i0.wp.com\/www.entremundos.org\/revista\/wp-content\/uploads\/2025\/05\/2-scaled.png?fit=1200%2C843&ssl=1&resize=700%2C400 2x, https:\/\/i0.wp.com\/www.entremundos.org\/revista\/wp-content\/uploads\/2025\/05\/2-scaled.png?fit=1200%2C843&ssl=1&resize=1050%2C600 3x"},"classes":[]},{"id":13246,"url":"https:\/\/www.entremundos.org\/revista\/politica\/el-mundo-no-es-como-lo-imaginamos\/","url_meta":{"origin":7465,"position":4},"title":"El mundo no es como lo imaginamos","author":"EntreMundos","date":"17 septiembre, 2025","format":false,"excerpt":"Por Juan Jos\u00e9 Hurtado Paz y Paz \"Ojal\u00e1 viviera en la teor\u00eda, porque en teor\u00eda todo est\u00e1 bien\" \u00a0Cita atribuida a Quino (Joaqu\u00edn Salvador Lavado Tej\u00f3n), en boca de su personaje Mafalda\u00a0 Vivimos en un mundo injusto, desigual, que excluye a las mayor\u00edas de oportunidades y posibilidades, y que niega\u2026","rel":"","context":"En \u00abFrontPage\u00bb","block_context":{"text":"FrontPage","link":"https:\/\/www.entremundos.org\/revista\/category\/frontpage\/"},"img":{"alt_text":"","src":"https:\/\/i0.wp.com\/www.entremundos.org\/revista\/wp-content\/uploads\/2025\/09\/img86.jpg?fit=1200%2C683&ssl=1&resize=350%2C200","width":350,"height":200,"srcset":"https:\/\/i0.wp.com\/www.entremundos.org\/revista\/wp-content\/uploads\/2025\/09\/img86.jpg?fit=1200%2C683&ssl=1&resize=350%2C200 1x, https:\/\/i0.wp.com\/www.entremundos.org\/revista\/wp-content\/uploads\/2025\/09\/img86.jpg?fit=1200%2C683&ssl=1&resize=525%2C300 1.5x, https:\/\/i0.wp.com\/www.entremundos.org\/revista\/wp-content\/uploads\/2025\/09\/img86.jpg?fit=1200%2C683&ssl=1&resize=700%2C400 2x, https:\/\/i0.wp.com\/www.entremundos.org\/revista\/wp-content\/uploads\/2025\/09\/img86.jpg?fit=1200%2C683&ssl=1&resize=1050%2C600 3x"},"classes":[]},{"id":10580,"url":"https:\/\/www.entremundos.org\/revista\/politica\/desalojos-aumentan-durante-el-gobierno-de-alejandro-giammattei\/","url_meta":{"origin":7465,"position":5},"title":"Desalojos aumentan durante el gobierno de Alejandro Giammattei","author":"EntreMundos","date":"8 marzo, 2023","format":false,"excerpt":"Por Gilberto Escobar\u00a0 En Guatemala, durante los \u00faltimos a\u00f1os, los desalojos han ido en aumento y se han dado en dos modalidades: los desalojos legales que tienen una orden judicial y los extrajudiciales, los que\u00a0 no van acompa\u00f1ados de ninguna orden de un juez y que ocurren\u00a0 en horas de\u2026","rel":"","context":"En \u00abBosques\u00bb","block_context":{"text":"Bosques","link":"https:\/\/www.entremundos.org\/revista\/category\/medio-ambiente\/bosques\/"},"img":{"alt_text":"","src":"https:\/\/i0.wp.com\/www.entremundos.org\/revista\/wp-content\/uploads\/2023\/03\/portada.jpg?fit=1024%2C768&ssl=1&resize=350%2C200","width":350,"height":200,"srcset":"https:\/\/i0.wp.com\/www.entremundos.org\/revista\/wp-content\/uploads\/2023\/03\/portada.jpg?fit=1024%2C768&ssl=1&resize=350%2C200 1x, https:\/\/i0.wp.com\/www.entremundos.org\/revista\/wp-content\/uploads\/2023\/03\/portada.jpg?fit=1024%2C768&ssl=1&resize=525%2C300 1.5x, https:\/\/i0.wp.com\/www.entremundos.org\/revista\/wp-content\/uploads\/2023\/03\/portada.jpg?fit=1024%2C768&ssl=1&resize=700%2C400 2x"},"classes":[]}],"jetpack_sharing_enabled":true,"_links":{"self":[{"href":"https:\/\/www.entremundos.org\/revista\/wp-json\/wp\/v2\/posts\/7465","targetHints":{"allow":["GET"]}}],"collection":[{"href":"https:\/\/www.entremundos.org\/revista\/wp-json\/wp\/v2\/posts"}],"about":[{"href":"https:\/\/www.entremundos.org\/revista\/wp-json\/wp\/v2\/types\/post"}],"author":[{"embeddable":true,"href":"https:\/\/www.entremundos.org\/revista\/wp-json\/wp\/v2\/users\/1"}],"replies":[{"embeddable":true,"href":"https:\/\/www.entremundos.org\/revista\/wp-json\/wp\/v2\/comments?post=7465"}],"version-history":[{"count":1,"href":"https:\/\/www.entremundos.org\/revista\/wp-json\/wp\/v2\/posts\/7465\/revisions"}],"predecessor-version":[{"id":7472,"href":"https:\/\/www.entremundos.org\/revista\/wp-json\/wp\/v2\/posts\/7465\/revisions\/7472"}],"wp:featuredmedia":[{"embeddable":true,"href":"https:\/\/www.entremundos.org\/revista\/wp-json\/wp\/v2\/media\/7466"}],"wp:attachment":[{"href":"https:\/\/www.entremundos.org\/revista\/wp-json\/wp\/v2\/media?parent=7465"}],"wp:term":[{"taxonomy":"category","embeddable":true,"href":"https:\/\/www.entremundos.org\/revista\/wp-json\/wp\/v2\/categories?post=7465"},{"taxonomy":"post_tag","embeddable":true,"href":"https:\/\/www.entremundos.org\/revista\/wp-json\/wp\/v2\/tags?post=7465"}],"curies":[{"name":"wp","href":"https:\/\/api.w.org\/{rel}","templated":true}]}}