{"id":7517,"date":"2020-10-03T14:14:32","date_gmt":"2020-10-03T22:14:32","guid":{"rendered":"http:\/\/www.entremundos.org\/revista\/?p=7517"},"modified":"2020-10-13T22:18:26","modified_gmt":"2020-10-14T06:18:26","slug":"la-falta-de-interpretes-y-traductores-de-lenguas-indigenas-en-el-sistema-de-justicia-en-mexico","status":"publish","type":"post","link":"https:\/\/www.entremundos.org\/revista\/mundo\/la-falta-de-interpretes-y-traductores-de-lenguas-indigenas-en-el-sistema-de-justicia-en-mexico\/","title":{"rendered":"La falta de int\u00e9rpretes y traductores de lenguas Ind\u00edgenas:  En el sistema de justicia en M\u00e9xico"},"content":{"rendered":"<p><strong>Por Rubina Flores<\/strong><\/p>\n<p>Las personas hablantes de una lengua originaria y que no entienden espa\u00f1ol, tienen el derecho de asistirse de int\u00e9rpretes y traductores en sus propios idiomas cuando \u00e9stos sean parte de un proceso penal o realicen una denuncia, de acuerdo a lo que se\u00f1ala el art\u00edculo 2\u00ba Constitucional apartado A, fracci\u00f3n VIII. Al violar este derecho, autom\u00e1ticamente se comete una falta hacia el acceso a la justicia de los pueblos originarios.<\/p>\n<p>Para que aquellos que no pueden comunicarse en espa\u00f1ol tengan acceso a la justicia ordinaria, se les debe facilitar la asistencia de int\u00e9rpretes en sus idiomas, tomando en cuenta las variantes ling\u00fc\u00edsticas que existen. Seg\u00fan estudios del Instituto Nacional de Lenguas Ind\u00edgenas (INALI), existen 68 lenguas originarias registradas y cada una de ellas cuenta con diferentes variantes ling\u00fc\u00edsticas; es decir, cada una de las variantes de la lengua tiene formas de comunicaci\u00f3n diferentes que hace que se consideren como un idioma. Adem\u00e1s de ello, el contexto en el que se desarrolla un idioma cambia dependiendo de la comunidad.<\/p>\n<p>El acceso a la justicia para los pueblos originarios est\u00e1 pendiente; la situaci\u00f3n de la asistencia de int\u00e9rpretes y traductores de lenguas Ind\u00edgenas est\u00e1 en crisis. A las personas Ind\u00edgenas se les han negado, obstaculizado y vulnerado sus derechos humanos. Los pueblos originarios enfrentan una violaci\u00f3n de sus derechos a la justicia al no ser asistidos por un int\u00e9rprete o traductor de su lengua originaria durante un proceso penal, a pesar de que las lenguas Ind\u00edgenas son el primer idioma de muchos de los habitantes de las diferentes comunidades originarias en M\u00e9xico.<\/p>\n<p>El problema se enfrenta en dos vertientes: primero, al cometer un delito que est\u00e1 tipificado en la legislaci\u00f3n penal como delito, pero que en los usos y costumbres de un pueblo es una pr\u00e1ctica permitida desde a\u00f1os; por ejemplo, cazar un animal que est\u00e1 en peligro de extinci\u00f3n. De esta forma, las personas Ind\u00edgenas se enfrentan a la justicia ordinaria al encontrarse en su propio espacio territorial. En la segunda vertiente, se enfrentan a la justicia ordinaria, al emigrar de su comunidad de origen para mejorar su calidad de vida. Un ejemplo de ello ser\u00eda cuando estos migrantes, se ven involucrados en un delito por el simple hecho de no hablar ni entender el idioma espa\u00f1ol y ser \u201cconfundidos\u201d con otra persona, o estar en el lugar incorrecto; al no poder hablar el idioma de la ciudad, no puede entender la situaci\u00f3n y mucho menos defenderse.<\/p>\n<p>Parte de esta problem\u00e1tica, es causante tambi\u00e9n de que en los centros de readaptaci\u00f3n social existan personas de pueblos originarios que se encuentren aun sin saber de qu\u00e9 delitos se les acusa, o por qu\u00e9 motivo fueron privados de su libertad. Existen estudios que demuestran que la mayor\u00eda de las personas Ind\u00edgenas que fueron juzgadas y procesadas por el sistema de justicia, no recibieron la asistencia de int\u00e9rpretes en su idioma originario, y que aprendieron a hablar espa\u00f1ol durante su tiempo en el centro de readaptaci\u00f3n.<\/p>\n<p>La inasistencia de estas dos figuras tan importantes como parte de un proceso penal es alarmante; el proceso injusto se convierte nuevamente en una clara violaci\u00f3n a los derechos humanos. Por ello, es importante cuestionar estas acciones, con la finalidad de hacer visible la situaci\u00f3n que viven y enfrentan cada d\u00eda las personas pertenecientes de pueblos originarios. Las figuras de int\u00e9rpretes y traductores facilitar\u00edan el cumplimiento de un derecho humano que se\u00f1ala la Constituci\u00f3n mexicana. Ante lo anterior se cuestiona el actuar del gobierno mexicano y su irresponsabilidad en no atender pol\u00edticas p\u00fablicas dirigidas a la capacitaci\u00f3n, profesionalizaci\u00f3n y contrataci\u00f3n de int\u00e9rpretes y traductores de lenguas originarias, para garantizar el art\u00edculo 2\u00ba de la Constituci\u00f3n.<\/p>\n<p>Para hacer realidad el respeto a los derechos humanos de los pueblos originarios a hablar sus lenguas originarias en el sistema de justicia, es necesario, establecer acciones espec\u00edficas que cumplan la asistencia de int\u00e9rpretes y traductores de lenguas originarias, para que sea una realidad acceder a la justicia, en el idioma materno, asisti\u00e9ndose de estas figuras que cumplen un derecho humano. El acceso a la justicia implica la asistencia de int\u00e9rpretes y traductores de lenguas Ind\u00edgenas para brindar un servicio en el sistema de justicia, en el que se encuentran: centros de detenci\u00f3n, fiscal\u00edas p\u00fablicas, juzgados penales y otras \u00e1reas; as\u00ed como en salas de juicios orales, donde se encuentra el mayor n\u00famero de audiencias y el espacio de participaci\u00f3n de una persona que se enfrenta al sistema de justicia castellanizado.<\/p>\n<p>Los pueblos originarios, han sido parte de m\u00faltiples violaciones a sus derechos y a su acceso a la justicia que hoy en d\u00eda siguen enfrentando. La falta de int\u00e9rpretes y traductores de lenguas Ind\u00edgenas, implica la nula atenci\u00f3n a este sector de la poblaci\u00f3n, as\u00ed como a sus lenguas, y la contradicci\u00f3n de conservar y preservar las lenguas originarias que siguen resistiendo y a\u00fan sobreviven en la actualidad.<\/p>\n<p><em>\u2014 Rubina Espinoza Flores pertenece al pueblo Na Savi. Es originaria de la comunidad de Santa Cruz, Municipio de Copanatoyac, Guerrero, M\u00e9xico. Ha sido int\u00e9rprete en procesos penales de la lengua Tu\u2019un Savi. Cuenta con diversos cursos en derechos humanos, derechos de los Pueblos Ind\u00edgenas, entre otros. Ha trabajado en investigaci\u00f3n, interpretaci\u00f3n y traducci\u00f3n de lenguas Ind\u00edgenas en el Sistema de Justicia, derechos ling\u00fc\u00edsticos y derechos de las mujeres Ind\u00edgenas.<\/em><\/p>\n<p><em>Foto de portada por Fernando Rosales<\/em><\/p>\n","protected":false},"excerpt":{"rendered":"<p>Por Rubina Flores Las personas hablantes de una lengua originaria y que no entienden espa\u00f1ol, tienen el derecho de asistirse de int\u00e9rpretes y traductores en sus propios idiomas cuando \u00e9stos sean parte de un proceso penal o realicen una denuncia, de acuerdo a lo que se\u00f1ala el art\u00edculo 2\u00ba Constitucional apartado A, fracci\u00f3n VIII. Al [&hellip;]<\/p>\n","protected":false},"author":1,"featured_media":7518,"comment_status":"closed","ping_status":"closed","sticky":false,"template":"","format":"standard","meta":{"_exactmetrics_skip_tracking":false,"_exactmetrics_sitenote_active":false,"_exactmetrics_sitenote_note":"","_exactmetrics_sitenote_category":0,"jetpack_post_was_ever_published":false,"_jetpack_newsletter_access":"","_jetpack_dont_email_post_to_subs":false,"_jetpack_newsletter_tier_id":0,"_jetpack_memberships_contains_paywalled_content":false,"_jetpack_memberships_contains_paid_content":false,"footnotes":""},"categories":[452,390,1772],"tags":[2396,2394,2374,2391,2395],"class_list":["post-7517","post","type-post","status-publish","format-standard","has-post-thumbnail","hentry","category-frontpage","category-mundo","category-situacion-social","tag-acceso-al-sistema-de-justicia","tag-interpretacion-en-procesos-juridicos-para-pueblos-originarios","tag-mexico-2","tag-proceso-judicial-ineficiente-en-inclusion-indigena","tag-violacion-de-derechos-indigenas"],"jetpack_featured_media_url":"https:\/\/i0.wp.com\/www.entremundos.org\/revista\/wp-content\/uploads\/2020\/10\/fernando-rosales.jpg?fit=800%2C533&ssl=1","jetpack_shortlink":"https:\/\/wp.me\/p7ljt7-1Xf","jetpack-related-posts":[{"id":12859,"url":"https:\/\/www.entremundos.org\/revista\/politica\/mujeres-indigenas-y-rurales-en-defensa-del-territorio-frente-al-extractivismo-en-guatemala\/","url_meta":{"origin":7517,"position":0},"title":"Mujeres ind\u00edgenas y rurales en defensa del territorio frente al extractivismo en Guatemala","author":"EntreMundos","date":"21 mayo, 2025","format":false,"excerpt":"Por Asociadas Por lo Justo (JASS) Este es un resumen de un mapeo realizado por JASS, para compartir sus an\u00e1lisis, sus luchas y los impactos en sus vidas. El objetivo es contar las luchas por el territorio frente al extractivismo en Guatemala e identificar el papel y el impacto en\u2026","rel":"","context":"En \u00abFrontPage\u00bb","block_context":{"text":"FrontPage","link":"https:\/\/www.entremundos.org\/revista\/category\/frontpage\/"},"img":{"alt_text":"","src":"https:\/\/i0.wp.com\/www.entremundos.org\/revista\/wp-content\/uploads\/2025\/05\/2-scaled.png?fit=1200%2C843&ssl=1&resize=350%2C200","width":350,"height":200,"srcset":"https:\/\/i0.wp.com\/www.entremundos.org\/revista\/wp-content\/uploads\/2025\/05\/2-scaled.png?fit=1200%2C843&ssl=1&resize=350%2C200 1x, https:\/\/i0.wp.com\/www.entremundos.org\/revista\/wp-content\/uploads\/2025\/05\/2-scaled.png?fit=1200%2C843&ssl=1&resize=525%2C300 1.5x, https:\/\/i0.wp.com\/www.entremundos.org\/revista\/wp-content\/uploads\/2025\/05\/2-scaled.png?fit=1200%2C843&ssl=1&resize=700%2C400 2x, https:\/\/i0.wp.com\/www.entremundos.org\/revista\/wp-content\/uploads\/2025\/05\/2-scaled.png?fit=1200%2C843&ssl=1&resize=1050%2C600 3x"},"classes":[]},{"id":13642,"url":"https:\/\/www.entremundos.org\/revista\/politica\/las-mujeres-inspiran-es-hora-de-acabar-con-las-brechas-de-desigualdad\/","url_meta":{"origin":7517,"position":1},"title":"Las mujeres inspiran: Es hora de acabar con las brechas de desigualdad","author":"EntreMundos","date":"4 abril, 2026","format":false,"excerpt":"POR MARIANA L\u00d3PEZ La discriminaci\u00f3n y racismo son temas que se han abordado e incluso se ha dicho que ya se han superado estando lejos de ser parte de nuestra realidad, sin embargo, basta con observar para comprender que una cosa es el discurso y otra la pr\u00e1ctica. En la\u2026","rel":"","context":"En \u00abFrontPage\u00bb","block_context":{"text":"FrontPage","link":"https:\/\/www.entremundos.org\/revista\/category\/frontpage\/"},"img":{"alt_text":"","src":"https:\/\/i0.wp.com\/www.entremundos.org\/revista\/wp-content\/uploads\/2026\/03\/649499575_1230883245899060_5224768132019882352_n.jpg?fit=1200%2C800&ssl=1&resize=350%2C200","width":350,"height":200,"srcset":"https:\/\/i0.wp.com\/www.entremundos.org\/revista\/wp-content\/uploads\/2026\/03\/649499575_1230883245899060_5224768132019882352_n.jpg?fit=1200%2C800&ssl=1&resize=350%2C200 1x, https:\/\/i0.wp.com\/www.entremundos.org\/revista\/wp-content\/uploads\/2026\/03\/649499575_1230883245899060_5224768132019882352_n.jpg?fit=1200%2C800&ssl=1&resize=525%2C300 1.5x, https:\/\/i0.wp.com\/www.entremundos.org\/revista\/wp-content\/uploads\/2026\/03\/649499575_1230883245899060_5224768132019882352_n.jpg?fit=1200%2C800&ssl=1&resize=700%2C400 2x, https:\/\/i0.wp.com\/www.entremundos.org\/revista\/wp-content\/uploads\/2026\/03\/649499575_1230883245899060_5224768132019882352_n.jpg?fit=1200%2C800&ssl=1&resize=1050%2C600 3x"},"classes":[]},{"id":12224,"url":"https:\/\/www.entremundos.org\/revista\/mujer\/derechos-sexuales-y-reproductivos-tema-pendiente-en-guatemala\/","url_meta":{"origin":7517,"position":2},"title":"Derechos sexuales y reproductivos; tema pendiente en Guatemala","author":"EntreMundos","date":"15 julio, 2024","format":false,"excerpt":"POR EMMA G\u00d3MEZ Seg\u00fan La Organizaci\u00f3n de las Naciones Unidas de los Derechos Humanos, (ONU-DH), los derechos sexuales y reproductivos est\u00e1n relacionados con la libertad de las personas a decidir sobre su sexualidad y el ejercicio libre de la misma. Algunos derechos pueden ser; ejercer la sexualidad de manera independiente\u2026","rel":"","context":"En \u00abFrontPage\u00bb","block_context":{"text":"FrontPage","link":"https:\/\/www.entremundos.org\/revista\/category\/frontpage\/"},"img":{"alt_text":"","src":"https:\/\/i0.wp.com\/www.entremundos.org\/revista\/wp-content\/uploads\/2024\/07\/444487166_750607893953803_8829963883492089519_n.jpg?fit=1200%2C1158&ssl=1&resize=350%2C200","width":350,"height":200,"srcset":"https:\/\/i0.wp.com\/www.entremundos.org\/revista\/wp-content\/uploads\/2024\/07\/444487166_750607893953803_8829963883492089519_n.jpg?fit=1200%2C1158&ssl=1&resize=350%2C200 1x, https:\/\/i0.wp.com\/www.entremundos.org\/revista\/wp-content\/uploads\/2024\/07\/444487166_750607893953803_8829963883492089519_n.jpg?fit=1200%2C1158&ssl=1&resize=525%2C300 1.5x, https:\/\/i0.wp.com\/www.entremundos.org\/revista\/wp-content\/uploads\/2024\/07\/444487166_750607893953803_8829963883492089519_n.jpg?fit=1200%2C1158&ssl=1&resize=700%2C400 2x, https:\/\/i0.wp.com\/www.entremundos.org\/revista\/wp-content\/uploads\/2024\/07\/444487166_750607893953803_8829963883492089519_n.jpg?fit=1200%2C1158&ssl=1&resize=1050%2C600 3x"},"classes":[]},{"id":13649,"url":"https:\/\/www.entremundos.org\/revista\/politica\/la-urgencia-de-comprender-la-historia-y-sus-lecciones\/","url_meta":{"origin":7517,"position":3},"title":"La urgencia de comprender la historia y sus lecciones","author":"EntreMundos","date":"4 abril, 2026","format":false,"excerpt":"POR JUAN JOS\u00c9 HURTADO PAZ En los \u00faltimos meses se escuchan voces que defienden la intervenci\u00f3n imperialista yanqui contra Venezuela con el argumento aparentemente simple y moralizante: hab\u00eda una dictadura y deb\u00eda ser removida. Bajo esta narrativa, la intervenci\u00f3n externa se presenta como una acci\u00f3n necesaria, casi humanitaria, destinada a\u2026","rel":"","context":"En \u00abFrontPage\u00bb","block_context":{"text":"FrontPage","link":"https:\/\/www.entremundos.org\/revista\/category\/frontpage\/"},"img":{"alt_text":"","src":"","width":0,"height":0},"classes":[]},{"id":11407,"url":"https:\/\/www.entremundos.org\/revista\/politica\/del-papel-a-la-pantalla\/","url_meta":{"origin":7517,"position":4},"title":"Del papel a la pantalla","author":"EntreMundos","date":"10 noviembre, 2023","format":false,"excerpt":"POR EMMA G\u00d3MEZ Dos pa\u00edses golpeados por la corrupci\u00f3n, violaci\u00f3n de los derechos humanos, injusticias, persecuciones y despojos, por mencionar algunos de los males que tienen en com\u00fan Guatemala y El Salvador. El proyecto, Del Papel a la Pantalla, presenta dos propuestas visuales para reflexionar sobre la educaci\u00f3n sexual y\u2026","rel":"","context":"En \u00abAccion Comunitaria\u00bb","block_context":{"text":"Accion Comunitaria","link":"https:\/\/www.entremundos.org\/revista\/category\/politica\/accion-comunitaria-3\/"},"img":{"alt_text":"","src":"https:\/\/i0.wp.com\/www.entremundos.org\/revista\/wp-content\/uploads\/2023\/11\/whatsapp-image-2023-10-23-at-9.54.45-am-2.jpeg?fit=1200%2C800&ssl=1&resize=350%2C200","width":350,"height":200,"srcset":"https:\/\/i0.wp.com\/www.entremundos.org\/revista\/wp-content\/uploads\/2023\/11\/whatsapp-image-2023-10-23-at-9.54.45-am-2.jpeg?fit=1200%2C800&ssl=1&resize=350%2C200 1x, https:\/\/i0.wp.com\/www.entremundos.org\/revista\/wp-content\/uploads\/2023\/11\/whatsapp-image-2023-10-23-at-9.54.45-am-2.jpeg?fit=1200%2C800&ssl=1&resize=525%2C300 1.5x, https:\/\/i0.wp.com\/www.entremundos.org\/revista\/wp-content\/uploads\/2023\/11\/whatsapp-image-2023-10-23-at-9.54.45-am-2.jpeg?fit=1200%2C800&ssl=1&resize=700%2C400 2x, https:\/\/i0.wp.com\/www.entremundos.org\/revista\/wp-content\/uploads\/2023\/11\/whatsapp-image-2023-10-23-at-9.54.45-am-2.jpeg?fit=1200%2C800&ssl=1&resize=1050%2C600 3x"},"classes":[]},{"id":10833,"url":"https:\/\/www.entremundos.org\/revista\/politica\/violencia-contra-las-mujeres-dominio-masculino-en-la-politica\/","url_meta":{"origin":7517,"position":5},"title":"Violencia contra las mujeres: dominio masculino en la pol\u00edtica","author":"EntreMundos","date":"29 mayo, 2023","format":false,"excerpt":"Silvia Lilian Trujillo La violencia pol\u00edtica es sistem\u00e1tica y permanente, se produce para inhibir, ralentizar o restringir la participaci\u00f3n pol\u00edtica de mujeres, en el marco de un sistema que se resiste a aceptar su igualdad de derechos. Mientras no se trabaje para acabar con esta violencia espec\u00edfica la calidad de\u2026","rel":"","context":"En \u00abFrontPage\u00bb","block_context":{"text":"FrontPage","link":"https:\/\/www.entremundos.org\/revista\/category\/frontpage\/"},"img":{"alt_text":"","src":"https:\/\/i0.wp.com\/www.entremundos.org\/revista\/wp-content\/uploads\/2023\/05\/000_16w772-1.jpg?fit=1200%2C799&ssl=1&resize=350%2C200","width":350,"height":200,"srcset":"https:\/\/i0.wp.com\/www.entremundos.org\/revista\/wp-content\/uploads\/2023\/05\/000_16w772-1.jpg?fit=1200%2C799&ssl=1&resize=350%2C200 1x, https:\/\/i0.wp.com\/www.entremundos.org\/revista\/wp-content\/uploads\/2023\/05\/000_16w772-1.jpg?fit=1200%2C799&ssl=1&resize=525%2C300 1.5x, https:\/\/i0.wp.com\/www.entremundos.org\/revista\/wp-content\/uploads\/2023\/05\/000_16w772-1.jpg?fit=1200%2C799&ssl=1&resize=700%2C400 2x, https:\/\/i0.wp.com\/www.entremundos.org\/revista\/wp-content\/uploads\/2023\/05\/000_16w772-1.jpg?fit=1200%2C799&ssl=1&resize=1050%2C600 3x"},"classes":[]}],"jetpack_sharing_enabled":true,"_links":{"self":[{"href":"https:\/\/www.entremundos.org\/revista\/wp-json\/wp\/v2\/posts\/7517","targetHints":{"allow":["GET"]}}],"collection":[{"href":"https:\/\/www.entremundos.org\/revista\/wp-json\/wp\/v2\/posts"}],"about":[{"href":"https:\/\/www.entremundos.org\/revista\/wp-json\/wp\/v2\/types\/post"}],"author":[{"embeddable":true,"href":"https:\/\/www.entremundos.org\/revista\/wp-json\/wp\/v2\/users\/1"}],"replies":[{"embeddable":true,"href":"https:\/\/www.entremundos.org\/revista\/wp-json\/wp\/v2\/comments?post=7517"}],"version-history":[{"count":1,"href":"https:\/\/www.entremundos.org\/revista\/wp-json\/wp\/v2\/posts\/7517\/revisions"}],"predecessor-version":[{"id":7520,"href":"https:\/\/www.entremundos.org\/revista\/wp-json\/wp\/v2\/posts\/7517\/revisions\/7520"}],"wp:featuredmedia":[{"embeddable":true,"href":"https:\/\/www.entremundos.org\/revista\/wp-json\/wp\/v2\/media\/7518"}],"wp:attachment":[{"href":"https:\/\/www.entremundos.org\/revista\/wp-json\/wp\/v2\/media?parent=7517"}],"wp:term":[{"taxonomy":"category","embeddable":true,"href":"https:\/\/www.entremundos.org\/revista\/wp-json\/wp\/v2\/categories?post=7517"},{"taxonomy":"post_tag","embeddable":true,"href":"https:\/\/www.entremundos.org\/revista\/wp-json\/wp\/v2\/tags?post=7517"}],"curies":[{"name":"wp","href":"https:\/\/api.w.org\/{rel}","templated":true}]}}