{"id":7538,"date":"2020-10-07T15:14:55","date_gmt":"2020-10-07T23:14:55","guid":{"rendered":"http:\/\/www.entremundos.org\/revista\/?p=7538"},"modified":"2020-10-13T22:16:59","modified_gmt":"2020-10-14T06:16:59","slug":"el-significado-de-tierra-territorio-desde-la-cosmovision-indigena","status":"publish","type":"post","link":"https:\/\/www.entremundos.org\/revista\/medio-ambiente\/el-significado-de-tierra-territorio-desde-la-cosmovision-indigena\/","title":{"rendered":"El significado de Tierra, Territorio desde la cosmovisi\u00f3n Ind\u00edgena"},"content":{"rendered":"<p><strong>Por Dad Neba*<\/strong><\/p>\n<p>Para los Pueblos Ind\u00edgenas nuestras tierras, territorios y recursos, son elementos fundamentales que permiten la continuidad hist\u00f3rica y la plenitud de la vida, la espiritualidad y el desarrollo social, cultural, econ\u00f3mico, pol\u00edtico y humano, vinculado a nuestra cosmovisi\u00f3n, la cual consiste en la relaci\u00f3n profunda con la Madre Tierra. La institucionalidad de los Pueblos Ind\u00edgenas, expresada a trav\u00e9s de las instituciones, autoridades ancestrales, sistema de participaci\u00f3n pol\u00edtica y sistema jur\u00eddico propio, permiten la convivencia arm\u00f3nica, la gesti\u00f3n y gobernanza territorial.<\/p>\n<p>Uno de los grandes aportes que los Pueblos Ind\u00edgenas hemos dado al conocimiento occidental, es la concepci\u00f3n que tenemos de la Tierra, que para nosotros es la vida misma, es nuestro hogar. Entendemos a la tierra no como una simple extensi\u00f3n de un territorio o como una fuente de producci\u00f3n, sino como el conjunto de elementos que lo componen, manifestando nuestro respeto hacia ello.<\/p>\n<p>Por tal raz\u00f3n, no podemos hablar de elementos separados. \u201cPara nosotros el mundo no es algo que se pueda dividir en \u00abcasillitas\u00bb, sino que es algo integral, con todos sus componentes, con todo lo que existe en la naturaleza, con lo que produce en ella y en su relaci\u00f3n con los conocimientos. Nuestro mundo es una circunferencia, donde est\u00e1n los dioses, los sitios sagrados, las grandes rocas, los grandes r\u00edos, las monta\u00f1as; donde est\u00e1n las plantas y los animales, donde sale el sol, el rayo solar que pre\u00f1a la tierra para que ella pueda parir. Y ah\u00ed est\u00e1 tambi\u00e9n el Ind\u00edgena, haciendo parte de la naturaleza\u201d, menciona Lorenzo Muelas Hurtado, Ind\u00edgena Guambiano del suroccidente de Colombia.<\/p>\n<p><a href=\"https:\/\/i0.wp.com\/www.entremundos.org\/revista\/wp-content\/uploads\/2020\/10\/bigbi-sobe.png\"><img data-recalc-dims=\"1\" loading=\"lazy\" decoding=\"async\" class=\"alignright wp-image-7541\" src=\"https:\/\/i0.wp.com\/www.entremundos.org\/revista\/wp-content\/uploads\/2020\/10\/bigbi-sobe-300x200.png?resize=391%2C261\" alt=\"\" width=\"391\" height=\"261\" srcset=\"https:\/\/i0.wp.com\/www.entremundos.org\/revista\/wp-content\/uploads\/2020\/10\/bigbi-sobe.png?resize=300%2C200&amp;ssl=1 300w, https:\/\/i0.wp.com\/www.entremundos.org\/revista\/wp-content\/uploads\/2020\/10\/bigbi-sobe.png?resize=1024%2C683&amp;ssl=1 1024w, https:\/\/i0.wp.com\/www.entremundos.org\/revista\/wp-content\/uploads\/2020\/10\/bigbi-sobe.png?resize=768%2C512&amp;ssl=1 768w, https:\/\/i0.wp.com\/www.entremundos.org\/revista\/wp-content\/uploads\/2020\/10\/bigbi-sobe.png?resize=1536%2C1024&amp;ssl=1 1536w, https:\/\/i0.wp.com\/www.entremundos.org\/revista\/wp-content\/uploads\/2020\/10\/bigbi-sobe.png?resize=2048%2C1365&amp;ssl=1 2048w, https:\/\/i0.wp.com\/www.entremundos.org\/revista\/wp-content\/uploads\/2020\/10\/bigbi-sobe.png?resize=335%2C223&amp;ssl=1 335w, https:\/\/i0.wp.com\/www.entremundos.org\/revista\/wp-content\/uploads\/2020\/10\/bigbi-sobe.png?resize=1050%2C700&amp;ssl=1 1050w, https:\/\/i0.wp.com\/www.entremundos.org\/revista\/wp-content\/uploads\/2020\/10\/bigbi-sobe.png?w=1280&amp;ssl=1 1280w, https:\/\/i0.wp.com\/www.entremundos.org\/revista\/wp-content\/uploads\/2020\/10\/bigbi-sobe.png?w=1920&amp;ssl=1 1920w\" sizes=\"auto, (max-width: 391px) 100vw, 391px\" \/><\/a>Bajo estos principios claramente establecidos, nosotros, el pueblo Kuna sabemos el papel que nos corresponde, que es la defensa de la Madre Tierra. El ser humano vino a ella para cuidarla, protegerla y sostenerla. Los mismos principios son usados tambi\u00e9n cuando se trata de consejos a los hijos, con relaci\u00f3n a la progenitora. As\u00ed, el hombre se constituye en hijo con una obligaci\u00f3n natural de defensa, cuidado, sost\u00e9n y de no maltrato hacia nuestra morada. La defensa de la Madre Tierra no surge \u00fanicamente de la utilidad temporal que ella pueda ofrecer al hombre, sino que nace por una obligaci\u00f3n y gratitud hacia ella.<\/p>\n<p>Nuestros padres entienden a la Madre Tierra como la madre que nos acoge, envuelve y humaniza. La vida de nuestros Pueblos Ind\u00edgenas se refleja en la fuerza de la misma tierra. El futuro de nuestros Pueblos Originarios, su utop\u00eda, su proyecto de vida, se enmarca desde la maternidad de la tierra, desde el cuidado colectivo de la tierra, desde la sacralidad de la tierra. Por eso, cuando se les niega el derecho a tener la Comarca, Reserva o Territorio, no se les niega solamente la fuente de sus alimentos, sino la misma fuente de su ser, de su identidad, de su historia, de su religi\u00f3n, de su derecho inalienable de ser Pueblo Kuna, Pueblo Ember\u00e1, Pueblo Ng\u00e4be, Pueblo Bugl\u00e9, Pueblo Bribri, Pueblo Waunnan, Pueblo Naso.<\/p>\n<p>La tierra como madre enmarca todo aquello que da al hombre su raz\u00f3n y su posibilidad de ser persona, y no s\u00f3lo le posibilita la alimentaci\u00f3n. Seg\u00fan esta concepci\u00f3n, la perfecci\u00f3n del hombre, consecuentemente de un pueblo, solamente se da con la vitalidad que posee la Madre Tierra y ella tambi\u00e9n abre el camino al alma despu\u00e9s de la muerte. Y de ah\u00ed nos nace a los Ind\u00edgenas el trato filial a la misma tierra, a la selva, y un trato fraterno a los hijos de esa Madre: los \u00e1rboles y los animales.<\/p>\n<p>Nuestros padres no pueden arrasar y destruir la selva, porque solamente en el equilibrio con la tierra vamos a encontrar nuestro equilibrio como pueblo. Como Ind\u00edgenas, no es posible trabajar en una sola finca hasta cansarla; ella \u00abnecesita descansar\u00bb para luego rendir con mucho m\u00e1s impulso. \u00abLa selva es nuestra gran nevera, nuestra gran ferreter\u00eda, nuestro gran mercado. Cuando tenemos hambre, sacamos de ah\u00ed la carne fresca; cuando no tenemos casa, buscamos nuestros clavos, nuestros techos; cuando nos enfermamos, recurrimos a sus ra\u00edces, a sus hojas. Por lo tanto tenemos que custodiar nuestra nevera, defender nuestra farmacia, nuestra ferreter\u00eda. As\u00ed como al \u201cUaga\u201d (no Ind\u00edgena) no le gustar\u00eda que se llevar\u00e1n su refrigerador, porque tiene guardados ah\u00ed los alimentos para su familia, as\u00ed tampoco nosotros podemos permitir que nos vengan a robar nuestra nevera, nuestra farmacia, nuestro mercado\u00bb, comentaba sabiamente un l\u00edder sabio Kuna en una sesi\u00f3n de nuestro Congreso General Kuna.<\/p>\n<p><a href=\"https:\/\/i0.wp.com\/www.entremundos.org\/revista\/wp-content\/uploads\/2020\/10\/emberas-scaled.jpg\"><img data-recalc-dims=\"1\" loading=\"lazy\" decoding=\"async\" class=\" wp-image-7543 alignleft\" src=\"https:\/\/i0.wp.com\/www.entremundos.org\/revista\/wp-content\/uploads\/2020\/10\/emberas-300x225.jpg?resize=393%2C295\" alt=\"\" width=\"393\" height=\"295\" srcset=\"https:\/\/i0.wp.com\/www.entremundos.org\/revista\/wp-content\/uploads\/2020\/10\/emberas-scaled.jpg?resize=300%2C225&amp;ssl=1 300w, https:\/\/i0.wp.com\/www.entremundos.org\/revista\/wp-content\/uploads\/2020\/10\/emberas-scaled.jpg?resize=1024%2C768&amp;ssl=1 1024w, https:\/\/i0.wp.com\/www.entremundos.org\/revista\/wp-content\/uploads\/2020\/10\/emberas-scaled.jpg?resize=768%2C576&amp;ssl=1 768w, https:\/\/i0.wp.com\/www.entremundos.org\/revista\/wp-content\/uploads\/2020\/10\/emberas-scaled.jpg?resize=1536%2C1152&amp;ssl=1 1536w, https:\/\/i0.wp.com\/www.entremundos.org\/revista\/wp-content\/uploads\/2020\/10\/emberas-scaled.jpg?resize=2048%2C1536&amp;ssl=1 2048w, https:\/\/i0.wp.com\/www.entremundos.org\/revista\/wp-content\/uploads\/2020\/10\/emberas-scaled.jpg?resize=72%2C54&amp;ssl=1 72w, https:\/\/i0.wp.com\/www.entremundos.org\/revista\/wp-content\/uploads\/2020\/10\/emberas-scaled.jpg?resize=335%2C251&amp;ssl=1 335w, https:\/\/i0.wp.com\/www.entremundos.org\/revista\/wp-content\/uploads\/2020\/10\/emberas-scaled.jpg?resize=1050%2C788&amp;ssl=1 1050w, https:\/\/i0.wp.com\/www.entremundos.org\/revista\/wp-content\/uploads\/2020\/10\/emberas-scaled.jpg?w=1280&amp;ssl=1 1280w, https:\/\/i0.wp.com\/www.entremundos.org\/revista\/wp-content\/uploads\/2020\/10\/emberas-scaled.jpg?w=1920&amp;ssl=1 1920w\" sizes=\"auto, (max-width: 393px) 100vw, 393px\" \/><\/a>Nuestra conciencia de Pueblos Ind\u00edgenas, en relaci\u00f3n con la Madre Tierra, es de hijos que defienden a su madre y no de propietarios que quieren sacar m\u00e1s dinero de ella; esto se contrapone a aquella que vive sobre ella, se sirve de ella y la puede vender al mejor postor cuando quiera, porque de ella no recibe ni su historia, ni su identidad, ni mucho menos su ser en y con el mundo. El amor y el derecho de poseer la tierra de nuestros Pueblos Ind\u00edgenas, -que lleva como consecuencia las exigencias de demarcaciones legales de la misma por la voraz amenaza de los acaparadores- y los proyectos de ley nacidos de nuestros Congresos Generales no pueden ser captados solamente por la v\u00eda f\u00e1cil de constitucionalismos o anticonstitucionalismos.<\/p>\n<p>Los Ind\u00edgenas no podemos ni debemos permitir que nos quiten las pocas tierras que nos quedan, de tanto acaparamiento y saqueo. No s\u00f3lo se trata de la muerte de nuestros sembrados, de la destrucci\u00f3n de nuestros bosques, de la contaminaci\u00f3n de nuestros r\u00edos, sino que se trata de algo mucho m\u00e1s grave: de nuestra muerte f\u00edsica y espiritual como pueblos, de la muerte de nuestras religiones, de nuestras culturas, de nuestro derecho fundamental de ser como queremos sobre esta tierra. Las relaciones que se dan entre tierra, cultura, religi\u00f3n, identidad e historia en la concepci\u00f3n y vivencia de nuestros Pueblos Ind\u00edgenas est\u00e1n tan inseparablemente unidas, que quitarle un elemento implica matar los otros. Por eso, nuestro grito es fuerte, porque nadie quiere morir en vida.<\/p>\n<p>Mientras la sociedad occidental no entienda estos principios y siga practicando la l\u00f3gica de un mundo de acumulaci\u00f3n ilimitada, mientras subsista la forma irracional con que los intereses del capital explotan a menudo los recursos naturales, provocando el desequilibrio ecol\u00f3gico, seguir\u00e1 la amenaza a nuestro planeta, y el hombre al destruir la naturaleza se est\u00e1 destruyendo as\u00ed mismo. No basta con salvar al mundo con discursos sobre \u201cdesarrollo limpio\u201d y \u201cdesarrollo sostenible\u201d; para salvar a nuestro planeta debemos aprender de los Pueblos Ind\u00edgenas. Si no hacemos el esfuerzo de cuidar a nuestra Madre Tierra, continuar\u00e1n los problemas ambientales en el mundo.<\/p>\n<p><em>\u2014Dad Neba, significa en lengua Ind\u00edgena Kuna \u201cAbuelo de la Llanura\u201d. Con ese nombre, se identifica Nelson De Le\u00f3n Kantule, Miembro Directivo de Asociaci\u00f3n Kunas Unidos por Napguana (KUNA). Es comunicador Ind\u00edgena desde hace 15 a\u00f1os, lo que ha hecho a recorrer lugares y participar foros, encuentros internacionales de comunicaci\u00f3n Ind\u00edgena, y aprender de diferentes experiencias para servir a los Pueblos Ind\u00edgenas a nivel nacional e internacional.<\/em><\/p>\n","protected":false},"excerpt":{"rendered":"<p>Por Dad Neba* Para los Pueblos Ind\u00edgenas nuestras tierras, territorios y recursos, son elementos fundamentales que permiten la continuidad hist\u00f3rica y la plenitud de la vida, la espiritualidad y el desarrollo social, cultural, econ\u00f3mico, pol\u00edtico y humano, vinculado a nuestra cosmovisi\u00f3n, la cual consiste en la relaci\u00f3n profunda con la Madre Tierra. La institucionalidad de [&hellip;]<\/p>\n","protected":false},"author":1,"featured_media":7539,"comment_status":"closed","ping_status":"closed","sticky":false,"template":"","format":"standard","meta":{"_exactmetrics_skip_tracking":false,"_exactmetrics_sitenote_active":false,"_exactmetrics_sitenote_note":"","_exactmetrics_sitenote_category":0,"jetpack_post_was_ever_published":false,"_jetpack_newsletter_access":"","_jetpack_dont_email_post_to_subs":false,"_jetpack_newsletter_tier_id":0,"_jetpack_memberships_contains_paywalled_content":false,"_jetpack_memberships_contains_paid_content":false,"footnotes":""},"categories":[388,452,384,390],"tags":[2410,2407,1240,2409,2408],"class_list":["post-7538","post","type-post","status-publish","format-standard","has-post-thumbnail","hentry","category-cultura","category-frontpage","category-medio-ambiente","category-mundo","tag-cosmovision-indigena","tag-indigenas-colombianos","tag-madre-tierra-2","tag-proteger-la-madre-tierra","tag-pueblos-indigenas-colombia"],"jetpack_featured_media_url":"https:\/\/i0.wp.com\/www.entremundos.org\/revista\/wp-content\/uploads\/2020\/10\/20180410_085411-scaled.jpg?fit=2560%2C1920&ssl=1","jetpack_shortlink":"https:\/\/wp.me\/p7ljt7-1XA","jetpack-related-posts":[{"id":12859,"url":"https:\/\/www.entremundos.org\/revista\/politica\/mujeres-indigenas-y-rurales-en-defensa-del-territorio-frente-al-extractivismo-en-guatemala\/","url_meta":{"origin":7538,"position":0},"title":"Mujeres ind\u00edgenas y rurales en defensa del territorio frente al extractivismo en Guatemala","author":"EntreMundos","date":"21 mayo, 2025","format":false,"excerpt":"Por Asociadas Por lo Justo (JASS) Este es un resumen de un mapeo realizado por JASS, para compartir sus an\u00e1lisis, sus luchas y los impactos en sus vidas. El objetivo es contar las luchas por el territorio frente al extractivismo en Guatemala e identificar el papel y el impacto en\u2026","rel":"","context":"En \u00abFrontPage\u00bb","block_context":{"text":"FrontPage","link":"https:\/\/www.entremundos.org\/revista\/category\/frontpage\/"},"img":{"alt_text":"","src":"https:\/\/i0.wp.com\/www.entremundos.org\/revista\/wp-content\/uploads\/2025\/05\/2-scaled.png?fit=1200%2C843&ssl=1&resize=350%2C200","width":350,"height":200,"srcset":"https:\/\/i0.wp.com\/www.entremundos.org\/revista\/wp-content\/uploads\/2025\/05\/2-scaled.png?fit=1200%2C843&ssl=1&resize=350%2C200 1x, https:\/\/i0.wp.com\/www.entremundos.org\/revista\/wp-content\/uploads\/2025\/05\/2-scaled.png?fit=1200%2C843&ssl=1&resize=525%2C300 1.5x, https:\/\/i0.wp.com\/www.entremundos.org\/revista\/wp-content\/uploads\/2025\/05\/2-scaled.png?fit=1200%2C843&ssl=1&resize=700%2C400 2x, https:\/\/i0.wp.com\/www.entremundos.org\/revista\/wp-content\/uploads\/2025\/05\/2-scaled.png?fit=1200%2C843&ssl=1&resize=1050%2C600 3x"},"classes":[]},{"id":13642,"url":"https:\/\/www.entremundos.org\/revista\/politica\/las-mujeres-inspiran-es-hora-de-acabar-con-las-brechas-de-desigualdad\/","url_meta":{"origin":7538,"position":1},"title":"Las mujeres inspiran: Es hora de acabar con las brechas de desigualdad","author":"EntreMundos","date":"4 abril, 2026","format":false,"excerpt":"POR MARIANA L\u00d3PEZ La discriminaci\u00f3n y racismo son temas que se han abordado e incluso se ha dicho que ya se han superado estando lejos de ser parte de nuestra realidad, sin embargo, basta con observar para comprender que una cosa es el discurso y otra la pr\u00e1ctica. En la\u2026","rel":"","context":"En \u00abFrontPage\u00bb","block_context":{"text":"FrontPage","link":"https:\/\/www.entremundos.org\/revista\/category\/frontpage\/"},"img":{"alt_text":"","src":"https:\/\/i0.wp.com\/www.entremundos.org\/revista\/wp-content\/uploads\/2026\/03\/649499575_1230883245899060_5224768132019882352_n.jpg?fit=1200%2C800&ssl=1&resize=350%2C200","width":350,"height":200,"srcset":"https:\/\/i0.wp.com\/www.entremundos.org\/revista\/wp-content\/uploads\/2026\/03\/649499575_1230883245899060_5224768132019882352_n.jpg?fit=1200%2C800&ssl=1&resize=350%2C200 1x, https:\/\/i0.wp.com\/www.entremundos.org\/revista\/wp-content\/uploads\/2026\/03\/649499575_1230883245899060_5224768132019882352_n.jpg?fit=1200%2C800&ssl=1&resize=525%2C300 1.5x, https:\/\/i0.wp.com\/www.entremundos.org\/revista\/wp-content\/uploads\/2026\/03\/649499575_1230883245899060_5224768132019882352_n.jpg?fit=1200%2C800&ssl=1&resize=700%2C400 2x, https:\/\/i0.wp.com\/www.entremundos.org\/revista\/wp-content\/uploads\/2026\/03\/649499575_1230883245899060_5224768132019882352_n.jpg?fit=1200%2C800&ssl=1&resize=1050%2C600 3x"},"classes":[]},{"id":2213,"url":"https:\/\/www.entremundos.org\/revista\/politics\/the-system-of-ancestral-indigenous-authorities\/?lang=en","url_meta":{"origin":7538,"position":2},"title":"The System of Ancestral Indigenous Authorities","author":"EntreMundos","date":"12 marzo, 2016","format":false,"excerpt":"By Luc\u00eda Escobar \u00a0 Guatemala is a multicultural country that has different types of civil and community organizations. I will attempt to outline a few authorities that still continue to be operative in the country today. The Alcald\u00edas Ind\u00edgenas (\u201cindigenous councils\u201d) are institutions that were born in the Colony when\u2026","rel":"","context":"En \u00abFrontPage\u00bb","block_context":{"text":"FrontPage","link":"https:\/\/www.entremundos.org\/revista\/category\/frontpage-en\/?lang=en"},"img":{"alt_text":"","src":"https:\/\/i0.wp.com\/www.entremundos.org\/revista\/wp-content\/uploads\/2016\/03\/ajpkjop.jpg?fit=297%2C268&ssl=1&resize=350%2C200","width":350,"height":200},"classes":[]},{"id":12980,"url":"https:\/\/www.entremundos.org\/revista\/mujer\/el-otro-lado-del-viaje-sonado-detras-de-un-espacio-internacional\/","url_meta":{"origin":7538,"position":3},"title":"El otro lado del viaje so\u00f1ado; detr\u00e1s de un espacio internacional","author":"EntreMundos","date":"23 julio, 2025","format":false,"excerpt":"Por Adela Tuy Cuando la gente escucha \u2018Conferencias Internacionales\u2019 piensa en edificios lujosos, gente hablando en ingl\u00e9s, muchas fotos formales y muchos discursos bonitos; tambi\u00e9n en lo elegante de participar en una conferencia y ponerlo en tu curr\u00edculum vitae. Sin embargo, nadie les cuenta sobre lo que hay detr\u00e1s de\u2026","rel":"","context":"En \u00abCine\u00bb","block_context":{"text":"Cine","link":"https:\/\/www.entremundos.org\/revista\/category\/cine\/"},"img":{"alt_text":"","src":"https:\/\/i0.wp.com\/www.entremundos.org\/revista\/wp-content\/uploads\/2025\/07\/20241121_092407-143c-1.jpg?fit=1200%2C800&ssl=1&resize=350%2C200","width":350,"height":200,"srcset":"https:\/\/i0.wp.com\/www.entremundos.org\/revista\/wp-content\/uploads\/2025\/07\/20241121_092407-143c-1.jpg?fit=1200%2C800&ssl=1&resize=350%2C200 1x, https:\/\/i0.wp.com\/www.entremundos.org\/revista\/wp-content\/uploads\/2025\/07\/20241121_092407-143c-1.jpg?fit=1200%2C800&ssl=1&resize=525%2C300 1.5x, https:\/\/i0.wp.com\/www.entremundos.org\/revista\/wp-content\/uploads\/2025\/07\/20241121_092407-143c-1.jpg?fit=1200%2C800&ssl=1&resize=700%2C400 2x, https:\/\/i0.wp.com\/www.entremundos.org\/revista\/wp-content\/uploads\/2025\/07\/20241121_092407-143c-1.jpg?fit=1200%2C800&ssl=1&resize=1050%2C600 3x"},"classes":[]},{"id":10580,"url":"https:\/\/www.entremundos.org\/revista\/politica\/desalojos-aumentan-durante-el-gobierno-de-alejandro-giammattei\/","url_meta":{"origin":7538,"position":4},"title":"Desalojos aumentan durante el gobierno de Alejandro Giammattei","author":"EntreMundos","date":"8 marzo, 2023","format":false,"excerpt":"Por Gilberto Escobar\u00a0 En Guatemala, durante los \u00faltimos a\u00f1os, los desalojos han ido en aumento y se han dado en dos modalidades: los desalojos legales que tienen una orden judicial y los extrajudiciales, los que\u00a0 no van acompa\u00f1ados de ninguna orden de un juez y que ocurren\u00a0 en horas de\u2026","rel":"","context":"En \u00abBosques\u00bb","block_context":{"text":"Bosques","link":"https:\/\/www.entremundos.org\/revista\/category\/medio-ambiente\/bosques\/"},"img":{"alt_text":"","src":"https:\/\/i0.wp.com\/www.entremundos.org\/revista\/wp-content\/uploads\/2023\/03\/portada.jpg?fit=1024%2C768&ssl=1&resize=350%2C200","width":350,"height":200,"srcset":"https:\/\/i0.wp.com\/www.entremundos.org\/revista\/wp-content\/uploads\/2023\/03\/portada.jpg?fit=1024%2C768&ssl=1&resize=350%2C200 1x, https:\/\/i0.wp.com\/www.entremundos.org\/revista\/wp-content\/uploads\/2023\/03\/portada.jpg?fit=1024%2C768&ssl=1&resize=525%2C300 1.5x, https:\/\/i0.wp.com\/www.entremundos.org\/revista\/wp-content\/uploads\/2023\/03\/portada.jpg?fit=1024%2C768&ssl=1&resize=700%2C400 2x"},"classes":[]},{"id":11407,"url":"https:\/\/www.entremundos.org\/revista\/politica\/del-papel-a-la-pantalla\/","url_meta":{"origin":7538,"position":5},"title":"Del papel a la pantalla","author":"EntreMundos","date":"10 noviembre, 2023","format":false,"excerpt":"POR EMMA G\u00d3MEZ Dos pa\u00edses golpeados por la corrupci\u00f3n, violaci\u00f3n de los derechos humanos, injusticias, persecuciones y despojos, por mencionar algunos de los males que tienen en com\u00fan Guatemala y El Salvador. El proyecto, Del Papel a la Pantalla, presenta dos propuestas visuales para reflexionar sobre la educaci\u00f3n sexual y\u2026","rel":"","context":"En \u00abAccion Comunitaria\u00bb","block_context":{"text":"Accion Comunitaria","link":"https:\/\/www.entremundos.org\/revista\/category\/politica\/accion-comunitaria-3\/"},"img":{"alt_text":"","src":"https:\/\/i0.wp.com\/www.entremundos.org\/revista\/wp-content\/uploads\/2023\/11\/whatsapp-image-2023-10-23-at-9.54.45-am-2.jpeg?fit=1200%2C800&ssl=1&resize=350%2C200","width":350,"height":200,"srcset":"https:\/\/i0.wp.com\/www.entremundos.org\/revista\/wp-content\/uploads\/2023\/11\/whatsapp-image-2023-10-23-at-9.54.45-am-2.jpeg?fit=1200%2C800&ssl=1&resize=350%2C200 1x, https:\/\/i0.wp.com\/www.entremundos.org\/revista\/wp-content\/uploads\/2023\/11\/whatsapp-image-2023-10-23-at-9.54.45-am-2.jpeg?fit=1200%2C800&ssl=1&resize=525%2C300 1.5x, https:\/\/i0.wp.com\/www.entremundos.org\/revista\/wp-content\/uploads\/2023\/11\/whatsapp-image-2023-10-23-at-9.54.45-am-2.jpeg?fit=1200%2C800&ssl=1&resize=700%2C400 2x, https:\/\/i0.wp.com\/www.entremundos.org\/revista\/wp-content\/uploads\/2023\/11\/whatsapp-image-2023-10-23-at-9.54.45-am-2.jpeg?fit=1200%2C800&ssl=1&resize=1050%2C600 3x"},"classes":[]}],"jetpack_sharing_enabled":true,"_links":{"self":[{"href":"https:\/\/www.entremundos.org\/revista\/wp-json\/wp\/v2\/posts\/7538","targetHints":{"allow":["GET"]}}],"collection":[{"href":"https:\/\/www.entremundos.org\/revista\/wp-json\/wp\/v2\/posts"}],"about":[{"href":"https:\/\/www.entremundos.org\/revista\/wp-json\/wp\/v2\/types\/post"}],"author":[{"embeddable":true,"href":"https:\/\/www.entremundos.org\/revista\/wp-json\/wp\/v2\/users\/1"}],"replies":[{"embeddable":true,"href":"https:\/\/www.entremundos.org\/revista\/wp-json\/wp\/v2\/comments?post=7538"}],"version-history":[{"count":3,"href":"https:\/\/www.entremundos.org\/revista\/wp-json\/wp\/v2\/posts\/7538\/revisions"}],"predecessor-version":[{"id":7592,"href":"https:\/\/www.entremundos.org\/revista\/wp-json\/wp\/v2\/posts\/7538\/revisions\/7592"}],"wp:featuredmedia":[{"embeddable":true,"href":"https:\/\/www.entremundos.org\/revista\/wp-json\/wp\/v2\/media\/7539"}],"wp:attachment":[{"href":"https:\/\/www.entremundos.org\/revista\/wp-json\/wp\/v2\/media?parent=7538"}],"wp:term":[{"taxonomy":"category","embeddable":true,"href":"https:\/\/www.entremundos.org\/revista\/wp-json\/wp\/v2\/categories?post=7538"},{"taxonomy":"post_tag","embeddable":true,"href":"https:\/\/www.entremundos.org\/revista\/wp-json\/wp\/v2\/tags?post=7538"}],"curies":[{"name":"wp","href":"https:\/\/api.w.org\/{rel}","templated":true}]}}