{"id":7561,"date":"2020-10-15T13:25:02","date_gmt":"2020-10-15T21:25:02","guid":{"rendered":"http:\/\/www.entremundos.org\/revista\/?p=7561"},"modified":"2020-10-28T19:59:34","modified_gmt":"2020-10-29T03:59:34","slug":"el-oluteco-una-lengua-indigena-en-riesgo-de-desaparecer","status":"publish","type":"post","link":"https:\/\/www.entremundos.org\/revista\/mundo\/el-oluteco-una-lengua-indigena-en-riesgo-de-desaparecer\/","title":{"rendered":"El oluteco:  Una lengua ind\u00edgena en riesgo de desaparecer"},"content":{"rendered":"<p><strong>Por Modesto Ort\u00edz<\/strong><\/p>\n<p>El oluteco, es una lengua Ind\u00edgena considerada en muy alto riesgo de desaparecer, solamente se habla en la regi\u00f3n Olmeca, al sur del estado de Veracruz, M\u00e9xico. Hist\u00f3ricamente, diversos factores han influido en su desplazamiento frente al espa\u00f1ol, propiciando un escenario en donde encontramos \u00fanicamente a un hablante proficiente y una veintena de recordantes. Ante esta situaci\u00f3n, el Estado no demuestra inter\u00e9s por su preservaci\u00f3n, mucho menos ha propiciado pol\u00edticas en materia cultural y ling\u00fc\u00edstica que garantice la documentaci\u00f3n, preservaci\u00f3n y fortalecimiento de la diversidad cultural y ling\u00fc\u00edstica, limit\u00e1ndose, por inter\u00e9s o desconocimiento, a promover acciones que estereotipan, objetifican o tergiversan la naturaleza Ind\u00edgena.<\/p>\n<p>M\u00e9xico se reconoce como un Estado pluricultural, en donde se hablan 68 lenguas ind\u00edgenas y 364 variantes ling\u00fc\u00edsticas, coloc\u00e1ndose dentro de los tres pa\u00edses de Am\u00e9rica con mayor diversidad ling\u00fc\u00edstica. Esta diversidad se oficializ\u00f3 en el a\u00f1o 2003 al publicar la Ley General de Derechos Ling\u00fc\u00edsticos de los Pueblos Ind\u00edgenas. Por su parte, el estado de Veracruz, en su constituci\u00f3n pol\u00edtica, reconoce una composici\u00f3n multi\u00e9tnica, en donde convergen 15 lenguas Ind\u00edgenas y 31 variantes ling\u00fc\u00edsticas y en donde cerca del 10 por ciento de su poblaci\u00f3n total reconoce hablar una lengua ind\u00edgena y m\u00e1s del 22 por ciento se autoadscribe como Ind\u00edgena. Veracruz, es una de las entidades federativas con mayor poblaci\u00f3n en M\u00e9xico, cuenta con 212 municipios, de los cuales, 47 se consideran municipios Ind\u00edgenas, 141 presentan poblaci\u00f3n Ind\u00edgena dispersa y 24 declaran tener presencia de poblaci\u00f3n Ind\u00edgena.<\/p>\n<p>A pesar de la riqueza cultural y ling\u00fc\u00edstica que resguarda Veracruz, el desconocimiento y desinter\u00e9s por parte del aparato gubernamental, as\u00ed como los actos de discriminaci\u00f3n cometidos por amplios sectores de la sociedad en contra de los pueblos ind\u00edgenas, han propiciado una continua violaci\u00f3n a sus derechos humanos, entre ellos, el derecho a comunicarse en su lengua materna. A ra\u00edz de estas realidades, los Pueblos Ind\u00edgenas emprendieron en la entidad m\u00faltiples demandas y luchas para lograr que el Estado erigiera instituciones que les brindaran protecci\u00f3n y atenci\u00f3n, sin embargo, los alcances han sido m\u00ednimos, evidenciando que, a\u00fan est\u00e1 lejos el d\u00eda en que las personas Ind\u00edgenas puedan acceder y ejercer sus derechos humanos de manera plena, demostrando que es apremiante cambiar la relaci\u00f3n entre Gobierno y pueblos Ind\u00edgenas.<\/p>\n<p><a href=\"https:\/\/i0.wp.com\/www.entremundos.org\/revista\/wp-content\/uploads\/2020\/10\/oluteco_2.png\"><img data-recalc-dims=\"1\" loading=\"lazy\" decoding=\"async\" class=\"aligncenter size-large wp-image-7564\" src=\"https:\/\/i0.wp.com\/www.entremundos.org\/revista\/wp-content\/uploads\/2020\/10\/oluteco_2-716x1024.png?resize=640%2C915\" alt=\"\" width=\"640\" height=\"915\" srcset=\"https:\/\/i0.wp.com\/www.entremundos.org\/revista\/wp-content\/uploads\/2020\/10\/oluteco_2.png?resize=716%2C1024&amp;ssl=1 716w, https:\/\/i0.wp.com\/www.entremundos.org\/revista\/wp-content\/uploads\/2020\/10\/oluteco_2.png?resize=210%2C300&amp;ssl=1 210w, https:\/\/i0.wp.com\/www.entremundos.org\/revista\/wp-content\/uploads\/2020\/10\/oluteco_2.png?resize=768%2C1098&amp;ssl=1 768w, https:\/\/i0.wp.com\/www.entremundos.org\/revista\/wp-content\/uploads\/2020\/10\/oluteco_2.png?resize=1075%2C1536&amp;ssl=1 1075w, https:\/\/i0.wp.com\/www.entremundos.org\/revista\/wp-content\/uploads\/2020\/10\/oluteco_2.png?resize=1433%2C2048&amp;ssl=1 1433w, https:\/\/i0.wp.com\/www.entremundos.org\/revista\/wp-content\/uploads\/2020\/10\/oluteco_2.png?resize=335%2C479&amp;ssl=1 335w, https:\/\/i0.wp.com\/www.entremundos.org\/revista\/wp-content\/uploads\/2020\/10\/oluteco_2.png?resize=1050%2C1501&amp;ssl=1 1050w, https:\/\/i0.wp.com\/www.entremundos.org\/revista\/wp-content\/uploads\/2020\/10\/oluteco_2.png?w=1465&amp;ssl=1 1465w, https:\/\/i0.wp.com\/www.entremundos.org\/revista\/wp-content\/uploads\/2020\/10\/oluteco_2.png?w=1280&amp;ssl=1 1280w\" sizes=\"auto, (max-width: 640px) 100vw, 640px\" \/><\/a>Lo anterior puede encontrar su origen en que las pol\u00edticas emprendidas en Veracruz, al igual que en muchas partes de M\u00e9xico y el mundo, se conciben bajo principios mono culturales, mono parlantes y excluyentes, dejando en una grave situaci\u00f3n de vulnerabilidad al patrimonio cultural y ling\u00fc\u00edstico. El Estado, con la finalidad de demostrar que atiende y preserva la diversidad ling\u00fc\u00edstica, ha decidido en numerosas ocasiones prestar mayor inter\u00e9s y atenci\u00f3n a las lenguas Ind\u00edgenas mayoritarias. Este hecho no es coincidencia, as\u00ed, a trav\u00e9s de sus propios instrumentos valida y demuestra que brinda atenci\u00f3n a los pueblos y lenguas Ind\u00edgenas, por lo menos en n\u00fameros y en sus indicadores.<\/p>\n<p>Esta pr\u00e1ctica resulta nociva desde cualquier perspectiva; en cifras se justifica la atenci\u00f3n a los pueblos, lo cual es un hecho que no se refleja en la atenci\u00f3n a la diversidad cultural y ling\u00fc\u00edstica. En el caso de Veracruz, las lenguas Ind\u00edgenas m\u00e1s habladas son el n\u00e1huatl y el totonaco, atenderlas, equivale a m\u00e1s del 60 por ciento de la poblaci\u00f3n Ind\u00edgena de la entidad, pero, considerando que, en la entidad se hablan 15 lenguas, 13 quedan en el desamparo, evidenci\u00e1ndose as\u00ed que la atenci\u00f3n se realiza para impactar cuantitativamente pero no de forma cualitativa. A lo anterior, debemos sumar que, en muchos casos, la atenci\u00f3n a los pueblos y lenguas Ind\u00edgenas no se brinda de manera continua, bajo una perspectiva de derechos humanos, al contrario, se propician los estereotipos y se folcloriza su atenci\u00f3n, robusteciendo conductas clasistas.<\/p>\n<p>Un ejemplo de c\u00f3mo estas pol\u00edticas vulneran la diversidad cultural y ling\u00fc\u00edstica y al mismo tiempo violentan los derechos de los Pueblos Ind\u00edgenas, lo encontramos en la lengua oluteca, misma que el Instituto Nacional de Lenguas Ind\u00edgenas (INALI), a trav\u00e9s del Consejo Consultivo para la Atenci\u00f3n a las Lenguas Ind\u00edgenas en Riesgo de Desaparici\u00f3n (CCALIRD), la declar\u00f3 como una lengua en muy alto riesgo de desaparici\u00f3n. Dicha postura se institucionaliz\u00f3 en el a\u00f1o 2012, al publicar el libro \u201cM\u00e9xico. Lenguas Ind\u00edgenas Nacionales en Riesgo de Desaparici\u00f3n\u201d. A partir de esa fecha, el Estado ha emprendido peque\u00f1as y espor\u00e1dicas acciones para la revitalizaci\u00f3n del oluteco, demostrando no solo falta de voluntad pol\u00edtica, sino desconocimiento e incapacidad para generar pol\u00edticas ling\u00fc\u00edsticas y culturales. Siendo Veracruz uno de los estados con mayor diversidad ling\u00fc\u00edstica, a 17 a\u00f1os de la promulgaci\u00f3n de la Ley General de Derechos Ling\u00fc\u00edsticos de los Pueblos Ind\u00edgenas, no cuenta con una ley local en la materia, a pesar que por el Congreso Local y en los puestos titulares de las dependencias dedicadas a brindar atenci\u00f3n a los pueblos originarios han pasado una serie de l\u00edderes y lideresas provenientes de las propias comunidades Ind\u00edgenas.<\/p>\n<p><a href=\"https:\/\/i0.wp.com\/www.entremundos.org\/revista\/wp-content\/uploads\/2020\/10\/oluteco_3.png\"><img data-recalc-dims=\"1\" loading=\"lazy\" decoding=\"async\" class=\"aligncenter size-large wp-image-7566\" src=\"https:\/\/i0.wp.com\/www.entremundos.org\/revista\/wp-content\/uploads\/2020\/10\/oluteco_3-1024x764.png?resize=640%2C477\" alt=\"\" width=\"640\" height=\"477\" srcset=\"https:\/\/i0.wp.com\/www.entremundos.org\/revista\/wp-content\/uploads\/2020\/10\/oluteco_3.png?resize=1024%2C764&amp;ssl=1 1024w, https:\/\/i0.wp.com\/www.entremundos.org\/revista\/wp-content\/uploads\/2020\/10\/oluteco_3.png?resize=300%2C224&amp;ssl=1 300w, https:\/\/i0.wp.com\/www.entremundos.org\/revista\/wp-content\/uploads\/2020\/10\/oluteco_3.png?resize=768%2C573&amp;ssl=1 768w, https:\/\/i0.wp.com\/www.entremundos.org\/revista\/wp-content\/uploads\/2020\/10\/oluteco_3.png?resize=1536%2C1147&amp;ssl=1 1536w, https:\/\/i0.wp.com\/www.entremundos.org\/revista\/wp-content\/uploads\/2020\/10\/oluteco_3.png?resize=2048%2C1529&amp;ssl=1 2048w, https:\/\/i0.wp.com\/www.entremundos.org\/revista\/wp-content\/uploads\/2020\/10\/oluteco_3.png?resize=72%2C54&amp;ssl=1 72w, https:\/\/i0.wp.com\/www.entremundos.org\/revista\/wp-content\/uploads\/2020\/10\/oluteco_3.png?resize=335%2C250&amp;ssl=1 335w, https:\/\/i0.wp.com\/www.entremundos.org\/revista\/wp-content\/uploads\/2020\/10\/oluteco_3.png?resize=1050%2C784&amp;ssl=1 1050w, https:\/\/i0.wp.com\/www.entremundos.org\/revista\/wp-content\/uploads\/2020\/10\/oluteco_3.png?w=1280&amp;ssl=1 1280w, https:\/\/i0.wp.com\/www.entremundos.org\/revista\/wp-content\/uploads\/2020\/10\/oluteco_3.png?w=1920&amp;ssl=1 1920w\" sizes=\"auto, (max-width: 640px) 100vw, 640px\" \/><\/a>Diosgoro Prisciliano Esteban, es el nombre del \u00fanico hablante proficiente del oluteco, su trabajo evidencia su inter\u00e9s por preservar su lengua, las acciones que emprende se sostienen bajo los par\u00e1metros de lo que podemos denominar como trabajo comunitario. En ocasiones, suma esfuerzos con instituciones gubernamentales de car\u00e1cter federal y estatal; pero, a pesar de su disposici\u00f3n y compromiso por revitalizar su lengua y cultura, el aparato institucional no ha desarrollado pol\u00edticas y acciones permanentes congruentes y con el nivel de especializaci\u00f3n que se requiere para preservar esta lengua y cultura. Por su parte, las personas que pueden clasificarse como recordantes del oluteco, son en general poblaci\u00f3n en situaci\u00f3n de vulnerabilidad, en su mayor\u00eda adultos mayores, quienes no cuentan con apoyo econ\u00f3mico por parte del Estado, como sucede con otros pueblos, que reciben un pago para preservar sus manifestaciones culturales. Los recordantes del oluteco tampoco cuentan con los servicios b\u00e1sicos necesarios, por lo que no pueden disponer su tiempo completo para revitalizar su cultura y lengua.<\/p>\n<p>Por lo anterior es apremiante que el Estado respete y garantice el pleno acceso y goce de los derechos humanos de los Pueblos Ind\u00edgenas, dirigiendo su atenci\u00f3n y esfuerzos para proteger la diversidad ling\u00fc\u00edstica con que cuentan, siendo indispensable que el Congreso Local, despu\u00e9s de 17 a\u00f1os, reconozcan que es necesario contar con una ley local para la protecci\u00f3n de las lenguas Ind\u00edgenas. Resulta fundamental que el aparato institucional estatal se conduzca a los Pueblos Ind\u00edgenas bajo un enfoque de derechos humanos, sin fines ocultos y desapareciendo la visi\u00f3n \u201cdecorativa\u201d con que muchas veces han sido tratados, garantizando que las instituciones encargadas de la atenci\u00f3n de los Pueblos Ind\u00edgenas sean realmente funcionales, con resultados tangibles, privilegiando la participaci\u00f3n de las comunidades y Pueblos Ind\u00edgenas en todos los procesos.<\/p>\n<p>De lo contrario, corresponder\u00e1 a nuestra generaci\u00f3n atestiguar la desaparici\u00f3n de culturas y lenguas Ind\u00edgenas como el oluteco, viendo reducirse nuestro patrimonio cultural intangible, demostrando nuestra incapacidad para salvaguardarlo. Es urgente que se deje de pensar que se puede atender a los Pueblos Ind\u00edgenas bajo los mismos par\u00e1metros, con las mismas estrategias. Resulta necesario que los Pueblos Ind\u00edgenas m\u00e1s fortalecidos o favorecidos por el aparato gubernamental demuestren empat\u00eda por las culturas minoritarias y promuevan y permitan su fortalecimiento, sin invadir sus espacios, sin imponer sus pr\u00e1cticas. Es fundamental recordar que, para cada cultura, la estrategia de atenci\u00f3n ser\u00e1 distinta y a su medida, conociendo y priorizando sus particularidades.<\/p>\n<p><em>\u2014Modesto Ortiz Flores, oriundo de Ixtaczoquitl\u00e1n, Veracruz, M\u00e9xico. Autor del libro \u201cDiosgoro. Historia de una resistencia ling\u00fc\u00edstica\u201d. Colabora con diversos Pueblos Ind\u00edgenas asentados en Veracruz con la finalidad de fortalecer su cultura y lenguas. Actualmente dirige la Asociaci\u00f3n Civil \u201cTonemillis, Cultura y G\u00e9nero\u201d y produce el podcast \u201cHistoria de una resistencia ling\u00fc\u00edstica\u201d, publicado a trav\u00e9s de la plataforma de Spotify.<\/em><\/p>\n","protected":false},"excerpt":{"rendered":"<p>Por Modesto Ort\u00edz El oluteco, es una lengua Ind\u00edgena considerada en muy alto riesgo de desaparecer, solamente se habla en la regi\u00f3n Olmeca, al sur del estado de Veracruz, M\u00e9xico. Hist\u00f3ricamente, diversos factores han influido en su desplazamiento frente al espa\u00f1ol, propiciando un escenario en donde encontramos \u00fanicamente a un hablante proficiente y una veintena [&hellip;]<\/p>\n","protected":false},"author":1,"featured_media":7562,"comment_status":"closed","ping_status":"closed","sticky":false,"template":"","format":"standard","meta":{"_exactmetrics_skip_tracking":false,"_exactmetrics_sitenote_active":false,"_exactmetrics_sitenote_note":"","_exactmetrics_sitenote_category":0,"jetpack_post_was_ever_published":false,"_jetpack_newsletter_access":"","_jetpack_dont_email_post_to_subs":false,"_jetpack_newsletter_tier_id":0,"_jetpack_memberships_contains_paywalled_content":false,"_jetpack_memberships_contains_paid_content":false,"footnotes":""},"categories":[452,390],"tags":[2415,2418,2419,2416,2374,2420,2417],"class_list":["post-7561","post","type-post","status-publish","format-standard","has-post-thumbnail","hentry","category-frontpage","category-mundo","tag-conservacion-de-idiomas-indigenas","tag-diversidad-linguistica-mexico","tag-escenario-linguistico-mexico","tag-ley-general-de-derechos-linguisticos-de-los-pueblos-indigenas","tag-mexico-2","tag-oluteco","tag-violacion-de-los-derechos-indigenas"],"jetpack_featured_media_url":"https:\/\/i0.wp.com\/www.entremundos.org\/revista\/wp-content\/uploads\/2020\/10\/oluteco_1.png?fit=1491%2C1493&ssl=1","jetpack_shortlink":"https:\/\/wp.me\/p7ljt7-1XX","jetpack-related-posts":[{"id":12224,"url":"https:\/\/www.entremundos.org\/revista\/mujer\/derechos-sexuales-y-reproductivos-tema-pendiente-en-guatemala\/","url_meta":{"origin":7561,"position":0},"title":"Derechos sexuales y reproductivos; tema pendiente en Guatemala","author":"EntreMundos","date":"15 julio, 2024","format":false,"excerpt":"POR EMMA G\u00d3MEZ Seg\u00fan La Organizaci\u00f3n de las Naciones Unidas de los Derechos Humanos, (ONU-DH), los derechos sexuales y reproductivos est\u00e1n relacionados con la libertad de las personas a decidir sobre su sexualidad y el ejercicio libre de la misma. Algunos derechos pueden ser; ejercer la sexualidad de manera independiente\u2026","rel":"","context":"En \u00abFrontPage\u00bb","block_context":{"text":"FrontPage","link":"https:\/\/www.entremundos.org\/revista\/category\/frontpage\/"},"img":{"alt_text":"","src":"https:\/\/i0.wp.com\/www.entremundos.org\/revista\/wp-content\/uploads\/2024\/07\/444487166_750607893953803_8829963883492089519_n.jpg?fit=1200%2C1158&ssl=1&resize=350%2C200","width":350,"height":200,"srcset":"https:\/\/i0.wp.com\/www.entremundos.org\/revista\/wp-content\/uploads\/2024\/07\/444487166_750607893953803_8829963883492089519_n.jpg?fit=1200%2C1158&ssl=1&resize=350%2C200 1x, https:\/\/i0.wp.com\/www.entremundos.org\/revista\/wp-content\/uploads\/2024\/07\/444487166_750607893953803_8829963883492089519_n.jpg?fit=1200%2C1158&ssl=1&resize=525%2C300 1.5x, https:\/\/i0.wp.com\/www.entremundos.org\/revista\/wp-content\/uploads\/2024\/07\/444487166_750607893953803_8829963883492089519_n.jpg?fit=1200%2C1158&ssl=1&resize=700%2C400 2x, https:\/\/i0.wp.com\/www.entremundos.org\/revista\/wp-content\/uploads\/2024\/07\/444487166_750607893953803_8829963883492089519_n.jpg?fit=1200%2C1158&ssl=1&resize=1050%2C600 3x"},"classes":[]},{"id":13642,"url":"https:\/\/www.entremundos.org\/revista\/politica\/las-mujeres-inspiran-es-hora-de-acabar-con-las-brechas-de-desigualdad\/","url_meta":{"origin":7561,"position":1},"title":"Las mujeres inspiran: Es hora de acabar con las brechas de desigualdad","author":"EntreMundos","date":"4 abril, 2026","format":false,"excerpt":"POR MARIANA L\u00d3PEZ La discriminaci\u00f3n y racismo son temas que se han abordado e incluso se ha dicho que ya se han superado estando lejos de ser parte de nuestra realidad, sin embargo, basta con observar para comprender que una cosa es el discurso y otra la pr\u00e1ctica. En la\u2026","rel":"","context":"En \u00abFrontPage\u00bb","block_context":{"text":"FrontPage","link":"https:\/\/www.entremundos.org\/revista\/category\/frontpage\/"},"img":{"alt_text":"","src":"https:\/\/i0.wp.com\/www.entremundos.org\/revista\/wp-content\/uploads\/2026\/03\/649499575_1230883245899060_5224768132019882352_n.jpg?fit=1200%2C800&ssl=1&resize=350%2C200","width":350,"height":200,"srcset":"https:\/\/i0.wp.com\/www.entremundos.org\/revista\/wp-content\/uploads\/2026\/03\/649499575_1230883245899060_5224768132019882352_n.jpg?fit=1200%2C800&ssl=1&resize=350%2C200 1x, https:\/\/i0.wp.com\/www.entremundos.org\/revista\/wp-content\/uploads\/2026\/03\/649499575_1230883245899060_5224768132019882352_n.jpg?fit=1200%2C800&ssl=1&resize=525%2C300 1.5x, https:\/\/i0.wp.com\/www.entremundos.org\/revista\/wp-content\/uploads\/2026\/03\/649499575_1230883245899060_5224768132019882352_n.jpg?fit=1200%2C800&ssl=1&resize=700%2C400 2x, https:\/\/i0.wp.com\/www.entremundos.org\/revista\/wp-content\/uploads\/2026\/03\/649499575_1230883245899060_5224768132019882352_n.jpg?fit=1200%2C800&ssl=1&resize=1050%2C600 3x"},"classes":[]},{"id":10580,"url":"https:\/\/www.entremundos.org\/revista\/politica\/desalojos-aumentan-durante-el-gobierno-de-alejandro-giammattei\/","url_meta":{"origin":7561,"position":2},"title":"Desalojos aumentan durante el gobierno de Alejandro Giammattei","author":"EntreMundos","date":"8 marzo, 2023","format":false,"excerpt":"Por Gilberto Escobar\u00a0 En Guatemala, durante los \u00faltimos a\u00f1os, los desalojos han ido en aumento y se han dado en dos modalidades: los desalojos legales que tienen una orden judicial y los extrajudiciales, los que\u00a0 no van acompa\u00f1ados de ninguna orden de un juez y que ocurren\u00a0 en horas de\u2026","rel":"","context":"En \u00abBosques\u00bb","block_context":{"text":"Bosques","link":"https:\/\/www.entremundos.org\/revista\/category\/medio-ambiente\/bosques\/"},"img":{"alt_text":"","src":"https:\/\/i0.wp.com\/www.entremundos.org\/revista\/wp-content\/uploads\/2023\/03\/portada.jpg?fit=1024%2C768&ssl=1&resize=350%2C200","width":350,"height":200,"srcset":"https:\/\/i0.wp.com\/www.entremundos.org\/revista\/wp-content\/uploads\/2023\/03\/portada.jpg?fit=1024%2C768&ssl=1&resize=350%2C200 1x, https:\/\/i0.wp.com\/www.entremundos.org\/revista\/wp-content\/uploads\/2023\/03\/portada.jpg?fit=1024%2C768&ssl=1&resize=525%2C300 1.5x, https:\/\/i0.wp.com\/www.entremundos.org\/revista\/wp-content\/uploads\/2023\/03\/portada.jpg?fit=1024%2C768&ssl=1&resize=700%2C400 2x"},"classes":[]},{"id":11407,"url":"https:\/\/www.entremundos.org\/revista\/politica\/del-papel-a-la-pantalla\/","url_meta":{"origin":7561,"position":3},"title":"Del papel a la pantalla","author":"EntreMundos","date":"10 noviembre, 2023","format":false,"excerpt":"POR EMMA G\u00d3MEZ Dos pa\u00edses golpeados por la corrupci\u00f3n, violaci\u00f3n de los derechos humanos, injusticias, persecuciones y despojos, por mencionar algunos de los males que tienen en com\u00fan Guatemala y El Salvador. El proyecto, Del Papel a la Pantalla, presenta dos propuestas visuales para reflexionar sobre la educaci\u00f3n sexual y\u2026","rel":"","context":"En \u00abAccion Comunitaria\u00bb","block_context":{"text":"Accion Comunitaria","link":"https:\/\/www.entremundos.org\/revista\/category\/politica\/accion-comunitaria-3\/"},"img":{"alt_text":"","src":"https:\/\/i0.wp.com\/www.entremundos.org\/revista\/wp-content\/uploads\/2023\/11\/whatsapp-image-2023-10-23-at-9.54.45-am-2.jpeg?fit=1200%2C800&ssl=1&resize=350%2C200","width":350,"height":200,"srcset":"https:\/\/i0.wp.com\/www.entremundos.org\/revista\/wp-content\/uploads\/2023\/11\/whatsapp-image-2023-10-23-at-9.54.45-am-2.jpeg?fit=1200%2C800&ssl=1&resize=350%2C200 1x, https:\/\/i0.wp.com\/www.entremundos.org\/revista\/wp-content\/uploads\/2023\/11\/whatsapp-image-2023-10-23-at-9.54.45-am-2.jpeg?fit=1200%2C800&ssl=1&resize=525%2C300 1.5x, https:\/\/i0.wp.com\/www.entremundos.org\/revista\/wp-content\/uploads\/2023\/11\/whatsapp-image-2023-10-23-at-9.54.45-am-2.jpeg?fit=1200%2C800&ssl=1&resize=700%2C400 2x, https:\/\/i0.wp.com\/www.entremundos.org\/revista\/wp-content\/uploads\/2023\/11\/whatsapp-image-2023-10-23-at-9.54.45-am-2.jpeg?fit=1200%2C800&ssl=1&resize=1050%2C600 3x"},"classes":[]},{"id":12980,"url":"https:\/\/www.entremundos.org\/revista\/mujer\/el-otro-lado-del-viaje-sonado-detras-de-un-espacio-internacional\/","url_meta":{"origin":7561,"position":4},"title":"El otro lado del viaje so\u00f1ado; detr\u00e1s de un espacio internacional","author":"EntreMundos","date":"23 julio, 2025","format":false,"excerpt":"Por Adela Tuy Cuando la gente escucha \u2018Conferencias Internacionales\u2019 piensa en edificios lujosos, gente hablando en ingl\u00e9s, muchas fotos formales y muchos discursos bonitos; tambi\u00e9n en lo elegante de participar en una conferencia y ponerlo en tu curr\u00edculum vitae. Sin embargo, nadie les cuenta sobre lo que hay detr\u00e1s de\u2026","rel":"","context":"En \u00abCine\u00bb","block_context":{"text":"Cine","link":"https:\/\/www.entremundos.org\/revista\/category\/cine\/"},"img":{"alt_text":"","src":"https:\/\/i0.wp.com\/www.entremundos.org\/revista\/wp-content\/uploads\/2025\/07\/20241121_092407-143c-1.jpg?fit=1200%2C800&ssl=1&resize=350%2C200","width":350,"height":200,"srcset":"https:\/\/i0.wp.com\/www.entremundos.org\/revista\/wp-content\/uploads\/2025\/07\/20241121_092407-143c-1.jpg?fit=1200%2C800&ssl=1&resize=350%2C200 1x, https:\/\/i0.wp.com\/www.entremundos.org\/revista\/wp-content\/uploads\/2025\/07\/20241121_092407-143c-1.jpg?fit=1200%2C800&ssl=1&resize=525%2C300 1.5x, https:\/\/i0.wp.com\/www.entremundos.org\/revista\/wp-content\/uploads\/2025\/07\/20241121_092407-143c-1.jpg?fit=1200%2C800&ssl=1&resize=700%2C400 2x, https:\/\/i0.wp.com\/www.entremundos.org\/revista\/wp-content\/uploads\/2025\/07\/20241121_092407-143c-1.jpg?fit=1200%2C800&ssl=1&resize=1050%2C600 3x"},"classes":[]},{"id":10833,"url":"https:\/\/www.entremundos.org\/revista\/politica\/violencia-contra-las-mujeres-dominio-masculino-en-la-politica\/","url_meta":{"origin":7561,"position":5},"title":"Violencia contra las mujeres: dominio masculino en la pol\u00edtica","author":"EntreMundos","date":"29 mayo, 2023","format":false,"excerpt":"Silvia Lilian Trujillo La violencia pol\u00edtica es sistem\u00e1tica y permanente, se produce para inhibir, ralentizar o restringir la participaci\u00f3n pol\u00edtica de mujeres, en el marco de un sistema que se resiste a aceptar su igualdad de derechos. Mientras no se trabaje para acabar con esta violencia espec\u00edfica la calidad de\u2026","rel":"","context":"En \u00abFrontPage\u00bb","block_context":{"text":"FrontPage","link":"https:\/\/www.entremundos.org\/revista\/category\/frontpage\/"},"img":{"alt_text":"","src":"https:\/\/i0.wp.com\/www.entremundos.org\/revista\/wp-content\/uploads\/2023\/05\/000_16w772-1.jpg?fit=1200%2C799&ssl=1&resize=350%2C200","width":350,"height":200,"srcset":"https:\/\/i0.wp.com\/www.entremundos.org\/revista\/wp-content\/uploads\/2023\/05\/000_16w772-1.jpg?fit=1200%2C799&ssl=1&resize=350%2C200 1x, https:\/\/i0.wp.com\/www.entremundos.org\/revista\/wp-content\/uploads\/2023\/05\/000_16w772-1.jpg?fit=1200%2C799&ssl=1&resize=525%2C300 1.5x, https:\/\/i0.wp.com\/www.entremundos.org\/revista\/wp-content\/uploads\/2023\/05\/000_16w772-1.jpg?fit=1200%2C799&ssl=1&resize=700%2C400 2x, https:\/\/i0.wp.com\/www.entremundos.org\/revista\/wp-content\/uploads\/2023\/05\/000_16w772-1.jpg?fit=1200%2C799&ssl=1&resize=1050%2C600 3x"},"classes":[]}],"jetpack_sharing_enabled":true,"_links":{"self":[{"href":"https:\/\/www.entremundos.org\/revista\/wp-json\/wp\/v2\/posts\/7561","targetHints":{"allow":["GET"]}}],"collection":[{"href":"https:\/\/www.entremundos.org\/revista\/wp-json\/wp\/v2\/posts"}],"about":[{"href":"https:\/\/www.entremundos.org\/revista\/wp-json\/wp\/v2\/types\/post"}],"author":[{"embeddable":true,"href":"https:\/\/www.entremundos.org\/revista\/wp-json\/wp\/v2\/users\/1"}],"replies":[{"embeddable":true,"href":"https:\/\/www.entremundos.org\/revista\/wp-json\/wp\/v2\/comments?post=7561"}],"version-history":[{"count":2,"href":"https:\/\/www.entremundos.org\/revista\/wp-json\/wp\/v2\/posts\/7561\/revisions"}],"predecessor-version":[{"id":7696,"href":"https:\/\/www.entremundos.org\/revista\/wp-json\/wp\/v2\/posts\/7561\/revisions\/7696"}],"wp:featuredmedia":[{"embeddable":true,"href":"https:\/\/www.entremundos.org\/revista\/wp-json\/wp\/v2\/media\/7562"}],"wp:attachment":[{"href":"https:\/\/www.entremundos.org\/revista\/wp-json\/wp\/v2\/media?parent=7561"}],"wp:term":[{"taxonomy":"category","embeddable":true,"href":"https:\/\/www.entremundos.org\/revista\/wp-json\/wp\/v2\/categories?post=7561"},{"taxonomy":"post_tag","embeddable":true,"href":"https:\/\/www.entremundos.org\/revista\/wp-json\/wp\/v2\/tags?post=7561"}],"curies":[{"name":"wp","href":"https:\/\/api.w.org\/{rel}","templated":true}]}}