{"id":7724,"date":"2020-11-23T19:26:23","date_gmt":"2020-11-24T03:26:23","guid":{"rendered":"http:\/\/www.entremundos.org\/revista\/?p=7724"},"modified":"2020-12-02T20:31:59","modified_gmt":"2020-12-03T04:31:59","slug":"pintando-en-tiempos-de-covid-19","status":"publish","type":"post","link":"https:\/\/www.entremundos.org\/revista\/cultura\/pintando-en-tiempos-de-covid-19\/","title":{"rendered":"Pintando en Tiempos de COVID-19: El Arte como Homenaje a la Resiliencia Comunitaria durante la Pandemi"},"content":{"rendered":"<p style=\"text-align: left;\"><strong>Por EntreMundos<\/strong><\/p>\n<p>El d\u00eda mi\u00e9rcoles 19 de agosto del 2020, se finaliz\u00f3 un mural en las instalaciones de EntreMundos como parte de la campa\u00f1a de sensibilizaci\u00f3n sobre el tema de COVID-19. Este mural form\u00f3 parte de nuestro proyecto \u201c<em>Fortaleciendo la resiliencia de las comunidades vulnerables con acciones de capacitaci\u00f3n t\u00e9cnica a nivel transnacional de Am\u00e9rica Latina\u201d.<\/em> Entremundos puso en marcha la realizaci\u00f3n de este proyecto que cont\u00f3 con colaboraci\u00f3n de un grupo de voluntarios, quienes desarrollaron, intercambiaron, seleccionaron ideas y llegaron a acuerdos para lograr esta obra, que ofrece la posibilidad de llevar el arte a los visitantes de EntreMundos y resalta la realidad guatemalteca en los tiempos de pandemia. Dicha actividad fue posible gracias a la organizaci\u00f3n WeWorld-GVC Guatemala.<\/p>\n<p><a href=\"https:\/\/i0.wp.com\/www.entremundos.org\/revista\/wp-content\/uploads\/2020\/11\/e3a6e21e-ae9e-4df9-8e82-0c008bccc833.jpg\"><img data-recalc-dims=\"1\" loading=\"lazy\" decoding=\"async\" class=\"alignright wp-image-7735\" src=\"https:\/\/i0.wp.com\/www.entremundos.org\/revista\/wp-content\/uploads\/2020\/11\/e3a6e21e-ae9e-4df9-8e82-0c008bccc833-300x300.jpg?resize=333%2C333\" alt=\"\" width=\"333\" height=\"333\" srcset=\"https:\/\/i0.wp.com\/www.entremundos.org\/revista\/wp-content\/uploads\/2020\/11\/e3a6e21e-ae9e-4df9-8e82-0c008bccc833.jpg?resize=300%2C300&amp;ssl=1 300w, https:\/\/i0.wp.com\/www.entremundos.org\/revista\/wp-content\/uploads\/2020\/11\/e3a6e21e-ae9e-4df9-8e82-0c008bccc833.jpg?resize=1024%2C1024&amp;ssl=1 1024w, https:\/\/i0.wp.com\/www.entremundos.org\/revista\/wp-content\/uploads\/2020\/11\/e3a6e21e-ae9e-4df9-8e82-0c008bccc833.jpg?resize=150%2C150&amp;ssl=1 150w, https:\/\/i0.wp.com\/www.entremundos.org\/revista\/wp-content\/uploads\/2020\/11\/e3a6e21e-ae9e-4df9-8e82-0c008bccc833.jpg?resize=768%2C768&amp;ssl=1 768w, https:\/\/i0.wp.com\/www.entremundos.org\/revista\/wp-content\/uploads\/2020\/11\/e3a6e21e-ae9e-4df9-8e82-0c008bccc833.jpg?resize=335%2C335&amp;ssl=1 335w, https:\/\/i0.wp.com\/www.entremundos.org\/revista\/wp-content\/uploads\/2020\/11\/e3a6e21e-ae9e-4df9-8e82-0c008bccc833.jpg?resize=1050%2C1050&amp;ssl=1 1050w, https:\/\/i0.wp.com\/www.entremundos.org\/revista\/wp-content\/uploads\/2020\/11\/e3a6e21e-ae9e-4df9-8e82-0c008bccc833.jpg?w=1280&amp;ssl=1 1280w\" sizes=\"auto, (max-width: 333px) 100vw, 333px\" \/><\/a>El mural tuvo la contribuci\u00f3n y coordinaci\u00f3n del artista <strong>Wilson Adolfo Quiej<\/strong>, un joven con ocho a\u00f1os de experiencia en la pintura y que ha colaborado en diversos proyectos sociales. Tambi\u00e9n se cont\u00f3 con la participaci\u00f3n del <strong>Colectivo J\u00f3venes Artistas por la Justicia Social<\/strong>, el cual es un espacio de participaci\u00f3n ciudadana para j\u00f3venes que a trav\u00e9s de diferentes formas de expresi\u00f3n art\u00edstica promueven e inciden por un mejor desarrollo social, cultural, pol\u00edtico y econ\u00f3mico para Guatemala. Dichos voluntarios, fueron liderados por su representante, <strong>Thelma Suchi<\/strong>. As\u00ed mismo, se cont\u00f3 con la participaci\u00f3n de <strong>Emmy de Paz,<\/strong> voluntaria independiente que se dedica al dise\u00f1o gr\u00e1fico y publicidad, y ha tenido participaci\u00f3n en otros eventos sobre murales. El mural fue posible gracias al apoyo <strong>de Pinturas el Volc\u00e1n<\/strong> quienes donaron la pintura para esta iniciativa.<\/p>\n<p>El proceso del mural comenz\u00f3 con una primera reuni\u00f3n entre el coordinador, los voluntarios y EntreMundos, recreando un boceto para hacer visible el tema principal del mural: La Resiliencia Comunitaria. Las ideas vinieron de la experiencia y vivencia de las personas en la ciudad y las comunidades ante la pandemia, resaltando actitudes positivas como la solidaridad, empat\u00eda y colaboraci\u00f3n. El mural ilustra en una primera parte c\u00f3mo la naturaleza va tomando espacio y recuper\u00e1ndose; se puede observar un jaguar, un quetzal y algunos animales en peligro de extinci\u00f3n. En otro plano, se plasman unas manos que sostienen un zanahoria; una que da y otra que recibe, bajo el lema de la solidaridad que el pueblo ha demostrado en estos tiempos y la importancia de los alimentos. Se ilustra tambi\u00e9n a una mujer con un beb\u00e9 para destacar el trabajo de las comadronas, sobre todo hacia las mujeres embarazadas, ya que las mismas no han podido utilizar libremente los hospitales o centros de salud para sus controles prenatales, partos y cuidados postpartos, por temor al contagio del virus.<\/p>\n<p>Por otro lado, se encuentra un \u00e1rbol y un m\u00e9dico que representan la ra\u00edz y el bienestar de la salud como un homenaje al personal de salud, m\u00e9dicos, enfermeras-os, y todos los que trabajan en el \u00e1mbito de la salud, quienes han hecho lo posible por seguir atendiendo no s\u00f3lo a los enfermos de covid-19, sino a aquellos que siguen necesitado de los servicios de salud. El homenaje quiere recordar a aquellos que perdieron la vida realizando su labor y aquellos que siguen con vida haciendo sacrificios; la imagen del \u00e1rbol representa la esperanza de que pronto de reunir\u00e1n y abrazaran a sus familias, pues muchos todav\u00eda no han tenido la oportunidad de reunirse con ellos.<\/p>\n<p><a href=\"https:\/\/i0.wp.com\/www.entremundos.org\/revista\/wp-content\/uploads\/2020\/11\/m3-scaled.jpg\"><img data-recalc-dims=\"1\" loading=\"lazy\" decoding=\"async\" class=\"wp-image-7729 aligncenter\" src=\"https:\/\/i0.wp.com\/www.entremundos.org\/revista\/wp-content\/uploads\/2020\/11\/m3-scaled.jpg?resize=607%2C810\" alt=\"\" width=\"607\" height=\"810\" srcset=\"https:\/\/i0.wp.com\/www.entremundos.org\/revista\/wp-content\/uploads\/2020\/11\/m3-scaled.jpg?w=1920&amp;ssl=1 1920w, https:\/\/i0.wp.com\/www.entremundos.org\/revista\/wp-content\/uploads\/2020\/11\/m3-scaled.jpg?resize=225%2C300&amp;ssl=1 225w, https:\/\/i0.wp.com\/www.entremundos.org\/revista\/wp-content\/uploads\/2020\/11\/m3-scaled.jpg?resize=768%2C1024&amp;ssl=1 768w, https:\/\/i0.wp.com\/www.entremundos.org\/revista\/wp-content\/uploads\/2020\/11\/m3-scaled.jpg?resize=1152%2C1536&amp;ssl=1 1152w, https:\/\/i0.wp.com\/www.entremundos.org\/revista\/wp-content\/uploads\/2020\/11\/m3-scaled.jpg?resize=1536%2C2048&amp;ssl=1 1536w, https:\/\/i0.wp.com\/www.entremundos.org\/revista\/wp-content\/uploads\/2020\/11\/m3-scaled.jpg?resize=335%2C447&amp;ssl=1 335w, https:\/\/i0.wp.com\/www.entremundos.org\/revista\/wp-content\/uploads\/2020\/11\/m3-scaled.jpg?resize=1050%2C1400&amp;ssl=1 1050w, https:\/\/i0.wp.com\/www.entremundos.org\/revista\/wp-content\/uploads\/2020\/11\/m3-scaled.jpg?w=1280&amp;ssl=1 1280w\" sizes=\"auto, (max-width: 607px) 100vw, 607px\" \/><\/a><\/p>\n<p>En el mural tambi\u00e9n se puede observar a una vendedora con su producto en canastas (que es tambi\u00e9n la portada de nuestra pasada edici\u00f3n 114 \u201cSobreviviendo al Covid-19\u201d de septiembre y octubre). Ella representa a aquellos que nos sostuvieron durante la pandemia, los vendedores de alimentos, incluyendo a aquellos que se organizaron en mercados cantonales y que, gracias a ellos, quienes no pod\u00edan movilizarse por las disposiciones presidenciales pudieron abastecerse y a sus familias y al mismo tiempo apoyar a los productores de alimentos que tambi\u00e9n fueron afectados por la pandemia. Se incluye tambi\u00e9n la imagen de un hombre que habla de la implementaci\u00f3n de huertos de hortalizas y la siembra de plantas medicinales, ambos como forma de prevenci\u00f3n del Covid-19, para estar sanos y fortalecer las defensas inmunol\u00f3gicas.<\/p>\n<p><a href=\"https:\/\/i0.wp.com\/www.entremundos.org\/revista\/wp-content\/uploads\/2020\/11\/m1.jpg\"><img data-recalc-dims=\"1\" loading=\"lazy\" decoding=\"async\" class=\"alignright wp-image-7725\" src=\"https:\/\/i0.wp.com\/www.entremundos.org\/revista\/wp-content\/uploads\/2020\/11\/m1-225x300.jpg?resize=264%2C352\" alt=\"\" width=\"264\" height=\"352\" srcset=\"https:\/\/i0.wp.com\/www.entremundos.org\/revista\/wp-content\/uploads\/2020\/11\/m1.jpg?resize=225%2C300&amp;ssl=1 225w, https:\/\/i0.wp.com\/www.entremundos.org\/revista\/wp-content\/uploads\/2020\/11\/m1.jpg?resize=335%2C447&amp;ssl=1 335w, https:\/\/i0.wp.com\/www.entremundos.org\/revista\/wp-content\/uploads\/2020\/11\/m1.jpg?w=720&amp;ssl=1 720w\" sizes=\"auto, (max-width: 264px) 100vw, 264px\" \/><\/a>Adem\u00e1s de los elementos ya mencionados, se puede observar el fuego y los rostros de j\u00f3venes que representan la esperanza ante estos tiempos dif\u00edciles. Tambi\u00e9n hay varias frutas que representan las diferentes actividades que realizan las personas d\u00eda con d\u00eda durante la pandemia. Por \u00faltimo, se plasmaron unas manos saliendo de dos computadoras; esto representa el rol de la tecnolog\u00eda y c\u00f3mo ella ha permitido que las personas se conecten dentro de la familia, el trabajo y la educaci\u00f3n. Al final, se puede leer un texto de Briza Dom\u00ednguez, una de las voluntarias, que dice as\u00ed:\u201d Que<em> nada se detenga, porque con fe y esperanza la humanidad se levanta\u201d<\/em><\/p>\n<p>La realizaci\u00f3n del mural tuvo una duraci\u00f3n de cinco d\u00edas, con aproximadamente 7 horas diarias de de trabajo. La t\u00e9cnica utilizada fue el pincel y brocha, como explica Adolfo Quiej: <em>\u201cLa pintura, la pared y el espacio se prestaron mucho para poder pintar el mural, lo cual permiti\u00f3 que hubiera colores mate y otros brillantes; as\u00ed fue posible tener un contraste interesante\u201d.<\/em> El boceto fue realizado en blanco y negro a l\u00e1piz, y en base a \u00e9ste se fueron creando los colores y el mural fue tomando forma. Los elementos de inspiraci\u00f3n para destacar la idea principal del mural fueron la b\u00fasqueda de palabras como resiliencia, medicina natural, naturaleza, entre otras, y con ello se buscaron dibujos peque\u00f1os y grandes que tuvieran un impacto visual est\u00e9tico y arm\u00f3nico.<\/p>\n<p><a href=\"https:\/\/i0.wp.com\/www.entremundos.org\/revista\/wp-content\/uploads\/2020\/11\/m2.jpg\"><img data-recalc-dims=\"1\" loading=\"lazy\" decoding=\"async\" class=\"wp-image-7727 alignleft\" src=\"https:\/\/i0.wp.com\/www.entremundos.org\/revista\/wp-content\/uploads\/2020\/11\/m2-300x225.jpg?resize=392%2C294\" alt=\"\" width=\"392\" height=\"294\" srcset=\"https:\/\/i0.wp.com\/www.entremundos.org\/revista\/wp-content\/uploads\/2020\/11\/m2.jpg?resize=300%2C225&amp;ssl=1 300w, https:\/\/i0.wp.com\/www.entremundos.org\/revista\/wp-content\/uploads\/2020\/11\/m2.jpg?resize=1024%2C768&amp;ssl=1 1024w, https:\/\/i0.wp.com\/www.entremundos.org\/revista\/wp-content\/uploads\/2020\/11\/m2.jpg?resize=768%2C576&amp;ssl=1 768w, https:\/\/i0.wp.com\/www.entremundos.org\/revista\/wp-content\/uploads\/2020\/11\/m2.jpg?resize=72%2C54&amp;ssl=1 72w, https:\/\/i0.wp.com\/www.entremundos.org\/revista\/wp-content\/uploads\/2020\/11\/m2.jpg?resize=335%2C251&amp;ssl=1 335w, https:\/\/i0.wp.com\/www.entremundos.org\/revista\/wp-content\/uploads\/2020\/11\/m2.jpg?resize=1050%2C788&amp;ssl=1 1050w, https:\/\/i0.wp.com\/www.entremundos.org\/revista\/wp-content\/uploads\/2020\/11\/m2.jpg?w=1280&amp;ssl=1 1280w\" sizes=\"auto, (max-width: 392px) 100vw, 392px\" \/><\/a><\/p>\n<p>El mural ha logrado expresar diferentes puntos de vista y diferentes realidades en tiempos de pandemia, ya que cada persona se puede sentir identificada con algunos de los elementos plasmados en el mural, y ver c\u00f3mo las comunidades, familias, personas y organizaciones sociales han unido fuerzas para salir adelante porque cada quien, desde el espacio donde se desenvuelve est\u00e1 aportando un granito de ma\u00edz. Hay lecciones aprendidas que nos han ense\u00f1ado a valorar la vida y la naturaleza, y centrarnos en la solidaridad y la empat\u00eda y, sobre todo, en la capacidad de salir adelante, lo cual es el punto central de la resiliencia.<\/p>\n<p>EntreMundos est\u00e1 contento de haber realizado esta actividad que incentiva el trabajo de los quetzaltecos y motiva a j\u00f3venes voluntarios a apoyar la pintura y el muralismo. Creemos que los murales pueden generar impacto en la sociedad y motivar a tener actitudes positivas, ya que pueden transmitir mensajes poderosos para hacerle frente a problem\u00e1ticas sociales. Por eso, es importante reactivar este tipo de arte realizando nuevos proyectos para la educaci\u00f3n y la reflexi\u00f3n, y promoverlo lo mayor posible porque el campo para el arte a\u00fan es poco apoyado en Guatemala.<\/p>\n<p>Cuando las condiciones de la pandemia mejoren, EntreMundos tendr\u00e1 abiertas sus puertas para alguna exposici\u00f3n presencial para que quienes deseen, puedan conocer este mural. Mientras tanto, pueden ver m\u00e1s fotograf\u00edas de esta obra en nuestro facebook e Instagram. Agradecemos a los medios de comunicaci\u00f3n que dieron cobertura a la elaboraci\u00f3n del mural (Guatevisi\u00f3n, Prensa Libre y Stereo 100) y esperamos que en el futuro puedan seguir apoyando el arte; adem\u00e1s esperamos que siga habiendo voluntarios que puedan dar su tiempo, sus habilidades y buena energ\u00eda para pintar y contar historias a trav\u00e9s de los muros.<\/p>\n","protected":false},"excerpt":{"rendered":"<p>Por EntreMundos El d\u00eda mi\u00e9rcoles 19 de agosto del 2020, se finaliz\u00f3 un mural en las instalaciones de EntreMundos como parte de la campa\u00f1a de sensibilizaci\u00f3n sobre el tema de COVID-19. Este mural form\u00f3 parte de nuestro proyecto \u201cFortaleciendo la resiliencia de las comunidades vulnerables con acciones de capacitaci\u00f3n t\u00e9cnica a nivel transnacional de Am\u00e9rica [&hellip;]<\/p>\n","protected":false},"author":13,"featured_media":7733,"comment_status":"closed","ping_status":"closed","sticky":false,"template":"","format":"standard","meta":{"_exactmetrics_skip_tracking":false,"_exactmetrics_sitenote_active":false,"_exactmetrics_sitenote_note":"","_exactmetrics_sitenote_category":0,"jetpack_post_was_ever_published":false,"_jetpack_newsletter_access":"","_jetpack_dont_email_post_to_subs":false,"_jetpack_newsletter_tier_id":0,"_jetpack_memberships_contains_paywalled_content":false,"_jetpack_memberships_contains_paid_content":false,"footnotes":""},"categories":[402,388,452,439,1772],"tags":[2537,2007,2538,2535,2534,2536],"class_list":["post-7724","post","type-post","status-publish","format-standard","has-post-thumbnail","hentry","category-accion-comunitaria-3","category-cultura","category-frontpage","category-juventud","category-situacion-social","tag-colectivo-jovenes-artistas-por-la-justicia-social","tag-covid-19","tag-mural-entremundos","tag-pintando-en-tiempos-de-covid-19","tag-resiliencia-comunitaria","tag-wilson-adolfo-quiej"],"jetpack_featured_media_url":"https:\/\/i0.wp.com\/www.entremundos.org\/revista\/wp-content\/uploads\/2020\/11\/para-portada.jpg?fit=956%2C649&ssl=1","jetpack_shortlink":"https:\/\/wp.me\/p7ljt7-20A","jetpack-related-posts":[{"id":13644,"url":"https:\/\/www.entremundos.org\/revista\/politica\/fortaleciendo-la-comunidad-desde-dentro-un-nuevo-capitulo-para-caras-alegres\/","url_meta":{"origin":7724,"position":0},"title":"Fortaleciendo la comunidad desde dentro: Un nuevo cap\u00edtulo para Caras Alegres","author":"EntreMundos","date":"4 abril, 2026","format":false,"excerpt":"POR VER\u00d3NICA DI MAGGIO Caras Alegres reabri\u00f3 sus puertas con una renovada claridad y enfoque estrat\u00e9gico. Despu\u00e9s de meses dedicados a la evaluaci\u00f3n y planificaci\u00f3n, este 2026 inicia no simplemente como un nuevo a\u00f1o operativo, sino como una expansi\u00f3n estructurada de nuestro impacto comunitario. El a\u00f1o pasado demostr\u00f3 que el\u2026","rel":"","context":"En \u00abFrontPage\u00bb","block_context":{"text":"FrontPage","link":"https:\/\/www.entremundos.org\/revista\/category\/frontpage\/"},"img":{"alt_text":"","src":"https:\/\/i0.wp.com\/www.entremundos.org\/revista\/wp-content\/uploads\/2026\/03\/633353323_1320877706749036_6826896970194983908_n.jpg?fit=1200%2C963&ssl=1&resize=350%2C200","width":350,"height":200,"srcset":"https:\/\/i0.wp.com\/www.entremundos.org\/revista\/wp-content\/uploads\/2026\/03\/633353323_1320877706749036_6826896970194983908_n.jpg?fit=1200%2C963&ssl=1&resize=350%2C200 1x, https:\/\/i0.wp.com\/www.entremundos.org\/revista\/wp-content\/uploads\/2026\/03\/633353323_1320877706749036_6826896970194983908_n.jpg?fit=1200%2C963&ssl=1&resize=525%2C300 1.5x, https:\/\/i0.wp.com\/www.entremundos.org\/revista\/wp-content\/uploads\/2026\/03\/633353323_1320877706749036_6826896970194983908_n.jpg?fit=1200%2C963&ssl=1&resize=700%2C400 2x, https:\/\/i0.wp.com\/www.entremundos.org\/revista\/wp-content\/uploads\/2026\/03\/633353323_1320877706749036_6826896970194983908_n.jpg?fit=1200%2C963&ssl=1&resize=1050%2C600 3x"},"classes":[]},{"id":11407,"url":"https:\/\/www.entremundos.org\/revista\/politica\/del-papel-a-la-pantalla\/","url_meta":{"origin":7724,"position":1},"title":"Del papel a la pantalla","author":"EntreMundos","date":"10 noviembre, 2023","format":false,"excerpt":"POR EMMA G\u00d3MEZ Dos pa\u00edses golpeados por la corrupci\u00f3n, violaci\u00f3n de los derechos humanos, injusticias, persecuciones y despojos, por mencionar algunos de los males que tienen en com\u00fan Guatemala y El Salvador. El proyecto, Del Papel a la Pantalla, presenta dos propuestas visuales para reflexionar sobre la educaci\u00f3n sexual y\u2026","rel":"","context":"En \u00abAccion Comunitaria\u00bb","block_context":{"text":"Accion Comunitaria","link":"https:\/\/www.entremundos.org\/revista\/category\/politica\/accion-comunitaria-3\/"},"img":{"alt_text":"","src":"https:\/\/i0.wp.com\/www.entremundos.org\/revista\/wp-content\/uploads\/2023\/11\/whatsapp-image-2023-10-23-at-9.54.45-am-2.jpeg?fit=1200%2C800&ssl=1&resize=350%2C200","width":350,"height":200,"srcset":"https:\/\/i0.wp.com\/www.entremundos.org\/revista\/wp-content\/uploads\/2023\/11\/whatsapp-image-2023-10-23-at-9.54.45-am-2.jpeg?fit=1200%2C800&ssl=1&resize=350%2C200 1x, https:\/\/i0.wp.com\/www.entremundos.org\/revista\/wp-content\/uploads\/2023\/11\/whatsapp-image-2023-10-23-at-9.54.45-am-2.jpeg?fit=1200%2C800&ssl=1&resize=525%2C300 1.5x, https:\/\/i0.wp.com\/www.entremundos.org\/revista\/wp-content\/uploads\/2023\/11\/whatsapp-image-2023-10-23-at-9.54.45-am-2.jpeg?fit=1200%2C800&ssl=1&resize=700%2C400 2x, https:\/\/i0.wp.com\/www.entremundos.org\/revista\/wp-content\/uploads\/2023\/11\/whatsapp-image-2023-10-23-at-9.54.45-am-2.jpeg?fit=1200%2C800&ssl=1&resize=1050%2C600 3x"},"classes":[]},{"id":7740,"url":"https:\/\/www.entremundos.org\/revista\/culture\/painting-in-the-time-of-covid-19\/?lang=en","url_meta":{"origin":7724,"position":2},"title":"Painting in the Time of COVID-19: Art to honour Community Resilience during the Pandemic","author":"Majo Recinos","date":"23 noviembre, 2020","format":false,"excerpt":"By EntreMundos On Wednesday the 19th of August 2020, a mural was completed at the EntreMundos facilities as part of the COVID-19 awareness campaign. This mural is part of our project \u2013 \u2018Strengthening the resilience of vulnerable communities with technological training at a transnational level in Latin America.\u2019 EntreMundos launched\u2026","rel":"","context":"En \u00abCommunity Action\u00bb","block_context":{"text":"Community Action","link":"https:\/\/www.entremundos.org\/revista\/category\/politics\/community-action-en-2\/?lang=en"},"img":{"alt_text":"","src":"https:\/\/i0.wp.com\/www.entremundos.org\/revista\/wp-content\/uploads\/2020\/11\/para-portada.jpg?fit=956%2C649&ssl=1&resize=350%2C200","width":350,"height":200,"srcset":"https:\/\/i0.wp.com\/www.entremundos.org\/revista\/wp-content\/uploads\/2020\/11\/para-portada.jpg?fit=956%2C649&ssl=1&resize=350%2C200 1x, https:\/\/i0.wp.com\/www.entremundos.org\/revista\/wp-content\/uploads\/2020\/11\/para-portada.jpg?fit=956%2C649&ssl=1&resize=525%2C300 1.5x, https:\/\/i0.wp.com\/www.entremundos.org\/revista\/wp-content\/uploads\/2020\/11\/para-portada.jpg?fit=956%2C649&ssl=1&resize=700%2C400 2x"},"classes":[]},{"id":11500,"url":"https:\/\/www.entremundos.org\/revista\/frontpage\/desarrollo-y-turismo-comunitario\/","url_meta":{"origin":7724,"position":3},"title":"Desarrollo y turismo comunitario","author":"EntreMundos","date":"11 diciembre, 2023","format":false,"excerpt":"POR ADAFIS Y ASODIL\u00a0 En Guatemala se pueden disfrutar de experiencias inolvidables en cada recorrido que se haga en el pa\u00eds; pues \u00e9ste es de los pa\u00edses con mayores atractivos naturales en Centroam\u00e9rica. Como muestra, te presentamos dos proyectos exitosos de turismo comunitario; ADAFIS y ASODIL. Iniciamos el recorrido en\u2026","rel":"","context":"En \u00abFrontPage\u00bb","block_context":{"text":"FrontPage","link":"https:\/\/www.entremundos.org\/revista\/category\/frontpage\/"},"img":{"alt_text":"","src":"https:\/\/i0.wp.com\/www.entremundos.org\/revista\/wp-content\/uploads\/2023\/12\/foto-asodil-.jpg?fit=480%2C360&ssl=1&resize=350%2C200","width":350,"height":200},"classes":[]},{"id":11083,"url":"https:\/\/www.entremundos.org\/revista\/medio-ambiente\/sin-abejas-no-hay-vida\/","url_meta":{"origin":7724,"position":4},"title":"Sin abejas no hay vida","author":"EntreMundos","date":"20 julio, 2023","format":false,"excerpt":"Ma\u00edz de Vida\u00a0 \u00bfSab\u00edas que a nivel global existen m\u00e1s de 20 mil especies de abejas? Su vida es fundamental para los ecosistemas y la producci\u00f3n de alimentos. Sab\u00edas que una abeja vive menos de 40 d\u00edas, visita al menos 1000 flores y produce menos de una cucharadita de miel,\u2026","rel":"","context":"En \u00abAccion Comunitaria\u00bb","block_context":{"text":"Accion Comunitaria","link":"https:\/\/www.entremundos.org\/revista\/category\/politica\/accion-comunitaria-3\/"},"img":{"alt_text":"","src":"https:\/\/i0.wp.com\/www.entremundos.org\/revista\/wp-content\/uploads\/2023\/07\/a6d4e38f-ec55-4772-bcd2-36fc346e048c-1.jpg?fit=901%2C1200&ssl=1&resize=350%2C200","width":350,"height":200,"srcset":"https:\/\/i0.wp.com\/www.entremundos.org\/revista\/wp-content\/uploads\/2023\/07\/a6d4e38f-ec55-4772-bcd2-36fc346e048c-1.jpg?fit=901%2C1200&ssl=1&resize=350%2C200 1x, https:\/\/i0.wp.com\/www.entremundos.org\/revista\/wp-content\/uploads\/2023\/07\/a6d4e38f-ec55-4772-bcd2-36fc346e048c-1.jpg?fit=901%2C1200&ssl=1&resize=525%2C300 1.5x, https:\/\/i0.wp.com\/www.entremundos.org\/revista\/wp-content\/uploads\/2023\/07\/a6d4e38f-ec55-4772-bcd2-36fc346e048c-1.jpg?fit=901%2C1200&ssl=1&resize=700%2C400 2x"},"classes":[]},{"id":13642,"url":"https:\/\/www.entremundos.org\/revista\/politica\/las-mujeres-inspiran-es-hora-de-acabar-con-las-brechas-de-desigualdad\/","url_meta":{"origin":7724,"position":5},"title":"Las mujeres inspiran: Es hora de acabar con las brechas de desigualdad","author":"EntreMundos","date":"4 abril, 2026","format":false,"excerpt":"POR MARIANA L\u00d3PEZ La discriminaci\u00f3n y racismo son temas que se han abordado e incluso se ha dicho que ya se han superado estando lejos de ser parte de nuestra realidad, sin embargo, basta con observar para comprender que una cosa es el discurso y otra la pr\u00e1ctica. En la\u2026","rel":"","context":"En \u00abFrontPage\u00bb","block_context":{"text":"FrontPage","link":"https:\/\/www.entremundos.org\/revista\/category\/frontpage\/"},"img":{"alt_text":"","src":"https:\/\/i0.wp.com\/www.entremundos.org\/revista\/wp-content\/uploads\/2026\/03\/649499575_1230883245899060_5224768132019882352_n.jpg?fit=1200%2C800&ssl=1&resize=350%2C200","width":350,"height":200,"srcset":"https:\/\/i0.wp.com\/www.entremundos.org\/revista\/wp-content\/uploads\/2026\/03\/649499575_1230883245899060_5224768132019882352_n.jpg?fit=1200%2C800&ssl=1&resize=350%2C200 1x, https:\/\/i0.wp.com\/www.entremundos.org\/revista\/wp-content\/uploads\/2026\/03\/649499575_1230883245899060_5224768132019882352_n.jpg?fit=1200%2C800&ssl=1&resize=525%2C300 1.5x, https:\/\/i0.wp.com\/www.entremundos.org\/revista\/wp-content\/uploads\/2026\/03\/649499575_1230883245899060_5224768132019882352_n.jpg?fit=1200%2C800&ssl=1&resize=700%2C400 2x, https:\/\/i0.wp.com\/www.entremundos.org\/revista\/wp-content\/uploads\/2026\/03\/649499575_1230883245899060_5224768132019882352_n.jpg?fit=1200%2C800&ssl=1&resize=1050%2C600 3x"},"classes":[]}],"jetpack_sharing_enabled":true,"_links":{"self":[{"href":"https:\/\/www.entremundos.org\/revista\/wp-json\/wp\/v2\/posts\/7724","targetHints":{"allow":["GET"]}}],"collection":[{"href":"https:\/\/www.entremundos.org\/revista\/wp-json\/wp\/v2\/posts"}],"about":[{"href":"https:\/\/www.entremundos.org\/revista\/wp-json\/wp\/v2\/types\/post"}],"author":[{"embeddable":true,"href":"https:\/\/www.entremundos.org\/revista\/wp-json\/wp\/v2\/users\/13"}],"replies":[{"embeddable":true,"href":"https:\/\/www.entremundos.org\/revista\/wp-json\/wp\/v2\/comments?post=7724"}],"version-history":[{"count":6,"href":"https:\/\/www.entremundos.org\/revista\/wp-json\/wp\/v2\/posts\/7724\/revisions"}],"predecessor-version":[{"id":7902,"href":"https:\/\/www.entremundos.org\/revista\/wp-json\/wp\/v2\/posts\/7724\/revisions\/7902"}],"wp:featuredmedia":[{"embeddable":true,"href":"https:\/\/www.entremundos.org\/revista\/wp-json\/wp\/v2\/media\/7733"}],"wp:attachment":[{"href":"https:\/\/www.entremundos.org\/revista\/wp-json\/wp\/v2\/media?parent=7724"}],"wp:term":[{"taxonomy":"category","embeddable":true,"href":"https:\/\/www.entremundos.org\/revista\/wp-json\/wp\/v2\/categories?post=7724"},{"taxonomy":"post_tag","embeddable":true,"href":"https:\/\/www.entremundos.org\/revista\/wp-json\/wp\/v2\/tags?post=7724"}],"curies":[{"name":"wp","href":"https:\/\/api.w.org\/{rel}","templated":true}]}}