{"id":7747,"date":"2020-11-11T10:00:21","date_gmt":"2020-11-11T18:00:21","guid":{"rendered":"http:\/\/www.entremundos.org\/revista\/?p=7747"},"modified":"2020-11-11T20:42:30","modified_gmt":"2020-11-12T04:42:30","slug":"ninas-jovenes-y-redes-sociales-el-abuso-y-el-acoso-las-aleja-de-facebook-instagram-y-twitter","status":"publish","type":"post","link":"https:\/\/www.entremundos.org\/revista\/mujer\/ninas-jovenes-y-redes-sociales-el-abuso-y-el-acoso-las-aleja-de-facebook-instagram-y-twitter\/","title":{"rendered":"Ni\u00f1as, J\u00f3venes y Redes Sociales:  El Abuso y el Acoso las aleja de Facebook, Instagram y Twitter"},"content":{"rendered":"<p><strong>Por Plan Internacional<\/strong><\/p>\n<p><em>Una encuesta mundial sobre la violencia en Internet realizada recientemente muestra que una de cada cinco ni\u00f1as y j\u00f3venes (19%) ha dejado o reducido significativamente el uso de una plataforma de medios sociales despu\u00e9s de ser acosada, mientras que una de cada diez (12%) ha cambiado su forma de expresarse.<\/em><\/p>\n<p>Ni\u00f1as y j\u00f3venes de todo el mundo est\u00e1n exigiendo medidas urgentes a las empresas de medios sociales, despu\u00e9s de que una encuesta revelara que m\u00e1s de la mitad (58%) han sido acosadas o abusadas en l\u00ednea. Los ataques son m\u00e1s comunes en Facebook, donde el 39% dice haber sufrido acoso, pero ocurren en todas las plataformas consideradas en el estudio mundial, incluyendo Instagram (23%), WhatsApp (14%), Snapchat (10%), Twitter (9%) y TikTok (6%).<\/p>\n<p>E<a href=\"https:\/\/i0.wp.com\/www.entremundos.org\/revista\/wp-content\/uploads\/2020\/11\/imagen-pag.-10.png\"><img data-recalc-dims=\"1\" loading=\"lazy\" decoding=\"async\" class=\"alignleft wp-image-7750\" src=\"https:\/\/i0.wp.com\/www.entremundos.org\/revista\/wp-content\/uploads\/2020\/11\/imagen-pag.-10-300x300.png?resize=314%2C314\" alt=\"\" width=\"314\" height=\"314\" srcset=\"https:\/\/i0.wp.com\/www.entremundos.org\/revista\/wp-content\/uploads\/2020\/11\/imagen-pag.-10.png?resize=300%2C300&amp;ssl=1 300w, https:\/\/i0.wp.com\/www.entremundos.org\/revista\/wp-content\/uploads\/2020\/11\/imagen-pag.-10.png?resize=1024%2C1024&amp;ssl=1 1024w, https:\/\/i0.wp.com\/www.entremundos.org\/revista\/wp-content\/uploads\/2020\/11\/imagen-pag.-10.png?resize=150%2C150&amp;ssl=1 150w, https:\/\/i0.wp.com\/www.entremundos.org\/revista\/wp-content\/uploads\/2020\/11\/imagen-pag.-10.png?resize=768%2C768&amp;ssl=1 768w, https:\/\/i0.wp.com\/www.entremundos.org\/revista\/wp-content\/uploads\/2020\/11\/imagen-pag.-10.png?resize=335%2C335&amp;ssl=1 335w, https:\/\/i0.wp.com\/www.entremundos.org\/revista\/wp-content\/uploads\/2020\/11\/imagen-pag.-10.png?resize=1050%2C1050&amp;ssl=1 1050w, https:\/\/i0.wp.com\/www.entremundos.org\/revista\/wp-content\/uploads\/2020\/11\/imagen-pag.-10.png?w=1080&amp;ssl=1 1080w\" sizes=\"auto, (max-width: 314px) 100vw, 314px\" \/><\/a>sta investigaci\u00f3n, desarrollada por Plan Internacional, una organizaci\u00f3n enfocada en la promoci\u00f3n y defensa de los derechos de las ni\u00f1as, se basa en una encuesta realizada a 14.000 j\u00f3venes de entre 15 y 25 a\u00f1os de edad en 22 pa\u00edses de todo el mundo, bajo una serie de entrevistas a profundidad. Se trata del mayor estudio de este tipo, y en \u00e9l se constat\u00f3 que las ni\u00f1as que utilizan los medios sociales tanto en pa\u00edses de ingreso alto como en los de ingreso bajo, son objeto de mensajes expl\u00edcitos, fotos pornogr\u00e1ficas, ciberacoso y otras formas de abuso, y que las herramientas de denuncia son ineficaces para detenerlo.<\/p>\n<p>La violencia en l\u00ednea ha hecho que casi una de cada cinco (19%) de las ni\u00f1as que han sido acosadas dejen de utilizar o reduzcan significativamente el uso de la plataforma, mientras que una de cada diez (12%) ha cambiado la forma en que se expresan. D\u00e9bora Cobar, Directora de Plan International en la Regi\u00f3n de las Am\u00e9ricas menciona: \u201cSi antes de la pandemia las j\u00f3venes estaban usando redes sociales, ahora por las limitaciones de movilidad pasan m\u00e1s tiempo en l\u00ednea y muchas interacciones que antes eran cara a cara ahora son v\u00eda redes sociales. Necesitamos que las plataformas digitales den un paso al frente en su compromiso por la protecci\u00f3n de las j\u00f3venes\u201d.<\/p>\n<p>El 59% de las ni\u00f1as y j\u00f3venes que han sido acosadas indican que el tipo de ataque m\u00e1s com\u00fan es el lenguaje abusivo e insultante, seguido por acciones para avergonzarlas intencionalmente (41%), y por acciones para avergonzarlas coporalmente y amenazarlas violentamente de forma sexual (ambos 39%). M\u00e1s de un tercio (37%) de las ni\u00f1as que pertenecen a una minor\u00eda \u00e9tnica y que han sufrido abusos mencionan haber sido objeto de ello debido a su origen \u00e9tnico, mientras que m\u00e1s de la mitad (56%) de las que se identifican como LGBTIQ+ mencionaron haber sido acosadas debido a su identidad de g\u00e9nero u orientaci\u00f3n sexual.<\/p>\n<p>El informe titulado \u201c\u00bfLibres para estar en l\u00ednea? Experiencias de acoso en l\u00ednea de ni\u00f1as y mujeres j\u00f3venes\u201d encontr\u00f3 que las redes sociales son una parte significativa de su vida, y que estas redes son utilizadas para el activismo, el entretenimiento, para aprender y contactarse con amistades y\/o familiares. Una de cada cuatro ni\u00f1as abusadas en l\u00ednea, se siente en peligro f\u00edsico como resultado de una mala experiencia vivida. El acoso en l\u00ednea est\u00e1 silenciando la voz de muchas ni\u00f1as que quiz\u00e1 antes pod\u00edan expresarse libremente, pero por temor lo est\u00e1n dejando de hacer. El 19% de las ni\u00f1as acosadas con mucha frecuencia, coment\u00f3 que utilizan menos las plataformas sociales; el 12% simplemente dej\u00f3 de usarlas.<\/p>\n<p><a href=\"https:\/\/i0.wp.com\/www.entremundos.org\/revista\/wp-content\/uploads\/2020\/11\/imagen-pag.-8.jpg\"><img data-recalc-dims=\"1\" loading=\"lazy\" decoding=\"async\" class=\"alignright wp-image-7811\" src=\"https:\/\/i0.wp.com\/www.entremundos.org\/revista\/wp-content\/uploads\/2020\/11\/imagen-pag.-8-300x238.jpg?resize=338%2C268\" alt=\"\" width=\"338\" height=\"268\" srcset=\"https:\/\/i0.wp.com\/www.entremundos.org\/revista\/wp-content\/uploads\/2020\/11\/imagen-pag.-8.jpg?resize=300%2C238&amp;ssl=1 300w, https:\/\/i0.wp.com\/www.entremundos.org\/revista\/wp-content\/uploads\/2020\/11\/imagen-pag.-8.jpg?resize=768%2C610&amp;ssl=1 768w, https:\/\/i0.wp.com\/www.entremundos.org\/revista\/wp-content\/uploads\/2020\/11\/imagen-pag.-8.jpg?resize=335%2C266&amp;ssl=1 335w, https:\/\/i0.wp.com\/www.entremundos.org\/revista\/wp-content\/uploads\/2020\/11\/imagen-pag.-8.jpg?w=907&amp;ssl=1 907w\" sizes=\"auto, (max-width: 338px) 100vw, 338px\" \/><\/a>Actualmente, se brinda muy poca protecci\u00f3n para las ni\u00f1as y mujeres j\u00f3venes en la utilizaci\u00f3n de las plataformas electr\u00f3nicas para evitar el acoso, por lo que es importante tomar medidas para que \u00e9ste problema ya no se presente. El acoso tiene un profundo efecto en la confianza y el bienestar de las mismas, como la baja de autoestima, estr\u00e9s mental y emocional; adem\u00e1s les causa problemas en sus relaciones interpersonales en sus espacios diarios, como la escuela.<\/p>\n<p>En esta \u00e9poca los medios de comunicaci\u00f3n tienden a alcanzar relevancia, principalmente las redes sociales, es importante que las ni\u00f1as tengan acceso libre y seguro a estas formas de comunicaci\u00f3n para que puedan expresar sus pensamientos e ideas, e incluso continuar con sus estudios en l\u00ednea durante esta pandemia. En el \u00faltimo censo se registr\u00f3 que 7 de cada 10 guatemaltecos tienen acceso a internet, y 8 de cada 10 cuentan con computadora o tel\u00e9fono inteligente. No obstante, el uso de estos aparatos tecnol\u00f3gicos a\u00fan no llega a la mayor\u00eda de ni\u00f1as, (celulares, computadoras y otros dispositivos electr\u00f3nicos) por diversas causas entre ellas: violencia basada en g\u00e9nero, pobreza, exclusi\u00f3n, etc. Esto es verdaderamente preocupante ya que es un recurso muy valioso para su educaci\u00f3n.<\/p>\n<p>Es necesario resaltar que las ni\u00f1as guatemaltecas que tienen acceso a la tecnolog\u00eda (m\u00ednima proporci\u00f3n) son v\u00edctimas de acoso y violencia. Seg\u00fan <a href=\"http:\/\/www.bullyingstatistics.org\/category\/bullying-statistics\">bullyingstatistics<\/a>, 1 de cada 3 estudiantes guatemaltecas es v\u00edctima de acoso, la mitad de ellas admite que ha sufrido este problema y s\u00f3lo un 10% de ellas llega a cont\u00e1rselo a un adulto. A ra\u00edz de esta problem\u00e1tica y como parte de una campa\u00f1a contra el problema, ni\u00f1as y j\u00f3venes de todo el mundo han escrito una carta abierta a Facebook, Instagram, TikTok y Twitter en la que les piden crear formas m\u00e1s fuertes y eficaces de denunciar el abuso y el acoso. Usted puede firmar y apoyar la carta en: <a href=\"https:\/\/plan-international.org\/es\/firma-la-carta\">https:\/\/plan-international.org\/es\/firma-la-carta<\/a>. Por su parte, Plan Internacional Guatemala est\u00e1 pidiendo al gobierno y entidades tomadores de decisiones que apliquen leyes espec\u00edficas para hacer frente a la violencia de g\u00e9nero en l\u00ednea y garantice que las ni\u00f1as que la sufren tengan acceso a la justicia.<\/p>\n<p>Como se menciona en este mismo reporte, la libertad de expresi\u00f3n suele citarse como el criterio m\u00e1ximo en cuanto a c\u00f3mo se regulan internet y las plataformas de medios sociales. Por lo general, nadie se responsabiliza por la informaci\u00f3n falsa, los abusos o el acoso que forman parte del entorno en l\u00ednea. Los perpetradores, que fuera de internet se ver\u00edan sujetos a las leyes, siguen en l\u00ednea con impunidad y, generalmente, un anonimato que los empodera. La libertad puede ser un tema complicado: \u00bflos derechos de qui\u00e9nes se priorizan y las voces de qui\u00e9nes se silencian? Un sistema que fue dise\u00f1ado para todas las personas, para conectarnos y brindarnos informaci\u00f3n, est\u00e1 en peligro de convertirse en una plataforma para quienes ya tienen poder y una fuerza que, en las palabras de Tim Berners-Lee, fundador de la red inform\u00e1tica mundial, es ahora \u201cantihumana\u201d.<\/p>\n<p><strong>Para descargar el informe, visite: <a href=\"https:\/\/plan-international.org\/es\/latin-america\/libres-para-estar-en-linea#download-options\">https:\/\/plan-international.org\/es\/latin-america\/libres-para-estar-en-linea#download-options<\/a><\/strong><\/p>\n","protected":false},"excerpt":{"rendered":"<p>Por Plan Internacional Una encuesta mundial sobre la violencia en Internet realizada recientemente muestra que una de cada cinco ni\u00f1as y j\u00f3venes (19%) ha dejado o reducido significativamente el uso de una plataforma de medios sociales despu\u00e9s de ser acosada, mientras que una de cada diez (12%) ha cambiado su forma de expresarse. Ni\u00f1as y [&hellip;]<\/p>\n","protected":false},"author":1,"featured_media":7748,"comment_status":"closed","ping_status":"closed","sticky":false,"template":"","format":"standard","meta":{"_exactmetrics_skip_tracking":false,"_exactmetrics_sitenote_active":false,"_exactmetrics_sitenote_note":"","_exactmetrics_sitenote_category":0,"jetpack_post_was_ever_published":false,"_jetpack_newsletter_access":"","_jetpack_dont_email_post_to_subs":false,"_jetpack_newsletter_tier_id":0,"_jetpack_memberships_contains_paywalled_content":false,"_jetpack_memberships_contains_paid_content":false,"footnotes":""},"categories":[452,439,386,1772],"tags":[2568,2565,2567,2566],"class_list":["post-7747","post","type-post","status-publish","format-standard","has-post-thumbnail","hentry","category-frontpage","category-juventud","category-mujer","category-situacion-social","tag-acoso-en-redes-sociales","tag-ciberacoso","tag-ninas-y-mujeres-acosadas-por-redes-sociales","tag-violencia-en-internet"],"jetpack_featured_media_url":"https:\/\/i0.wp.com\/www.entremundos.org\/revista\/wp-content\/uploads\/2020\/11\/imagen-pag.-9.jpg?fit=338%2C338&ssl=1","jetpack_shortlink":"https:\/\/wp.me\/p7ljt7-20X","jetpack-related-posts":[{"id":10833,"url":"https:\/\/www.entremundos.org\/revista\/politica\/violencia-contra-las-mujeres-dominio-masculino-en-la-politica\/","url_meta":{"origin":7747,"position":0},"title":"Violencia contra las mujeres: dominio masculino en la pol\u00edtica","author":"EntreMundos","date":"29 mayo, 2023","format":false,"excerpt":"Silvia Lilian Trujillo La violencia pol\u00edtica es sistem\u00e1tica y permanente, se produce para inhibir, ralentizar o restringir la participaci\u00f3n pol\u00edtica de mujeres, en el marco de un sistema que se resiste a aceptar su igualdad de derechos. Mientras no se trabaje para acabar con esta violencia espec\u00edfica la calidad de\u2026","rel":"","context":"En \u00abFrontPage\u00bb","block_context":{"text":"FrontPage","link":"https:\/\/www.entremundos.org\/revista\/category\/frontpage\/"},"img":{"alt_text":"","src":"https:\/\/i0.wp.com\/www.entremundos.org\/revista\/wp-content\/uploads\/2023\/05\/000_16w772-1.jpg?fit=1200%2C799&ssl=1&resize=350%2C200","width":350,"height":200,"srcset":"https:\/\/i0.wp.com\/www.entremundos.org\/revista\/wp-content\/uploads\/2023\/05\/000_16w772-1.jpg?fit=1200%2C799&ssl=1&resize=350%2C200 1x, https:\/\/i0.wp.com\/www.entremundos.org\/revista\/wp-content\/uploads\/2023\/05\/000_16w772-1.jpg?fit=1200%2C799&ssl=1&resize=525%2C300 1.5x, https:\/\/i0.wp.com\/www.entremundos.org\/revista\/wp-content\/uploads\/2023\/05\/000_16w772-1.jpg?fit=1200%2C799&ssl=1&resize=700%2C400 2x, https:\/\/i0.wp.com\/www.entremundos.org\/revista\/wp-content\/uploads\/2023\/05\/000_16w772-1.jpg?fit=1200%2C799&ssl=1&resize=1050%2C600 3x"},"classes":[]},{"id":13241,"url":"https:\/\/www.entremundos.org\/revista\/politica\/crimen-de-estado-primera-sentencia\/","url_meta":{"origin":7747,"position":1},"title":"Crimen De Estado: Primera Sentencia\u00a0","author":"EntreMundos","date":"17 septiembre, 2025","format":false,"excerpt":"Por Carolina Escobar Sarti Durante el gobierno de Jimmy Morales se cometi\u00f3 un crimen de Estado. Fue el 8 de marzo de 2017, cuando 56 ni\u00f1as y adolescentes fueron colocadas, por horas, en un aula de 7 x 6.8 metros donde no hab\u00eda ni siquiera un ba\u00f1o. Despu\u00e9s del desayuno\u2026","rel":"","context":"En \u00abFrontPage\u00bb","block_context":{"text":"FrontPage","link":"https:\/\/www.entremundos.org\/revista\/category\/frontpage\/"},"img":{"alt_text":"","src":"https:\/\/i0.wp.com\/www.entremundos.org\/revista\/wp-content\/uploads\/2025\/09\/img66.jpg?fit=960%2C1200&ssl=1&resize=350%2C200","width":350,"height":200,"srcset":"https:\/\/i0.wp.com\/www.entremundos.org\/revista\/wp-content\/uploads\/2025\/09\/img66.jpg?fit=960%2C1200&ssl=1&resize=350%2C200 1x, https:\/\/i0.wp.com\/www.entremundos.org\/revista\/wp-content\/uploads\/2025\/09\/img66.jpg?fit=960%2C1200&ssl=1&resize=525%2C300 1.5x, https:\/\/i0.wp.com\/www.entremundos.org\/revista\/wp-content\/uploads\/2025\/09\/img66.jpg?fit=960%2C1200&ssl=1&resize=700%2C400 2x"},"classes":[]},{"id":13644,"url":"https:\/\/www.entremundos.org\/revista\/politica\/fortaleciendo-la-comunidad-desde-dentro-un-nuevo-capitulo-para-caras-alegres\/","url_meta":{"origin":7747,"position":2},"title":"Fortaleciendo la comunidad desde dentro: Un nuevo cap\u00edtulo para Caras Alegres","author":"EntreMundos","date":"4 abril, 2026","format":false,"excerpt":"POR VER\u00d3NICA DI MAGGIO Caras Alegres reabri\u00f3 sus puertas con una renovada claridad y enfoque estrat\u00e9gico. Despu\u00e9s de meses dedicados a la evaluaci\u00f3n y planificaci\u00f3n, este 2026 inicia no simplemente como un nuevo a\u00f1o operativo, sino como una expansi\u00f3n estructurada de nuestro impacto comunitario. El a\u00f1o pasado demostr\u00f3 que el\u2026","rel":"","context":"En \u00abFrontPage\u00bb","block_context":{"text":"FrontPage","link":"https:\/\/www.entremundos.org\/revista\/category\/frontpage\/"},"img":{"alt_text":"","src":"https:\/\/i0.wp.com\/www.entremundos.org\/revista\/wp-content\/uploads\/2026\/03\/633353323_1320877706749036_6826896970194983908_n.jpg?fit=1200%2C963&ssl=1&resize=350%2C200","width":350,"height":200,"srcset":"https:\/\/i0.wp.com\/www.entremundos.org\/revista\/wp-content\/uploads\/2026\/03\/633353323_1320877706749036_6826896970194983908_n.jpg?fit=1200%2C963&ssl=1&resize=350%2C200 1x, https:\/\/i0.wp.com\/www.entremundos.org\/revista\/wp-content\/uploads\/2026\/03\/633353323_1320877706749036_6826896970194983908_n.jpg?fit=1200%2C963&ssl=1&resize=525%2C300 1.5x, https:\/\/i0.wp.com\/www.entremundos.org\/revista\/wp-content\/uploads\/2026\/03\/633353323_1320877706749036_6826896970194983908_n.jpg?fit=1200%2C963&ssl=1&resize=700%2C400 2x, https:\/\/i0.wp.com\/www.entremundos.org\/revista\/wp-content\/uploads\/2026\/03\/633353323_1320877706749036_6826896970194983908_n.jpg?fit=1200%2C963&ssl=1&resize=1050%2C600 3x"},"classes":[]},{"id":11856,"url":"https:\/\/www.entremundos.org\/revista\/culture\/helping-and-guiding-survivors-of-violence\/?lang=en","url_meta":{"origin":7747,"position":3},"title":"Helping and Guiding Survivors of Violence","author":"EntreMundos","date":"26 marzo, 2024","format":false,"excerpt":"BY EMMA G\u00d3MEZ TRANSLATED BYMAYA GREENBERG We as women have all suffered some kind of violence in one way or another; physical, psychological, economical, and more. As a society, we have normalized these types of actions, as reporting the violence is not always an option; this shows us that if\u2026","rel":"","context":"En \u00abCulture\u00bb","block_context":{"text":"Culture","link":"https:\/\/www.entremundos.org\/revista\/category\/culture\/?lang=en"},"img":{"alt_text":"","src":"https:\/\/i0.wp.com\/www.entremundos.org\/revista\/wp-content\/uploads\/2024\/03\/260024687_244522054441287_6768641656093030982_n.jpg?fit=1200%2C540&ssl=1&resize=350%2C200","width":350,"height":200,"srcset":"https:\/\/i0.wp.com\/www.entremundos.org\/revista\/wp-content\/uploads\/2024\/03\/260024687_244522054441287_6768641656093030982_n.jpg?fit=1200%2C540&ssl=1&resize=350%2C200 1x, https:\/\/i0.wp.com\/www.entremundos.org\/revista\/wp-content\/uploads\/2024\/03\/260024687_244522054441287_6768641656093030982_n.jpg?fit=1200%2C540&ssl=1&resize=525%2C300 1.5x, https:\/\/i0.wp.com\/www.entremundos.org\/revista\/wp-content\/uploads\/2024\/03\/260024687_244522054441287_6768641656093030982_n.jpg?fit=1200%2C540&ssl=1&resize=700%2C400 2x, https:\/\/i0.wp.com\/www.entremundos.org\/revista\/wp-content\/uploads\/2024\/03\/260024687_244522054441287_6768641656093030982_n.jpg?fit=1200%2C540&ssl=1&resize=1050%2C600 3x"},"classes":[]},{"id":13004,"url":"https:\/\/www.entremundos.org\/revista\/politica\/la-valentia-de-elegir-nuestros-suenos\/","url_meta":{"origin":7747,"position":4},"title":"La valent\u00eda de elegir nuestros sue\u00f1os","author":"EntreMundos","date":"23 julio, 2025","format":false,"excerpt":"Por Teresa Lucas Hay t\u00e9rminos en econom\u00eda y finanzas que, aunque t\u00e9cnicos, encierran verdades profundamente humanas. Uno de ellos es el costo de oportunidad. Este concepto se refiere a todo aquello que dejamos de hacer, recibir o disfrutar cuando tomamos una decisi\u00f3n determinada. En otras palabras, cada vez que elegimos\u2026","rel":"","context":"En \u00abFrontPage\u00bb","block_context":{"text":"FrontPage","link":"https:\/\/www.entremundos.org\/revista\/category\/frontpage\/"},"img":{"alt_text":"","src":"https:\/\/i0.wp.com\/www.entremundos.org\/revista\/wp-content\/uploads\/2025\/07\/whatsapp-image-2025-06-11-at-10.12.40-pm-scaled.png?fit=675%2C1200&ssl=1&resize=350%2C200","width":350,"height":200,"srcset":"https:\/\/i0.wp.com\/www.entremundos.org\/revista\/wp-content\/uploads\/2025\/07\/whatsapp-image-2025-06-11-at-10.12.40-pm-scaled.png?fit=675%2C1200&ssl=1&resize=350%2C200 1x, https:\/\/i0.wp.com\/www.entremundos.org\/revista\/wp-content\/uploads\/2025\/07\/whatsapp-image-2025-06-11-at-10.12.40-pm-scaled.png?fit=675%2C1200&ssl=1&resize=525%2C300 1.5x"},"classes":[]},{"id":10588,"url":"https:\/\/www.entremundos.org\/revista\/politica\/ley-de-mujeres-desaparecidas\/","url_meta":{"origin":7747,"position":5},"title":"Ley de mujeres desaparecidas","author":"EntreMundos","date":"9 marzo, 2023","format":false,"excerpt":"Emma G\u00f3mez\u00a0 En Guatemala, cada d\u00eda desaparecen unas 5 mujeres. La desaparici\u00f3n de mujeres est\u00e1 ligada fuertemente con alg\u00fan tipo de violencia de g\u00e9nero.\u00a0 Hace 3 a\u00f1os se implement\u00f3 un mecanismo de b\u00fasqueda inmediata de mujeres desaparecidas, Isabel-Claudina, mecanismo que tiene como base la Ley de Mujeres Desaparecidas que fue\u2026","rel":"","context":"En \u00abFrontPage\u00bb","block_context":{"text":"FrontPage","link":"https:\/\/www.entremundos.org\/revista\/category\/frontpage\/"},"img":{"alt_text":"","src":"https:\/\/i0.wp.com\/www.entremundos.org\/revista\/wp-content\/uploads\/2023\/03\/isable-claudina-justicia.png?fit=1200%2C789&ssl=1&resize=350%2C200","width":350,"height":200,"srcset":"https:\/\/i0.wp.com\/www.entremundos.org\/revista\/wp-content\/uploads\/2023\/03\/isable-claudina-justicia.png?fit=1200%2C789&ssl=1&resize=350%2C200 1x, https:\/\/i0.wp.com\/www.entremundos.org\/revista\/wp-content\/uploads\/2023\/03\/isable-claudina-justicia.png?fit=1200%2C789&ssl=1&resize=525%2C300 1.5x, https:\/\/i0.wp.com\/www.entremundos.org\/revista\/wp-content\/uploads\/2023\/03\/isable-claudina-justicia.png?fit=1200%2C789&ssl=1&resize=700%2C400 2x, https:\/\/i0.wp.com\/www.entremundos.org\/revista\/wp-content\/uploads\/2023\/03\/isable-claudina-justicia.png?fit=1200%2C789&ssl=1&resize=1050%2C600 3x"},"classes":[]}],"jetpack_sharing_enabled":true,"_links":{"self":[{"href":"https:\/\/www.entremundos.org\/revista\/wp-json\/wp\/v2\/posts\/7747","targetHints":{"allow":["GET"]}}],"collection":[{"href":"https:\/\/www.entremundos.org\/revista\/wp-json\/wp\/v2\/posts"}],"about":[{"href":"https:\/\/www.entremundos.org\/revista\/wp-json\/wp\/v2\/types\/post"}],"author":[{"embeddable":true,"href":"https:\/\/www.entremundos.org\/revista\/wp-json\/wp\/v2\/users\/1"}],"replies":[{"embeddable":true,"href":"https:\/\/www.entremundos.org\/revista\/wp-json\/wp\/v2\/comments?post=7747"}],"version-history":[{"count":3,"href":"https:\/\/www.entremundos.org\/revista\/wp-json\/wp\/v2\/posts\/7747\/revisions"}],"predecessor-version":[{"id":7827,"href":"https:\/\/www.entremundos.org\/revista\/wp-json\/wp\/v2\/posts\/7747\/revisions\/7827"}],"wp:featuredmedia":[{"embeddable":true,"href":"https:\/\/www.entremundos.org\/revista\/wp-json\/wp\/v2\/media\/7748"}],"wp:attachment":[{"href":"https:\/\/www.entremundos.org\/revista\/wp-json\/wp\/v2\/media?parent=7747"}],"wp:term":[{"taxonomy":"category","embeddable":true,"href":"https:\/\/www.entremundos.org\/revista\/wp-json\/wp\/v2\/categories?post=7747"},{"taxonomy":"post_tag","embeddable":true,"href":"https:\/\/www.entremundos.org\/revista\/wp-json\/wp\/v2\/tags?post=7747"}],"curies":[{"name":"wp","href":"https:\/\/api.w.org\/{rel}","templated":true}]}}