{"id":7833,"date":"2020-11-18T12:14:18","date_gmt":"2020-11-18T20:14:18","guid":{"rendered":"http:\/\/www.entremundos.org\/revista\/?p=7833"},"modified":"2022-02-24T19:32:36","modified_gmt":"2022-02-25T03:32:36","slug":"una-joya-guatemalteca-bajo-amenaza-descubrimiento-y-exploracion-del-arrecife-de-coral-corona-caiman","status":"publish","type":"post","link":"https:\/\/www.entremundos.org\/revista\/medio-ambiente\/cambio-climatico\/una-joya-guatemalteca-bajo-amenaza-descubrimiento-y-exploracion-del-arrecife-de-coral-corona-caiman\/","title":{"rendered":"Una joya guatemalteca bajo amenaza:  Descubrimiento y exploraci\u00f3n del arrecife de coral Corona Caim\u00e1n"},"content":{"rendered":"<p><strong>Fabio Cresto Ale\u00edna<\/strong><\/p>\n<p>El cambio clim\u00e1tico afecta a los ecosistemas en todo el mundo, pero uno de los m\u00e1s amenazados se encuentra a solo unos kil\u00f3metros de la orilla de las costas del Atl\u00e1ntico de Guatemala y otros pa\u00edses en Centro Am\u00e9rica, y constituye un recurso clave para millones de personas: es el Sistema Arrecifal Mesoamericano. Los arrecifes de coral son ecosistemas acu\u00e1ticos que brindan hogar a una inmensa variedad de especies y est\u00e1n entre los ecosistemas m\u00e1s productivos y biodiversos del planeta. El Arrecife Mesoamericano (SAM) se extiende a m\u00e1s de 1000km de la punta de la pen\u00ednsula de Yucat\u00e1n y toca las costas de M\u00e9xico, Guatemala, Belice y Honduras en el Mar Caribe. Como otros arrecifes de coral en el mundo, \u00e9ste brinda una variedad inestimable de servicios ecosistemicos a las comunidades que viven en la costa caribe\u00f1a mesoamericana, ya que protege las costas de olas grandes, ayuda a reducir la erosi\u00f3n costera, y proporciona recursos cr\u00edticos relacionados con el turismo y la pesca. Al igual que otros arrecifes de coral en todo el mundo, el SAM est\u00e1 amenazado por el cambio clim\u00e1tico, las enfermedades, la contaminaci\u00f3n y otras actividades humanas, y actualmente se considera en peligro cr\u00edtico por la Lista Roja de Ecosistemas de la UICN.<\/p>\n<figure id=\"attachment_7838\" aria-describedby=\"caption-attachment-7838\" style=\"width: 655px\" class=\"wp-caption aligncenter\"><a href=\"https:\/\/i0.wp.com\/www.entremundos.org\/revista\/wp-content\/uploads\/2020\/11\/imagen-pag.-6.jpg\"><img data-recalc-dims=\"1\" loading=\"lazy\" decoding=\"async\" class=\"wp-image-7838 size-full\" src=\"https:\/\/i0.wp.com\/www.entremundos.org\/revista\/wp-content\/uploads\/2020\/11\/imagen-pag.-6.jpg?resize=640%2C641\" alt=\"\" width=\"640\" height=\"641\" srcset=\"https:\/\/i0.wp.com\/www.entremundos.org\/revista\/wp-content\/uploads\/2020\/11\/imagen-pag.-6.jpg?w=655&amp;ssl=1 655w, https:\/\/i0.wp.com\/www.entremundos.org\/revista\/wp-content\/uploads\/2020\/11\/imagen-pag.-6.jpg?resize=300%2C300&amp;ssl=1 300w, https:\/\/i0.wp.com\/www.entremundos.org\/revista\/wp-content\/uploads\/2020\/11\/imagen-pag.-6.jpg?resize=150%2C150&amp;ssl=1 150w, https:\/\/i0.wp.com\/www.entremundos.org\/revista\/wp-content\/uploads\/2020\/11\/imagen-pag.-6.jpg?resize=335%2C336&amp;ssl=1 335w\" sizes=\"auto, (max-width: 640px) 100vw, 640px\" \/><\/a><figcaption id=\"caption-attachment-7838\" class=\"wp-caption-text\">Foto de Ana Gir\u00f3 (Healthy Reefs Initiative)<\/figcaption><\/figure>\n<p>En medio del SAM, frente a la costa guatemalteca, los cient\u00edficos descubrieron en 2014 una maravillosa joya escondida: una parte nueva y a\u00fan inexplorada del arrecife de coral que fue bautizada Corona Caim\u00e1n por su forma de corona. \u201cMi colega Ana Gir\u00f3, la coordinadora guatemalteca de la Iniciativa Healthy Reefs, descubri\u00f3 este arrecife de coral al hablar con algunos pescadores en 2014\u201d, menciona \u00c1ngela Mojica, quien junto a Ana Gir\u00f3, ha sido fundamental en la investigaci\u00f3n y exploraci\u00f3n de este nuevo sistema de arrecifes de coral descubierto. \u201cAl explorar este sistema de arrecifes, entendimos que era un sistema complejo, con una gran variedad de formas y caracter\u00edsticas que hacen que este arrecife de coral en particular sea rico en biodiversidad. Es el arrecife de coral m\u00e1s grande y mejor conservado de Guatemala, y es fundamental para la salud y la conectividad de todo el SAM por su ubicaci\u00f3n y su buen estado de salud\u201d. \u00c1ngela Mojica es la cofundadora de Pixan\u2019Ja, una organizaci\u00f3n cient\u00edfica no gubernamental activa en la investigaci\u00f3n de los ecosistemas marinos y la conservaci\u00f3n marina en Am\u00e9rica Latina.<\/p>\n<p>Parte del trabajo de organizaciones como Pixan&#8217;Ja y Healthy Reefs consiste en colaborar con los gobiernos y los creadores de pol\u00edticas para destacar las estrategias de conservaci\u00f3n m\u00e1s efectivas para la ecorregi\u00f3n SAM, que apoya el sustento de alrededor de dos millones de personas en cuatro pa\u00edses. Tales actividades incluyen una mejor gesti\u00f3n integrada de las cuencas hidrol\u00f3gicas con el fin de mejorar la calidad de las aguas terrestres entrantes, asegurando la sostenibilidad de la pesquer\u00eda y del sector tur\u00edstico, y el estudio y monitoreo de los procesos ecol\u00f3gicos clave de la regi\u00f3n con el fin de permitir intervenciones m\u00e1s r\u00e1pidas y eficientes. Por supuesto, Pixan&#8217;Ja no es la \u00fanica organizaci\u00f3n que trabaja en la protecci\u00f3n del SAM: \u201cSomos parte de una peque\u00f1a comunidad de cient\u00edficos y conservacionistas que trabajan en la regi\u00f3n, e identificamos diferentes actividades que son de alta prioridad\u201d al referise a su trabajo en la regi\u00f3n SAM.<\/p>\n<figure id=\"attachment_7836\" aria-describedby=\"caption-attachment-7836\" style=\"width: 1280px\" class=\"wp-caption aligncenter\"><a href=\"https:\/\/i0.wp.com\/www.entremundos.org\/revista\/wp-content\/uploads\/2020\/11\/installingsensors.jpg\"><img data-recalc-dims=\"1\" loading=\"lazy\" decoding=\"async\" class=\"wp-image-7836 size-full\" src=\"https:\/\/i0.wp.com\/www.entremundos.org\/revista\/wp-content\/uploads\/2020\/11\/installingsensors.jpg?resize=640%2C412\" alt=\"\" width=\"640\" height=\"412\" srcset=\"https:\/\/i0.wp.com\/www.entremundos.org\/revista\/wp-content\/uploads\/2020\/11\/installingsensors.jpg?w=1280&amp;ssl=1 1280w, https:\/\/i0.wp.com\/www.entremundos.org\/revista\/wp-content\/uploads\/2020\/11\/installingsensors.jpg?resize=300%2C193&amp;ssl=1 300w, https:\/\/i0.wp.com\/www.entremundos.org\/revista\/wp-content\/uploads\/2020\/11\/installingsensors.jpg?resize=1024%2C659&amp;ssl=1 1024w, https:\/\/i0.wp.com\/www.entremundos.org\/revista\/wp-content\/uploads\/2020\/11\/installingsensors.jpg?resize=768%2C494&amp;ssl=1 768w, https:\/\/i0.wp.com\/www.entremundos.org\/revista\/wp-content\/uploads\/2020\/11\/installingsensors.jpg?resize=700%2C450&amp;ssl=1 700w, https:\/\/i0.wp.com\/www.entremundos.org\/revista\/wp-content\/uploads\/2020\/11\/installingsensors.jpg?resize=335%2C216&amp;ssl=1 335w, https:\/\/i0.wp.com\/www.entremundos.org\/revista\/wp-content\/uploads\/2020\/11\/installingsensors.jpg?resize=1050%2C676&amp;ssl=1 1050w\" sizes=\"auto, (max-width: 640px) 100vw, 640px\" \/><\/a><figcaption id=\"caption-attachment-7836\" class=\"wp-caption-text\">Foto de Ana Gir\u00f3 (Healthy Reefs Initiative)<\/figcaption><\/figure>\n<p>\u201cWWF, Healthy Reefs Initiatives, MAR Fund, Fondo Mexicano para la Conservaci\u00f3n de la naturaleza y CORAL son solo algunos de ellos, pero tambi\u00e9n trabajamos en estrecha colaboraci\u00f3n con universidades nacionales, comunidades locales e institutos gubernamentales\u201d. La colaboraci\u00f3n de Pixan&#8217;Ja y HRI condujo a un gran \u00e9xito este a\u00f1o, ya que juntos, a trav\u00e9s de la investigaci\u00f3n y la exploraci\u00f3n del nuevo arrecife, recolectaron la evidencia cient\u00edfica y t\u00e9cnica necesaria para justificar la conservaci\u00f3n de Corona Caim\u00e1n, y Ana Gir\u00f3 lo present\u00f3 a los responsables de la toma de decisiones. La resoluci\u00f3n adoptada en mayo de 2020 por el Ministerio de Medio Ambiente y Recursos Naturales de Guatemala y DIPESCA declar\u00f3 el \u00e1rea como zona libre de pesca (conocido como veda espacio-temporal) durante los pr\u00f3ximos 10 a\u00f1os (2020-2030). \u201cEste tipo de logro nos motiva a seguir generando datos cient\u00edficos para la conservaci\u00f3n de nuestros recursos marinos\u201d.<\/p>\n<figure id=\"attachment_7840\" aria-describedby=\"caption-attachment-7840\" style=\"width: 442px\" class=\"wp-caption alignleft\"><a href=\"https:\/\/i0.wp.com\/www.entremundos.org\/revista\/wp-content\/uploads\/2020\/11\/caymancrown3.jpg\"><img data-recalc-dims=\"1\" loading=\"lazy\" decoding=\"async\" class=\"wp-image-7840\" src=\"https:\/\/i0.wp.com\/www.entremundos.org\/revista\/wp-content\/uploads\/2020\/11\/caymancrown3-1024x646.jpg?resize=442%2C279\" alt=\"\" width=\"442\" height=\"279\" srcset=\"https:\/\/i0.wp.com\/www.entremundos.org\/revista\/wp-content\/uploads\/2020\/11\/caymancrown3.jpg?resize=1024%2C646&amp;ssl=1 1024w, https:\/\/i0.wp.com\/www.entremundos.org\/revista\/wp-content\/uploads\/2020\/11\/caymancrown3.jpg?resize=300%2C189&amp;ssl=1 300w, https:\/\/i0.wp.com\/www.entremundos.org\/revista\/wp-content\/uploads\/2020\/11\/caymancrown3.jpg?resize=768%2C485&amp;ssl=1 768w, https:\/\/i0.wp.com\/www.entremundos.org\/revista\/wp-content\/uploads\/2020\/11\/caymancrown3.jpg?resize=335%2C211&amp;ssl=1 335w, https:\/\/i0.wp.com\/www.entremundos.org\/revista\/wp-content\/uploads\/2020\/11\/caymancrown3.jpg?resize=1050%2C663&amp;ssl=1 1050w, https:\/\/i0.wp.com\/www.entremundos.org\/revista\/wp-content\/uploads\/2020\/11\/caymancrown3.jpg?w=1187&amp;ssl=1 1187w\" sizes=\"auto, (max-width: 442px) 100vw, 442px\" \/><\/a><figcaption id=\"caption-attachment-7840\" class=\"wp-caption-text\">Foto de Ana Gir\u00f3 (Healthy Reefs Initiative)<\/figcaption><\/figure>\n<p>\u00c1ngela ha trabajado en el SAM por m\u00e1s de veinte a\u00f1os y fue testigo de c\u00f3mo este ecosistema sufri\u00f3 dram\u00e1ticos cambios durante este largo per\u00edodo de tiempo. \u201cLa impresi\u00f3n m\u00e1s sorprendente que tengo cuando pienso en los arrecifes de coral de hace 20 a\u00f1os cuando comenc\u00e9 a bucear aqu\u00ed y los de hoy, es que hay menos animales alrededor, adem\u00e1s de ver corales blanqueados o muertos con mayor frecuencia\u201d. Ella agrega: \u201cno solo hay una menor cantidad de peces, sino que tambi\u00e9n son m\u00e1s peque\u00f1os. Adem\u00e1s, hay menos caracolas, menos pepinos de mar, menos langostas, y ver organismos grandes o especies m\u00e1s ex\u00f3ticas es cada vez m\u00e1s raro. Los corales siguen siendo incre\u00edbles, puedes encontrar corales de todas las formas, dimensiones y colores posibles. Sin embargo, con mayor frecuencia los vemos blanqueados despu\u00e9s de un a\u00f1o caluroso con fuertes huracanes, y eventualmente encontrar\u00e1s m\u00e1s y m\u00e1s muertes a tu alrededor. La sensaci\u00f3n que tienes a veces, es de soledad y ausencia de colores, ya que el paisaje ya no es el mismo que antes\u201d, enfatiza en\u00e9rgicamente.<\/p>\n<p>El blanqueamiento de los corales es una se\u00f1al de que los corales est\u00e1n bajo estr\u00e9s. Debido al aumento de temperatura, enfermedades, contaminaci\u00f3n del agua y\/o cambios en el nivel del agua, los corales expulsan las algas simbi\u00f3ticas que viven dentro de sus cuerpos, que son cruciales para su salud y que les otorgan colores muy espectaculares. Como resultado, los corales quedan blanqueados (blancos) y vulnerables al hambre y la muerte si no recuperan sus algas lo suficientemente pronto. La \u00faltima y letal amenaza para los corales del Caribe es la enfermedad de p\u00e9rdida de tejido de coral p\u00e9treo (SCTLD), que se est\u00e1 extendiendo por el Caribe de norte a sur. \u00c1ngela y sus colegas est\u00e1n monitoreando Corona Caim\u00e1n en busca de esta nueva y agresiva enfermedad que est\u00e1 devastando los corales. \u201cEsta enfermedad consiste en la r\u00e1pida p\u00e9rdida del tejido vivo del coral y se est\u00e1 expandiendo dentro del SAM. La enfermedad ya lleg\u00f3 a M\u00e9xico (2018), al norte de Belice (2019) y en septiembre pasado se detect\u00f3 en Roat\u00e1n, Honduras. A\u00fan no lo hemos detectado en Guatemala, pero tenemos que mantener nuestro seguimiento e investigaci\u00f3n sobre este tema\u201d.<\/p>\n<figure id=\"attachment_7842\" aria-describedby=\"caption-attachment-7842\" style=\"width: 1836px\" class=\"wp-caption aligncenter\"><a href=\"https:\/\/i0.wp.com\/www.entremundos.org\/revista\/wp-content\/uploads\/2020\/11\/caymancrown2.jpg\"><img data-recalc-dims=\"1\" loading=\"lazy\" decoding=\"async\" class=\"wp-image-7842 size-full\" src=\"https:\/\/i0.wp.com\/www.entremundos.org\/revista\/wp-content\/uploads\/2020\/11\/caymancrown2.jpg?resize=640%2C576\" alt=\"\" width=\"640\" height=\"576\" srcset=\"https:\/\/i0.wp.com\/www.entremundos.org\/revista\/wp-content\/uploads\/2020\/11\/caymancrown2.jpg?w=1836&amp;ssl=1 1836w, https:\/\/i0.wp.com\/www.entremundos.org\/revista\/wp-content\/uploads\/2020\/11\/caymancrown2.jpg?resize=300%2C270&amp;ssl=1 300w, https:\/\/i0.wp.com\/www.entremundos.org\/revista\/wp-content\/uploads\/2020\/11\/caymancrown2.jpg?resize=1024%2C921&amp;ssl=1 1024w, https:\/\/i0.wp.com\/www.entremundos.org\/revista\/wp-content\/uploads\/2020\/11\/caymancrown2.jpg?resize=768%2C691&amp;ssl=1 768w, https:\/\/i0.wp.com\/www.entremundos.org\/revista\/wp-content\/uploads\/2020\/11\/caymancrown2.jpg?resize=1536%2C1382&amp;ssl=1 1536w, https:\/\/i0.wp.com\/www.entremundos.org\/revista\/wp-content\/uploads\/2020\/11\/caymancrown2.jpg?resize=335%2C301&amp;ssl=1 335w, https:\/\/i0.wp.com\/www.entremundos.org\/revista\/wp-content\/uploads\/2020\/11\/caymancrown2.jpg?resize=1050%2C945&amp;ssl=1 1050w, https:\/\/i0.wp.com\/www.entremundos.org\/revista\/wp-content\/uploads\/2020\/11\/caymancrown2.jpg?w=1280&amp;ssl=1 1280w\" sizes=\"auto, (max-width: 640px) 100vw, 640px\" \/><\/a><figcaption id=\"caption-attachment-7842\" class=\"wp-caption-text\">Foto de Ana Gir\u00f3 (Healthy Reefs Initiative)<\/figcaption><\/figure>\n<p>Los esfuerzos que cient\u00edficos y conservacionistas como \u00c1ngela Mojica estiman necesarios para la protecci\u00f3n del SAM, as\u00ed como el trabajo cient\u00edfico que aborda los impactos del cambio clim\u00e1tico y las nuevas enfermedades de los corales, han sido paralizados por la reciente crisis sanitaria, social y econ\u00f3mica derivada de la pandemia. Todas las actividades de monitoreo de campo que Pixan&#8217;Ja y HRI estaban llevando a cabo tuvieron que detenerse debido a las restricciones nacionales y regionales para viajar. Se organizaron seminarios y talleres en l\u00ednea para comunicar la investigaci\u00f3n en curso y los resultados iniciales del trabajo de monitoreo en el Arrecife Corona Caim\u00e1n al p\u00fablico en general, pero, si bien estos eventos son clave para llegar a la sociedad civil, de ninguna manera pueden sustituir a la importancia de la investigaci\u00f3n de campo que est\u00e1n realizando organizaciones como la que lidera \u00c1ngela Mojica para preservar el SAM. El destino de un ecosistema tan extraordinario pero fr\u00e1gil radica en la posibilidad de que estas organizaciones reanuden su trabajo tan pronto como mejore la situaci\u00f3n mundial y regional. Los formuladores de pol\u00edticas y las agencias de financiamiento tendr\u00e1n que seguir apoyando el trabajo de tales organizaciones si queremos darle un futuro sostenible al Arrecife Mesoamericano y a los millones de personas que dependen de manera cr\u00edtica de sus servicios ecosist\u00e9micos junto con \u00e9l.<\/p>\n<p><em>Foto de portada: Ana Gir\u00f3 (Healthy Reefs Initiative)<\/em><\/p>\n","protected":false},"excerpt":{"rendered":"<p>Fabio Cresto Ale\u00edna El cambio clim\u00e1tico afecta a los ecosistemas en todo el mundo, pero uno de los m\u00e1s amenazados se encuentra a solo unos kil\u00f3metros de la orilla de las costas del Atl\u00e1ntico de Guatemala y otros pa\u00edses en Centro Am\u00e9rica, y constituye un recurso clave para millones de personas: es el Sistema Arrecifal [&hellip;]<\/p>\n","protected":false},"author":1,"featured_media":7834,"comment_status":"closed","ping_status":"closed","sticky":false,"template":"","format":"standard","meta":{"_exactmetrics_skip_tracking":false,"_exactmetrics_sitenote_active":false,"_exactmetrics_sitenote_note":"","_exactmetrics_sitenote_category":0,"jetpack_post_was_ever_published":false,"_jetpack_newsletter_access":"","_jetpack_dont_email_post_to_subs":false,"_jetpack_newsletter_tier_id":0,"_jetpack_memberships_contains_paywalled_content":false,"_jetpack_memberships_contains_paid_content":false,"footnotes":""},"categories":[394,397,454],"tags":[2578,2580,2579,65],"class_list":["post-7833","post","type-post","status-publish","format-standard","has-post-thumbnail","hentry","category-cambio-climatico","category-mar","category-pagetwo","tag-arrecife-de-coral-mesoamericano","tag-cambio-climatico-y-arrecifes-de-coral","tag-ecosistema-maritimo","tag-guatemala"],"jetpack_featured_media_url":"https:\/\/i0.wp.com\/www.entremundos.org\/revista\/wp-content\/uploads\/2020\/11\/photo-2020-05-18-15-54-55.jpg?fit=1280%2C864&ssl=1","jetpack_shortlink":"https:\/\/wp.me\/p7ljt7-22l","jetpack-related-posts":[{"id":704,"url":"https:\/\/www.entremundos.org\/revista\/uncategorized-es\/resumen-de-la-edicion-cambio-climatico\/","url_meta":{"origin":7833,"position":0},"title":"Cambio Clim\u00e1tico &#8211; Resumen de la Edici\u00f3n","author":"EntreMundos","date":"8 mayo, 2015","format":false,"excerpt":"En estas p\u00e1ginas, varios expertos explican como el cambio clim\u00e1tico est\u00e1 afectando a Guatemala y que es lo que el futuro depara. El a\u00f1o pasado durante la temporada de lluvia hubo 45 d\u00edas de sequ\u00eda, lo que caus\u00f3 una crisis humanitaria.\u00a0 Como siempre los m\u00e1s afectados por el desastre medioambiental\u2026","rel":"","context":"En \u00abUncategorized\u00bb","block_context":{"text":"Uncategorized","link":"https:\/\/www.entremundos.org\/revista\/category\/uncategorized-es\/"},"img":{"alt_text":"","src":"https:\/\/i0.wp.com\/www.entremundos.org\/revista\/wp-content\/uploads\/2015\/05\/nota-editor-the-behive-collective-poster-500-years.jpg?fit=600%2C398&ssl=1&resize=350%2C200","width":350,"height":200,"srcset":"https:\/\/i0.wp.com\/www.entremundos.org\/revista\/wp-content\/uploads\/2015\/05\/nota-editor-the-behive-collective-poster-500-years.jpg?fit=600%2C398&ssl=1&resize=350%2C200 1x, https:\/\/i0.wp.com\/www.entremundos.org\/revista\/wp-content\/uploads\/2015\/05\/nota-editor-the-behive-collective-poster-500-years.jpg?fit=600%2C398&ssl=1&resize=525%2C300 1.5x"},"classes":[]},{"id":11590,"url":"https:\/\/www.entremundos.org\/revista\/medio-ambiente\/el-habitante-arbol\/","url_meta":{"origin":7833,"position":1},"title":"El habitante \u00e1rbol","author":"EntreMundos","date":"19 enero, 2024","format":false,"excerpt":"POR VALERIA LEIVA La administraci\u00f3n municipal de Quetzaltenango orden\u00f3 la tala de \u00e1rboles en el parque de la zona 3 de la ciudad pero vecinos, comerciantes y expertos se manifestaron en contra de esta decisi\u00f3n.\u00a0 Cada ciudad constituye su propio ecosistema urbano y se suele pensar que en el ecosistema\u2026","rel":"","context":"En \u00abBosques\u00bb","block_context":{"text":"Bosques","link":"https:\/\/www.entremundos.org\/revista\/category\/medio-ambiente\/bosques\/"},"img":{"alt_text":"","src":"https:\/\/i0.wp.com\/www.entremundos.org\/revista\/wp-content\/uploads\/2024\/01\/img_1121-1-scaled.jpg?fit=1200%2C900&ssl=1&resize=350%2C200","width":350,"height":200,"srcset":"https:\/\/i0.wp.com\/www.entremundos.org\/revista\/wp-content\/uploads\/2024\/01\/img_1121-1-scaled.jpg?fit=1200%2C900&ssl=1&resize=350%2C200 1x, https:\/\/i0.wp.com\/www.entremundos.org\/revista\/wp-content\/uploads\/2024\/01\/img_1121-1-scaled.jpg?fit=1200%2C900&ssl=1&resize=525%2C300 1.5x, https:\/\/i0.wp.com\/www.entremundos.org\/revista\/wp-content\/uploads\/2024\/01\/img_1121-1-scaled.jpg?fit=1200%2C900&ssl=1&resize=700%2C400 2x, https:\/\/i0.wp.com\/www.entremundos.org\/revista\/wp-content\/uploads\/2024\/01\/img_1121-1-scaled.jpg?fit=1200%2C900&ssl=1&resize=1050%2C600 3x"},"classes":[]},{"id":11083,"url":"https:\/\/www.entremundos.org\/revista\/medio-ambiente\/sin-abejas-no-hay-vida\/","url_meta":{"origin":7833,"position":2},"title":"Sin abejas no hay vida","author":"EntreMundos","date":"20 julio, 2023","format":false,"excerpt":"Ma\u00edz de Vida\u00a0 \u00bfSab\u00edas que a nivel global existen m\u00e1s de 20 mil especies de abejas? Su vida es fundamental para los ecosistemas y la producci\u00f3n de alimentos. Sab\u00edas que una abeja vive menos de 40 d\u00edas, visita al menos 1000 flores y produce menos de una cucharadita de miel,\u2026","rel":"","context":"En \u00abAccion Comunitaria\u00bb","block_context":{"text":"Accion Comunitaria","link":"https:\/\/www.entremundos.org\/revista\/category\/politica\/accion-comunitaria-3\/"},"img":{"alt_text":"","src":"https:\/\/i0.wp.com\/www.entremundos.org\/revista\/wp-content\/uploads\/2023\/07\/a6d4e38f-ec55-4772-bcd2-36fc346e048c-1.jpg?fit=901%2C1200&ssl=1&resize=350%2C200","width":350,"height":200,"srcset":"https:\/\/i0.wp.com\/www.entremundos.org\/revista\/wp-content\/uploads\/2023\/07\/a6d4e38f-ec55-4772-bcd2-36fc346e048c-1.jpg?fit=901%2C1200&ssl=1&resize=350%2C200 1x, https:\/\/i0.wp.com\/www.entremundos.org\/revista\/wp-content\/uploads\/2023\/07\/a6d4e38f-ec55-4772-bcd2-36fc346e048c-1.jpg?fit=901%2C1200&ssl=1&resize=525%2C300 1.5x, https:\/\/i0.wp.com\/www.entremundos.org\/revista\/wp-content\/uploads\/2023\/07\/a6d4e38f-ec55-4772-bcd2-36fc346e048c-1.jpg?fit=901%2C1200&ssl=1&resize=700%2C400 2x"},"classes":[]},{"id":12980,"url":"https:\/\/www.entremundos.org\/revista\/mujer\/el-otro-lado-del-viaje-sonado-detras-de-un-espacio-internacional\/","url_meta":{"origin":7833,"position":3},"title":"El otro lado del viaje so\u00f1ado; detr\u00e1s de un espacio internacional","author":"EntreMundos","date":"23 julio, 2025","format":false,"excerpt":"Por Adela Tuy Cuando la gente escucha \u2018Conferencias Internacionales\u2019 piensa en edificios lujosos, gente hablando en ingl\u00e9s, muchas fotos formales y muchos discursos bonitos; tambi\u00e9n en lo elegante de participar en una conferencia y ponerlo en tu curr\u00edculum vitae. Sin embargo, nadie les cuenta sobre lo que hay detr\u00e1s de\u2026","rel":"","context":"En \u00abCine\u00bb","block_context":{"text":"Cine","link":"https:\/\/www.entremundos.org\/revista\/category\/cine\/"},"img":{"alt_text":"","src":"https:\/\/i0.wp.com\/www.entremundos.org\/revista\/wp-content\/uploads\/2025\/07\/20241121_092407-143c-1.jpg?fit=1200%2C800&ssl=1&resize=350%2C200","width":350,"height":200,"srcset":"https:\/\/i0.wp.com\/www.entremundos.org\/revista\/wp-content\/uploads\/2025\/07\/20241121_092407-143c-1.jpg?fit=1200%2C800&ssl=1&resize=350%2C200 1x, https:\/\/i0.wp.com\/www.entremundos.org\/revista\/wp-content\/uploads\/2025\/07\/20241121_092407-143c-1.jpg?fit=1200%2C800&ssl=1&resize=525%2C300 1.5x, https:\/\/i0.wp.com\/www.entremundos.org\/revista\/wp-content\/uploads\/2025\/07\/20241121_092407-143c-1.jpg?fit=1200%2C800&ssl=1&resize=700%2C400 2x, https:\/\/i0.wp.com\/www.entremundos.org\/revista\/wp-content\/uploads\/2025\/07\/20241121_092407-143c-1.jpg?fit=1200%2C800&ssl=1&resize=1050%2C600 3x"},"classes":[]},{"id":2386,"url":"https:\/\/www.entremundos.org\/revista\/environment\/drought-canicula-and-climate-change-in-guatemala\/?lang=en","url_meta":{"origin":7833,"position":4},"title":"Drought, Can\u00edcula and Climate Change in Guatemala","author":"EntreMundos","date":"9 marzo, 2016","format":false,"excerpt":"Cover Photo: CONRED By Paris Rivera,\u00a0Climatologist, INSIVUMEH (National Institute for Seismology, Volcanology, Meteorology, and Hydrology) Guatemala usually experiences drought when the temperature of the Pacific Ocean is warmer than normal, a phenomenon known as El Ni\u00f1o. When oceanic-atmospheric conditions favor El Ni\u00f1o, drought and extended can\u00edculas are possible. This occurs\u2026","rel":"","context":"En \u00abClimate Change\u00bb","block_context":{"text":"Climate Change","link":"https:\/\/www.entremundos.org\/revista\/category\/environment\/climate-change\/?lang=en"},"img":{"alt_text":"","src":"https:\/\/i0.wp.com\/www.entremundos.org\/revista\/wp-content\/uploads\/2015\/05\/14889992627_d5edcf33a9_o.jpg?fit=1200%2C800&ssl=1&resize=350%2C200","width":350,"height":200,"srcset":"https:\/\/i0.wp.com\/www.entremundos.org\/revista\/wp-content\/uploads\/2015\/05\/14889992627_d5edcf33a9_o.jpg?fit=1200%2C800&ssl=1&resize=350%2C200 1x, https:\/\/i0.wp.com\/www.entremundos.org\/revista\/wp-content\/uploads\/2015\/05\/14889992627_d5edcf33a9_o.jpg?fit=1200%2C800&ssl=1&resize=525%2C300 1.5x, https:\/\/i0.wp.com\/www.entremundos.org\/revista\/wp-content\/uploads\/2015\/05\/14889992627_d5edcf33a9_o.jpg?fit=1200%2C800&ssl=1&resize=700%2C400 2x, https:\/\/i0.wp.com\/www.entremundos.org\/revista\/wp-content\/uploads\/2015\/05\/14889992627_d5edcf33a9_o.jpg?fit=1200%2C800&ssl=1&resize=1050%2C600 3x"},"classes":[]},{"id":12488,"url":"https:\/\/www.entremundos.org\/revista\/politica\/de-la-lucha-a-la-agricultura-en-las-montanas-de-guatemala\/","url_meta":{"origin":7833,"position":5},"title":"De la lucha a la agricultura en las monta\u00f1as de Guatemala","author":"EntreMundos","date":"13 noviembre, 2024","format":false,"excerpt":"POR JONATHAN LOTT A la sombra de las monta\u00f1as selv\u00e1ticas de Guatemala, anta\u00f1o cargadas del espectro del conflicto, el olor del caf\u00e9 flota en el aire. Una generaci\u00f3n despu\u00e9s del hist\u00f3rico acuerdo de paz que puso fin a la guerra civil guatemalteca (1960-1996), decenas de exguerrilleros trabajan ahora la tierra\u2026","rel":"","context":"En \u00abFrontPage\u00bb","block_context":{"text":"FrontPage","link":"https:\/\/www.entremundos.org\/revista\/category\/frontpage\/"},"img":{"alt_text":"","src":"https:\/\/i0.wp.com\/www.entremundos.org\/revista\/wp-content\/uploads\/2024\/11\/anita2-e1731543808410.jpg?fit=910%2C671&ssl=1&resize=350%2C200","width":350,"height":200,"srcset":"https:\/\/i0.wp.com\/www.entremundos.org\/revista\/wp-content\/uploads\/2024\/11\/anita2-e1731543808410.jpg?fit=910%2C671&ssl=1&resize=350%2C200 1x, https:\/\/i0.wp.com\/www.entremundos.org\/revista\/wp-content\/uploads\/2024\/11\/anita2-e1731543808410.jpg?fit=910%2C671&ssl=1&resize=525%2C300 1.5x, https:\/\/i0.wp.com\/www.entremundos.org\/revista\/wp-content\/uploads\/2024\/11\/anita2-e1731543808410.jpg?fit=910%2C671&ssl=1&resize=700%2C400 2x"},"classes":[]}],"jetpack_sharing_enabled":true,"_links":{"self":[{"href":"https:\/\/www.entremundos.org\/revista\/wp-json\/wp\/v2\/posts\/7833","targetHints":{"allow":["GET"]}}],"collection":[{"href":"https:\/\/www.entremundos.org\/revista\/wp-json\/wp\/v2\/posts"}],"about":[{"href":"https:\/\/www.entremundos.org\/revista\/wp-json\/wp\/v2\/types\/post"}],"author":[{"embeddable":true,"href":"https:\/\/www.entremundos.org\/revista\/wp-json\/wp\/v2\/users\/1"}],"replies":[{"embeddable":true,"href":"https:\/\/www.entremundos.org\/revista\/wp-json\/wp\/v2\/comments?post=7833"}],"version-history":[{"count":4,"href":"https:\/\/www.entremundos.org\/revista\/wp-json\/wp\/v2\/posts\/7833\/revisions"}],"predecessor-version":[{"id":9537,"href":"https:\/\/www.entremundos.org\/revista\/wp-json\/wp\/v2\/posts\/7833\/revisions\/9537"}],"wp:featuredmedia":[{"embeddable":true,"href":"https:\/\/www.entremundos.org\/revista\/wp-json\/wp\/v2\/media\/7834"}],"wp:attachment":[{"href":"https:\/\/www.entremundos.org\/revista\/wp-json\/wp\/v2\/media?parent=7833"}],"wp:term":[{"taxonomy":"category","embeddable":true,"href":"https:\/\/www.entremundos.org\/revista\/wp-json\/wp\/v2\/categories?post=7833"},{"taxonomy":"post_tag","embeddable":true,"href":"https:\/\/www.entremundos.org\/revista\/wp-json\/wp\/v2\/tags?post=7833"}],"curies":[{"name":"wp","href":"https:\/\/api.w.org\/{rel}","templated":true}]}}