{"id":7852,"date":"2020-11-25T14:50:16","date_gmt":"2020-11-25T22:50:16","guid":{"rendered":"http:\/\/www.entremundos.org\/revista\/?p=7852"},"modified":"2021-01-13T07:54:55","modified_gmt":"2021-01-13T15:54:55","slug":"la-violencia-intrafamiliar-en-mexico-sigue-siendo-una-realidad","status":"publish","type":"post","link":"https:\/\/www.entremundos.org\/revista\/mujer\/la-violencia-intrafamiliar-en-mexico-sigue-siendo-una-realidad\/","title":{"rendered":"La violencia intrafamiliar en M\u00e9xico sigue siendo una realidad"},"content":{"rendered":"<p style=\"text-align: left;\"><strong>Por Leidy Yareth Gonz\u00e1lez Romero<\/strong><\/p>\n<p>En M\u00e9xico, es com\u00fan que entre amigas, conocidas o familiares se converse acerca de las problem\u00e1ticas en el hogar de una manera tan com\u00fan que no se percibe como violencia. Escuchar a mujeres que mencionen las siguientes frases: \u201choy mi esposo me avent\u00f3 el control del televisor porque se enoj\u00f3 cuando le cambi\u00e9 al canal\u201d, \u201choy mi esposo y yo tuvimos relaciones sexuales, pero yo no quer\u00eda\u201d, \u201cRodrigo me dijo que si llegaba del trabajo y no encontraba la comida lista me las iba a ver con una buena tunda\u201d refleja c\u00f3mo la violencia se ha convertido en algo cotidiano en el pa\u00eds.<\/p>\n<figure id=\"attachment_7861\" aria-describedby=\"caption-attachment-7861\" style=\"width: 218px\" class=\"wp-caption alignright\"><a href=\"https:\/\/i0.wp.com\/www.entremundos.org\/revista\/wp-content\/uploads\/2020\/11\/infografia-oms-2.jpg\"><img data-recalc-dims=\"1\" loading=\"lazy\" decoding=\"async\" class=\"wp-image-7861 \" src=\"https:\/\/i0.wp.com\/www.entremundos.org\/revista\/wp-content\/uploads\/2020\/11\/infografia-oms-2.jpg?resize=218%2C218\" alt=\"\" width=\"218\" height=\"218\" srcset=\"https:\/\/i0.wp.com\/www.entremundos.org\/revista\/wp-content\/uploads\/2020\/11\/infografia-oms-2.jpg?w=250&amp;ssl=1 250w, https:\/\/i0.wp.com\/www.entremundos.org\/revista\/wp-content\/uploads\/2020\/11\/infografia-oms-2.jpg?resize=150%2C150&amp;ssl=1 150w\" sizes=\"auto, (max-width: 218px) 100vw, 218px\" \/><\/a><figcaption id=\"caption-attachment-7861\" class=\"wp-caption-text\"><em>Infograf\u00eda OMS<\/em><\/figcaption><\/figure>\n<p>De acuerdo con datos de la Organizaci\u00f3n Mundial de la Salud (OMS), en 2016, 1 de cada 3 mujeres a nivel mundial hab\u00eda experimentado violencia psicol\u00f3gica y sexual por parte de su pareja. De manera espec\u00edfica, en Am\u00e9rica Latina la violencia contra las mujeres contin\u00faa con \u00edndices alarmante que representan una amenaza para su desempe\u00f1o personal y social.<\/p>\n<p>En M\u00e9xico, se estima que 3 de cada 10 mujeres han sido v\u00edctimas de violencia f\u00edsica dentro del hogar. Esta realidad demuestra que, durante la cuarentena, la intensificaci\u00f3n de la violencia intrafamiliar se volvi\u00f3 un foco rojo. Durante este tiempo las v\u00edctimas pasan un largo tiempo a lado de sus agresores.<\/p>\n<p>Anteriormente, debido al trabajo, el agresor sal\u00eda de casa a trabajar o realizar alguna otra actividad; sin embargo, por el periodo largo de confinamiento ahora se convive con \u00e9l y con su estr\u00e9s, sus insultos, su humillaci\u00f3n y las amenazas; adem\u00e1s muchos de los agresores se desentienden de su responsabilidad como padres m\u00e1s no como jefes de familia.<\/p>\n<p>En diversas ocasiones, los integrantes de la familia han sido part\u00edcipes en el ejercicio de la violencia intrafamiliar; aunque en la mayor\u00eda de casos es el hombre quien realiza este rol. Muchas veces, las mujeres tienen que aislarse y esconderse junto a sus hijos en el lugar \u201cm\u00e1s seguro de la casa\u201d, para que el agresor no las encuentra y los golpee.<\/p>\n<figure id=\"attachment_7867\" aria-describedby=\"caption-attachment-7867\" style=\"width: 667px\" class=\"wp-caption aligncenter\"><a href=\"https:\/\/i0.wp.com\/www.entremundos.org\/revista\/wp-content\/uploads\/2020\/11\/violencia-domestica-especial_0_51_672_418.jpg\"><img data-recalc-dims=\"1\" loading=\"lazy\" decoding=\"async\" class=\"wp-image-7867\" src=\"https:\/\/i0.wp.com\/www.entremundos.org\/revista\/wp-content\/uploads\/2020\/11\/violencia-domestica-especial_0_51_672_418.jpg?resize=640%2C398\" alt=\"\" width=\"640\" height=\"398\" srcset=\"https:\/\/i0.wp.com\/www.entremundos.org\/revista\/wp-content\/uploads\/2020\/11\/violencia-domestica-especial_0_51_672_418.jpg?w=958&amp;ssl=1 958w, https:\/\/i0.wp.com\/www.entremundos.org\/revista\/wp-content\/uploads\/2020\/11\/violencia-domestica-especial_0_51_672_418.jpg?resize=300%2C187&amp;ssl=1 300w, https:\/\/i0.wp.com\/www.entremundos.org\/revista\/wp-content\/uploads\/2020\/11\/violencia-domestica-especial_0_51_672_418.jpg?resize=768%2C478&amp;ssl=1 768w, https:\/\/i0.wp.com\/www.entremundos.org\/revista\/wp-content\/uploads\/2020\/11\/violencia-domestica-especial_0_51_672_418.jpg?resize=335%2C208&amp;ssl=1 335w\" sizes=\"auto, (max-width: 640px) 100vw, 640px\" \/><\/a><figcaption id=\"caption-attachment-7867\" class=\"wp-caption-text\">Foto: Rudyanto Wijaya<\/figcaption><\/figure>\n<p>La Secretar\u00eda de Gobernaci\u00f3n, a trav\u00e9s del Consejo Ciudadano para la Seguridad y Justicia de la Ciudad de M\u00e9xico, tiene registrado que 9 de cada 10 personas que son violentadas en el hogar son mujeres; una de cada 4 es testiga de actos violentos contra otras mujeres. As\u00ed mismo, el 66% es agredida mediante violencia f\u00edsica y 22% por violencia psicoemocional.<\/p>\n<p>En algunos casos, las mujeres tambi\u00e9n pueden ejercer el rol de agresoras; sin embargo, no suele ser tan com\u00fan, y el porcentaje de hombres agresores es mayor, aunque eso no significa que nunca suceda al rev\u00e9s. En casos espec\u00edficos, es la mujer quien maltrata o violenta al hombre de forma emocional, f\u00edsica, sexual y psicol\u00f3gica.<\/p>\n<p>La violencia intrafamiliar afecta profundamente a las mujeres, pero tambi\u00e9n a las ni\u00f1as y ni\u00f1os que se exponen a constante peligro en lugares donde supuestamente deber\u00edan de estar a salvo. En ocasiones, los actos de violencia f\u00edsica, psicol\u00f3gica, verba y emocional son contra las mujeres y sus hijos; no obstante, aunque sea s\u00f3lo la madre contra quien se comete \u00e9ste delito, se irrespeta la vida de todos los miembros de la familia, priv\u00e1ndolos de una vida con dignidad.<\/p>\n<figure id=\"attachment_7859\" aria-describedby=\"caption-attachment-7859\" style=\"width: 376px\" class=\"wp-caption alignleft\"><a href=\"https:\/\/i0.wp.com\/www.entremundos.org\/revista\/wp-content\/uploads\/2020\/11\/violencia-2.jpg\"><img data-recalc-dims=\"1\" loading=\"lazy\" decoding=\"async\" class=\"wp-image-7859\" src=\"https:\/\/i0.wp.com\/www.entremundos.org\/revista\/wp-content\/uploads\/2020\/11\/violencia-2.jpg?resize=376%2C247\" alt=\"\" width=\"376\" height=\"247\" \/><\/a><figcaption id=\"caption-attachment-7859\" class=\"wp-caption-text\"><em>Foto: Romolo Tavaki<\/em><\/figcaption><\/figure>\n<p>Es sumamente importante evaluar las medidas realizadas tanto por instituciones de gobierno como de colectivos y organizaciones no gubernamentales para la protecci\u00f3n efectiva a las mujeres y sus hijos. Lamentablemente la visibilizaci\u00f3n de los actos a\u00fan es nula o no aceptada por parte de la v\u00edctima o del agresor en la mayor parte de los casos; sin embargo, es necesario continuar trabajando en acciones que disminuyan esta problem\u00e1tica.<\/p>\n<p>En primer lugar, la persona que lleva el rol de v\u00edctima, debe de darse cuenta de la violencia que est\u00e1n ejerciendo sobre ella, es v\u00e1lido reconocer que necesitan ayuda y que deben de hacer lo posible para poder salir de una vida llena de violencia; en segundo lugar, debe vivir sin miedo, enfrentar aquellas acciones que la est\u00e1n consumiendo d\u00eda a d\u00eda, y por \u00faltimo reconocer y denunciar a quien la este violentando, tener la fuerza necesaria para que tenga el valor de denunciar a pesar de que sea su pareja o hijos.<\/p>\n<p>As\u00ed mismo es de suma importancia que las instituciones, comisiones de derechos humanos y sociedad civil, sean part\u00edcipes de acciones como talleres, apoyo jur\u00eddico y capacitaciones en temas de derechos humanos y violencia y que sea hacia todos los grupos poblacionales: hombres y mujeres, ni\u00f1os y ni\u00f1as, para un fomento de una vida sin violencia en el hogar. Desde la escuela tambi\u00e9n es necesario tener la apertura de programas o curr\u00edculos donde los ni\u00f1os puedan aprender a respetar y controlar sus emociones. En una cuesti\u00f3n integral, que conlleva esfuerzos y tiempo, pero que puede darnos como resultado una sociedad m\u00e1s sana y donde se respeten los derechos humanos.<\/p>\n<p><em>Creditos foto de Portada: Rudyanto Wijaya<\/em><\/p>\n","protected":false},"excerpt":{"rendered":"<p>Por Leidy Yareth Gonz\u00e1lez Romero En M\u00e9xico, es com\u00fan que entre amigas, conocidas o familiares se converse acerca de las problem\u00e1ticas en el hogar de una manera tan com\u00fan que no se percibe como violencia. Escuchar a mujeres que mencionen las siguientes frases: \u201choy mi esposo me avent\u00f3 el control del televisor porque se enoj\u00f3 [&hellip;]<\/p>\n","protected":false},"author":13,"featured_media":7865,"comment_status":"closed","ping_status":"closed","sticky":false,"template":"","format":"standard","meta":{"_exactmetrics_skip_tracking":false,"_exactmetrics_sitenote_active":false,"_exactmetrics_sitenote_note":"","_exactmetrics_sitenote_category":0,"jetpack_post_was_ever_published":false,"_jetpack_newsletter_access":"","_jetpack_dont_email_post_to_subs":false,"_jetpack_newsletter_tier_id":0,"_jetpack_memberships_contains_paywalled_content":false,"_jetpack_memberships_contains_paid_content":false,"footnotes":""},"categories":[452,386],"tags":[2590,1845,2589,2588],"class_list":["post-7852","post","type-post","status-publish","format-standard","has-post-thumbnail","hentry","category-frontpage","category-mujer","tag-formas-de-violencia","tag-no-violencia-contra-la-mujer","tag-violencia-intrafamiliar","tag-violencia-intrafamiliar-en-mexico"],"jetpack_featured_media_url":"https:\/\/i0.wp.com\/www.entremundos.org\/revista\/wp-content\/uploads\/2020\/11\/violencia-contra-la-m.jpg?fit=778%2C400&ssl=1","jetpack_shortlink":"https:\/\/wp.me\/p7ljt7-22E","jetpack-related-posts":[{"id":10833,"url":"https:\/\/www.entremundos.org\/revista\/politica\/violencia-contra-las-mujeres-dominio-masculino-en-la-politica\/","url_meta":{"origin":7852,"position":0},"title":"Violencia contra las mujeres: dominio masculino en la pol\u00edtica","author":"EntreMundos","date":"29 mayo, 2023","format":false,"excerpt":"Silvia Lilian Trujillo La violencia pol\u00edtica es sistem\u00e1tica y permanente, se produce para inhibir, ralentizar o restringir la participaci\u00f3n pol\u00edtica de mujeres, en el marco de un sistema que se resiste a aceptar su igualdad de derechos. Mientras no se trabaje para acabar con esta violencia espec\u00edfica la calidad de\u2026","rel":"","context":"En \u00abFrontPage\u00bb","block_context":{"text":"FrontPage","link":"https:\/\/www.entremundos.org\/revista\/category\/frontpage\/"},"img":{"alt_text":"","src":"https:\/\/i0.wp.com\/www.entremundos.org\/revista\/wp-content\/uploads\/2023\/05\/000_16w772-1.jpg?fit=1200%2C799&ssl=1&resize=350%2C200","width":350,"height":200,"srcset":"https:\/\/i0.wp.com\/www.entremundos.org\/revista\/wp-content\/uploads\/2023\/05\/000_16w772-1.jpg?fit=1200%2C799&ssl=1&resize=350%2C200 1x, https:\/\/i0.wp.com\/www.entremundos.org\/revista\/wp-content\/uploads\/2023\/05\/000_16w772-1.jpg?fit=1200%2C799&ssl=1&resize=525%2C300 1.5x, https:\/\/i0.wp.com\/www.entremundos.org\/revista\/wp-content\/uploads\/2023\/05\/000_16w772-1.jpg?fit=1200%2C799&ssl=1&resize=700%2C400 2x, https:\/\/i0.wp.com\/www.entremundos.org\/revista\/wp-content\/uploads\/2023\/05\/000_16w772-1.jpg?fit=1200%2C799&ssl=1&resize=1050%2C600 3x"},"classes":[]},{"id":10588,"url":"https:\/\/www.entremundos.org\/revista\/politica\/ley-de-mujeres-desaparecidas\/","url_meta":{"origin":7852,"position":1},"title":"Ley de mujeres desaparecidas","author":"EntreMundos","date":"9 marzo, 2023","format":false,"excerpt":"Emma G\u00f3mez\u00a0 En Guatemala, cada d\u00eda desaparecen unas 5 mujeres. La desaparici\u00f3n de mujeres est\u00e1 ligada fuertemente con alg\u00fan tipo de violencia de g\u00e9nero.\u00a0 Hace 3 a\u00f1os se implement\u00f3 un mecanismo de b\u00fasqueda inmediata de mujeres desaparecidas, Isabel-Claudina, mecanismo que tiene como base la Ley de Mujeres Desaparecidas que fue\u2026","rel":"","context":"En \u00abFrontPage\u00bb","block_context":{"text":"FrontPage","link":"https:\/\/www.entremundos.org\/revista\/category\/frontpage\/"},"img":{"alt_text":"","src":"https:\/\/i0.wp.com\/www.entremundos.org\/revista\/wp-content\/uploads\/2023\/03\/isable-claudina-justicia.png?fit=1200%2C789&ssl=1&resize=350%2C200","width":350,"height":200,"srcset":"https:\/\/i0.wp.com\/www.entremundos.org\/revista\/wp-content\/uploads\/2023\/03\/isable-claudina-justicia.png?fit=1200%2C789&ssl=1&resize=350%2C200 1x, https:\/\/i0.wp.com\/www.entremundos.org\/revista\/wp-content\/uploads\/2023\/03\/isable-claudina-justicia.png?fit=1200%2C789&ssl=1&resize=525%2C300 1.5x, https:\/\/i0.wp.com\/www.entremundos.org\/revista\/wp-content\/uploads\/2023\/03\/isable-claudina-justicia.png?fit=1200%2C789&ssl=1&resize=700%2C400 2x, https:\/\/i0.wp.com\/www.entremundos.org\/revista\/wp-content\/uploads\/2023\/03\/isable-claudina-justicia.png?fit=1200%2C789&ssl=1&resize=1050%2C600 3x"},"classes":[]},{"id":11407,"url":"https:\/\/www.entremundos.org\/revista\/politica\/del-papel-a-la-pantalla\/","url_meta":{"origin":7852,"position":2},"title":"Del papel a la pantalla","author":"EntreMundos","date":"10 noviembre, 2023","format":false,"excerpt":"POR EMMA G\u00d3MEZ Dos pa\u00edses golpeados por la corrupci\u00f3n, violaci\u00f3n de los derechos humanos, injusticias, persecuciones y despojos, por mencionar algunos de los males que tienen en com\u00fan Guatemala y El Salvador. El proyecto, Del Papel a la Pantalla, presenta dos propuestas visuales para reflexionar sobre la educaci\u00f3n sexual y\u2026","rel":"","context":"En \u00abAccion Comunitaria\u00bb","block_context":{"text":"Accion Comunitaria","link":"https:\/\/www.entremundos.org\/revista\/category\/politica\/accion-comunitaria-3\/"},"img":{"alt_text":"","src":"https:\/\/i0.wp.com\/www.entremundos.org\/revista\/wp-content\/uploads\/2023\/11\/whatsapp-image-2023-10-23-at-9.54.45-am-2.jpeg?fit=1200%2C800&ssl=1&resize=350%2C200","width":350,"height":200,"srcset":"https:\/\/i0.wp.com\/www.entremundos.org\/revista\/wp-content\/uploads\/2023\/11\/whatsapp-image-2023-10-23-at-9.54.45-am-2.jpeg?fit=1200%2C800&ssl=1&resize=350%2C200 1x, https:\/\/i0.wp.com\/www.entremundos.org\/revista\/wp-content\/uploads\/2023\/11\/whatsapp-image-2023-10-23-at-9.54.45-am-2.jpeg?fit=1200%2C800&ssl=1&resize=525%2C300 1.5x, https:\/\/i0.wp.com\/www.entremundos.org\/revista\/wp-content\/uploads\/2023\/11\/whatsapp-image-2023-10-23-at-9.54.45-am-2.jpeg?fit=1200%2C800&ssl=1&resize=700%2C400 2x, https:\/\/i0.wp.com\/www.entremundos.org\/revista\/wp-content\/uploads\/2023\/11\/whatsapp-image-2023-10-23-at-9.54.45-am-2.jpeg?fit=1200%2C800&ssl=1&resize=1050%2C600 3x"},"classes":[]},{"id":13644,"url":"https:\/\/www.entremundos.org\/revista\/politica\/fortaleciendo-la-comunidad-desde-dentro-un-nuevo-capitulo-para-caras-alegres\/","url_meta":{"origin":7852,"position":3},"title":"Fortaleciendo la comunidad desde dentro: Un nuevo cap\u00edtulo para Caras Alegres","author":"EntreMundos","date":"4 abril, 2026","format":false,"excerpt":"POR VER\u00d3NICA DI MAGGIO Caras Alegres reabri\u00f3 sus puertas con una renovada claridad y enfoque estrat\u00e9gico. Despu\u00e9s de meses dedicados a la evaluaci\u00f3n y planificaci\u00f3n, este 2026 inicia no simplemente como un nuevo a\u00f1o operativo, sino como una expansi\u00f3n estructurada de nuestro impacto comunitario. El a\u00f1o pasado demostr\u00f3 que el\u2026","rel":"","context":"En \u00abFrontPage\u00bb","block_context":{"text":"FrontPage","link":"https:\/\/www.entremundos.org\/revista\/category\/frontpage\/"},"img":{"alt_text":"","src":"https:\/\/i0.wp.com\/www.entremundos.org\/revista\/wp-content\/uploads\/2026\/03\/633353323_1320877706749036_6826896970194983908_n.jpg?fit=1200%2C963&ssl=1&resize=350%2C200","width":350,"height":200,"srcset":"https:\/\/i0.wp.com\/www.entremundos.org\/revista\/wp-content\/uploads\/2026\/03\/633353323_1320877706749036_6826896970194983908_n.jpg?fit=1200%2C963&ssl=1&resize=350%2C200 1x, https:\/\/i0.wp.com\/www.entremundos.org\/revista\/wp-content\/uploads\/2026\/03\/633353323_1320877706749036_6826896970194983908_n.jpg?fit=1200%2C963&ssl=1&resize=525%2C300 1.5x, https:\/\/i0.wp.com\/www.entremundos.org\/revista\/wp-content\/uploads\/2026\/03\/633353323_1320877706749036_6826896970194983908_n.jpg?fit=1200%2C963&ssl=1&resize=700%2C400 2x, https:\/\/i0.wp.com\/www.entremundos.org\/revista\/wp-content\/uploads\/2026\/03\/633353323_1320877706749036_6826896970194983908_n.jpg?fit=1200%2C963&ssl=1&resize=1050%2C600 3x"},"classes":[]},{"id":12859,"url":"https:\/\/www.entremundos.org\/revista\/politica\/mujeres-indigenas-y-rurales-en-defensa-del-territorio-frente-al-extractivismo-en-guatemala\/","url_meta":{"origin":7852,"position":4},"title":"Mujeres ind\u00edgenas y rurales en defensa del territorio frente al extractivismo en Guatemala","author":"EntreMundos","date":"21 mayo, 2025","format":false,"excerpt":"Por Asociadas Por lo Justo (JASS) Este es un resumen de un mapeo realizado por JASS, para compartir sus an\u00e1lisis, sus luchas y los impactos en sus vidas. El objetivo es contar las luchas por el territorio frente al extractivismo en Guatemala e identificar el papel y el impacto en\u2026","rel":"","context":"En \u00abFrontPage\u00bb","block_context":{"text":"FrontPage","link":"https:\/\/www.entremundos.org\/revista\/category\/frontpage\/"},"img":{"alt_text":"","src":"https:\/\/i0.wp.com\/www.entremundos.org\/revista\/wp-content\/uploads\/2025\/05\/2-scaled.png?fit=1200%2C843&ssl=1&resize=350%2C200","width":350,"height":200,"srcset":"https:\/\/i0.wp.com\/www.entremundos.org\/revista\/wp-content\/uploads\/2025\/05\/2-scaled.png?fit=1200%2C843&ssl=1&resize=350%2C200 1x, https:\/\/i0.wp.com\/www.entremundos.org\/revista\/wp-content\/uploads\/2025\/05\/2-scaled.png?fit=1200%2C843&ssl=1&resize=525%2C300 1.5x, https:\/\/i0.wp.com\/www.entremundos.org\/revista\/wp-content\/uploads\/2025\/05\/2-scaled.png?fit=1200%2C843&ssl=1&resize=700%2C400 2x, https:\/\/i0.wp.com\/www.entremundos.org\/revista\/wp-content\/uploads\/2025\/05\/2-scaled.png?fit=1200%2C843&ssl=1&resize=1050%2C600 3x"},"classes":[]},{"id":11856,"url":"https:\/\/www.entremundos.org\/revista\/culture\/helping-and-guiding-survivors-of-violence\/?lang=en","url_meta":{"origin":7852,"position":5},"title":"Helping and Guiding Survivors of Violence","author":"EntreMundos","date":"26 marzo, 2024","format":false,"excerpt":"BY EMMA G\u00d3MEZ TRANSLATED BYMAYA GREENBERG We as women have all suffered some kind of violence in one way or another; physical, psychological, economical, and more. As a society, we have normalized these types of actions, as reporting the violence is not always an option; this shows us that if\u2026","rel":"","context":"En \u00abCulture\u00bb","block_context":{"text":"Culture","link":"https:\/\/www.entremundos.org\/revista\/category\/culture\/?lang=en"},"img":{"alt_text":"","src":"https:\/\/i0.wp.com\/www.entremundos.org\/revista\/wp-content\/uploads\/2024\/03\/260024687_244522054441287_6768641656093030982_n.jpg?fit=1200%2C540&ssl=1&resize=350%2C200","width":350,"height":200,"srcset":"https:\/\/i0.wp.com\/www.entremundos.org\/revista\/wp-content\/uploads\/2024\/03\/260024687_244522054441287_6768641656093030982_n.jpg?fit=1200%2C540&ssl=1&resize=350%2C200 1x, https:\/\/i0.wp.com\/www.entremundos.org\/revista\/wp-content\/uploads\/2024\/03\/260024687_244522054441287_6768641656093030982_n.jpg?fit=1200%2C540&ssl=1&resize=525%2C300 1.5x, https:\/\/i0.wp.com\/www.entremundos.org\/revista\/wp-content\/uploads\/2024\/03\/260024687_244522054441287_6768641656093030982_n.jpg?fit=1200%2C540&ssl=1&resize=700%2C400 2x, https:\/\/i0.wp.com\/www.entremundos.org\/revista\/wp-content\/uploads\/2024\/03\/260024687_244522054441287_6768641656093030982_n.jpg?fit=1200%2C540&ssl=1&resize=1050%2C600 3x"},"classes":[]}],"jetpack_sharing_enabled":true,"_links":{"self":[{"href":"https:\/\/www.entremundos.org\/revista\/wp-json\/wp\/v2\/posts\/7852","targetHints":{"allow":["GET"]}}],"collection":[{"href":"https:\/\/www.entremundos.org\/revista\/wp-json\/wp\/v2\/posts"}],"about":[{"href":"https:\/\/www.entremundos.org\/revista\/wp-json\/wp\/v2\/types\/post"}],"author":[{"embeddable":true,"href":"https:\/\/www.entremundos.org\/revista\/wp-json\/wp\/v2\/users\/13"}],"replies":[{"embeddable":true,"href":"https:\/\/www.entremundos.org\/revista\/wp-json\/wp\/v2\/comments?post=7852"}],"version-history":[{"count":5,"href":"https:\/\/www.entremundos.org\/revista\/wp-json\/wp\/v2\/posts\/7852\/revisions"}],"predecessor-version":[{"id":7916,"href":"https:\/\/www.entremundos.org\/revista\/wp-json\/wp\/v2\/posts\/7852\/revisions\/7916"}],"wp:featuredmedia":[{"embeddable":true,"href":"https:\/\/www.entremundos.org\/revista\/wp-json\/wp\/v2\/media\/7865"}],"wp:attachment":[{"href":"https:\/\/www.entremundos.org\/revista\/wp-json\/wp\/v2\/media?parent=7852"}],"wp:term":[{"taxonomy":"category","embeddable":true,"href":"https:\/\/www.entremundos.org\/revista\/wp-json\/wp\/v2\/categories?post=7852"},{"taxonomy":"post_tag","embeddable":true,"href":"https:\/\/www.entremundos.org\/revista\/wp-json\/wp\/v2\/tags?post=7852"}],"curies":[{"name":"wp","href":"https:\/\/api.w.org\/{rel}","templated":true}]}}