{"id":787,"date":"2016-03-09T00:38:19","date_gmt":"2016-03-09T08:38:19","guid":{"rendered":"https:\/\/entremundosrevista.wordpress.com\/?p=787"},"modified":"2016-03-31T14:28:30","modified_gmt":"2016-03-31T22:28:30","slug":"manglar-ultima-frontera-de-los-ecosistemas-marino-costeros","status":"publish","type":"post","link":"https:\/\/www.entremundos.org\/revista\/economia\/manglar-ultima-frontera-de-los-ecosistemas-marino-costeros\/","title":{"rendered":"Manglar: \u00daltima frontera de los ecosistemas marinos costeros"},"content":{"rendered":"<h6>Foto de Portada: Raices de mangle rojo. Foto por: COGMANGLAR<\/h6>\n<p><em>Por Carlos Salvatierra &#8211; Secretario ejecutivo de Redmanglar Internacional y colaborador con COGMANGLAR\u00a0<\/em><\/p>\n<p class=\"p1\"><span class=\"s1\">\u00c1rboles de ra\u00edces retorcidas que se sumergen entre las aguas salobres en las costas tropicales, bandadas de pel\u00edcanos, gaviotas y garzas, peces que llegan a las orillas de los esteros asomando sus ojos y<span class=\"Apple-converted-space\">\u00a0 <\/span>cangrejos que caminan sobre el fango. A lo lejos una peque\u00f1a canoa, regresa de un recorrido por los esteros, pescadores que vuelven con el alimento para sus familias, luego de una jornada de pesca entre los manglares. Los manglares son una de las unidades ecol\u00f3gicas m\u00e1s productivas del planeta, junto a los arrecifes de coral y las praderas marinas.<\/span><\/p>\n<p class=\"p1\"><span class=\"s1\">Estos sistemas ecol\u00f3gicos se encuentran en las costas tropicales y subtropicales, y se caracterizan por estar formados por especies resistentes a la sal. Su nombre deriva del vocablo guaran\u00ed, mangle; que significa literalmente \u00e1rbol retorcido; una de las especies m\u00e1s caracter\u00edsticas, es el mangle rojo (Rhizophora mangle) cuyas ra\u00edces asemejan patas de ara\u00f1a que se elevan sobre la superficie del agua. (El idioma guaran\u00ed viene del \u00e1rea de Paraguay.)<\/span><\/p>\n<p class=\"p1\"><span class=\"s1\">La riqueza y la alta productividad de los manglares, los convierte en un ecosistema estrat\u00e9gico para la soberan\u00eda alimentaria de los pueblos costeros. Durante a\u00f1os las comunidades y pueblos ancestrales del manglar, han mantenido una relaci\u00f3n estrecha y arm\u00f3nica, utilizando y benefici\u00e1ndose de la pesca, la colecta de conchas, cangrejos y otros crust\u00e1ceos y moluscos. Las aguas de los esteros y canales tambi\u00e9n sirven de medio de transporte para los habitantes, estos elementos tambi\u00e9n hacen de los manglares, sitios importantes por su alto valor paisaj\u00edstico, claves para el turismo comunitario y de baja escala.<\/span><\/p>\n<figure id=\"attachment_790\" aria-describedby=\"caption-attachment-790\" style=\"width: 960px\" class=\"wp-caption aligncenter\"><a href=\"https:\/\/i0.wp.com\/www.entremundos.org\/revista\/wp-content\/uploads\/2015\/07\/manglartulate1.jpg\" rel=\"attachment wp-att-790\"><img data-recalc-dims=\"1\" loading=\"lazy\" decoding=\"async\" class=\"size-large wp-image-790\" src=\"https:\/\/i0.wp.com\/www.entremundos.org\/revista\/wp-content\/uploads\/2015\/07\/manglartulate1-1024x737.jpg?resize=640%2C461\" alt=\"Vecinos de Tulate en el manglar de la zona, Tulate, Guatemala. Foto por: COGMANGLAR\" width=\"640\" height=\"461\" srcset=\"https:\/\/i0.wp.com\/www.entremundos.org\/revista\/wp-content\/uploads\/2015\/07\/manglartulate1.jpg?resize=1024%2C737&amp;ssl=1 1024w, https:\/\/i0.wp.com\/www.entremundos.org\/revista\/wp-content\/uploads\/2015\/07\/manglartulate1.jpg?resize=300%2C216&amp;ssl=1 300w, https:\/\/i0.wp.com\/www.entremundos.org\/revista\/wp-content\/uploads\/2015\/07\/manglartulate1.jpg?resize=335%2C241&amp;ssl=1 335w, https:\/\/i0.wp.com\/www.entremundos.org\/revista\/wp-content\/uploads\/2015\/07\/manglartulate1.jpg?resize=1050%2C756&amp;ssl=1 1050w, https:\/\/i0.wp.com\/www.entremundos.org\/revista\/wp-content\/uploads\/2015\/07\/manglartulate1.jpg?w=1400&amp;ssl=1 1400w, https:\/\/i0.wp.com\/www.entremundos.org\/revista\/wp-content\/uploads\/2015\/07\/manglartulate1.jpg?w=1280&amp;ssl=1 1280w\" sizes=\"auto, (max-width: 640px) 100vw, 640px\" \/><\/a><figcaption id=\"caption-attachment-790\" class=\"wp-caption-text\">Vecinos de Tulate en el manglar de la zona, Tulate, Guatemala. Foto por: COGMANGLAR<\/figcaption><\/figure>\n<p class=\"p1\"><span class=\"s1\">El agua es el elemento fundamental que conecta las monta\u00f1as y<span class=\"Apple-converted-space\">\u00a0 <\/span>los r\u00edos con estos importantes ecosistemas. Las aguas frescas que bajan desde<span class=\"Apple-converted-space\">\u00a0 <\/span>las monta\u00f1as y la cadena volc\u00e1nica, se unen a las aguas saladas del mar, alimentando los sistemas de manglares y otros humedales.<\/span><\/p>\n<p class=\"p1\"><span class=\"s1\">En Guatemala los manglares se encuentran en la costa Pac\u00edfica y Caribe, sumando 18,840.08 hect\u00e1reas de la cuales 17,670.56 se encuentran en el Pac\u00edfico. Varios estudios indican que la p\u00e9rdida de los manglares en el pa\u00eds se ha reducido de manera alarmante, de la extensi\u00f3n reportada para 1950 se ha perdido un 39%.<\/span><\/p>\n<p class=\"p1\"><a href=\"http:\/\/www.entremundos.org\/revista\/politica\/crisis-de-agua-y-monocultivos-en-la-costa-sur-de-guatemala\/\">Lee m\u00e1s sobre la crisis de agua en la costa sur aqu\u00ed.<\/a><\/p>\n<p class=\"p1\"><span class=\"s1\">El uso inadecuado de los suelos es la causa mayor de esta destrucci\u00f3n, que se traduce en destrucci\u00f3n de manglares para la construcci\u00f3n de complejos urban\u00edsticos, d\u00e1rsenas o puertos como sucedi\u00f3 en Champerico, y piscinas camaroneras y salineras. Las camaroneras generan impactos negativos para las zonas costeras, no solo para los manglares, sino para otros humedales asociados a ellos. La camaronicultura industrial, es hist\u00f3ricamente a nivel mundial la mayor responsable por p\u00e9rdida de manglares. Generalmente destruye los manglares para construir las piscinas camaroneras, saliniza las fuentes de agua dulce, con impactos negativos para las comunidades, utiliza muchos antibi\u00f3ticos y da\u00f1a los humedales. Adem\u00e1s, vierten las aguas de desechos en los esteros, generando contaminaci\u00f3n h\u00eddrica y afectando la diversidad.<\/span><\/p>\n<figure id=\"attachment_2333\" aria-describedby=\"caption-attachment-2333\" style=\"width: 960px\" class=\"wp-caption aligncenter\"><a href=\"https:\/\/i0.wp.com\/www.entremundos.org\/revista\/wp-content\/uploads\/2016\/01\/1.jpg\" rel=\"attachment wp-att-2333\"><img data-recalc-dims=\"1\" loading=\"lazy\" decoding=\"async\" class=\"size-large wp-image-2333\" src=\"https:\/\/i0.wp.com\/www.entremundos.org\/revista\/wp-content\/uploads\/2016\/01\/1-1024x768.jpg?resize=640%2C480\" alt=\"Foto por: COGMANGLAR\" width=\"640\" height=\"480\" srcset=\"https:\/\/i0.wp.com\/www.entremundos.org\/revista\/wp-content\/uploads\/2016\/01\/1.jpg?resize=1024%2C768&amp;ssl=1 1024w, https:\/\/i0.wp.com\/www.entremundos.org\/revista\/wp-content\/uploads\/2016\/01\/1.jpg?resize=300%2C225&amp;ssl=1 300w, https:\/\/i0.wp.com\/www.entremundos.org\/revista\/wp-content\/uploads\/2016\/01\/1.jpg?resize=768%2C576&amp;ssl=1 768w, https:\/\/i0.wp.com\/www.entremundos.org\/revista\/wp-content\/uploads\/2016\/01\/1.jpg?resize=72%2C54&amp;ssl=1 72w, https:\/\/i0.wp.com\/www.entremundos.org\/revista\/wp-content\/uploads\/2016\/01\/1.jpg?resize=335%2C251&amp;ssl=1 335w, https:\/\/i0.wp.com\/www.entremundos.org\/revista\/wp-content\/uploads\/2016\/01\/1.jpg?resize=1050%2C788&amp;ssl=1 1050w, https:\/\/i0.wp.com\/www.entremundos.org\/revista\/wp-content\/uploads\/2016\/01\/1.jpg?w=1280&amp;ssl=1 1280w, https:\/\/i0.wp.com\/www.entremundos.org\/revista\/wp-content\/uploads\/2016\/01\/1.jpg?w=1920&amp;ssl=1 1920w\" sizes=\"auto, (max-width: 640px) 100vw, 640px\" \/><\/a><figcaption id=\"caption-attachment-2333\" class=\"wp-caption-text\">Foto por: COGMANGLAR<\/figcaption><\/figure>\n<p class=\"p1\"><span class=\"s1\">El acaparamiento de tierras dedicadas a la plantaci\u00f3n de grandes extensiones de monocultivos como<span class=\"Apple-converted-space\">\u00a0 <\/span>la ca\u00f1a de az\u00facar y la palma africana es tambi\u00e9n una amenaza principal. Estas plantaciones adem\u00e1s utilizan grandes extensiones de agua, desv\u00edan ilegalmente r\u00edos completos y modifican su cauce. La falta de agua no solo afecta a las poblaciones locales, a quienes son violados sus derechos, sino tambi\u00e9n repercute en el ecosistema. Este fen\u00f3meno se experimenta en varios municipios de la Costa Sur de Guatemala donde los manglares se est\u00e1n secando, debido a la falta de agua, que los lleva a una muerte lenta y sistem\u00e1tica.<\/span><\/p>\n<p class=\"p1\"><span class=\"s1\">Con la muerte y desaparici\u00f3n de los manglares, no solo se pierden especies, tambi\u00e9n se ve afectado uno de los trabajos m\u00e1s antiguos de la tierra: la pesca artesanal. Son miles los pescadores y pescadoras que subsisten de este ecosistema, y pr\u00e1cticamente de no tomar medidas urgentes para recuperar y proteger los pocos manglares que quedan, estaremos tambi\u00e9n frente a la extinci\u00f3n de la pesca artesanal y la agudizaci\u00f3n de la situaci\u00f3n de pobreza de las comunidades.<\/span><\/p>\n<p class=\"p1\"><span class=\"s1\">Un ejemplo de la voracidad de los monocultivos, es lo que sucede en la cuenca del r\u00edo Coyolate y Madre Vieja en Suchitep\u00e9quez y Escuintla, donde las comunidades pr\u00e1cticamente han quedado como islas entre la ca\u00f1a y la palma. Cuando los r\u00edos son desviados, en la \u00e9poca seca las comunidades sufren falta de agua para sus cultivos y para sus hogares. En la \u00e9poca de lluvias, estos desv\u00edos facilitan que las aguas ingresen a las comunidades, generando fuertes inundaciones. <\/span><\/p>\n<p class=\"p1\"><span class=\"s1\">Ante la grave situaci\u00f3n de falta de agua, ochenta pescadores y campesinos de comunidades de la cuenca baja del r\u00edo Madre Vieja se organizaron, el pasado mes de abril, para defender el r\u00edo y sus manglares. Cansados de largos procesos de negociaci\u00f3n y acuerdos incumplidos por parte de la empresa de palma africana de la familia Molina, decidieron con sus propias manos, liberar el r\u00edo de seis represas que ilegal e injustamente desviaban las aguas del Madre Vieja hacia sus plantaciones.<\/span><\/p>\n<p class=\"p1\"><span class=\"s1\">Llevaron todo un d\u00eda con palas, piochas quitando costales y muros de tierra que imped\u00edan el paso del r\u00edo, m\u00e1s la preocupaci\u00f3n de ser amenazados por los guardias de seguridad de las empresas. Estas empresas cuentan con seguridad privada, gente armada que protege sus intereses, y que representa tambi\u00e9n un grave riesgo para la integridad de las comunidades, sus l\u00edderes y lideresas.<\/span><\/p>\n<figure id=\"attachment_2335\" aria-describedby=\"caption-attachment-2335\" style=\"width: 960px\" class=\"wp-caption aligncenter\"><a href=\"https:\/\/i0.wp.com\/www.entremundos.org\/revista\/wp-content\/uploads\/2016\/01\/3.jpg\" rel=\"attachment wp-att-2335\"><img data-recalc-dims=\"1\" loading=\"lazy\" decoding=\"async\" class=\"size-large wp-image-2335\" src=\"https:\/\/i0.wp.com\/www.entremundos.org\/revista\/wp-content\/uploads\/2016\/01\/3-1024x768.jpg?resize=640%2C480\" alt=\"Foto por: COGMANGLAR\" width=\"640\" height=\"480\" srcset=\"https:\/\/i0.wp.com\/www.entremundos.org\/revista\/wp-content\/uploads\/2016\/01\/3.jpg?resize=1024%2C768&amp;ssl=1 1024w, https:\/\/i0.wp.com\/www.entremundos.org\/revista\/wp-content\/uploads\/2016\/01\/3.jpg?resize=300%2C225&amp;ssl=1 300w, https:\/\/i0.wp.com\/www.entremundos.org\/revista\/wp-content\/uploads\/2016\/01\/3.jpg?resize=768%2C576&amp;ssl=1 768w, https:\/\/i0.wp.com\/www.entremundos.org\/revista\/wp-content\/uploads\/2016\/01\/3.jpg?resize=72%2C54&amp;ssl=1 72w, https:\/\/i0.wp.com\/www.entremundos.org\/revista\/wp-content\/uploads\/2016\/01\/3.jpg?resize=335%2C251&amp;ssl=1 335w, https:\/\/i0.wp.com\/www.entremundos.org\/revista\/wp-content\/uploads\/2016\/01\/3.jpg?resize=1050%2C788&amp;ssl=1 1050w, https:\/\/i0.wp.com\/www.entremundos.org\/revista\/wp-content\/uploads\/2016\/01\/3.jpg?w=1280&amp;ssl=1 1280w, https:\/\/i0.wp.com\/www.entremundos.org\/revista\/wp-content\/uploads\/2016\/01\/3.jpg?w=1920&amp;ssl=1 1920w\" sizes=\"auto, (max-width: 640px) 100vw, 640px\" \/><\/a><figcaption id=\"caption-attachment-2335\" class=\"wp-caption-text\">Foto por: COGMANGLAR<\/figcaption><\/figure>\n<p class=\"p1\"><span class=\"s1\">Desde hace a\u00f1os varias comunidades de la Costa Pac\u00edfica se han organizado para defender sus territorios costeros, entre asociaciones de vecinos, asociaciones civiles, de pescadores, consejos comunitarios de desarrollo y otras,<span class=\"Apple-converted-space\">\u00a0 <\/span>conformaron EN EL 2006 la Coordinadora Guatemalteca para la Defensa de los Manglares y la Vida \u2013COGMANGLAR-. Durante esos a\u00f1os la COGMANGLAR ha trabajado apoyando la defensa de las comunidades a sus territorios y modos de vida, por medio de procesos locales de recuperaci\u00f3n de manglares y acciones de denuncia p\u00fablica y legal, en contra de quienes destruyen el patrimonio natural de los pueblos del manglar. <\/span><\/p>\n<p class=\"p1\"><span class=\"s1\">Estos a\u00f1os han dejado importantes lecciones en los procesos de defensa de los ecosistemas costeros: la organizaci\u00f3n como base principal para el fortalecimiento local y la defensa de los derechos colectivos, el monitoreo comunitario como una estrategia para la difusi\u00f3n de la informaci\u00f3n y la documentaci\u00f3n de casos de destrucci\u00f3n o contaminaci\u00f3n, as\u00ed como la recuperaci\u00f3n directa de los manglares por medio de la reforestaci\u00f3n con participaci\u00f3n<span class=\"Apple-converted-space\">\u00a0 <\/span>local. Pero el trabajo no se ha quedado ah\u00ed, tambi\u00e9n la COGMANGLAR ha realizado intercambios de experiencias entre varios pa\u00edses de la regi\u00f3n. En el 2013 y 2014, particip\u00f3 activamente compartiendo sus experiencias de lucha, con comunidades de El Salvador, lo cual contribuyo a la conformaci\u00f3n de una Asociaci\u00f3n de Comunidades del Manglar en Bahia Jiquilisco. Las realidades de las comunidades costeras de El Salvador y Guatemala son muy similares. Tanto all\u00e1 como ac\u00e1, enfrentan grandes y poderosos intereses de actividades industriales y tur\u00edsticas a gran escala, y de la agroindustria, que intentan acaparar sus territorios. Adem\u00e1s de enfrentar los sistemas pol\u00edticos que muestran poco inter\u00e9s y voluntad para la defensa del manglar.<\/span><\/p>\n<p class=\"p1\"><span class=\"s1\">Pero el camino por la defensa de los manglares es largo y contin\u00faa, porque las costas donde se encuentran son lugares altamente estrat\u00e9gicos, y ante ese panorama sabemos que solo la uni\u00f3n puede hacer la fuerza. <\/span><\/p>\n<p class=\"p1\"><span class=\"s1\">Cuando visite usted \u00e1reas de manglar, utilice servicios tur\u00edsticos comunitarios, hospedajes y comedores donde las comunidades puedan ser directamente beneficiadas del turismo. En lugares como la Reserva de Usos M\u00faltiples Monterrico, existen gu\u00edas locales que ofrecen recorridos a las zonas de manglares. Pueden avocarse en las oficinas del Centro de Estudios Conservacionistas de la Universidad de San Carlos y en las instalaciones del tortugario del CECON, en Monterrico. Consuma productos del mar y de los manglares que provengan de la pesca artesanal, y asegure que los camarones que coma no provienen de la industria camaronera.<\/span><\/p>\n<hr \/>\n","protected":false},"excerpt":{"rendered":"<p>Foto de Portada: Raices de mangle rojo. Foto por: COGMANGLAR Por Carlos Salvatierra &#8211; Secretario ejecutivo de Redmanglar Internacional y colaborador con COGMANGLAR\u00a0 \u00c1rboles de ra\u00edces retorcidas que se sumergen entre las aguas salobres en las costas tropicales, bandadas de pel\u00edcanos, gaviotas y garzas, peces que llegan a las orillas de los esteros asomando sus [&hellip;]<\/p>\n","protected":false},"author":1,"featured_media":2317,"comment_status":"closed","ping_status":"open","sticky":false,"template":"","format":"standard","meta":{"_exactmetrics_skip_tracking":false,"_exactmetrics_sitenote_active":false,"_exactmetrics_sitenote_note":"","_exactmetrics_sitenote_category":0,"jetpack_post_was_ever_published":false,"_jetpack_newsletter_access":"","_jetpack_dont_email_post_to_subs":false,"_jetpack_newsletter_tier_id":0,"_jetpack_memberships_contains_paywalled_content":false,"_jetpack_memberships_contains_paid_content":false,"footnotes":""},"categories":[402,380,401,397,384,398],"tags":[14,50,65,81,82],"class_list":["post-787","post","type-post","status-publish","format-standard","has-post-thumbnail","hentry","category-accion-comunitaria-3","category-economia","category-economia-alternativa","category-mar","category-medio-ambiente","category-rios","tag-agua","tag-ecosistema","tag-guatemala","tag-manglar","tag-manglares"],"jetpack_featured_media_url":"https:\/\/www.entremundos.org\/revista\/wp-content\/uploads\/2015\/10\/4-la-belleza-de-las-raices-de-mangle-rojo-1.bmp","jetpack_shortlink":"https:\/\/wp.me\/p7ljt7-cH","jetpack-related-posts":[{"id":1786,"url":"https:\/\/www.entremundos.org\/revista\/economy\/1786\/?lang=en","url_meta":{"origin":787,"position":0},"title":"Mangroves: The last frontier of our coastal marine ecosystems","author":"EntreMundos","date":"10 marzo, 2016","format":false,"excerpt":"By Carlos Salvatierra - Executive Secretary of Redmanglar International and collaborator with COGMANGLAR Trees with twisted roots that plunge into brackish waters in the tropical coasts, flocks of pelicans, seagulls and herons, fish that venture to the shores of the estuaries showing you their eyes, crabs marching through the silt.\u2026","rel":"","context":"En \u00abAlternative Economy\u00bb","block_context":{"text":"Alternative Economy","link":"https:\/\/www.entremundos.org\/revista\/category\/economy\/alternative-economy\/?lang=en"},"img":{"alt_text":"","src":"https:\/\/www.entremundos.org\/revista\/wp-content\/uploads\/2015\/10\/4-la-belleza-de-las-raices-de-mangle-rojo-1.bmp","width":350,"height":200,"srcset":"https:\/\/www.entremundos.org\/revista\/wp-content\/uploads\/2015\/10\/4-la-belleza-de-las-raices-de-mangle-rojo-1.bmp 1x, https:\/\/www.entremundos.org\/revista\/wp-content\/uploads\/2015\/10\/4-la-belleza-de-las-raices-de-mangle-rojo-1.bmp 1.5x, https:\/\/www.entremundos.org\/revista\/wp-content\/uploads\/2015\/10\/4-la-belleza-de-las-raices-de-mangle-rojo-1.bmp 2x, https:\/\/www.entremundos.org\/revista\/wp-content\/uploads\/2015\/10\/4-la-belleza-de-las-raices-de-mangle-rojo-1.bmp 3x"},"classes":[]},{"id":11590,"url":"https:\/\/www.entremundos.org\/revista\/medio-ambiente\/el-habitante-arbol\/","url_meta":{"origin":787,"position":1},"title":"El habitante \u00e1rbol","author":"EntreMundos","date":"19 enero, 2024","format":false,"excerpt":"POR VALERIA LEIVA La administraci\u00f3n municipal de Quetzaltenango orden\u00f3 la tala de \u00e1rboles en el parque de la zona 3 de la ciudad pero vecinos, comerciantes y expertos se manifestaron en contra de esta decisi\u00f3n.\u00a0 Cada ciudad constituye su propio ecosistema urbano y se suele pensar que en el ecosistema\u2026","rel":"","context":"En \u00abBosques\u00bb","block_context":{"text":"Bosques","link":"https:\/\/www.entremundos.org\/revista\/category\/medio-ambiente\/bosques\/"},"img":{"alt_text":"","src":"https:\/\/i0.wp.com\/www.entremundos.org\/revista\/wp-content\/uploads\/2024\/01\/img_1121-1-scaled.jpg?fit=1200%2C900&ssl=1&resize=350%2C200","width":350,"height":200,"srcset":"https:\/\/i0.wp.com\/www.entremundos.org\/revista\/wp-content\/uploads\/2024\/01\/img_1121-1-scaled.jpg?fit=1200%2C900&ssl=1&resize=350%2C200 1x, https:\/\/i0.wp.com\/www.entremundos.org\/revista\/wp-content\/uploads\/2024\/01\/img_1121-1-scaled.jpg?fit=1200%2C900&ssl=1&resize=525%2C300 1.5x, https:\/\/i0.wp.com\/www.entremundos.org\/revista\/wp-content\/uploads\/2024\/01\/img_1121-1-scaled.jpg?fit=1200%2C900&ssl=1&resize=700%2C400 2x, https:\/\/i0.wp.com\/www.entremundos.org\/revista\/wp-content\/uploads\/2024\/01\/img_1121-1-scaled.jpg?fit=1200%2C900&ssl=1&resize=1050%2C600 3x"},"classes":[]},{"id":13250,"url":"https:\/\/www.entremundos.org\/revista\/politica\/pymes-migracion-y-el-reto-de-la-informalidad-en-guatemala-una-economia-que-resiste-desde-abajo\/","url_meta":{"origin":787,"position":2},"title":"PYMES, migraci\u00f3n y el reto de la informalidad en Guatemala: Una econom\u00eda que resiste desde abajo","author":"EntreMundos","date":"17 septiembre, 2025","format":false,"excerpt":"Por Alexander Castillo Este art\u00edculo analiza el papel crucial que juegan las Peque\u00f1as y Medianas Empresas (PYMES) y la migraci\u00f3n en la econom\u00eda guatemalteca. Con base en datos actuales, se resalta que m\u00e1s del 90\u202f% de las empresas del pa\u00eds son peque\u00f1as o medianas, y que las remesas representan cerca\u2026","rel":"","context":"En \u00abFrontPage\u00bb","block_context":{"text":"FrontPage","link":"https:\/\/www.entremundos.org\/revista\/category\/frontpage\/"},"img":{"alt_text":"","src":"","width":0,"height":0},"classes":[]},{"id":11083,"url":"https:\/\/www.entremundos.org\/revista\/medio-ambiente\/sin-abejas-no-hay-vida\/","url_meta":{"origin":787,"position":3},"title":"Sin abejas no hay vida","author":"EntreMundos","date":"20 julio, 2023","format":false,"excerpt":"Ma\u00edz de Vida\u00a0 \u00bfSab\u00edas que a nivel global existen m\u00e1s de 20 mil especies de abejas? Su vida es fundamental para los ecosistemas y la producci\u00f3n de alimentos. Sab\u00edas que una abeja vive menos de 40 d\u00edas, visita al menos 1000 flores y produce menos de una cucharadita de miel,\u2026","rel":"","context":"En \u00abAccion Comunitaria\u00bb","block_context":{"text":"Accion Comunitaria","link":"https:\/\/www.entremundos.org\/revista\/category\/politica\/accion-comunitaria-3\/"},"img":{"alt_text":"","src":"https:\/\/i0.wp.com\/www.entremundos.org\/revista\/wp-content\/uploads\/2023\/07\/a6d4e38f-ec55-4772-bcd2-36fc346e048c-1.jpg?fit=901%2C1200&ssl=1&resize=350%2C200","width":350,"height":200,"srcset":"https:\/\/i0.wp.com\/www.entremundos.org\/revista\/wp-content\/uploads\/2023\/07\/a6d4e38f-ec55-4772-bcd2-36fc346e048c-1.jpg?fit=901%2C1200&ssl=1&resize=350%2C200 1x, https:\/\/i0.wp.com\/www.entremundos.org\/revista\/wp-content\/uploads\/2023\/07\/a6d4e38f-ec55-4772-bcd2-36fc346e048c-1.jpg?fit=901%2C1200&ssl=1&resize=525%2C300 1.5x, https:\/\/i0.wp.com\/www.entremundos.org\/revista\/wp-content\/uploads\/2023\/07\/a6d4e38f-ec55-4772-bcd2-36fc346e048c-1.jpg?fit=901%2C1200&ssl=1&resize=700%2C400 2x"},"classes":[]},{"id":11617,"url":"https:\/\/www.entremundos.org\/revista\/mujer\/la-cultura-es-lo-que-en-la-muerte-continua-siendo-la-vida\/","url_meta":{"origin":787,"position":4},"title":"\u201cLa Cultura es lo que, en la muerte, contin\u00faa siendo la vida\u201d","author":"EntreMundos","date":"19 enero, 2024","format":false,"excerpt":"POR PATRICIA MIRALB\u00c9S \u00bfTe has preguntado alguna vez por qu\u00e9 un grupo social se comporta de cierta manera? \u00bfDe d\u00f3nde vienen las creencias que te inculcan desde peque\u00f1o? Todo esto tiene que ver con la cultura del lugar en donde vivimos. La cultura es la base de la construcci\u00f3n de\u2026","rel":"","context":"En \u00abCultura\u00bb","block_context":{"text":"Cultura","link":"https:\/\/www.entremundos.org\/revista\/category\/cultura\/"},"img":{"alt_text":"","src":"https:\/\/i0.wp.com\/www.entremundos.org\/revista\/wp-content\/uploads\/2024\/01\/whatsapp-image-2023-12-13-at-6.59.10-pm-1.jpeg?fit=1200%2C800&ssl=1&resize=350%2C200","width":350,"height":200,"srcset":"https:\/\/i0.wp.com\/www.entremundos.org\/revista\/wp-content\/uploads\/2024\/01\/whatsapp-image-2023-12-13-at-6.59.10-pm-1.jpeg?fit=1200%2C800&ssl=1&resize=350%2C200 1x, https:\/\/i0.wp.com\/www.entremundos.org\/revista\/wp-content\/uploads\/2024\/01\/whatsapp-image-2023-12-13-at-6.59.10-pm-1.jpeg?fit=1200%2C800&ssl=1&resize=525%2C300 1.5x, https:\/\/i0.wp.com\/www.entremundos.org\/revista\/wp-content\/uploads\/2024\/01\/whatsapp-image-2023-12-13-at-6.59.10-pm-1.jpeg?fit=1200%2C800&ssl=1&resize=700%2C400 2x, https:\/\/i0.wp.com\/www.entremundos.org\/revista\/wp-content\/uploads\/2024\/01\/whatsapp-image-2023-12-13-at-6.59.10-pm-1.jpeg?fit=1200%2C800&ssl=1&resize=1050%2C600 3x"},"classes":[]},{"id":11847,"url":"https:\/\/www.entremundos.org\/revista\/politica\/cuando-la-tierra-se-movio\/","url_meta":{"origin":787,"position":5},"title":"Cuando la tierra se movi\u00f3","author":"EntreMundos","date":"26 marzo, 2024","format":false,"excerpt":"POR CECILIA REED Estaba profundamente dormida, unos minutos despu\u00e9s de la medianoche; cuando de repente, \u00a1mi cuerpo entr\u00f3 en modo de p\u00e1nico y me despert\u00e9! Mi cama se balanceaba vigorosamente de izquierda a derecha, y las paredes a mi alrededor se balanceaban en direcci\u00f3n opuesta a un ritmo similar. Nunca\u2026","rel":"","context":"En \u00abAccion Comunitaria\u00bb","block_context":{"text":"Accion Comunitaria","link":"https:\/\/www.entremundos.org\/revista\/category\/politica\/accion-comunitaria-3\/"},"img":{"alt_text":"","src":"https:\/\/i0.wp.com\/www.entremundos.org\/revista\/wp-content\/uploads\/2024\/03\/20240124_080747-scaled.jpg?fit=1200%2C900&ssl=1&resize=350%2C200","width":350,"height":200,"srcset":"https:\/\/i0.wp.com\/www.entremundos.org\/revista\/wp-content\/uploads\/2024\/03\/20240124_080747-scaled.jpg?fit=1200%2C900&ssl=1&resize=350%2C200 1x, https:\/\/i0.wp.com\/www.entremundos.org\/revista\/wp-content\/uploads\/2024\/03\/20240124_080747-scaled.jpg?fit=1200%2C900&ssl=1&resize=525%2C300 1.5x, https:\/\/i0.wp.com\/www.entremundos.org\/revista\/wp-content\/uploads\/2024\/03\/20240124_080747-scaled.jpg?fit=1200%2C900&ssl=1&resize=700%2C400 2x, https:\/\/i0.wp.com\/www.entremundos.org\/revista\/wp-content\/uploads\/2024\/03\/20240124_080747-scaled.jpg?fit=1200%2C900&ssl=1&resize=1050%2C600 3x"},"classes":[]}],"jetpack_sharing_enabled":true,"_links":{"self":[{"href":"https:\/\/www.entremundos.org\/revista\/wp-json\/wp\/v2\/posts\/787","targetHints":{"allow":["GET"]}}],"collection":[{"href":"https:\/\/www.entremundos.org\/revista\/wp-json\/wp\/v2\/posts"}],"about":[{"href":"https:\/\/www.entremundos.org\/revista\/wp-json\/wp\/v2\/types\/post"}],"author":[{"embeddable":true,"href":"https:\/\/www.entremundos.org\/revista\/wp-json\/wp\/v2\/users\/1"}],"replies":[{"embeddable":true,"href":"https:\/\/www.entremundos.org\/revista\/wp-json\/wp\/v2\/comments?post=787"}],"version-history":[{"count":11,"href":"https:\/\/www.entremundos.org\/revista\/wp-json\/wp\/v2\/posts\/787\/revisions"}],"predecessor-version":[{"id":2501,"href":"https:\/\/www.entremundos.org\/revista\/wp-json\/wp\/v2\/posts\/787\/revisions\/2501"}],"wp:featuredmedia":[{"embeddable":true,"href":"https:\/\/www.entremundos.org\/revista\/wp-json\/wp\/v2\/media\/2317"}],"wp:attachment":[{"href":"https:\/\/www.entremundos.org\/revista\/wp-json\/wp\/v2\/media?parent=787"}],"wp:term":[{"taxonomy":"category","embeddable":true,"href":"https:\/\/www.entremundos.org\/revista\/wp-json\/wp\/v2\/categories?post=787"},{"taxonomy":"post_tag","embeddable":true,"href":"https:\/\/www.entremundos.org\/revista\/wp-json\/wp\/v2\/tags?post=787"}],"curies":[{"name":"wp","href":"https:\/\/api.w.org\/{rel}","templated":true}]}}