{"id":7871,"date":"2020-11-25T18:59:33","date_gmt":"2020-11-26T02:59:33","guid":{"rendered":"http:\/\/www.entremundos.org\/revista\/?p=7871"},"modified":"2021-01-13T07:48:41","modified_gmt":"2021-01-13T15:48:41","slug":"pero-ellas-se-manifiestan-mujeres-protestando-contra-la-corrupcion","status":"publish","type":"post","link":"https:\/\/www.entremundos.org\/revista\/mujer\/pero-ellas-se-manifiestan-mujeres-protestando-contra-la-corrupcion\/","title":{"rendered":"El gobierno las prefiere calladas, pero ellas protestan contra la corrupci\u00f3n"},"content":{"rendered":"<p><span style=\"font-weight: 400;\">A 4 d\u00edas de conmemorar el D\u00eda Internacional de la Eliminaci\u00f3n de la Violencia contra la Mujer, el pasado 21 de noviembre la el gobierno de Guatemala, incurri\u00f3 en una demostraci\u00f3n de violencia al reprimir a mujeres y hombres adultos, j\u00f3venes y personas mayores salieron a manifestar su descontento ante la propuesta para la aprobaci\u00f3n del presupuesto general de gastos del Estado para el pr\u00f3ximo a\u00f1o, aprobada en el Congreso de la Rep\u00fablica. La marcha se hab\u00eda desarrollado de una manera pac\u00edfica, pero fue disuelta por la Polic\u00eda Nacional Civil (PNC) utilizando gases lacrim\u00f3genos y violencia desmedida; decenas de personas fueron detenidas, entre ellas varias mujeres. Por ellas, escribimos esta nota, para manifestar nuestro rechazo contra la violencia ejercida ese d\u00eda, especialmente, contra las mujeres. Algunos de los nombres de las agredidas, aparecen en esta nota, pero tenemos la seguridad de que hubo m\u00e1s mujeres que a quienes se les fueron violentados sus derechos ese d\u00eda.\u00a0<\/span><\/p>\n<p><span style=\"font-weight: 400;\">Melissa Mencos una joven documentalista y corresponsal de la Asociaci\u00f3n Guatemalteca Audiovisual y Cinematograf\u00eda (Agacine), de 29 a\u00f1os de edad, fue detenida mientras documentaba y realizaba su labor durante las protestas, fue capturada y arrastrada por agentes de la (PNC), actuando con total violencia en su contra. Otra profesional, Entre la\u00a0 abogada Ingrid Medina fue retenida durante la manifestaci\u00f3n sin motivo alguno entre forcejeos y confusi\u00f3n, ella mencion\u00f3: \u00a1No pueden llevarme, estoy en mi derecho de manifestar!<\/span><\/p>\n<p><span style=\"font-weight: 400;\">Adem\u00e1s de ellas, Eimy Fernanda Calderon, 23 a\u00f1os de edad, Claudia Evelin Salguero, trabajadora social de 49 a\u00f1os, Mavely Lourdes Salguero de 28 a\u00f1os, Roxana Abigail Coronado de 51 a\u00f1os, tambi\u00e9n fueron aprehendidas. Las mujeres fueron llevadas a Torres de Tribunales de Justicia, el Ministerio P\u00fablico las acus\u00f3 por los delitos de atentado, reuniones y manifestaciones il\u00edcitas, depredaci\u00f3n de bienes culturales y desorden p\u00fablico. El juez decidi\u00f3 declarar falta de m\u00e9rito a las detenidas; sin embargo Ana Paulina Estrada, de 22 a\u00f1os, a\u00fan tiene un caso abierto por supuesta alteraci\u00f3n del orden p\u00fablico. Mar\u00eda Jos\u00e9 Sinay L\u00f3pez y Mariana Carolina Sinay, ambas menores de edad (17 y 16 a\u00f1os) tambi\u00e9n fueron capturadas.<\/span><\/p>\n<p><span style=\"font-weight: 400;\">Las acciones que tomaron dichas instancias del gobierno contra los manifestantes, causan preocupaci\u00f3n, indignaci\u00f3n y repudio ya que fueron atentados y vulnerados sus derechos humanos, su integridad y libertad. En el Art\u00edculo 35 de la Constituci\u00f3n de la Rep\u00fablica dice que la libre expresi\u00f3n es un <\/span><i><span style=\"font-weight: 400;\">\u201cderecho constitucional que no podr\u00e1 ser restringido por la ley o disposici\u00f3n gubernamental alguna\u201d, <\/span><\/i><span style=\"font-weight: 400;\">\u00a0El Art\u00edculo 33 de la Constituci\u00f3n Pol\u00edtica de la Rep\u00fablica de Guatemala, establece \u201cSe reconoce el derecho de reuni\u00f3n pac\u00edfica y sin armas. Los derechos de reuni\u00f3n y de manifestaci\u00f3n p\u00fablica no pueden ser restringidos, disminuidos o coartados y la ley los regular\u00e1 con el \u00fanico objeto de garantizar el orden p\u00fablico\u201d. Dicho art\u00edculo menciona \u201cno pueden ser restringidos, disminuidos o coartados\u201d lo cual contradice las declaraciones del se\u00f1or ministro de gobernaci\u00f3n cuando fue cuestionado por la bancada une declarando &#8211; yo act\u00fao conforme a la ley.<\/span><\/p>\n<p><span style=\"font-weight: 400;\">Nathalie Andrea Duarte Casta\u00f1eda y Ana Rebeca Guill\u00e9n Alcah\u00e9 fueron retenidas por la polic\u00eda en Quetzaltenango. Al igual que en Guatemala, las marchas transcurr\u00edan pac\u00edficamente pero al entrar la noche, un grupo de personas se dirigi\u00f3 a la gobernaci\u00f3n amenazando con quemar el lugar. Las bombas lacrim\u00f3genas no se hicieron esperar, y entre la conmoci\u00f3n, ambas fueron detenidas por la polic\u00eda. Estas acciones s\u00f3lo amenazan el derecho de manifestaci\u00f3n de las mujeres, y las previene de futuras participaciones al amedrentarlas y amenazar su integridad f\u00edsica y psicol\u00f3gica.\u00a0<\/span><\/p>\n<p><span style=\"font-weight: 400;\">Condenamos y rechazamos firmemente estos actos de violencia contra las mujeres, la represi\u00f3n s\u00f3lo representa una respuesta desesperada, arbitraria e ilegal. Al responder de dicha forma se proh\u00edbe el derecho de expresi\u00f3n y manifestaci\u00f3n p\u00fablica, por lo que exigimos que el Gobierno de Guatemala ratifique el compromiso para hacerle frente a cualquier tipo de violencia en contra de la mujer y de cualquier ciudadano guatemalteco sin importar raza, credo, postura pol\u00edtica y filos\u00f3fica. Son muchos los tipos de violencia que las mujeres sufren en Guatemala, por lo que no es justo que el Estado, lejos de respaldarlas, se convierta en una amenaza para las mismas. <\/span><\/p>\n","protected":false},"excerpt":{"rendered":"<p>A 4 d\u00edas de conmemorar el D\u00eda Internacional de la Eliminaci\u00f3n de la Violencia contra la Mujer, el pasado 21 de noviembre la el gobierno de Guatemala, incurri\u00f3 en una demostraci\u00f3n de violencia al reprimir a mujeres y hombres adultos, j\u00f3venes y personas mayores salieron a manifestar su descontento ante la propuesta para la aprobaci\u00f3n [&hellip;]<\/p>\n","protected":false},"author":1,"featured_media":7872,"comment_status":"closed","ping_status":"closed","sticky":false,"template":"","format":"standard","meta":{"_exactmetrics_skip_tracking":false,"_exactmetrics_sitenote_active":false,"_exactmetrics_sitenote_note":"","_exactmetrics_sitenote_category":0,"jetpack_post_was_ever_published":false,"_jetpack_newsletter_access":"","_jetpack_dont_email_post_to_subs":false,"_jetpack_newsletter_tier_id":0,"_jetpack_memberships_contains_paywalled_content":false,"_jetpack_memberships_contains_paid_content":false,"footnotes":""},"categories":[402,403,452,386],"tags":[2592,2594,2593,2591],"class_list":["post-7871","post","type-post","status-publish","format-standard","has-post-thumbnail","hentry","category-accion-comunitaria-3","category-financiamiento-politico","category-frontpage","category-mujer","tag-manifestacion-21-noviembre","tag-manifestacion-contra-giammattei","tag-manifestacion-presupuesto-congreso","tag-violencia-contra-la-mujer-guatemala"],"jetpack_featured_media_url":"https:\/\/i0.wp.com\/www.entremundos.org\/revista\/wp-content\/uploads\/2020\/11\/a634229-scaled.jpg?fit=2560%2C2214&ssl=1","jetpack_shortlink":"https:\/\/wp.me\/p7ljt7-22X","jetpack-related-posts":[{"id":10833,"url":"https:\/\/www.entremundos.org\/revista\/politica\/violencia-contra-las-mujeres-dominio-masculino-en-la-politica\/","url_meta":{"origin":7871,"position":0},"title":"Violencia contra las mujeres: dominio masculino en la pol\u00edtica","author":"EntreMundos","date":"29 mayo, 2023","format":false,"excerpt":"Silvia Lilian Trujillo La violencia pol\u00edtica es sistem\u00e1tica y permanente, se produce para inhibir, ralentizar o restringir la participaci\u00f3n pol\u00edtica de mujeres, en el marco de un sistema que se resiste a aceptar su igualdad de derechos. Mientras no se trabaje para acabar con esta violencia espec\u00edfica la calidad de\u2026","rel":"","context":"En \u00abFrontPage\u00bb","block_context":{"text":"FrontPage","link":"https:\/\/www.entremundos.org\/revista\/category\/frontpage\/"},"img":{"alt_text":"","src":"https:\/\/i0.wp.com\/www.entremundos.org\/revista\/wp-content\/uploads\/2023\/05\/000_16w772-1.jpg?fit=1200%2C799&ssl=1&resize=350%2C200","width":350,"height":200,"srcset":"https:\/\/i0.wp.com\/www.entremundos.org\/revista\/wp-content\/uploads\/2023\/05\/000_16w772-1.jpg?fit=1200%2C799&ssl=1&resize=350%2C200 1x, https:\/\/i0.wp.com\/www.entremundos.org\/revista\/wp-content\/uploads\/2023\/05\/000_16w772-1.jpg?fit=1200%2C799&ssl=1&resize=525%2C300 1.5x, https:\/\/i0.wp.com\/www.entremundos.org\/revista\/wp-content\/uploads\/2023\/05\/000_16w772-1.jpg?fit=1200%2C799&ssl=1&resize=700%2C400 2x, https:\/\/i0.wp.com\/www.entremundos.org\/revista\/wp-content\/uploads\/2023\/05\/000_16w772-1.jpg?fit=1200%2C799&ssl=1&resize=1050%2C600 3x"},"classes":[]},{"id":11407,"url":"https:\/\/www.entremundos.org\/revista\/politica\/del-papel-a-la-pantalla\/","url_meta":{"origin":7871,"position":1},"title":"Del papel a la pantalla","author":"EntreMundos","date":"10 noviembre, 2023","format":false,"excerpt":"POR EMMA G\u00d3MEZ Dos pa\u00edses golpeados por la corrupci\u00f3n, violaci\u00f3n de los derechos humanos, injusticias, persecuciones y despojos, por mencionar algunos de los males que tienen en com\u00fan Guatemala y El Salvador. El proyecto, Del Papel a la Pantalla, presenta dos propuestas visuales para reflexionar sobre la educaci\u00f3n sexual y\u2026","rel":"","context":"En \u00abAccion Comunitaria\u00bb","block_context":{"text":"Accion Comunitaria","link":"https:\/\/www.entremundos.org\/revista\/category\/politica\/accion-comunitaria-3\/"},"img":{"alt_text":"","src":"https:\/\/i0.wp.com\/www.entremundos.org\/revista\/wp-content\/uploads\/2023\/11\/whatsapp-image-2023-10-23-at-9.54.45-am-2.jpeg?fit=1200%2C800&ssl=1&resize=350%2C200","width":350,"height":200,"srcset":"https:\/\/i0.wp.com\/www.entremundos.org\/revista\/wp-content\/uploads\/2023\/11\/whatsapp-image-2023-10-23-at-9.54.45-am-2.jpeg?fit=1200%2C800&ssl=1&resize=350%2C200 1x, https:\/\/i0.wp.com\/www.entremundos.org\/revista\/wp-content\/uploads\/2023\/11\/whatsapp-image-2023-10-23-at-9.54.45-am-2.jpeg?fit=1200%2C800&ssl=1&resize=525%2C300 1.5x, https:\/\/i0.wp.com\/www.entremundos.org\/revista\/wp-content\/uploads\/2023\/11\/whatsapp-image-2023-10-23-at-9.54.45-am-2.jpeg?fit=1200%2C800&ssl=1&resize=700%2C400 2x, https:\/\/i0.wp.com\/www.entremundos.org\/revista\/wp-content\/uploads\/2023\/11\/whatsapp-image-2023-10-23-at-9.54.45-am-2.jpeg?fit=1200%2C800&ssl=1&resize=1050%2C600 3x"},"classes":[]},{"id":10588,"url":"https:\/\/www.entremundos.org\/revista\/politica\/ley-de-mujeres-desaparecidas\/","url_meta":{"origin":7871,"position":2},"title":"Ley de mujeres desaparecidas","author":"EntreMundos","date":"9 marzo, 2023","format":false,"excerpt":"Emma G\u00f3mez\u00a0 En Guatemala, cada d\u00eda desaparecen unas 5 mujeres. La desaparici\u00f3n de mujeres est\u00e1 ligada fuertemente con alg\u00fan tipo de violencia de g\u00e9nero.\u00a0 Hace 3 a\u00f1os se implement\u00f3 un mecanismo de b\u00fasqueda inmediata de mujeres desaparecidas, Isabel-Claudina, mecanismo que tiene como base la Ley de Mujeres Desaparecidas que fue\u2026","rel":"","context":"En \u00abFrontPage\u00bb","block_context":{"text":"FrontPage","link":"https:\/\/www.entremundos.org\/revista\/category\/frontpage\/"},"img":{"alt_text":"","src":"https:\/\/i0.wp.com\/www.entremundos.org\/revista\/wp-content\/uploads\/2023\/03\/isable-claudina-justicia.png?fit=1200%2C789&ssl=1&resize=350%2C200","width":350,"height":200,"srcset":"https:\/\/i0.wp.com\/www.entremundos.org\/revista\/wp-content\/uploads\/2023\/03\/isable-claudina-justicia.png?fit=1200%2C789&ssl=1&resize=350%2C200 1x, https:\/\/i0.wp.com\/www.entremundos.org\/revista\/wp-content\/uploads\/2023\/03\/isable-claudina-justicia.png?fit=1200%2C789&ssl=1&resize=525%2C300 1.5x, https:\/\/i0.wp.com\/www.entremundos.org\/revista\/wp-content\/uploads\/2023\/03\/isable-claudina-justicia.png?fit=1200%2C789&ssl=1&resize=700%2C400 2x, https:\/\/i0.wp.com\/www.entremundos.org\/revista\/wp-content\/uploads\/2023\/03\/isable-claudina-justicia.png?fit=1200%2C789&ssl=1&resize=1050%2C600 3x"},"classes":[]},{"id":12224,"url":"https:\/\/www.entremundos.org\/revista\/mujer\/derechos-sexuales-y-reproductivos-tema-pendiente-en-guatemala\/","url_meta":{"origin":7871,"position":3},"title":"Derechos sexuales y reproductivos; tema pendiente en Guatemala","author":"EntreMundos","date":"15 julio, 2024","format":false,"excerpt":"POR EMMA G\u00d3MEZ Seg\u00fan La Organizaci\u00f3n de las Naciones Unidas de los Derechos Humanos, (ONU-DH), los derechos sexuales y reproductivos est\u00e1n relacionados con la libertad de las personas a decidir sobre su sexualidad y el ejercicio libre de la misma. Algunos derechos pueden ser; ejercer la sexualidad de manera independiente\u2026","rel":"","context":"En \u00abFrontPage\u00bb","block_context":{"text":"FrontPage","link":"https:\/\/www.entremundos.org\/revista\/category\/frontpage\/"},"img":{"alt_text":"","src":"https:\/\/i0.wp.com\/www.entremundos.org\/revista\/wp-content\/uploads\/2024\/07\/444487166_750607893953803_8829963883492089519_n.jpg?fit=1200%2C1158&ssl=1&resize=350%2C200","width":350,"height":200,"srcset":"https:\/\/i0.wp.com\/www.entremundos.org\/revista\/wp-content\/uploads\/2024\/07\/444487166_750607893953803_8829963883492089519_n.jpg?fit=1200%2C1158&ssl=1&resize=350%2C200 1x, https:\/\/i0.wp.com\/www.entremundos.org\/revista\/wp-content\/uploads\/2024\/07\/444487166_750607893953803_8829963883492089519_n.jpg?fit=1200%2C1158&ssl=1&resize=525%2C300 1.5x, https:\/\/i0.wp.com\/www.entremundos.org\/revista\/wp-content\/uploads\/2024\/07\/444487166_750607893953803_8829963883492089519_n.jpg?fit=1200%2C1158&ssl=1&resize=700%2C400 2x, https:\/\/i0.wp.com\/www.entremundos.org\/revista\/wp-content\/uploads\/2024\/07\/444487166_750607893953803_8829963883492089519_n.jpg?fit=1200%2C1158&ssl=1&resize=1050%2C600 3x"},"classes":[]},{"id":12859,"url":"https:\/\/www.entremundos.org\/revista\/politica\/mujeres-indigenas-y-rurales-en-defensa-del-territorio-frente-al-extractivismo-en-guatemala\/","url_meta":{"origin":7871,"position":4},"title":"Mujeres ind\u00edgenas y rurales en defensa del territorio frente al extractivismo en Guatemala","author":"EntreMundos","date":"21 mayo, 2025","format":false,"excerpt":"Por Asociadas Por lo Justo (JASS) Este es un resumen de un mapeo realizado por JASS, para compartir sus an\u00e1lisis, sus luchas y los impactos en sus vidas. El objetivo es contar las luchas por el territorio frente al extractivismo en Guatemala e identificar el papel y el impacto en\u2026","rel":"","context":"En \u00abFrontPage\u00bb","block_context":{"text":"FrontPage","link":"https:\/\/www.entremundos.org\/revista\/category\/frontpage\/"},"img":{"alt_text":"","src":"https:\/\/i0.wp.com\/www.entremundos.org\/revista\/wp-content\/uploads\/2025\/05\/2-scaled.png?fit=1200%2C843&ssl=1&resize=350%2C200","width":350,"height":200,"srcset":"https:\/\/i0.wp.com\/www.entremundos.org\/revista\/wp-content\/uploads\/2025\/05\/2-scaled.png?fit=1200%2C843&ssl=1&resize=350%2C200 1x, https:\/\/i0.wp.com\/www.entremundos.org\/revista\/wp-content\/uploads\/2025\/05\/2-scaled.png?fit=1200%2C843&ssl=1&resize=525%2C300 1.5x, https:\/\/i0.wp.com\/www.entremundos.org\/revista\/wp-content\/uploads\/2025\/05\/2-scaled.png?fit=1200%2C843&ssl=1&resize=700%2C400 2x, https:\/\/i0.wp.com\/www.entremundos.org\/revista\/wp-content\/uploads\/2025\/05\/2-scaled.png?fit=1200%2C843&ssl=1&resize=1050%2C600 3x"},"classes":[]},{"id":13241,"url":"https:\/\/www.entremundos.org\/revista\/politica\/crimen-de-estado-primera-sentencia\/","url_meta":{"origin":7871,"position":5},"title":"Crimen De Estado: Primera Sentencia\u00a0","author":"EntreMundos","date":"17 septiembre, 2025","format":false,"excerpt":"Por Carolina Escobar Sarti Durante el gobierno de Jimmy Morales se cometi\u00f3 un crimen de Estado. Fue el 8 de marzo de 2017, cuando 56 ni\u00f1as y adolescentes fueron colocadas, por horas, en un aula de 7 x 6.8 metros donde no hab\u00eda ni siquiera un ba\u00f1o. Despu\u00e9s del desayuno\u2026","rel":"","context":"En \u00abFrontPage\u00bb","block_context":{"text":"FrontPage","link":"https:\/\/www.entremundos.org\/revista\/category\/frontpage\/"},"img":{"alt_text":"","src":"https:\/\/i0.wp.com\/www.entremundos.org\/revista\/wp-content\/uploads\/2025\/09\/img66.jpg?fit=960%2C1200&ssl=1&resize=350%2C200","width":350,"height":200,"srcset":"https:\/\/i0.wp.com\/www.entremundos.org\/revista\/wp-content\/uploads\/2025\/09\/img66.jpg?fit=960%2C1200&ssl=1&resize=350%2C200 1x, https:\/\/i0.wp.com\/www.entremundos.org\/revista\/wp-content\/uploads\/2025\/09\/img66.jpg?fit=960%2C1200&ssl=1&resize=525%2C300 1.5x, https:\/\/i0.wp.com\/www.entremundos.org\/revista\/wp-content\/uploads\/2025\/09\/img66.jpg?fit=960%2C1200&ssl=1&resize=700%2C400 2x"},"classes":[]}],"jetpack_sharing_enabled":true,"_links":{"self":[{"href":"https:\/\/www.entremundos.org\/revista\/wp-json\/wp\/v2\/posts\/7871","targetHints":{"allow":["GET"]}}],"collection":[{"href":"https:\/\/www.entremundos.org\/revista\/wp-json\/wp\/v2\/posts"}],"about":[{"href":"https:\/\/www.entremundos.org\/revista\/wp-json\/wp\/v2\/types\/post"}],"author":[{"embeddable":true,"href":"https:\/\/www.entremundos.org\/revista\/wp-json\/wp\/v2\/users\/1"}],"replies":[{"embeddable":true,"href":"https:\/\/www.entremundos.org\/revista\/wp-json\/wp\/v2\/comments?post=7871"}],"version-history":[{"count":2,"href":"https:\/\/www.entremundos.org\/revista\/wp-json\/wp\/v2\/posts\/7871\/revisions"}],"predecessor-version":[{"id":7876,"href":"https:\/\/www.entremundos.org\/revista\/wp-json\/wp\/v2\/posts\/7871\/revisions\/7876"}],"wp:featuredmedia":[{"embeddable":true,"href":"https:\/\/www.entremundos.org\/revista\/wp-json\/wp\/v2\/media\/7872"}],"wp:attachment":[{"href":"https:\/\/www.entremundos.org\/revista\/wp-json\/wp\/v2\/media?parent=7871"}],"wp:term":[{"taxonomy":"category","embeddable":true,"href":"https:\/\/www.entremundos.org\/revista\/wp-json\/wp\/v2\/categories?post=7871"},{"taxonomy":"post_tag","embeddable":true,"href":"https:\/\/www.entremundos.org\/revista\/wp-json\/wp\/v2\/tags?post=7871"}],"curies":[{"name":"wp","href":"https:\/\/api.w.org\/{rel}","templated":true}]}}