{"id":8139,"date":"2021-01-19T16:45:53","date_gmt":"2021-01-20T00:45:53","guid":{"rendered":"http:\/\/www.entremundos.org\/revista\/?p=8139"},"modified":"2021-01-20T03:14:29","modified_gmt":"2021-01-20T11:14:29","slug":"migracion-una-consecuencia-de-los-huracanes","status":"publish","type":"post","link":"https:\/\/www.entremundos.org\/revista\/medio-ambiente\/migracion-una-consecuencia-de-los-huracanes\/","title":{"rendered":"Migraci\u00f3n, una consecuencia de los huracanes."},"content":{"rendered":"<p><strong>Por EntreMundos<\/strong><\/p>\n<p>Los pa\u00edses de Centro Am\u00e9rica han sido escenario de eventos ambientales, como tormentas tropicales, terremotos, inundaciones, erupciones volc\u00e1nicas, y muy frecuentemente, huracanes. Guatemala, El Salvador, Honduras y Nicaragua enfrentaron el mayor desastre del siglo XX, cuando el Hurac\u00e1n Mitch ingres\u00f3 a Guatemala el 27 de octubre de 1998 por Puerto Barrios, Izabal, y fue catalogado por el Centro de Huracanes de Miami, Estados Unidos como uno de los m\u00e1s devastadores. Su paso dej\u00f3 grandes consecuencias socioecon\u00f3micas afectando la vida cotidiana y la productividad, dejando viviendas seriamente da\u00f1adas y poniendo de manifiesto la vulnerabilidad de las regiones frente a las consecuencias de los desastres naturales que ha causado movimientos migratorios internos e internacionales.<\/p>\n<p>Guatemala fue impactada tambi\u00e9n por la Tormenta Tropical Stan, que azot\u00f3 en octubre del a\u00f1o 2005, dejando muertes y destrucci\u00f3n a su paso. Seg\u00fan la CONRED, se registraron 670 personas fallecidas, 844 desaparecidas, 38 mil 058 viviendas con p\u00e9rdidas o da\u00f1adas, 495 mil 927 personas afectadas en todo el pa\u00eds, adem\u00e1s las p\u00e9rdidas en el agro, que sumaron US$388 millones. La Tormenta Stan tuvo mayor impacto y fue m\u00e1s devastadora que el hurac\u00e1n Mitch.<\/p>\n<p>Los desastres naturales como el Hurac\u00e1n Mitch, la Tormenta Stan y recientemente el hurac\u00e1n Eta con categor\u00eda 4; han sido, seg\u00fan el Centro Nacional de Huracanes de Estados Unidos (NHC) las tormentas m\u00e1s feroces que han golpeado Centroam\u00e9rica en los \u00faltimos a\u00f1os, advirtiendo que las \u201cinundaciones ser\u00edan catastr\u00f3ficas\u201d, al igual que los desbordamientos de r\u00edos. Adem\u00e1s, a\u00f1adi\u00f3 que, \u201chabr\u00eda peligro de muerte\u201d en los ciudadanos. Eta se debilit\u00f3 r\u00e1pidamente a tormenta tropical a principios de noviembre de 2020, sin embargo, en Guatemala las fuertes lluvias provocadas por la tormenta causaron estragos en el norte del pa\u00eds: la mitad de una aldea en el caser\u00edo Quej\u00e1 de la regi\u00f3n de Alta Verapaz, desapareci\u00f3. Se contabilizaron 150 viviendas enterradas y al menos 100 personas fallecidas.<\/p>\n<p>Estos desastres naturales han golpeado zonas rurales empobrecidas donde la infraestructura es precaria, el empleo es informal y la econom\u00eda es inestable e insostenible, lo que incrementa las dificultades de la poblaci\u00f3n del \u00e1rea rural para mejorar sus condiciones de vida. El aumento de pobreza, desempleo, y la violaci\u00f3n de sus derechos humanos, son los principales factores de expulsi\u00f3n migratoria en los \u00faltimos a\u00f1os.<\/p>\n<p>Guatemala est\u00e1 ubicada en un punto geoestrat\u00e9gico que ha permitido al resto de centroamericanos como de latinoamericanos, utilizar el territorio guatemalteco como punto focal para el tr\u00e1nsito de migraciones. El desplazamiento forzado contin\u00faa siendo un tema muy sensible a nivel mundial, pero que tiene que ser atendido frente a un desastre natural. Seg\u00fan el informe presentado por la CEPAL, la poblaci\u00f3n campesina es la m\u00e1s afectada en sus ingresos y estos podr\u00edan emigrar fuera de la zona afectada (probablemente a M\u00e9xico, a la costa sur de Guatemala, o a los Estados Unidos), las comunidades seriamente afectadas buscan encontrar trabajo, ante la falta de oportunidades de subsistencia o al menos el sue\u00f1o de recuperar la peque\u00f1a parcela. Ante esta situaci\u00f3n, la migraci\u00f3n no debe ser vista como \u201cla b\u00fasqueda del Sue\u00f1o Americano\u201d sino como \u201cel escape de la pesadilla centroamericana\u201d.<\/p>\n<p>Sin duda alguna, los desaf\u00edos que enfrenta Guatemala por los huracanes y tormentas tropicales son complejos y requieren de esfuerzos integrales y persistentes por parte del Gobierno, de la sociedad civil y de la comunidad internacional. El gobierno no ha destinado recursos a esta situaci\u00f3n y no ha respondido prontamente ante estos desastres, m\u00e1s bien los funcionarios p\u00fablicos se han aprovechado ante estas situaciones de desgracias, extendiendo estados de calamidad y asumiendo pr\u00e9stamos de miles de millones que en su mayor\u00eda no llegan a las personas.<\/p>\n<p>Las donaciones internacionales que son recibidas por el Gobierno para prevenir y aliviar los desastres naturales, (as\u00ed como el gobierno mediante una iniciativa de ley pretende ferozmente controlar las donaciones hacia las ONG\u00b4s),\u00a0 deben ser fiscalizadas por la poblaci\u00f3n y las entidades que realizan auditor\u00edas sociales para saber a d\u00f3nde van realmente los fondos. Da\u00f1os irreparables como las p\u00e9rdidas humanas y materiales evitar\u00e1n un aumento en la migraci\u00f3n. Al final, no s\u00f3lo se trata de ayuda humanitaria, sino en la resoluci\u00f3n de problem\u00e1ticas que est\u00e1n afectando al pa\u00eds, (si no, s\u00f3lo hay que ver la \u00faltima caravana de migrantes hondure\u00f1os que puede dejar secuelas graves en Guatemala a nivel sanitario y social) situaci\u00f3n que se est\u00e1 volviendo insostenible al actuar con violencia en lugar de tener un plan adecuado de respuesta.<\/p>\n<p>De acuerdo a la CONRED, Guatemala es el cuarto pa\u00eds m\u00e1s vulnerable a nivel mundial ante los desastres naturales, por lo que es necesario que los Organismo de las Naciones Unidas para la Migraci\u00f3n, el Ministerio de Relaciones Exteriores (MINEX), la Coordinadora Nacional para la Reducci\u00f3n de Desastres (CONRED) y la Direcci\u00f3n General de Migraci\u00f3n (DGM), sigan implementando planes de trabajo para fortalecer la respuesta a la migraci\u00f3n ocurrida luego de los desastres naturales. Las entidades p\u00fablicas deben priorizar programas e iniciativas que trabajen por la protecci\u00f3n hacia el migrante, proyectos como albergues temporales que son utilizados por las personas desplazadas, y personas prestando servicios como apoyo legal y psicosocial, sobre todo espacios acogedores para los ni\u00f1os y ni\u00f1as en zonas estrat\u00e9gicas del pa\u00eds migratorio.<\/p>\n<p><em>Imagen de portada: Wikimedia commons<\/em><\/p>\n","protected":false},"excerpt":{"rendered":"<p>Por EntreMundos Los pa\u00edses de Centro Am\u00e9rica han sido escenario de eventos ambientales, como tormentas tropicales, terremotos, inundaciones, erupciones volc\u00e1nicas, y muy frecuentemente, huracanes. Guatemala, El Salvador, Honduras y Nicaragua enfrentaron el mayor desastre del siglo XX, cuando el Hurac\u00e1n Mitch ingres\u00f3 a Guatemala el 27 de octubre de 1998 por Puerto Barrios, Izabal, y [&hellip;]<\/p>\n","protected":false},"author":1,"featured_media":8140,"comment_status":"closed","ping_status":"closed","sticky":false,"template":"","format":"standard","meta":{"_exactmetrics_skip_tracking":false,"_exactmetrics_sitenote_active":false,"_exactmetrics_sitenote_note":"","_exactmetrics_sitenote_category":0,"jetpack_post_was_ever_published":false,"_jetpack_newsletter_access":"","_jetpack_dont_email_post_to_subs":false,"_jetpack_newsletter_tier_id":0,"_jetpack_memberships_contains_paywalled_content":false,"_jetpack_memberships_contains_paid_content":false,"footnotes":""},"categories":[394,452,384,456],"tags":[2673,2656,2655,2675,2674,2672],"class_list":["post-8139","post","type-post","status-publish","format-standard","has-post-thumbnail","hentry","category-cambio-climatico","category-frontpage","category-medio-ambiente","category-migration","tag-como-afectan-las-tormentas-en-guatemala","tag-desastres-naturales","tag-huracanes","tag-migracion-por-inundaciones-guatemala","tag-tormentas-en-centroamerica","tag-tormentas-tropicales"],"jetpack_featured_media_url":"https:\/\/www.entremundos.org\/revista\/wp-content\/uploads\/2021\/01\/flooding_rio_la_pasion_at_sayaxche_-_guatemala_8_october_2008-1.jpe","jetpack_shortlink":"https:\/\/wp.me\/p7ljt7-27h","jetpack-related-posts":[{"id":704,"url":"https:\/\/www.entremundos.org\/revista\/uncategorized-es\/resumen-de-la-edicion-cambio-climatico\/","url_meta":{"origin":8139,"position":0},"title":"Cambio Clim\u00e1tico &#8211; Resumen de la Edici\u00f3n","author":"EntreMundos","date":"8 mayo, 2015","format":false,"excerpt":"En estas p\u00e1ginas, varios expertos explican como el cambio clim\u00e1tico est\u00e1 afectando a Guatemala y que es lo que el futuro depara. El a\u00f1o pasado durante la temporada de lluvia hubo 45 d\u00edas de sequ\u00eda, lo que caus\u00f3 una crisis humanitaria.\u00a0 Como siempre los m\u00e1s afectados por el desastre medioambiental\u2026","rel":"","context":"En \u00abUncategorized\u00bb","block_context":{"text":"Uncategorized","link":"https:\/\/www.entremundos.org\/revista\/category\/uncategorized-es\/"},"img":{"alt_text":"","src":"https:\/\/i0.wp.com\/www.entremundos.org\/revista\/wp-content\/uploads\/2015\/05\/nota-editor-the-behive-collective-poster-500-years.jpg?fit=600%2C398&ssl=1&resize=350%2C200","width":350,"height":200,"srcset":"https:\/\/i0.wp.com\/www.entremundos.org\/revista\/wp-content\/uploads\/2015\/05\/nota-editor-the-behive-collective-poster-500-years.jpg?fit=600%2C398&ssl=1&resize=350%2C200 1x, https:\/\/i0.wp.com\/www.entremundos.org\/revista\/wp-content\/uploads\/2015\/05\/nota-editor-the-behive-collective-poster-500-years.jpg?fit=600%2C398&ssl=1&resize=525%2C300 1.5x"},"classes":[]},{"id":12734,"url":"https:\/\/www.entremundos.org\/revista\/politica\/deportacion-desinformacion-y-desafio-el-impacto-global-de-la-agenda-migratoria-de-trump\/","url_meta":{"origin":8139,"position":1},"title":"Deportaci\u00f3n, desinformaci\u00f3n y desaf\u00edo: El impacto global de la agenda migratoria de Trump","author":"EntreMundos","date":"17 marzo, 2025","format":false,"excerpt":"POR PATRICIA SCHWARTZ Unas 60 personas se sientan en un c\u00edrculo de sillas plegables un jueves por la noche en Tucson, Arizona, una ciudad estadounidense a una hora de la frontera con M\u00e9xico. La reuni\u00f3n semanal de la Coalici\u00f3n de Derechos Humanos se lleva a cabo en gran parte, en\u2026","rel":"","context":"En \u00abFrontPage\u00bb","block_context":{"text":"FrontPage","link":"https:\/\/www.entremundos.org\/revista\/category\/frontpage\/"},"img":{"alt_text":"","src":"https:\/\/i0.wp.com\/www.entremundos.org\/revista\/wp-content\/uploads\/2025\/03\/475088469_3067398756762538_3045668992826805668_n.jpg?fit=1100%2C666&ssl=1&resize=350%2C200","width":350,"height":200,"srcset":"https:\/\/i0.wp.com\/www.entremundos.org\/revista\/wp-content\/uploads\/2025\/03\/475088469_3067398756762538_3045668992826805668_n.jpg?fit=1100%2C666&ssl=1&resize=350%2C200 1x, https:\/\/i0.wp.com\/www.entremundos.org\/revista\/wp-content\/uploads\/2025\/03\/475088469_3067398756762538_3045668992826805668_n.jpg?fit=1100%2C666&ssl=1&resize=525%2C300 1.5x, https:\/\/i0.wp.com\/www.entremundos.org\/revista\/wp-content\/uploads\/2025\/03\/475088469_3067398756762538_3045668992826805668_n.jpg?fit=1100%2C666&ssl=1&resize=700%2C400 2x, https:\/\/i0.wp.com\/www.entremundos.org\/revista\/wp-content\/uploads\/2025\/03\/475088469_3067398756762538_3045668992826805668_n.jpg?fit=1100%2C666&ssl=1&resize=1050%2C600 3x"},"classes":[]},{"id":13250,"url":"https:\/\/www.entremundos.org\/revista\/politica\/pymes-migracion-y-el-reto-de-la-informalidad-en-guatemala-una-economia-que-resiste-desde-abajo\/","url_meta":{"origin":8139,"position":2},"title":"PYMES, migraci\u00f3n y el reto de la informalidad en Guatemala: Una econom\u00eda que resiste desde abajo","author":"EntreMundos","date":"17 septiembre, 2025","format":false,"excerpt":"Por Alexander Castillo Este art\u00edculo analiza el papel crucial que juegan las Peque\u00f1as y Medianas Empresas (PYMES) y la migraci\u00f3n en la econom\u00eda guatemalteca. Con base en datos actuales, se resalta que m\u00e1s del 90\u202f% de las empresas del pa\u00eds son peque\u00f1as o medianas, y que las remesas representan cerca\u2026","rel":"","context":"En \u00abFrontPage\u00bb","block_context":{"text":"FrontPage","link":"https:\/\/www.entremundos.org\/revista\/category\/frontpage\/"},"img":{"alt_text":"","src":"","width":0,"height":0},"classes":[]},{"id":10580,"url":"https:\/\/www.entremundos.org\/revista\/politica\/desalojos-aumentan-durante-el-gobierno-de-alejandro-giammattei\/","url_meta":{"origin":8139,"position":3},"title":"Desalojos aumentan durante el gobierno de Alejandro Giammattei","author":"EntreMundos","date":"8 marzo, 2023","format":false,"excerpt":"Por Gilberto Escobar\u00a0 En Guatemala, durante los \u00faltimos a\u00f1os, los desalojos han ido en aumento y se han dado en dos modalidades: los desalojos legales que tienen una orden judicial y los extrajudiciales, los que\u00a0 no van acompa\u00f1ados de ninguna orden de un juez y que ocurren\u00a0 en horas de\u2026","rel":"","context":"En \u00abBosques\u00bb","block_context":{"text":"Bosques","link":"https:\/\/www.entremundos.org\/revista\/category\/medio-ambiente\/bosques\/"},"img":{"alt_text":"","src":"https:\/\/i0.wp.com\/www.entremundos.org\/revista\/wp-content\/uploads\/2023\/03\/portada.jpg?fit=1024%2C768&ssl=1&resize=350%2C200","width":350,"height":200,"srcset":"https:\/\/i0.wp.com\/www.entremundos.org\/revista\/wp-content\/uploads\/2023\/03\/portada.jpg?fit=1024%2C768&ssl=1&resize=350%2C200 1x, https:\/\/i0.wp.com\/www.entremundos.org\/revista\/wp-content\/uploads\/2023\/03\/portada.jpg?fit=1024%2C768&ssl=1&resize=525%2C300 1.5x, https:\/\/i0.wp.com\/www.entremundos.org\/revista\/wp-content\/uploads\/2023\/03\/portada.jpg?fit=1024%2C768&ssl=1&resize=700%2C400 2x"},"classes":[]},{"id":11407,"url":"https:\/\/www.entremundos.org\/revista\/politica\/del-papel-a-la-pantalla\/","url_meta":{"origin":8139,"position":4},"title":"Del papel a la pantalla","author":"EntreMundos","date":"10 noviembre, 2023","format":false,"excerpt":"POR EMMA G\u00d3MEZ Dos pa\u00edses golpeados por la corrupci\u00f3n, violaci\u00f3n de los derechos humanos, injusticias, persecuciones y despojos, por mencionar algunos de los males que tienen en com\u00fan Guatemala y El Salvador. El proyecto, Del Papel a la Pantalla, presenta dos propuestas visuales para reflexionar sobre la educaci\u00f3n sexual y\u2026","rel":"","context":"En \u00abAccion Comunitaria\u00bb","block_context":{"text":"Accion Comunitaria","link":"https:\/\/www.entremundos.org\/revista\/category\/politica\/accion-comunitaria-3\/"},"img":{"alt_text":"","src":"https:\/\/i0.wp.com\/www.entremundos.org\/revista\/wp-content\/uploads\/2023\/11\/whatsapp-image-2023-10-23-at-9.54.45-am-2.jpeg?fit=1200%2C800&ssl=1&resize=350%2C200","width":350,"height":200,"srcset":"https:\/\/i0.wp.com\/www.entremundos.org\/revista\/wp-content\/uploads\/2023\/11\/whatsapp-image-2023-10-23-at-9.54.45-am-2.jpeg?fit=1200%2C800&ssl=1&resize=350%2C200 1x, https:\/\/i0.wp.com\/www.entremundos.org\/revista\/wp-content\/uploads\/2023\/11\/whatsapp-image-2023-10-23-at-9.54.45-am-2.jpeg?fit=1200%2C800&ssl=1&resize=525%2C300 1.5x, https:\/\/i0.wp.com\/www.entremundos.org\/revista\/wp-content\/uploads\/2023\/11\/whatsapp-image-2023-10-23-at-9.54.45-am-2.jpeg?fit=1200%2C800&ssl=1&resize=700%2C400 2x, https:\/\/i0.wp.com\/www.entremundos.org\/revista\/wp-content\/uploads\/2023\/11\/whatsapp-image-2023-10-23-at-9.54.45-am-2.jpeg?fit=1200%2C800&ssl=1&resize=1050%2C600 3x"},"classes":[]},{"id":12980,"url":"https:\/\/www.entremundos.org\/revista\/mujer\/el-otro-lado-del-viaje-sonado-detras-de-un-espacio-internacional\/","url_meta":{"origin":8139,"position":5},"title":"El otro lado del viaje so\u00f1ado; detr\u00e1s de un espacio internacional","author":"EntreMundos","date":"23 julio, 2025","format":false,"excerpt":"Por Adela Tuy Cuando la gente escucha \u2018Conferencias Internacionales\u2019 piensa en edificios lujosos, gente hablando en ingl\u00e9s, muchas fotos formales y muchos discursos bonitos; tambi\u00e9n en lo elegante de participar en una conferencia y ponerlo en tu curr\u00edculum vitae. Sin embargo, nadie les cuenta sobre lo que hay detr\u00e1s de\u2026","rel":"","context":"En \u00abCine\u00bb","block_context":{"text":"Cine","link":"https:\/\/www.entremundos.org\/revista\/category\/cine\/"},"img":{"alt_text":"","src":"https:\/\/i0.wp.com\/www.entremundos.org\/revista\/wp-content\/uploads\/2025\/07\/20241121_092407-143c-1.jpg?fit=1200%2C800&ssl=1&resize=350%2C200","width":350,"height":200,"srcset":"https:\/\/i0.wp.com\/www.entremundos.org\/revista\/wp-content\/uploads\/2025\/07\/20241121_092407-143c-1.jpg?fit=1200%2C800&ssl=1&resize=350%2C200 1x, https:\/\/i0.wp.com\/www.entremundos.org\/revista\/wp-content\/uploads\/2025\/07\/20241121_092407-143c-1.jpg?fit=1200%2C800&ssl=1&resize=525%2C300 1.5x, https:\/\/i0.wp.com\/www.entremundos.org\/revista\/wp-content\/uploads\/2025\/07\/20241121_092407-143c-1.jpg?fit=1200%2C800&ssl=1&resize=700%2C400 2x, https:\/\/i0.wp.com\/www.entremundos.org\/revista\/wp-content\/uploads\/2025\/07\/20241121_092407-143c-1.jpg?fit=1200%2C800&ssl=1&resize=1050%2C600 3x"},"classes":[]}],"jetpack_sharing_enabled":true,"_links":{"self":[{"href":"https:\/\/www.entremundos.org\/revista\/wp-json\/wp\/v2\/posts\/8139","targetHints":{"allow":["GET"]}}],"collection":[{"href":"https:\/\/www.entremundos.org\/revista\/wp-json\/wp\/v2\/posts"}],"about":[{"href":"https:\/\/www.entremundos.org\/revista\/wp-json\/wp\/v2\/types\/post"}],"author":[{"embeddable":true,"href":"https:\/\/www.entremundos.org\/revista\/wp-json\/wp\/v2\/users\/1"}],"replies":[{"embeddable":true,"href":"https:\/\/www.entremundos.org\/revista\/wp-json\/wp\/v2\/comments?post=8139"}],"version-history":[{"count":3,"href":"https:\/\/www.entremundos.org\/revista\/wp-json\/wp\/v2\/posts\/8139\/revisions"}],"predecessor-version":[{"id":8144,"href":"https:\/\/www.entremundos.org\/revista\/wp-json\/wp\/v2\/posts\/8139\/revisions\/8144"}],"wp:featuredmedia":[{"embeddable":true,"href":"https:\/\/www.entremundos.org\/revista\/wp-json\/wp\/v2\/media\/8140"}],"wp:attachment":[{"href":"https:\/\/www.entremundos.org\/revista\/wp-json\/wp\/v2\/media?parent=8139"}],"wp:term":[{"taxonomy":"category","embeddable":true,"href":"https:\/\/www.entremundos.org\/revista\/wp-json\/wp\/v2\/categories?post=8139"},{"taxonomy":"post_tag","embeddable":true,"href":"https:\/\/www.entremundos.org\/revista\/wp-json\/wp\/v2\/tags?post=8139"}],"curies":[{"name":"wp","href":"https:\/\/api.w.org\/{rel}","templated":true}]}}