{"id":822,"date":"2020-07-02T10:00:28","date_gmt":"2020-07-02T18:00:28","guid":{"rendered":"https:\/\/entremundosrevista.wordpress.com\/?p=766"},"modified":"2020-07-03T18:00:38","modified_gmt":"2020-07-04T02:00:38","slug":"efectos-de-los-desechos-plasticos-en-los-rios-los-lagos-y-el-mar-de-guatemala","status":"publish","type":"post","link":"https:\/\/www.entremundos.org\/revista\/medio-ambiente\/efectos-de-los-desechos-plasticos-en-los-rios-los-lagos-y-el-mar-de-guatemala\/","title":{"rendered":"Efectos de los desechos pl\u00e1sticos en los r\u00edos, lagos y mares de Guatemala"},"content":{"rendered":"<p><strong>Por: Raquel D\u00edaz\u00a0<\/strong><\/p>\n<p class=\"p1\"><span class=\"s1\">El r\u00edo Samal\u00e1 es el m\u00e1s importante del departamento de Quetzaltenango. Desde su origen en Totonicap\u00e1n, atraviesa los municipios de Cantel, El Palmar, San Juan Ostuncalco, Quetzaltenango, Zunil y San Carlos Sija, para penetrar en el territorio de Retalhuleu donde vierte hacia el oc\u00e9ano Pac\u00edfico. Recibe varios afluentes como el r\u00edo Xequijel, en donde desemboca tambi\u00e9n el llamado rio Seco; el Chimoral, el Xant\u00fan, el Juchanep, el Paquix y otros. Por lo largo de su trayectoria desde Quetzlatenango hacia el mar, corren todo tipo el pl\u00e1stico y los otros desechos que tiramos en la calle o el bosque de Xela que no se absorbe el suelo. Lo que no se traga la tierra, fluye tarde o temprano con la lluvia hasta los r\u00edos.<\/span><\/p>\n<p class=\"p1\"><span class=\"s1\">Colum Muccio, Director Administrativo de la Asociaci\u00f3n Rescate y Conservaci\u00f3n de Vida Silvestre, ARCAS, Guatemala, afirma que los desechos, sobre todo el pl\u00e1stico, pueden viajar tanto como nosotros. \u201cEl problema del pl\u00e1stico es inmenso, y nos afecta a todos. La situaci\u00f3n es grave en la Costa Sur y es catastr\u00f3fico en la costa del Caribe, en donde el Rio Motagua descarga miles de toneladas de pl\u00e1stico, proveniente de lugares tan lejanos como Quich\u00e9 y Alta Verapaz, en las playas del Punta de Manabique y los cayos de Guatemala y del sur de Belice. Esta basura pl\u00e1stica, queda en la superficie de la arena de la playa, teniendo hasta medio metro de profundidad.\u201d<\/span><\/p>\n<p class=\"p1\"><span class=\"s1\">Esto afecta al trabajo de ARCAS, \u201cespecialmente en los esfuerzos para conservar la tortuga marina. El pl\u00e1stico proveniente de los r\u00edos llega a las playas y a veces es ingerido por tortugas y aves marinas\u00bb. Tortugas atrapadas en pl\u00e1sticos de refrescos, son algunos de los m\u00e1s dram\u00e1ticos ejemplos de c\u00f3mo los animales quedan atrapados en pl\u00e1stico. ARCAS menciona que muchas veces, cuando hacen necropsias a tortugas marinas varadas en la playa en su sede en el Parque Hawaii (cerca de Monterrico), se descubre todo tipo de desechos pl\u00e1sticos en sus est\u00f3magos. Para la tortuga baule, una especie en estado cr\u00edtico de peligro de extinci\u00f3n, este problema es especialmente peligroso, ya que ellas se alimentan casi exclusivamente de medusas y a menudo confunden bolsas pl\u00e1sticas por este alimento. La bolsa queda atrapada en sus intestinos, causando muerte por bloqueo intestinal.<\/span><\/p>\n<figure id=\"attachment_6998\" aria-describedby=\"caption-attachment-6998\" style=\"width: 600px\" class=\"wp-caption alignright\"><a href=\"https:\/\/i0.wp.com\/www.entremundos.org\/revista\/wp-content\/uploads\/2015\/07\/turtle-in-6pac-ring.jpg\"><img data-recalc-dims=\"1\" loading=\"lazy\" decoding=\"async\" class=\"wp-image-6998 size-full\" src=\"https:\/\/i0.wp.com\/www.entremundos.org\/revista\/wp-content\/uploads\/2015\/07\/turtle-in-6pac-ring.jpg?resize=600%2C330\" alt=\"\" width=\"600\" height=\"330\" srcset=\"https:\/\/i0.wp.com\/www.entremundos.org\/revista\/wp-content\/uploads\/2015\/07\/turtle-in-6pac-ring.jpg?w=600&amp;ssl=1 600w, https:\/\/i0.wp.com\/www.entremundos.org\/revista\/wp-content\/uploads\/2015\/07\/turtle-in-6pac-ring.jpg?resize=300%2C165&amp;ssl=1 300w, https:\/\/i0.wp.com\/www.entremundos.org\/revista\/wp-content\/uploads\/2015\/07\/turtle-in-6pac-ring.jpg?resize=335%2C184&amp;ssl=1 335w\" sizes=\"auto, (max-width: 600px) 100vw, 600px\" \/><\/a><figcaption id=\"caption-attachment-6998\" class=\"wp-caption-text\">Fotograf\u00eda: <a href=\"https:\/\/www.ecointeligencia.com\/2013\/09\/contaminacion-plastico-fronteras\/\">EcoIntelingencia.com<\/a><\/figcaption><\/figure>\n<p class=\"p1\"><span class=\"s1\">Nery del Valle, de la Jefatura de Manejo de Residuos S\u00f3lidos de la Municipalidad de Quetzaltenango, coment\u00f3 a EntreMundos hace alg\u00fan tiempo si la municipalidad de Xela est\u00e1 preocupada por este problema. Ellos comentaron que es un asunto de preocupaci\u00f3n pero el problema radica en la falta de conciencia de los vecinos por tirar los desechos en lugares no adecuados, que terminan en los r\u00edos. Esta basura, bloquea los tragantes de la ciudad y causa inundaciones. Adem\u00e1s coment\u00f3 que la falta<\/span><span class=\"s1\"> de reciclaje en Xela es una cuesti\u00f3n de la falta de infraestructura; Xela no cuenta con una planta de desechos s\u00f3lidos, y no se pretende construir una. \u201cLo que s\u00ed se puede hacer -menciona- es separar los desechos en org\u00e1nicos e inorg\u00e1nicos.\u201d Explic\u00f3 que \u201cse est\u00e1n haciendo ensayos para producir abono org\u00e1nico. No es en s\u00ed una planta de compostaje, pero existe por lo menos la estructura para hacerla, y en un futuro es lo que se pretende.\u201d <\/span><\/p>\n<p class=\"p1\"><span class=\"s1\">Los desechos pl\u00e1sticos son solo un ejemplo de la contaminaci\u00f3n que enfrenta el agua del pa\u00eds. Se puede afirmar que la degradaci\u00f3n de las aguas superficiales y subterr\u00e1neas ha llegado a convertirse en un poderoso obst\u00e1culo para el avance sostenible de Guatemala. La contaminaci\u00f3n afecta a la salud p\u00fablica, expresada en enfermedades serias sobre todo en la poblaci\u00f3n infantil, el turismo, la potabilizaci\u00f3n, la pesca y otros sectores, causando da\u00f1os ambientales, econ\u00f3micos y sociales que constituyen un freno para el desarrollo. Ante todo esto, cabe preguntarse&#8230; \u00bfhasta cu\u00e1ndo vamos a seguir utiliz\u00e1ndolos indiscriminadamente?<\/span><\/p>\n<hr \/>\n<hr \/>\n<h1 class=\"p1\"><\/h1>\n","protected":false},"excerpt":{"rendered":"<p>Por: Raquel D\u00edaz\u00a0 El r\u00edo Samal\u00e1 es el m\u00e1s importante del departamento de Quetzaltenango. Desde su origen en Totonicap\u00e1n, atraviesa los municipios de Cantel, El Palmar, San Juan Ostuncalco, Quetzaltenango, Zunil y San Carlos Sija, para penetrar en el territorio de Retalhuleu donde vierte hacia el oc\u00e9ano Pac\u00edfico. Recibe varios afluentes como el r\u00edo Xequijel, [&hellip;]<\/p>\n","protected":false},"author":1,"featured_media":7000,"comment_status":"closed","ping_status":"open","sticky":false,"template":"","format":"standard","meta":{"_exactmetrics_skip_tracking":false,"_exactmetrics_sitenote_active":false,"_exactmetrics_sitenote_note":"","_exactmetrics_sitenote_category":0,"jetpack_post_was_ever_published":false,"_jetpack_newsletter_access":"","_jetpack_dont_email_post_to_subs":false,"_jetpack_newsletter_tier_id":0,"_jetpack_memberships_contains_paywalled_content":false,"_jetpack_memberships_contains_paid_content":false,"footnotes":""},"categories":[452,397,384,398],"tags":[14,21,42,65,74,76,84,101,102,108,113,119,120],"class_list":["post-822","post","type-post","status-publish","format-standard","has-post-thumbnail","hentry","category-frontpage","category-mar","category-medio-ambiente","category-rios","tag-agua","tag-basura","tag-contaminacion","tag-guatemala","tag-lagos","tag-lakes","tag-mar","tag-plastic","tag-plastico","tag-reciclaje","tag-sea","tag-waste","tag-water"],"jetpack_featured_media_url":"https:\/\/i0.wp.com\/www.entremundos.org\/revista\/wp-content\/uploads\/2015\/07\/tortugas-marinas-bolsas-plastico-oceano_1308-35107.jpg?fit=616%2C469&ssl=1","jetpack_shortlink":"https:\/\/wp.me\/p7ljt7-dg","jetpack-related-posts":[{"id":1798,"url":"https:\/\/www.entremundos.org\/revista\/environment\/the-effects-of-plastic-waste-in-rivers-lakes-and-seas-of-guatemala\/?lang=en","url_meta":{"origin":822,"position":0},"title":"The effects of plastic waste in rivers, lakes and seas of Guatemala","author":"EntreMundos","date":"10 noviembre, 2015","format":false,"excerpt":"By Raquel D\u00edaz - Communications student at the university Mesoamericana\u00a0 The Salam\u00e1 River is the most important in the department of Quetzaltenango. From its origin in Totonicap\u00e1n, it traverses the municipalities of Cantel, El Palmar, San Juan Ostuncalco, Quetzaltenango, Zunil, and San Carlos Sija, to finally penetrate the department of\u2026","rel":"","context":"En \u00abEnvironment\u00bb","block_context":{"text":"Environment","link":"https:\/\/www.entremundos.org\/revista\/category\/environment\/?lang=en"},"img":{"alt_text":"","src":"https:\/\/i0.wp.com\/www.entremundos.org\/revista\/wp-content\/uploads\/2015\/07\/tortugas-marinas-bolsas-plastico-oceano_1308-35107.jpg?fit=616%2C469&ssl=1&resize=350%2C200","width":350,"height":200,"srcset":"https:\/\/i0.wp.com\/www.entremundos.org\/revista\/wp-content\/uploads\/2015\/07\/tortugas-marinas-bolsas-plastico-oceano_1308-35107.jpg?fit=616%2C469&ssl=1&resize=350%2C200 1x, https:\/\/i0.wp.com\/www.entremundos.org\/revista\/wp-content\/uploads\/2015\/07\/tortugas-marinas-bolsas-plastico-oceano_1308-35107.jpg?fit=616%2C469&ssl=1&resize=525%2C300 1.5x"},"classes":[]},{"id":12038,"url":"https:\/\/www.entremundos.org\/revista\/politica\/quetzaltenango-500-anos-de-historia-desafios-y-esperanza\/","url_meta":{"origin":822,"position":1},"title":"Quetzaltenango: 500 a\u00f1os de historia, desaf\u00edos y esperanza","author":"EntreMundos","date":"16 mayo, 2024","format":false,"excerpt":"POR SAMUEL ALVAREZ MORALES La historia de la ciudad se remonta a la \u00e9poca precolombina. Desde entonces, fue un importante centro comercial y cultural para la regi\u00f3n. Sus primeros habitantes fueron los Mam, quienes la llamar\u00edan Kulaja; los Quich\u00e9s la conquistaron y la nombraron Xelajuj No\u2019j. Finalmente, el 15 de\u2026","rel":"","context":"En \u00abFrontPage\u00bb","block_context":{"text":"FrontPage","link":"https:\/\/www.entremundos.org\/revista\/category\/frontpage\/"},"img":{"alt_text":"","src":"https:\/\/i0.wp.com\/www.entremundos.org\/revista\/wp-content\/uploads\/2024\/05\/whatsapp-image-2024-05-03-at-5.26.36-pm-scaled.jpeg?fit=632%2C1200&ssl=1&resize=350%2C200","width":350,"height":200,"srcset":"https:\/\/i0.wp.com\/www.entremundos.org\/revista\/wp-content\/uploads\/2024\/05\/whatsapp-image-2024-05-03-at-5.26.36-pm-scaled.jpeg?fit=632%2C1200&ssl=1&resize=350%2C200 1x, https:\/\/i0.wp.com\/www.entremundos.org\/revista\/wp-content\/uploads\/2024\/05\/whatsapp-image-2024-05-03-at-5.26.36-pm-scaled.jpeg?fit=632%2C1200&ssl=1&resize=525%2C300 1.5x"},"classes":[]},{"id":12999,"url":"https:\/\/www.entremundos.org\/revista\/politica\/romper-el-cemento\/","url_meta":{"origin":822,"position":2},"title":"Romper el cemento","author":"EntreMundos","date":"23 julio, 2025","format":false,"excerpt":"By Valeria Leiva La recuperaci\u00f3n de espacios verdes en la ciudad de Quetzaltenango. La ciudad de Quetzaltenango, como muchos municipios, ha sido v\u00edctima de decisiones pol\u00edticas irresponsables que han afectado el bienestar colectivo. La tala de m\u00e1s de 400 \u00e1rboles sin un plan de transici\u00f3n a largo plazo dej\u00f3 a\u2026","rel":"","context":"En \u00abAccion Comunitaria\u00bb","block_context":{"text":"Accion Comunitaria","link":"https:\/\/www.entremundos.org\/revista\/category\/politica\/accion-comunitaria-3\/"},"img":{"alt_text":"","src":"https:\/\/i0.wp.com\/www.entremundos.org\/revista\/wp-content\/uploads\/2025\/07\/despues2.jpg?fit=1200%2C900&ssl=1&resize=350%2C200","width":350,"height":200,"srcset":"https:\/\/i0.wp.com\/www.entremundos.org\/revista\/wp-content\/uploads\/2025\/07\/despues2.jpg?fit=1200%2C900&ssl=1&resize=350%2C200 1x, https:\/\/i0.wp.com\/www.entremundos.org\/revista\/wp-content\/uploads\/2025\/07\/despues2.jpg?fit=1200%2C900&ssl=1&resize=525%2C300 1.5x, https:\/\/i0.wp.com\/www.entremundos.org\/revista\/wp-content\/uploads\/2025\/07\/despues2.jpg?fit=1200%2C900&ssl=1&resize=700%2C400 2x, https:\/\/i0.wp.com\/www.entremundos.org\/revista\/wp-content\/uploads\/2025\/07\/despues2.jpg?fit=1200%2C900&ssl=1&resize=1050%2C600 3x"},"classes":[]},{"id":11590,"url":"https:\/\/www.entremundos.org\/revista\/medio-ambiente\/el-habitante-arbol\/","url_meta":{"origin":822,"position":3},"title":"El habitante \u00e1rbol","author":"EntreMundos","date":"19 enero, 2024","format":false,"excerpt":"POR VALERIA LEIVA La administraci\u00f3n municipal de Quetzaltenango orden\u00f3 la tala de \u00e1rboles en el parque de la zona 3 de la ciudad pero vecinos, comerciantes y expertos se manifestaron en contra de esta decisi\u00f3n.\u00a0 Cada ciudad constituye su propio ecosistema urbano y se suele pensar que en el ecosistema\u2026","rel":"","context":"En \u00abBosques\u00bb","block_context":{"text":"Bosques","link":"https:\/\/www.entremundos.org\/revista\/category\/medio-ambiente\/bosques\/"},"img":{"alt_text":"","src":"https:\/\/i0.wp.com\/www.entremundos.org\/revista\/wp-content\/uploads\/2024\/01\/img_1121-1-scaled.jpg?fit=1200%2C900&ssl=1&resize=350%2C200","width":350,"height":200,"srcset":"https:\/\/i0.wp.com\/www.entremundos.org\/revista\/wp-content\/uploads\/2024\/01\/img_1121-1-scaled.jpg?fit=1200%2C900&ssl=1&resize=350%2C200 1x, https:\/\/i0.wp.com\/www.entremundos.org\/revista\/wp-content\/uploads\/2024\/01\/img_1121-1-scaled.jpg?fit=1200%2C900&ssl=1&resize=525%2C300 1.5x, https:\/\/i0.wp.com\/www.entremundos.org\/revista\/wp-content\/uploads\/2024\/01\/img_1121-1-scaled.jpg?fit=1200%2C900&ssl=1&resize=700%2C400 2x, https:\/\/i0.wp.com\/www.entremundos.org\/revista\/wp-content\/uploads\/2024\/01\/img_1121-1-scaled.jpg?fit=1200%2C900&ssl=1&resize=1050%2C600 3x"},"classes":[]},{"id":10588,"url":"https:\/\/www.entremundos.org\/revista\/politica\/ley-de-mujeres-desaparecidas\/","url_meta":{"origin":822,"position":4},"title":"Ley de mujeres desaparecidas","author":"EntreMundos","date":"9 marzo, 2023","format":false,"excerpt":"Emma G\u00f3mez\u00a0 En Guatemala, cada d\u00eda desaparecen unas 5 mujeres. La desaparici\u00f3n de mujeres est\u00e1 ligada fuertemente con alg\u00fan tipo de violencia de g\u00e9nero.\u00a0 Hace 3 a\u00f1os se implement\u00f3 un mecanismo de b\u00fasqueda inmediata de mujeres desaparecidas, Isabel-Claudina, mecanismo que tiene como base la Ley de Mujeres Desaparecidas que fue\u2026","rel":"","context":"En \u00abFrontPage\u00bb","block_context":{"text":"FrontPage","link":"https:\/\/www.entremundos.org\/revista\/category\/frontpage\/"},"img":{"alt_text":"","src":"https:\/\/i0.wp.com\/www.entremundos.org\/revista\/wp-content\/uploads\/2023\/03\/isable-claudina-justicia.png?fit=1200%2C789&ssl=1&resize=350%2C200","width":350,"height":200,"srcset":"https:\/\/i0.wp.com\/www.entremundos.org\/revista\/wp-content\/uploads\/2023\/03\/isable-claudina-justicia.png?fit=1200%2C789&ssl=1&resize=350%2C200 1x, https:\/\/i0.wp.com\/www.entremundos.org\/revista\/wp-content\/uploads\/2023\/03\/isable-claudina-justicia.png?fit=1200%2C789&ssl=1&resize=525%2C300 1.5x, https:\/\/i0.wp.com\/www.entremundos.org\/revista\/wp-content\/uploads\/2023\/03\/isable-claudina-justicia.png?fit=1200%2C789&ssl=1&resize=700%2C400 2x, https:\/\/i0.wp.com\/www.entremundos.org\/revista\/wp-content\/uploads\/2023\/03\/isable-claudina-justicia.png?fit=1200%2C789&ssl=1&resize=1050%2C600 3x"},"classes":[]},{"id":10580,"url":"https:\/\/www.entremundos.org\/revista\/politica\/desalojos-aumentan-durante-el-gobierno-de-alejandro-giammattei\/","url_meta":{"origin":822,"position":5},"title":"Desalojos aumentan durante el gobierno de Alejandro Giammattei","author":"EntreMundos","date":"8 marzo, 2023","format":false,"excerpt":"Por Gilberto Escobar\u00a0 En Guatemala, durante los \u00faltimos a\u00f1os, los desalojos han ido en aumento y se han dado en dos modalidades: los desalojos legales que tienen una orden judicial y los extrajudiciales, los que\u00a0 no van acompa\u00f1ados de ninguna orden de un juez y que ocurren\u00a0 en horas de\u2026","rel":"","context":"En \u00abBosques\u00bb","block_context":{"text":"Bosques","link":"https:\/\/www.entremundos.org\/revista\/category\/medio-ambiente\/bosques\/"},"img":{"alt_text":"","src":"https:\/\/i0.wp.com\/www.entremundos.org\/revista\/wp-content\/uploads\/2023\/03\/portada.jpg?fit=1024%2C768&ssl=1&resize=350%2C200","width":350,"height":200,"srcset":"https:\/\/i0.wp.com\/www.entremundos.org\/revista\/wp-content\/uploads\/2023\/03\/portada.jpg?fit=1024%2C768&ssl=1&resize=350%2C200 1x, https:\/\/i0.wp.com\/www.entremundos.org\/revista\/wp-content\/uploads\/2023\/03\/portada.jpg?fit=1024%2C768&ssl=1&resize=525%2C300 1.5x, https:\/\/i0.wp.com\/www.entremundos.org\/revista\/wp-content\/uploads\/2023\/03\/portada.jpg?fit=1024%2C768&ssl=1&resize=700%2C400 2x"},"classes":[]}],"jetpack_sharing_enabled":true,"_links":{"self":[{"href":"https:\/\/www.entremundos.org\/revista\/wp-json\/wp\/v2\/posts\/822","targetHints":{"allow":["GET"]}}],"collection":[{"href":"https:\/\/www.entremundos.org\/revista\/wp-json\/wp\/v2\/posts"}],"about":[{"href":"https:\/\/www.entremundos.org\/revista\/wp-json\/wp\/v2\/types\/post"}],"author":[{"embeddable":true,"href":"https:\/\/www.entremundos.org\/revista\/wp-json\/wp\/v2\/users\/1"}],"replies":[{"embeddable":true,"href":"https:\/\/www.entremundos.org\/revista\/wp-json\/wp\/v2\/comments?post=822"}],"version-history":[{"count":6,"href":"https:\/\/www.entremundos.org\/revista\/wp-json\/wp\/v2\/posts\/822\/revisions"}],"predecessor-version":[{"id":7003,"href":"https:\/\/www.entremundos.org\/revista\/wp-json\/wp\/v2\/posts\/822\/revisions\/7003"}],"wp:featuredmedia":[{"embeddable":true,"href":"https:\/\/www.entremundos.org\/revista\/wp-json\/wp\/v2\/media\/7000"}],"wp:attachment":[{"href":"https:\/\/www.entremundos.org\/revista\/wp-json\/wp\/v2\/media?parent=822"}],"wp:term":[{"taxonomy":"category","embeddable":true,"href":"https:\/\/www.entremundos.org\/revista\/wp-json\/wp\/v2\/categories?post=822"},{"taxonomy":"post_tag","embeddable":true,"href":"https:\/\/www.entremundos.org\/revista\/wp-json\/wp\/v2\/tags?post=822"}],"curies":[{"name":"wp","href":"https:\/\/api.w.org\/{rel}","templated":true}]}}