{"id":823,"date":"2016-03-16T00:03:30","date_gmt":"2016-03-16T08:03:30","guid":{"rendered":"https:\/\/entremundosrevista.wordpress.com\/?p=780"},"modified":"2018-10-01T07:54:59","modified_gmt":"2018-10-01T15:54:59","slug":"agua-y-cambio-climatico-en-guatemala-segun-los-expertos","status":"publish","type":"post","link":"https:\/\/www.entremundos.org\/revista\/economia\/agua-y-cambio-climatico-en-guatemala-segun-los-expertos\/","title":{"rendered":"Agua y cambio clim\u00e1tico en Guatemala seg\u00fan los expertos"},"content":{"rendered":"<p><em>Por\u00a0<span class=\"s1\">Dr. Edwin Castellanos\u00a0<\/span><span class=\"s1\">Co-Director, Centro de Estudios Ambientales y de Biodiversidad &#8211;\u00a0<\/span><span class=\"s1\">Universidad del Valle de Guatemala\u00a0<\/span><span class=\"s1\">Autor Principal del IPCC (ONU), Quinto Informe Mundial Sobre el Cambio Clim\u00e1tico; y<em><span class=\"s1\">\u00a0Paris Rivera, Climat\u00f3logo \u2013 INSIVUMEH (Instituto Nacional de Sismolog\u00eda, Vulcanolog\u00eda, Meteorolog\u00eda, e Hidolog\u00eda).<\/span><\/em><\/span><\/em><\/p>\n<p>(Extractos de la <a href=\"https:\/\/issuu.com\/entremundos\/docs\/cambio_climatico__1_\">edici\u00f3n impresa Cambio Clim\u00e1tico<\/a>, 2015)<\/p>\n<p class=\"p1\"><span class=\"s1\"><em><span class=\"s1\">Dr. Edwin Castellanos:<\/span><\/em><\/span><\/p>\n<p class=\"p1\"><span class=\"s1\">El cambio clim\u00e1tico se manifestar\u00e1 en nuestro pa\u00eds esencialmente como un problema de manejo de agua.<\/span><\/p>\n<p class=\"p1\"><span class=\"s1\">Los agricultores reportan que es m\u00e1s dif\u00edcil ahora predecir el inicio y el fin de la \u00e9poca lluviosa. Los famosos zompopos de mayo cada vez se est\u00e1n convirtiendo m\u00e1s en zompopos de junio. Esto por supuesto ha aumentado considerablemente el problema de inseguridad alimentaria y hambrunas especialmente en el llamado corredor seco del pa\u00eds. (Nota editorial: la tasa nacional de la desnutrici\u00f3n infantil entre ni\u00f1os menores de cinco a\u00f1os es m\u00e1s de 40%.) El cambio clim\u00e1tico traer\u00e1 temperaturas m\u00e1s altas, lo que aumentar\u00e1 la probabilidad de tener regiones \u00e1ridas y con menor productividad agr\u00edcola.<\/span><\/p>\n<p class=\"p1\"><span class=\"s1\">As\u00ed como hemos tenido deficiencia de lluvias en los \u00faltimos dos a\u00f1os, en la d\u00e9cada pasada las variaciones de clima se expresaron como un aumento en los eventos extremos de lluvia, no solo tormentas tropicales y huracanes, sino eventos de lluvias torrenciales que resultaron en inundaciones y deslaves con un saldo de muertos y damnificados muy considerable. Necesitamos entonces prepararnos para afrontar per\u00edodos intercalados de deficiencia de lluvia, a trav\u00e9s de un aumento en nuestra capacidad de almacenamiento y movilizaci\u00f3n de agua, con per\u00edodos de exceso de lluvia donde tendremos que tener una mejor infraestructura para reducir los impactos de las inundaciones y la probabilidad de deslaves mort\u00edferos.<\/span><\/p>\n<p class=\"p1\"><span class=\"s1\">La pobreza, entre otras cosas, hace que el pa\u00eds sea altamente vulnerable a los embates de un clima m\u00e1s extremo.<\/span><\/p>\n<p class=\"p1\"><span class=\"s1\">Mucha de la falta de agua ya observada en el pa\u00eds proviene del mal manejo que hacemos de este recurso vital, especialmente en cuanto a la contaminaci\u00f3n de aguas superficiales al descartar nuestras aguas servidas sin ning\u00fan tratamiento previo. (Nota editorial: Reportajes recientes estiman que m\u00e1s de 90% de las fuentes de agua y m\u00e1s de 98% de los afluentes del pa\u00eds en Guatemala tienen contaminaci\u00f3n bacteriol\u00f3gica.) Por tanto, el cambio clim\u00e1tico pondr\u00e1 una presi\u00f3n adicional para que Guatemala desarrolle una legislaci\u00f3n adecuada para que podamos manejar y conservar mejor nuestro recurso h\u00eddrico.<\/span><\/p>\n<p class=\"p1\"><a href=\"http:\/\/www.entremundos.org\/revista\/medio-ambiente\/cambio-climatico\/cambio-climatico-en-guatemala\/\">Lee el art\u00edculo completo de Dr. Castellanos aqu\u00ed<\/a>.<\/p>\n<figure id=\"attachment_2381\" aria-describedby=\"caption-attachment-2381\" style=\"width: 960px\" class=\"wp-caption aligncenter\"><a href=\"https:\/\/i0.wp.com\/www.entremundos.org\/revista\/wp-content\/uploads\/2015\/05\/15073520991_24b4d3bcac_o.jpg\" rel=\"attachment wp-att-2381\"><img data-recalc-dims=\"1\" loading=\"lazy\" decoding=\"async\" class=\"size-large wp-image-2381\" src=\"https:\/\/i0.wp.com\/www.entremundos.org\/revista\/wp-content\/uploads\/2015\/05\/15073520991_24b4d3bcac_o-1024x683.jpg?resize=640%2C427\" alt=\"Efectos de la sequ\u00eda de 2015 en San Jos\u00e9 del Golfo, Guatemala. Foto: CONRED\" width=\"640\" height=\"427\" srcset=\"https:\/\/i0.wp.com\/www.entremundos.org\/revista\/wp-content\/uploads\/2015\/05\/15073520991_24b4d3bcac_o.jpg?resize=1024%2C683&amp;ssl=1 1024w, https:\/\/i0.wp.com\/www.entremundos.org\/revista\/wp-content\/uploads\/2015\/05\/15073520991_24b4d3bcac_o.jpg?resize=300%2C200&amp;ssl=1 300w, https:\/\/i0.wp.com\/www.entremundos.org\/revista\/wp-content\/uploads\/2015\/05\/15073520991_24b4d3bcac_o.jpg?resize=768%2C512&amp;ssl=1 768w, https:\/\/i0.wp.com\/www.entremundos.org\/revista\/wp-content\/uploads\/2015\/05\/15073520991_24b4d3bcac_o.jpg?resize=335%2C223&amp;ssl=1 335w, https:\/\/i0.wp.com\/www.entremundos.org\/revista\/wp-content\/uploads\/2015\/05\/15073520991_24b4d3bcac_o.jpg?resize=1050%2C700&amp;ssl=1 1050w, https:\/\/i0.wp.com\/www.entremundos.org\/revista\/wp-content\/uploads\/2015\/05\/15073520991_24b4d3bcac_o.jpg?w=1280&amp;ssl=1 1280w, https:\/\/i0.wp.com\/www.entremundos.org\/revista\/wp-content\/uploads\/2015\/05\/15073520991_24b4d3bcac_o.jpg?w=1920&amp;ssl=1 1920w\" sizes=\"auto, (max-width: 640px) 100vw, 640px\" \/><\/a><figcaption id=\"caption-attachment-2381\" class=\"wp-caption-text\">Efectos de la sequ\u00eda de 2015 en San Jos\u00e9 del Golfo, Guatemala. Foto: CONRED<\/figcaption><\/figure>\n<p class=\"p4\"><em><span class=\"s1\">Paris Rivera:<\/span><\/em><\/p>\n<p class=\"p1\"><span class=\"s1\">La can\u00edcula significa una reducci\u00f3n en lluvias dentro de la \u00e9poca de lluvias, com\u00fanmente por entre 10 a 20 d\u00edas en los cuales la lluvia es reducida significativamente o incluso sin lluvias. En los \u00faltimos a\u00f1os estos per\u00edodos c\u00e1lidos y sin lluvia han sido m\u00e1s prolongados. Esta nueva tendencia se le atribuye al cambio clim\u00e1tico. Se cree que el calentamiento global y cambio clim\u00e1tico provocan eventos meteorol\u00f3gicos m\u00e1s intensos y recurrentes en Guatemala y en el mundo.<\/span><\/p>\n<p class=\"p1\"><span class=\"s1\">En 2014 Guatemala fue afectado por una sequ\u00eda que provoc\u00f3 una can\u00edcula prolongada, con ausencia de lluvia de hasta 45 d\u00edas seg\u00fan comentarios de pobladores. (Nota editorial: Seg\u00fan las autoridades gubernamentales se perdieron m\u00e1s del 70% de los cultivos de granos b\u00e1sicos del pa\u00eds, principalmente de peque\u00f1os productores, afectando directamente a m\u00e1s de un mill\u00f3n de personas y subiendo los precios de los alimentos, sobre todo en el Corredor Seco, donde el cambio clim\u00e1tico ya hab\u00eda causado una p\u00e9rdida masiva tambi\u00e9n en la otra fuente principal de ingresos, la cosecha de caf\u00e9, por medio temperaturas que favorec\u00edan la roya. Todo esto agudiz\u00f3 \u201cla desnutrici\u00f3n en ni\u00f1os y ni\u00f1as menores de cinco a\u00f1os y mujeres en edad reproductiva, aumentando el riesgo de conflictividad social y familiar e incrementando flujos de migraci\u00f3n interna y al exterior\u201d (<a href=\"http:\/\/reliefweb.int\/report\/guatemala\/guatemala-reporte-de-situaci-n-no-1-sequ-al-28-08-2014\">\u201cReporte de Situaci\u00f3n No. 1 Sequ\u00eda\u201d<\/a>).)<\/span><\/p>\n<p class=\"p1\"><span class=\"s1\">En el futuro es de esperarse que, debido al cambio clim\u00e1tico, las sequ\u00edas y las can\u00edculas en Guatemala aumenten en intensidad, severidad, extensi\u00f3n y duraci\u00f3n, increment\u00e1ndose la frecuencia de su ocurrencia, as\u00ed como la vulnerabilidad y el impacto en la poblaci\u00f3n.<\/span><\/p>\n<p class=\"p1\"><span class=\"s1\">Anudado a eso las erupciones volc\u00e1nicas, la quema de combustibles f\u00f3siles, la deforestaci\u00f3n y la actividad industrial local del pa\u00eds, no solo contaminan nuestro entorno sino que aceleran los efectos de degradaci\u00f3n ambiental que tendr\u00e1 nuestro pa\u00eds debido al cambio clim\u00e1tico.<\/span><\/p>\n<p class=\"p1\"><a href=\"http:\/\/www.entremundos.org\/revista\/medio-ambiente\/sequia-canicula-y-cambio-climatico-en-guatemala\/\">Lea el art\u00edculo completo sobre las sequ\u00edas aqu\u00ed.<\/a><\/p>\n<h5>Foto de portada: Efectos de la sequ\u00eda de 2015 en San Jos\u00e9 del Golfo, Guatemala. Foto: CONRED.<\/h5>\n<p class=\"p1\"><a href=\"https:\/\/i0.wp.com\/www.entremundos.org\/revista\/wp-content\/uploads\/2015\/07\/9d110d418fbb2790385c25dad2014c8a.jpg\" rel=\"attachment wp-att-781\"><img data-recalc-dims=\"1\" loading=\"lazy\" decoding=\"async\" class=\"aligncenter wp-image-781\" src=\"https:\/\/i0.wp.com\/www.entremundos.org\/revista\/wp-content\/uploads\/2015\/07\/9d110d418fbb2790385c25dad2014c8a.jpg?resize=391%2C293\" alt=\"9d110d418fbb2790385c25dad2014c8a\" width=\"391\" height=\"293\" srcset=\"https:\/\/i0.wp.com\/www.entremundos.org\/revista\/wp-content\/uploads\/2015\/07\/9d110d418fbb2790385c25dad2014c8a.jpg?w=236&amp;ssl=1 236w, https:\/\/i0.wp.com\/www.entremundos.org\/revista\/wp-content\/uploads\/2015\/07\/9d110d418fbb2790385c25dad2014c8a.jpg?resize=72%2C54&amp;ssl=1 72w\" sizes=\"auto, (max-width: 391px) 100vw, 391px\" \/><\/a><\/p>\n<hr \/>\n<hr \/>\n","protected":false},"excerpt":{"rendered":"<p>Por\u00a0Dr. Edwin Castellanos\u00a0Co-Director, Centro de Estudios Ambientales y de Biodiversidad &#8211;\u00a0Universidad del Valle de Guatemala\u00a0Autor Principal del IPCC (ONU), Quinto Informe Mundial Sobre el Cambio Clim\u00e1tico; y\u00a0Paris Rivera, Climat\u00f3logo \u2013 INSIVUMEH (Instituto Nacional de Sismolog\u00eda, Vulcanolog\u00eda, Meteorolog\u00eda, e Hidolog\u00eda). (Extractos de la edici\u00f3n impresa Cambio Clim\u00e1tico, 2015) Dr. Edwin Castellanos: El cambio clim\u00e1tico se manifestar\u00e1 [&hellip;]<\/p>\n","protected":false},"author":1,"featured_media":2390,"comment_status":"closed","ping_status":"open","sticky":false,"template":"","format":"standard","meta":{"_exactmetrics_skip_tracking":false,"_exactmetrics_sitenote_active":false,"_exactmetrics_sitenote_note":"","_exactmetrics_sitenote_category":0,"jetpack_post_was_ever_published":false,"_jetpack_newsletter_access":"","_jetpack_dont_email_post_to_subs":false,"_jetpack_newsletter_tier_id":0,"_jetpack_memberships_contains_paywalled_content":false,"_jetpack_memberships_contains_paid_content":false,"footnotes":""},"categories":[394,380,401,452,384,456,405],"tags":[14,28,29,33,60,61,65,120],"class_list":["post-823","post","type-post","status-publish","format-standard","has-post-thumbnail","hentry","category-cambio-climatico","category-economia","category-economia-alternativa","category-frontpage","category-medio-ambiente","category-migration","category-seguridad-alimentaria","tag-agua","tag-cambio-climatico","tag-cambioclimatico","tag-climatechange","tag-expertos","tag-experts","tag-guatemala","tag-water"],"jetpack_featured_media_url":"https:\/\/i0.wp.com\/www.entremundos.org\/revista\/wp-content\/uploads\/2015\/05\/14889849049_2ff32c4bb0_o.jpg?fit=4680%2C3120&ssl=1","jetpack_shortlink":"https:\/\/wp.me\/p7ljt7-dh","jetpack-related-posts":[{"id":704,"url":"https:\/\/www.entremundos.org\/revista\/uncategorized-es\/resumen-de-la-edicion-cambio-climatico\/","url_meta":{"origin":823,"position":0},"title":"Cambio Clim\u00e1tico &#8211; Resumen de la Edici\u00f3n","author":"EntreMundos","date":"8 mayo, 2015","format":false,"excerpt":"En estas p\u00e1ginas, varios expertos explican como el cambio clim\u00e1tico est\u00e1 afectando a Guatemala y que es lo que el futuro depara. El a\u00f1o pasado durante la temporada de lluvia hubo 45 d\u00edas de sequ\u00eda, lo que caus\u00f3 una crisis humanitaria.\u00a0 Como siempre los m\u00e1s afectados por el desastre medioambiental\u2026","rel":"","context":"En \u00abUncategorized\u00bb","block_context":{"text":"Uncategorized","link":"https:\/\/www.entremundos.org\/revista\/category\/uncategorized-es\/"},"img":{"alt_text":"","src":"https:\/\/i0.wp.com\/www.entremundos.org\/revista\/wp-content\/uploads\/2015\/05\/nota-editor-the-behive-collective-poster-500-years.jpg?fit=600%2C398&ssl=1&resize=350%2C200","width":350,"height":200,"srcset":"https:\/\/i0.wp.com\/www.entremundos.org\/revista\/wp-content\/uploads\/2015\/05\/nota-editor-the-behive-collective-poster-500-years.jpg?fit=600%2C398&ssl=1&resize=350%2C200 1x, https:\/\/i0.wp.com\/www.entremundos.org\/revista\/wp-content\/uploads\/2015\/05\/nota-editor-the-behive-collective-poster-500-years.jpg?fit=600%2C398&ssl=1&resize=525%2C300 1.5x"},"classes":[]},{"id":1795,"url":"https:\/\/www.entremundos.org\/revista\/economy\/water-and-climate-change-in-guatemala-according-to-the-experts\/?lang=en","url_meta":{"origin":823,"position":1},"title":"Water and Climate Change in Guatemala According to the Experts","author":"EntreMundos","date":"16 marzo, 2016","format":false,"excerpt":"(Excerpts from the edition Climate Change, 2015) By\u00a0Dr. Edwin Castellanos\u00a0Co-Director, Center for Environmental Studies and Biodiversity -\u00a0Universidad del Valle de Guatemala.\u00a0Lead Author of the UN IPCC\u2019s Fifth Assessment Report on Climate Change; and\u00a0Paris Rivera,\u00a0Climatologist \u2013 INSIVUMEH\u00a0(National Institute of Seismology, Volcanology, Meteorology, and Hydrology). Dr. Edwin Castellanos: Climate change will be\u2026","rel":"","context":"En \u00abAlternative Economy\u00bb","block_context":{"text":"Alternative Economy","link":"https:\/\/www.entremundos.org\/revista\/category\/economy\/alternative-economy\/?lang=en"},"img":{"alt_text":"","src":"https:\/\/i0.wp.com\/www.entremundos.org\/revista\/wp-content\/uploads\/2015\/05\/14889849049_2ff32c4bb0_o.jpg?fit=1200%2C800&ssl=1&resize=350%2C200","width":350,"height":200,"srcset":"https:\/\/i0.wp.com\/www.entremundos.org\/revista\/wp-content\/uploads\/2015\/05\/14889849049_2ff32c4bb0_o.jpg?fit=1200%2C800&ssl=1&resize=350%2C200 1x, https:\/\/i0.wp.com\/www.entremundos.org\/revista\/wp-content\/uploads\/2015\/05\/14889849049_2ff32c4bb0_o.jpg?fit=1200%2C800&ssl=1&resize=525%2C300 1.5x, https:\/\/i0.wp.com\/www.entremundos.org\/revista\/wp-content\/uploads\/2015\/05\/14889849049_2ff32c4bb0_o.jpg?fit=1200%2C800&ssl=1&resize=700%2C400 2x, https:\/\/i0.wp.com\/www.entremundos.org\/revista\/wp-content\/uploads\/2015\/05\/14889849049_2ff32c4bb0_o.jpg?fit=1200%2C800&ssl=1&resize=1050%2C600 3x"},"classes":[]},{"id":2399,"url":"https:\/\/www.entremundos.org\/revista\/environment\/climate-change\/climate-change-in-guatemala\/?lang=en","url_meta":{"origin":823,"position":2},"title":"Climate Change in Guatemala","author":"EntreMundos","date":"7 marzo, 2016","format":false,"excerpt":"By Dr. Edwin Castellanos,\u00a0Co-Director, Center for Environmental Studies and Biodiversity,\u00a0Universidad del Valle de Guatemala, and lead author, UN IPCC Fifth Assessment Report on Climate Change Climate change is without a doubt one of the biggest challenges facing humanity today. We see this in the search for agreements that will limit\u2026","rel":"","context":"En \u00abClimate Change\u00bb","block_context":{"text":"Climate Change","link":"https:\/\/www.entremundos.org\/revista\/category\/environment\/climate-change\/?lang=en"},"img":{"alt_text":"","src":"https:\/\/i0.wp.com\/www.entremundos.org\/revista\/wp-content\/uploads\/2015\/05\/huracan.jpg?fit=461%2C307&ssl=1&resize=350%2C200","width":350,"height":200},"classes":[]},{"id":2386,"url":"https:\/\/www.entremundos.org\/revista\/environment\/drought-canicula-and-climate-change-in-guatemala\/?lang=en","url_meta":{"origin":823,"position":3},"title":"Drought, Can\u00edcula and Climate Change in Guatemala","author":"EntreMundos","date":"9 marzo, 2016","format":false,"excerpt":"Cover Photo: CONRED By Paris Rivera,\u00a0Climatologist, INSIVUMEH (National Institute for Seismology, Volcanology, Meteorology, and Hydrology) Guatemala usually experiences drought when the temperature of the Pacific Ocean is warmer than normal, a phenomenon known as El Ni\u00f1o. When oceanic-atmospheric conditions favor El Ni\u00f1o, drought and extended can\u00edculas are possible. This occurs\u2026","rel":"","context":"En \u00abClimate Change\u00bb","block_context":{"text":"Climate Change","link":"https:\/\/www.entremundos.org\/revista\/category\/environment\/climate-change\/?lang=en"},"img":{"alt_text":"","src":"https:\/\/i0.wp.com\/www.entremundos.org\/revista\/wp-content\/uploads\/2015\/05\/14889992627_d5edcf33a9_o.jpg?fit=1200%2C800&ssl=1&resize=350%2C200","width":350,"height":200,"srcset":"https:\/\/i0.wp.com\/www.entremundos.org\/revista\/wp-content\/uploads\/2015\/05\/14889992627_d5edcf33a9_o.jpg?fit=1200%2C800&ssl=1&resize=350%2C200 1x, https:\/\/i0.wp.com\/www.entremundos.org\/revista\/wp-content\/uploads\/2015\/05\/14889992627_d5edcf33a9_o.jpg?fit=1200%2C800&ssl=1&resize=525%2C300 1.5x, https:\/\/i0.wp.com\/www.entremundos.org\/revista\/wp-content\/uploads\/2015\/05\/14889992627_d5edcf33a9_o.jpg?fit=1200%2C800&ssl=1&resize=700%2C400 2x, https:\/\/i0.wp.com\/www.entremundos.org\/revista\/wp-content\/uploads\/2015\/05\/14889992627_d5edcf33a9_o.jpg?fit=1200%2C800&ssl=1&resize=1050%2C600 3x"},"classes":[]},{"id":8829,"url":"https:\/\/www.entremundos.org\/revista\/environment\/climate-change-governance-and-the-role-of-indigenous-peoples\/?lang=en","url_meta":{"origin":823,"position":4},"title":"Climate change governance and the role of Indigenous Peoples","author":"Majo Recinos","date":"20 mayo, 2021","format":false,"excerpt":"For: Fabio Cresto The Food and Agriculture Organization (FAO) of the United Nations and the Fund of the Development of the Indigenous Peoples of Latin America and the Caribbean (FILAC) recently released a fundamental report on forest governance by indigenous and tribal peoples. The main results of the document, that\u2026","rel":"","context":"En \u00abClimate Change\u00bb","block_context":{"text":"Climate Change","link":"https:\/\/www.entremundos.org\/revista\/category\/environment\/climate-change\/?lang=en"},"img":{"alt_text":"","src":"https:\/\/i0.wp.com\/www.entremundos.org\/revista\/wp-content\/uploads\/2021\/05\/socializacion-y-fortalecimiento-de-modelos-de-aplicacion-de-practicas-y-conocimientos-ancestrales-fuente-asocuch.png?fit=1200%2C900&ssl=1&resize=350%2C200","width":350,"height":200,"srcset":"https:\/\/i0.wp.com\/www.entremundos.org\/revista\/wp-content\/uploads\/2021\/05\/socializacion-y-fortalecimiento-de-modelos-de-aplicacion-de-practicas-y-conocimientos-ancestrales-fuente-asocuch.png?fit=1200%2C900&ssl=1&resize=350%2C200 1x, https:\/\/i0.wp.com\/www.entremundos.org\/revista\/wp-content\/uploads\/2021\/05\/socializacion-y-fortalecimiento-de-modelos-de-aplicacion-de-practicas-y-conocimientos-ancestrales-fuente-asocuch.png?fit=1200%2C900&ssl=1&resize=525%2C300 1.5x, https:\/\/i0.wp.com\/www.entremundos.org\/revista\/wp-content\/uploads\/2021\/05\/socializacion-y-fortalecimiento-de-modelos-de-aplicacion-de-practicas-y-conocimientos-ancestrales-fuente-asocuch.png?fit=1200%2C900&ssl=1&resize=700%2C400 2x, https:\/\/i0.wp.com\/www.entremundos.org\/revista\/wp-content\/uploads\/2021\/05\/socializacion-y-fortalecimiento-de-modelos-de-aplicacion-de-practicas-y-conocimientos-ancestrales-fuente-asocuch.png?fit=1200%2C900&ssl=1&resize=1050%2C600 3x"},"classes":[]},{"id":11590,"url":"https:\/\/www.entremundos.org\/revista\/medio-ambiente\/el-habitante-arbol\/","url_meta":{"origin":823,"position":5},"title":"El habitante \u00e1rbol","author":"EntreMundos","date":"19 enero, 2024","format":false,"excerpt":"POR VALERIA LEIVA La administraci\u00f3n municipal de Quetzaltenango orden\u00f3 la tala de \u00e1rboles en el parque de la zona 3 de la ciudad pero vecinos, comerciantes y expertos se manifestaron en contra de esta decisi\u00f3n.\u00a0 Cada ciudad constituye su propio ecosistema urbano y se suele pensar que en el ecosistema\u2026","rel":"","context":"En \u00abBosques\u00bb","block_context":{"text":"Bosques","link":"https:\/\/www.entremundos.org\/revista\/category\/medio-ambiente\/bosques\/"},"img":{"alt_text":"","src":"https:\/\/i0.wp.com\/www.entremundos.org\/revista\/wp-content\/uploads\/2024\/01\/img_1121-1-scaled.jpg?fit=1200%2C900&ssl=1&resize=350%2C200","width":350,"height":200,"srcset":"https:\/\/i0.wp.com\/www.entremundos.org\/revista\/wp-content\/uploads\/2024\/01\/img_1121-1-scaled.jpg?fit=1200%2C900&ssl=1&resize=350%2C200 1x, https:\/\/i0.wp.com\/www.entremundos.org\/revista\/wp-content\/uploads\/2024\/01\/img_1121-1-scaled.jpg?fit=1200%2C900&ssl=1&resize=525%2C300 1.5x, https:\/\/i0.wp.com\/www.entremundos.org\/revista\/wp-content\/uploads\/2024\/01\/img_1121-1-scaled.jpg?fit=1200%2C900&ssl=1&resize=700%2C400 2x, https:\/\/i0.wp.com\/www.entremundos.org\/revista\/wp-content\/uploads\/2024\/01\/img_1121-1-scaled.jpg?fit=1200%2C900&ssl=1&resize=1050%2C600 3x"},"classes":[]}],"jetpack_sharing_enabled":true,"_links":{"self":[{"href":"https:\/\/www.entremundos.org\/revista\/wp-json\/wp\/v2\/posts\/823","targetHints":{"allow":["GET"]}}],"collection":[{"href":"https:\/\/www.entremundos.org\/revista\/wp-json\/wp\/v2\/posts"}],"about":[{"href":"https:\/\/www.entremundos.org\/revista\/wp-json\/wp\/v2\/types\/post"}],"author":[{"embeddable":true,"href":"https:\/\/www.entremundos.org\/revista\/wp-json\/wp\/v2\/users\/1"}],"replies":[{"embeddable":true,"href":"https:\/\/www.entremundos.org\/revista\/wp-json\/wp\/v2\/comments?post=823"}],"version-history":[{"count":12,"href":"https:\/\/www.entremundos.org\/revista\/wp-json\/wp\/v2\/posts\/823\/revisions"}],"predecessor-version":[{"id":3610,"href":"https:\/\/www.entremundos.org\/revista\/wp-json\/wp\/v2\/posts\/823\/revisions\/3610"}],"wp:featuredmedia":[{"embeddable":true,"href":"https:\/\/www.entremundos.org\/revista\/wp-json\/wp\/v2\/media\/2390"}],"wp:attachment":[{"href":"https:\/\/www.entremundos.org\/revista\/wp-json\/wp\/v2\/media?parent=823"}],"wp:term":[{"taxonomy":"category","embeddable":true,"href":"https:\/\/www.entremundos.org\/revista\/wp-json\/wp\/v2\/categories?post=823"},{"taxonomy":"post_tag","embeddable":true,"href":"https:\/\/www.entremundos.org\/revista\/wp-json\/wp\/v2\/tags?post=823"}],"curies":[{"name":"wp","href":"https:\/\/api.w.org\/{rel}","templated":true}]}}