{"id":8363,"date":"2021-02-21T06:27:21","date_gmt":"2021-02-21T14:27:21","guid":{"rendered":"http:\/\/www.entremundos.org\/revista\/?p=8363"},"modified":"2021-04-21T09:46:58","modified_gmt":"2021-04-21T17:46:58","slug":"los-retos-de-ensenar-una-lengua-indigena-a-la-ninez","status":"publish","type":"post","link":"https:\/\/www.entremundos.org\/revista\/cultura\/los-retos-de-ensenar-una-lengua-indigena-a-la-ninez\/","title":{"rendered":"Los retos de ense\u00f1ar una lengua ind\u00edgena a la ni\u00f1ez"},"content":{"rendered":"<p><strong>Por Leidy Yareth Gonz\u00e1lez Romero<\/strong><\/p>\n<p>El hablar una lengua ind\u00edgena a\u00fan contin\u00faa siendo un obst\u00e1culo para estudiar, trabajar o desarrollarte plenamente. Este hecho, ha causado en nuestros abuelos o padres un enorme sentimiento de culpa, enraizado por muchos a\u00f1os. Antes se replicaban una y otra vez expresiones como \u201cnunca hables tu lengua delante de alguien m\u00e1s porque tendr\u00e1s problemas\u201d \u201cno tendr\u00e1s trabajo si hablas tu lengua\u201d, las cuales son frases que se volvieron muy significativas, tanto como para quienes las dec\u00edan como para los que las recib\u00edan.<\/p>\n<p>Para algunas personas, es com\u00fan recordar que cuando eran peque\u00f1os no se les ense\u00f1aba una lengua ind\u00edgena, todo se ense\u00f1aba y aprend\u00eda en el idioma espa\u00f1ol. Aunque en la actualidad esta din\u00e1mica ha cambiado, parece que el ense\u00f1ar o aprender una lengua ind\u00edgena se ha convertido en algo tan novedoso que desde ni\u00f1os hasta adultos quieren aprender.<\/p>\n<p>Enfocarse en el aprendizaje correcto de estas lenguas en los ni\u00f1os, como forma para garantizar la conservaci\u00f3n de los idiomas ind\u00edgenas, es fundamental. Se han realizado esfuerzos como la creaci\u00f3n de escuelas biling\u00fces o la apertura de talleres donde se ense\u00f1a una lengua ind\u00edgena, sin embargo, estos han presentado varias limitantes. Hay muchos ejemplos de los cuales podr\u00eda hablar, pero en esta ocasi\u00f3n me gustar\u00eda hablar de los siguientes:<\/p>\n<ul>\n<li>Desvalorizaci\u00f3n: cuando se quiere ense\u00f1ar una lengua ind\u00edgena se debe tener presente la cosmovisi\u00f3n de la misma; a pesar de ello, en muchas ocasiones se percibe que existen ense\u00f1antes que no permiten la reflexi\u00f3n a los ni\u00f1os para comprender lo que expresa alguna palabra o frase. Esto hace que los peque\u00f1os comiencen a aprender la lengua ind\u00edgena sin entender el sentido entrelazado, por lo que la lengua se queda como algo est\u00e9tico. Surge la pregunta entonces, \u00bfc\u00f3mo hacer que los ni\u00f1os valoren la lengua como parte de su vida cotidiana?<\/li>\n<li>Variante ling\u00fc\u00edstica: A veces la ense\u00f1anza de la lengua en alguna zona determinada no considera la variante a la que est\u00e1n expuestos los ni\u00f1os, provocando una confusi\u00f3n en el uso de la lengua ind\u00edgena. En algunos casos, se percibe c\u00f3mo se combinan palabras dentro de una frase, as\u00ed se puede notar la presencia de dos o m\u00e1s variantes en un mismo enunciado.<\/li>\n<li>Conocimiento de la lengua: En ocasiones, quienes ense\u00f1an un idioma Ind\u00edgena enfrentan dificultades para comprenderlo -y por ende explicarlo- debido a que no conocen la lengua en su sentido cultural, reconociendo palabras sueltas o frases, sin tener entendimiento completo de lo que un hablante nativo puede expresar. De esta forma, lo poco o mucho que sabe el ense\u00f1ante, es lo que se transmite al ni\u00f1o o ni\u00f1a, sin permitirle reflexionar lo que est\u00e1 aprendiendo.<\/li>\n<li>Material did\u00e1ctico: En la mayor\u00eda de casos los talleristas o docentes, deben crear su propio material did\u00e1ctico en la variante que ense\u00f1an debido a que los materiales (como los libros oficiales) solo consideran una variante. Aunque esto es parte de la labor, \u00bfqu\u00e9 pasa cuando tienes que elaborar un material did\u00e1ctico sin tener las herramientas o el conocimiento necesario para que este sea \u00fatil?<\/li>\n<li>Uso pr\u00e1ctico de la lengua: Otro reto, que se puede considerar es el c\u00f3mo crear espacios en los que los ni\u00f1os puedan hacer uso de la lengua. Tal vez, se pueda hablar durante el taller y la clase, pero, \u00bfqu\u00e9 sucede cuando salen del aula? \u00bfC\u00f3mo se le ense\u00f1a a un ni\u00f1o a hablar una lengua ind\u00edgena en un contexto en el que a\u00fan se sufre discriminaci\u00f3n por ser ind\u00edgena?<\/li>\n<li>Pandemia del covid-19: Uno de los retos m\u00e1s grandes para toda persona, y en este caso, para la ense\u00f1anza de la lengua, es buscar las herramientas necesarias para poder escribir el idioma que se ense\u00f1a, lo cual representa una gran dificultad como el usar programas para representar y\/o mostrar a lo que uno se refiere, o simplemente el poder dar asesor\u00edas para conocer el avance en la escritura o pronunciaci\u00f3n de cada ni\u00f1o.<\/li>\n<\/ul>\n<p>En los puntos anteriores se describen algunos retos que se encuentran en la ense\u00f1anza de las lenguas ind\u00edgenas. Son casos en los que se debe de ir avanzando d\u00eda con d\u00eda, considerando a cada uno de sus participantes. Se debe asegurar el apoyo por y para toda persona para la eliminaci\u00f3n de las barreras que no permiten un aprendizaje pleno de las lenguas ind\u00edgenas a ni\u00f1as y ni\u00f1os en las escuelas y\/o talleres.<\/p>\n<p>El aprendizaje de una lengua ind\u00edgena no debe realizarse s\u00f3lo porque suenan \u201cbonito\u201d; va m\u00e1s all\u00e1 de ello. El aprender una lengua es positivo cuando se realiza para preservar los conocimientos que se transmiten con ella, para conocer qui\u00e9nes somos, de d\u00f3nde venimos y hacia d\u00f3nde nos dirigimos. El aprenderla nos debe dar una gran satisfacci\u00f3n porque gracias a ella, podemos comprender nuestra cultura, nuestros modos de ver y entender el mundo.<\/p>\n<p>Foto de portada: Tomada de educo.org &#8211; cr\u00e9ditos Jes\u00fas G. Pastor &#8211; www.unfotografo.es<\/p>\n","protected":false},"excerpt":{"rendered":"<p>Por Leidy Yareth Gonz\u00e1lez Romero El hablar una lengua ind\u00edgena a\u00fan contin\u00faa siendo un obst\u00e1culo para estudiar, trabajar o desarrollarte plenamente. Este hecho, ha causado en nuestros abuelos o padres un enorme sentimiento de culpa, enraizado por muchos a\u00f1os. Antes se replicaban una y otra vez expresiones como \u201cnunca hables tu lengua delante de alguien [&hellip;]<\/p>\n","protected":false},"author":1,"featured_media":8364,"comment_status":"closed","ping_status":"closed","sticky":false,"template":"","format":"standard","meta":{"_exactmetrics_skip_tracking":false,"_exactmetrics_sitenote_active":false,"_exactmetrics_sitenote_note":"","_exactmetrics_sitenote_category":0,"jetpack_post_was_ever_published":false,"_jetpack_newsletter_access":"","_jetpack_dont_email_post_to_subs":false,"_jetpack_newsletter_tier_id":0,"_jetpack_memberships_contains_paywalled_content":false,"_jetpack_memberships_contains_paid_content":false,"footnotes":""},"categories":[388,452,439,405],"tags":[2824,2823,2821,2825,2822],"class_list":["post-8363","post","type-post","status-publish","format-standard","has-post-thumbnail","hentry","category-cultura","category-frontpage","category-juventud","category-seguridad-alimentaria","tag-aprender-idioma-indigena","tag-como-ensenar-idioma-indigena","tag-dia-de-la-lengua-materna","tag-dia-internacional-lengua-materna","tag-lenguas-indigenas"],"jetpack_featured_media_url":"https:\/\/i0.wp.com\/www.entremundos.org\/revista\/wp-content\/uploads\/2021\/02\/profesora-y-nina-maya-guatemala.jpg?fit=800%2C600&ssl=1","jetpack_shortlink":"https:\/\/wp.me\/p7ljt7-2aT","jetpack-related-posts":[{"id":12980,"url":"https:\/\/www.entremundos.org\/revista\/mujer\/el-otro-lado-del-viaje-sonado-detras-de-un-espacio-internacional\/","url_meta":{"origin":8363,"position":0},"title":"El otro lado del viaje so\u00f1ado; detr\u00e1s de un espacio internacional","author":"EntreMundos","date":"23 julio, 2025","format":false,"excerpt":"Por Adela Tuy Cuando la gente escucha \u2018Conferencias Internacionales\u2019 piensa en edificios lujosos, gente hablando en ingl\u00e9s, muchas fotos formales y muchos discursos bonitos; tambi\u00e9n en lo elegante de participar en una conferencia y ponerlo en tu curr\u00edculum vitae. Sin embargo, nadie les cuenta sobre lo que hay detr\u00e1s de\u2026","rel":"","context":"En \u00abCine\u00bb","block_context":{"text":"Cine","link":"https:\/\/www.entremundos.org\/revista\/category\/cine\/"},"img":{"alt_text":"","src":"https:\/\/i0.wp.com\/www.entremundos.org\/revista\/wp-content\/uploads\/2025\/07\/20241121_092407-143c-1.jpg?fit=1200%2C800&ssl=1&resize=350%2C200","width":350,"height":200,"srcset":"https:\/\/i0.wp.com\/www.entremundos.org\/revista\/wp-content\/uploads\/2025\/07\/20241121_092407-143c-1.jpg?fit=1200%2C800&ssl=1&resize=350%2C200 1x, https:\/\/i0.wp.com\/www.entremundos.org\/revista\/wp-content\/uploads\/2025\/07\/20241121_092407-143c-1.jpg?fit=1200%2C800&ssl=1&resize=525%2C300 1.5x, https:\/\/i0.wp.com\/www.entremundos.org\/revista\/wp-content\/uploads\/2025\/07\/20241121_092407-143c-1.jpg?fit=1200%2C800&ssl=1&resize=700%2C400 2x, https:\/\/i0.wp.com\/www.entremundos.org\/revista\/wp-content\/uploads\/2025\/07\/20241121_092407-143c-1.jpg?fit=1200%2C800&ssl=1&resize=1050%2C600 3x"},"classes":[]},{"id":12224,"url":"https:\/\/www.entremundos.org\/revista\/mujer\/derechos-sexuales-y-reproductivos-tema-pendiente-en-guatemala\/","url_meta":{"origin":8363,"position":1},"title":"Derechos sexuales y reproductivos; tema pendiente en Guatemala","author":"EntreMundos","date":"15 julio, 2024","format":false,"excerpt":"POR EMMA G\u00d3MEZ Seg\u00fan La Organizaci\u00f3n de las Naciones Unidas de los Derechos Humanos, (ONU-DH), los derechos sexuales y reproductivos est\u00e1n relacionados con la libertad de las personas a decidir sobre su sexualidad y el ejercicio libre de la misma. Algunos derechos pueden ser; ejercer la sexualidad de manera independiente\u2026","rel":"","context":"En \u00abFrontPage\u00bb","block_context":{"text":"FrontPage","link":"https:\/\/www.entremundos.org\/revista\/category\/frontpage\/"},"img":{"alt_text":"","src":"https:\/\/i0.wp.com\/www.entremundos.org\/revista\/wp-content\/uploads\/2024\/07\/444487166_750607893953803_8829963883492089519_n.jpg?fit=1200%2C1158&ssl=1&resize=350%2C200","width":350,"height":200,"srcset":"https:\/\/i0.wp.com\/www.entremundos.org\/revista\/wp-content\/uploads\/2024\/07\/444487166_750607893953803_8829963883492089519_n.jpg?fit=1200%2C1158&ssl=1&resize=350%2C200 1x, https:\/\/i0.wp.com\/www.entremundos.org\/revista\/wp-content\/uploads\/2024\/07\/444487166_750607893953803_8829963883492089519_n.jpg?fit=1200%2C1158&ssl=1&resize=525%2C300 1.5x, https:\/\/i0.wp.com\/www.entremundos.org\/revista\/wp-content\/uploads\/2024\/07\/444487166_750607893953803_8829963883492089519_n.jpg?fit=1200%2C1158&ssl=1&resize=700%2C400 2x, https:\/\/i0.wp.com\/www.entremundos.org\/revista\/wp-content\/uploads\/2024\/07\/444487166_750607893953803_8829963883492089519_n.jpg?fit=1200%2C1158&ssl=1&resize=1050%2C600 3x"},"classes":[]},{"id":11407,"url":"https:\/\/www.entremundos.org\/revista\/politica\/del-papel-a-la-pantalla\/","url_meta":{"origin":8363,"position":2},"title":"Del papel a la pantalla","author":"EntreMundos","date":"10 noviembre, 2023","format":false,"excerpt":"POR EMMA G\u00d3MEZ Dos pa\u00edses golpeados por la corrupci\u00f3n, violaci\u00f3n de los derechos humanos, injusticias, persecuciones y despojos, por mencionar algunos de los males que tienen en com\u00fan Guatemala y El Salvador. El proyecto, Del Papel a la Pantalla, presenta dos propuestas visuales para reflexionar sobre la educaci\u00f3n sexual y\u2026","rel":"","context":"En \u00abAccion Comunitaria\u00bb","block_context":{"text":"Accion Comunitaria","link":"https:\/\/www.entremundos.org\/revista\/category\/politica\/accion-comunitaria-3\/"},"img":{"alt_text":"","src":"https:\/\/i0.wp.com\/www.entremundos.org\/revista\/wp-content\/uploads\/2023\/11\/whatsapp-image-2023-10-23-at-9.54.45-am-2.jpeg?fit=1200%2C800&ssl=1&resize=350%2C200","width":350,"height":200,"srcset":"https:\/\/i0.wp.com\/www.entremundos.org\/revista\/wp-content\/uploads\/2023\/11\/whatsapp-image-2023-10-23-at-9.54.45-am-2.jpeg?fit=1200%2C800&ssl=1&resize=350%2C200 1x, https:\/\/i0.wp.com\/www.entremundos.org\/revista\/wp-content\/uploads\/2023\/11\/whatsapp-image-2023-10-23-at-9.54.45-am-2.jpeg?fit=1200%2C800&ssl=1&resize=525%2C300 1.5x, https:\/\/i0.wp.com\/www.entremundos.org\/revista\/wp-content\/uploads\/2023\/11\/whatsapp-image-2023-10-23-at-9.54.45-am-2.jpeg?fit=1200%2C800&ssl=1&resize=700%2C400 2x, https:\/\/i0.wp.com\/www.entremundos.org\/revista\/wp-content\/uploads\/2023\/11\/whatsapp-image-2023-10-23-at-9.54.45-am-2.jpeg?fit=1200%2C800&ssl=1&resize=1050%2C600 3x"},"classes":[]},{"id":13642,"url":"https:\/\/www.entremundos.org\/revista\/politica\/las-mujeres-inspiran-es-hora-de-acabar-con-las-brechas-de-desigualdad\/","url_meta":{"origin":8363,"position":3},"title":"Las mujeres inspiran: Es hora de acabar con las brechas de desigualdad","author":"EntreMundos","date":"4 abril, 2026","format":false,"excerpt":"POR MARIANA L\u00d3PEZ La discriminaci\u00f3n y racismo son temas que se han abordado e incluso se ha dicho que ya se han superado estando lejos de ser parte de nuestra realidad, sin embargo, basta con observar para comprender que una cosa es el discurso y otra la pr\u00e1ctica. En la\u2026","rel":"","context":"En \u00abFrontPage\u00bb","block_context":{"text":"FrontPage","link":"https:\/\/www.entremundos.org\/revista\/category\/frontpage\/"},"img":{"alt_text":"","src":"https:\/\/i0.wp.com\/www.entremundos.org\/revista\/wp-content\/uploads\/2026\/03\/649499575_1230883245899060_5224768132019882352_n.jpg?fit=1200%2C800&ssl=1&resize=350%2C200","width":350,"height":200,"srcset":"https:\/\/i0.wp.com\/www.entremundos.org\/revista\/wp-content\/uploads\/2026\/03\/649499575_1230883245899060_5224768132019882352_n.jpg?fit=1200%2C800&ssl=1&resize=350%2C200 1x, https:\/\/i0.wp.com\/www.entremundos.org\/revista\/wp-content\/uploads\/2026\/03\/649499575_1230883245899060_5224768132019882352_n.jpg?fit=1200%2C800&ssl=1&resize=525%2C300 1.5x, https:\/\/i0.wp.com\/www.entremundos.org\/revista\/wp-content\/uploads\/2026\/03\/649499575_1230883245899060_5224768132019882352_n.jpg?fit=1200%2C800&ssl=1&resize=700%2C400 2x, https:\/\/i0.wp.com\/www.entremundos.org\/revista\/wp-content\/uploads\/2026\/03\/649499575_1230883245899060_5224768132019882352_n.jpg?fit=1200%2C800&ssl=1&resize=1050%2C600 3x"},"classes":[]},{"id":10833,"url":"https:\/\/www.entremundos.org\/revista\/politica\/violencia-contra-las-mujeres-dominio-masculino-en-la-politica\/","url_meta":{"origin":8363,"position":4},"title":"Violencia contra las mujeres: dominio masculino en la pol\u00edtica","author":"EntreMundos","date":"29 mayo, 2023","format":false,"excerpt":"Silvia Lilian Trujillo La violencia pol\u00edtica es sistem\u00e1tica y permanente, se produce para inhibir, ralentizar o restringir la participaci\u00f3n pol\u00edtica de mujeres, en el marco de un sistema que se resiste a aceptar su igualdad de derechos. Mientras no se trabaje para acabar con esta violencia espec\u00edfica la calidad de\u2026","rel":"","context":"En \u00abFrontPage\u00bb","block_context":{"text":"FrontPage","link":"https:\/\/www.entremundos.org\/revista\/category\/frontpage\/"},"img":{"alt_text":"","src":"https:\/\/i0.wp.com\/www.entremundos.org\/revista\/wp-content\/uploads\/2023\/05\/000_16w772-1.jpg?fit=1200%2C799&ssl=1&resize=350%2C200","width":350,"height":200,"srcset":"https:\/\/i0.wp.com\/www.entremundos.org\/revista\/wp-content\/uploads\/2023\/05\/000_16w772-1.jpg?fit=1200%2C799&ssl=1&resize=350%2C200 1x, https:\/\/i0.wp.com\/www.entremundos.org\/revista\/wp-content\/uploads\/2023\/05\/000_16w772-1.jpg?fit=1200%2C799&ssl=1&resize=525%2C300 1.5x, https:\/\/i0.wp.com\/www.entremundos.org\/revista\/wp-content\/uploads\/2023\/05\/000_16w772-1.jpg?fit=1200%2C799&ssl=1&resize=700%2C400 2x, https:\/\/i0.wp.com\/www.entremundos.org\/revista\/wp-content\/uploads\/2023\/05\/000_16w772-1.jpg?fit=1200%2C799&ssl=1&resize=1050%2C600 3x"},"classes":[]},{"id":10580,"url":"https:\/\/www.entremundos.org\/revista\/politica\/desalojos-aumentan-durante-el-gobierno-de-alejandro-giammattei\/","url_meta":{"origin":8363,"position":5},"title":"Desalojos aumentan durante el gobierno de Alejandro Giammattei","author":"EntreMundos","date":"8 marzo, 2023","format":false,"excerpt":"Por Gilberto Escobar\u00a0 En Guatemala, durante los \u00faltimos a\u00f1os, los desalojos han ido en aumento y se han dado en dos modalidades: los desalojos legales que tienen una orden judicial y los extrajudiciales, los que\u00a0 no van acompa\u00f1ados de ninguna orden de un juez y que ocurren\u00a0 en horas de\u2026","rel":"","context":"En \u00abBosques\u00bb","block_context":{"text":"Bosques","link":"https:\/\/www.entremundos.org\/revista\/category\/medio-ambiente\/bosques\/"},"img":{"alt_text":"","src":"https:\/\/i0.wp.com\/www.entremundos.org\/revista\/wp-content\/uploads\/2023\/03\/portada.jpg?fit=1024%2C768&ssl=1&resize=350%2C200","width":350,"height":200,"srcset":"https:\/\/i0.wp.com\/www.entremundos.org\/revista\/wp-content\/uploads\/2023\/03\/portada.jpg?fit=1024%2C768&ssl=1&resize=350%2C200 1x, https:\/\/i0.wp.com\/www.entremundos.org\/revista\/wp-content\/uploads\/2023\/03\/portada.jpg?fit=1024%2C768&ssl=1&resize=525%2C300 1.5x, https:\/\/i0.wp.com\/www.entremundos.org\/revista\/wp-content\/uploads\/2023\/03\/portada.jpg?fit=1024%2C768&ssl=1&resize=700%2C400 2x"},"classes":[]}],"jetpack_sharing_enabled":true,"_links":{"self":[{"href":"https:\/\/www.entremundos.org\/revista\/wp-json\/wp\/v2\/posts\/8363","targetHints":{"allow":["GET"]}}],"collection":[{"href":"https:\/\/www.entremundos.org\/revista\/wp-json\/wp\/v2\/posts"}],"about":[{"href":"https:\/\/www.entremundos.org\/revista\/wp-json\/wp\/v2\/types\/post"}],"author":[{"embeddable":true,"href":"https:\/\/www.entremundos.org\/revista\/wp-json\/wp\/v2\/users\/1"}],"replies":[{"embeddable":true,"href":"https:\/\/www.entremundos.org\/revista\/wp-json\/wp\/v2\/comments?post=8363"}],"version-history":[{"count":1,"href":"https:\/\/www.entremundos.org\/revista\/wp-json\/wp\/v2\/posts\/8363\/revisions"}],"predecessor-version":[{"id":8366,"href":"https:\/\/www.entremundos.org\/revista\/wp-json\/wp\/v2\/posts\/8363\/revisions\/8366"}],"wp:featuredmedia":[{"embeddable":true,"href":"https:\/\/www.entremundos.org\/revista\/wp-json\/wp\/v2\/media\/8364"}],"wp:attachment":[{"href":"https:\/\/www.entremundos.org\/revista\/wp-json\/wp\/v2\/media?parent=8363"}],"wp:term":[{"taxonomy":"category","embeddable":true,"href":"https:\/\/www.entremundos.org\/revista\/wp-json\/wp\/v2\/categories?post=8363"},{"taxonomy":"post_tag","embeddable":true,"href":"https:\/\/www.entremundos.org\/revista\/wp-json\/wp\/v2\/tags?post=8363"}],"curies":[{"name":"wp","href":"https:\/\/api.w.org\/{rel}","templated":true}]}}