{"id":8564,"date":"2021-04-08T15:03:36","date_gmt":"2021-04-08T23:03:36","guid":{"rendered":"http:\/\/www.entremundos.org\/revista\/?p=8564"},"modified":"2021-04-08T15:03:36","modified_gmt":"2021-04-08T23:03:36","slug":"manejando-adecuadamente-los-desechos-solidos-sobreviviremos","status":"publish","type":"post","link":"https:\/\/www.entremundos.org\/revista\/medio-ambiente\/manejando-adecuadamente-los-desechos-solidos-sobreviviremos\/","title":{"rendered":"Manejando adecuadamente los desechos s\u00f3lidos \u00a1sobreviviremos!"},"content":{"rendered":"<p><strong>Por:<\/strong> <strong>Roberto Ganddini<\/strong><\/p>\n<p>Los adelantos de la tecnolog\u00eda y la forma de vida de las actuales ciudades requieren un consumo excesivo de diversos productos, los cuales despu\u00e9s de utilizarlos se desechan y van a ser depositados a diferentes vertederos o rellenos sanitarios.<\/p>\n<p>Se calcula que una persona promedio produce 2 libras de basura por d\u00eda, desde pl\u00e1sticos, desechos org\u00e1nicos, papeles, cart\u00f3n, vidrio, madera, etc\u00e9tera. Si tomamos la ciudad de Guatemala, que tiene un vertedero en la zona 3, observamos que recibe la basura de 7 millones de personas por d\u00eda.<\/p>\n<p>El manejo de desechos s\u00f3lidos es la gesti\u00f3n de los residuos, la recogida, el transporte, el tratamiento, el reciclado y la eliminaci\u00f3n de los materiales de desecho. El t\u00e9rmino se refiere a los materiales producidos por la actividad humana, y, en general, para reducir sus efectos sobre la salud y el medio ambiente.<\/p>\n<p>En la ciudad de Guatemala hay un vertedero ineficiente e incapaz de procesar todos los desechos s\u00f3lidos que se producen, teniendo en cuenta que no existe un manejo adecuado para el tratamiento de estos desechos s\u00f3lidos.<\/p>\n<p>En el pa\u00eds hay 22 departamentos que agrupan a 340 municipalidades, cada municipalidad tiene la responsabilidad del manejo de los desechos s\u00f3lidos, los cual tiene que hacerse con responsabilidad y adecuadamente. Lamentablemente, en este momento no existen proyectos funcionando que manejen adecuadamente los desechos s\u00f3lidos, mucho menos que reutilicen o reciclen estos desechos para convertirlos en otras materias que van desde abonos org\u00e1nicos, energ\u00eda el\u00e9ctrica y muchas m\u00e1s.<\/p>\n<p>Un tren bastante adecuado del manejo de desechos s\u00f3lidos empieza por capacitar a la poblaci\u00f3n para la separaci\u00f3n de los desechos s\u00f3lidos, como desechos org\u00e1nicos, inorg\u00e1nicos, pl\u00e1sticos, aluminio, etc\u00e9tera.<\/p>\n<p>Los recolectores de desechos tambi\u00e9n tienen que tener capacitaci\u00f3n para no mezclar los diferentes productos. Un manejo ideal ser\u00eda que la basura pasara por una banda en la cual hay personas que clasifican los diferentes tipos de desechos y los apartan en diversos lugares para su reutilizaci\u00f3n. Pondr\u00edamos como ejemplo los pl\u00e1sticos para su posterior aprovechamiento, los desechos org\u00e1nicos para abono. Luego, lo restante se deposita en grandes vertederos con condiciones adecuadas, como cobertor con respiradero y drenaje para que los lixiviados no se vayan al manto fre\u00e1tico, sino que se depositen en recipientes especiales para luego ser enterrados completamente.<\/p>\n<p>Esto se no es una utop\u00eda, sino es algo que en ciudades m\u00e1s grandes que la nuestra ya se est\u00e1 empleando y funciona eficientemente. Es solo que las municipalidades como entes encargados del manejo de desechos s\u00f3lidos empiecen a implementarlos.<\/p>\n<p>\u00bfComo podemos reciclar el pl\u00e1stico? Para tratamiento de pl\u00e1stico se usa un granulador para convertirlos en peque\u00f1os pedazos de 5 mm. Los gr\u00e1nulos de pl\u00e1stico se mezclan con un activador y se utilizan para asfaltar, esto hace que el asfalto se adhiera correctamente en las carreteras, por lo que el pl\u00e1stico puede ser reciclado correctamente usando tecnolog\u00eda de punta.<\/p>\n<h4><strong>Reducir la emisi\u00f3n de gases efecto invernadero<\/strong><\/h4>\n<p>Tambi\u00e9n esta la posibilidad de que en el momento de incineraci\u00f3n de los residuos s\u00f3lidos se desprende energ\u00eda calor\u00edfica que puede ser aprovechada en el proceso de generaci\u00f3n de energ\u00eda el\u00e9ctrica por medio de vapor, que a su vez mueve una turbina produciendo energ\u00eda el\u00e9ctrica.<\/p>\n<p>La captura de biog\u00e1s de los vertederos para generar energ\u00eda el\u00e9ctrica y la sustituci\u00f3n de hidrocarburos mejora al mismo tiempo aspectos sociales y de salud, pues hay un mejoramiento de la calidad del aire por remisi\u00f3n de gases efecto invernadero y otros gases contaminantes.<\/p>\n<p>Es necesario generar un dise\u00f1o adecuado y los recursos necesarios para el manejo de desechos s\u00f3lidos, lo que puede dejar de ser un riesgo y convertirse en fuentes de energ\u00eda renovables y reciclables.<\/p>\n<p>Capturar y utilizar las emisiones de los rellenos sanitarios permite organizar toda la cadena de generaci\u00f3n, captura y desechos de residuos. Esto permite, adem\u00e1s, que los trabajadores un trabajo y una vida m\u00e1s digna, ya que mejorar\u00eda su cuidado en salud y sus ingresos.<\/p>\n<p>Tuve la oportunidad de compartir un intercambio de conocimientos con Prodeso, una ONG sin fines de lucro que se plantea estos m\u00e9todos. Pude constatar, gracias a su presidente, Edgar Ruiz, y su vicepresidenta, Gilda Cerna, que es una organizaci\u00f3n de proyectos ambientales de desarrollo econ\u00f3mico a nivel nacional, que quiere abarcar la mayor\u00eda de municipios del pa\u00eds para la transformaci\u00f3n de desechos s\u00f3lidos y la creaci\u00f3n de subproductos, los cuales hacen autosostenible las plantas de transformaci\u00f3n, creando empleos y generando nuevas condiciones de vida para los trabajadores de este sector.<\/p>\n<p>Al mismo tiempo, se analiz\u00f3 un modelo de planta tipo; dise\u00f1ada por Prodeso, la cual cumple una serie de funciones esenciales para la producci\u00f3n de energ\u00eda a trav\u00e9s de la utilizaci\u00f3n de desechos s\u00f3lidos.<\/p>\n<p>Transformando los desechos en energ\u00eda el\u00e9ctrica el pa\u00eds gana doblemente\u2026<\/p>\n<p>El manejo de desechos s\u00f3lidos es una prioridad en nuestro pa\u00eds, observamos como cuerpos de agua est\u00e1n siendo destruidos debido a la contaminaci\u00f3n producto del mal manejo de los desechos s\u00f3lidos. Tambi\u00e9n observamos c\u00f3mo lugares naturales como bosques, parajes, monta\u00f1as, barrancos, est\u00e1n siendo invadidos por el mal manejo de los desechos s\u00f3lidos, provocando contaminaci\u00f3n y la destrucci\u00f3n de la cadena alimenticia, lo que hace desaparecer a miles de especies cada a\u00f1o.<\/p>\n<p>Es necesario tomar medidas radicales en el manejo de los desechos s\u00f3lidos y contribuir para que nuestro ambiente sea de mejor calidad, y que podamos darle a nuestro hijos un pa\u00eds y un planeta adecuado para vivir.<\/p>\n<p><em><strong>Fotograf\u00eda de Portada: Julio Estrada, DIGI-USAC<\/strong><\/em><\/p>\n<hr \/>\n<p class=\"vc_custom_heading\"><em><strong>Roberto Ganddini:\u00a0 <\/strong>Trabaj\u00f3 en la Universidad de San Carlos como director administrativo del Centro Universitario Metropolitano (CUM). De formaci\u00f3n Agr\u00f3nomo y con estudios en Administraci\u00f3n y Econom\u00eda. As\u00ed como un Diplomado de Desarrollo Sostenible y Prevenci\u00f3n de Desastres (FLACSO). Adem\u00e1s escribi\u00f3 para el peri\u00f3dico de la Universidad de San Carlos especialmente sobre problemas de medio ambiente, pero tambi\u00e9n de car\u00e1cter social y coyuntura actual<\/em>.<\/p>\n","protected":false},"excerpt":{"rendered":"<p>Por: Roberto Ganddini Los adelantos de la tecnolog\u00eda y la forma de vida de las actuales ciudades requieren un consumo excesivo de diversos productos, los cuales despu\u00e9s de utilizarlos se desechan y van a ser depositados a diferentes vertederos o rellenos sanitarios. Se calcula que una persona promedio produce 2 libras de basura por d\u00eda, [&hellip;]<\/p>\n","protected":false},"author":13,"featured_media":8565,"comment_status":"closed","ping_status":"closed","sticky":false,"template":"","format":"standard","meta":{"_exactmetrics_skip_tracking":false,"_exactmetrics_sitenote_active":false,"_exactmetrics_sitenote_note":"","_exactmetrics_sitenote_category":0,"jetpack_post_was_ever_published":false,"_jetpack_newsletter_access":"","_jetpack_dont_email_post_to_subs":false,"_jetpack_newsletter_tier_id":0,"_jetpack_memberships_contains_paywalled_content":false,"_jetpack_memberships_contains_paid_content":false,"footnotes":""},"categories":[452,384],"tags":[2924,2926,2921,2922,2923,2925,2920],"class_list":["post-8564","post","type-post","status-publish","format-standard","has-post-thumbnail","hentry","category-frontpage","category-medio-ambiente","tag-emision-de-gases-efecto-invernadero","tag-manejando-adecuadamente-los-desechos-solidos","tag-manejo-de-desechos-solidos","tag-proceso-de-desechos-solidos","tag-reciclar-el-plastico","tag-roberto-ganddini","tag-vertederos-o-rellenos-sanitarios-en-guatemala"],"jetpack_featured_media_url":"https:\/\/i0.wp.com\/www.entremundos.org\/revista\/wp-content\/uploads\/2021\/04\/basura.jpg?fit=758%2C500&ssl=1","jetpack_shortlink":"https:\/\/wp.me\/p7ljt7-2e8","jetpack-related-posts":[{"id":1798,"url":"https:\/\/www.entremundos.org\/revista\/environment\/the-effects-of-plastic-waste-in-rivers-lakes-and-seas-of-guatemala\/?lang=en","url_meta":{"origin":8564,"position":0},"title":"The effects of plastic waste in rivers, lakes and seas of Guatemala","author":"EntreMundos","date":"10 noviembre, 2015","format":false,"excerpt":"By Raquel D\u00edaz - Communications student at the university Mesoamericana\u00a0 The Salam\u00e1 River is the most important in the department of Quetzaltenango. From its origin in Totonicap\u00e1n, it traverses the municipalities of Cantel, El Palmar, San Juan Ostuncalco, Quetzaltenango, Zunil, and San Carlos Sija, to finally penetrate the department of\u2026","rel":"","context":"En \u00abEnvironment\u00bb","block_context":{"text":"Environment","link":"https:\/\/www.entremundos.org\/revista\/category\/environment\/?lang=en"},"img":{"alt_text":"","src":"https:\/\/i0.wp.com\/www.entremundos.org\/revista\/wp-content\/uploads\/2015\/07\/tortugas-marinas-bolsas-plastico-oceano_1308-35107.jpg?fit=616%2C469&ssl=1&resize=350%2C200","width":350,"height":200,"srcset":"https:\/\/i0.wp.com\/www.entremundos.org\/revista\/wp-content\/uploads\/2015\/07\/tortugas-marinas-bolsas-plastico-oceano_1308-35107.jpg?fit=616%2C469&ssl=1&resize=350%2C200 1x, https:\/\/i0.wp.com\/www.entremundos.org\/revista\/wp-content\/uploads\/2015\/07\/tortugas-marinas-bolsas-plastico-oceano_1308-35107.jpg?fit=616%2C469&ssl=1&resize=525%2C300 1.5x"},"classes":[]},{"id":11590,"url":"https:\/\/www.entremundos.org\/revista\/medio-ambiente\/el-habitante-arbol\/","url_meta":{"origin":8564,"position":1},"title":"El habitante \u00e1rbol","author":"EntreMundos","date":"19 enero, 2024","format":false,"excerpt":"POR VALERIA LEIVA La administraci\u00f3n municipal de Quetzaltenango orden\u00f3 la tala de \u00e1rboles en el parque de la zona 3 de la ciudad pero vecinos, comerciantes y expertos se manifestaron en contra de esta decisi\u00f3n.\u00a0 Cada ciudad constituye su propio ecosistema urbano y se suele pensar que en el ecosistema\u2026","rel":"","context":"En \u00abBosques\u00bb","block_context":{"text":"Bosques","link":"https:\/\/www.entremundos.org\/revista\/category\/medio-ambiente\/bosques\/"},"img":{"alt_text":"","src":"https:\/\/i0.wp.com\/www.entremundos.org\/revista\/wp-content\/uploads\/2024\/01\/img_1121-1-scaled.jpg?fit=1200%2C900&ssl=1&resize=350%2C200","width":350,"height":200,"srcset":"https:\/\/i0.wp.com\/www.entremundos.org\/revista\/wp-content\/uploads\/2024\/01\/img_1121-1-scaled.jpg?fit=1200%2C900&ssl=1&resize=350%2C200 1x, https:\/\/i0.wp.com\/www.entremundos.org\/revista\/wp-content\/uploads\/2024\/01\/img_1121-1-scaled.jpg?fit=1200%2C900&ssl=1&resize=525%2C300 1.5x, https:\/\/i0.wp.com\/www.entremundos.org\/revista\/wp-content\/uploads\/2024\/01\/img_1121-1-scaled.jpg?fit=1200%2C900&ssl=1&resize=700%2C400 2x, https:\/\/i0.wp.com\/www.entremundos.org\/revista\/wp-content\/uploads\/2024\/01\/img_1121-1-scaled.jpg?fit=1200%2C900&ssl=1&resize=1050%2C600 3x"},"classes":[]},{"id":12999,"url":"https:\/\/www.entremundos.org\/revista\/politica\/romper-el-cemento\/","url_meta":{"origin":8564,"position":2},"title":"Romper el cemento","author":"EntreMundos","date":"23 julio, 2025","format":false,"excerpt":"By Valeria Leiva La recuperaci\u00f3n de espacios verdes en la ciudad de Quetzaltenango. La ciudad de Quetzaltenango, como muchos municipios, ha sido v\u00edctima de decisiones pol\u00edticas irresponsables que han afectado el bienestar colectivo. La tala de m\u00e1s de 400 \u00e1rboles sin un plan de transici\u00f3n a largo plazo dej\u00f3 a\u2026","rel":"","context":"En \u00abAccion Comunitaria\u00bb","block_context":{"text":"Accion Comunitaria","link":"https:\/\/www.entremundos.org\/revista\/category\/politica\/accion-comunitaria-3\/"},"img":{"alt_text":"","src":"https:\/\/i0.wp.com\/www.entremundos.org\/revista\/wp-content\/uploads\/2025\/07\/despues2.jpg?fit=1200%2C900&ssl=1&resize=350%2C200","width":350,"height":200,"srcset":"https:\/\/i0.wp.com\/www.entremundos.org\/revista\/wp-content\/uploads\/2025\/07\/despues2.jpg?fit=1200%2C900&ssl=1&resize=350%2C200 1x, https:\/\/i0.wp.com\/www.entremundos.org\/revista\/wp-content\/uploads\/2025\/07\/despues2.jpg?fit=1200%2C900&ssl=1&resize=525%2C300 1.5x, https:\/\/i0.wp.com\/www.entremundos.org\/revista\/wp-content\/uploads\/2025\/07\/despues2.jpg?fit=1200%2C900&ssl=1&resize=700%2C400 2x, https:\/\/i0.wp.com\/www.entremundos.org\/revista\/wp-content\/uploads\/2025\/07\/despues2.jpg?fit=1200%2C900&ssl=1&resize=1050%2C600 3x"},"classes":[]},{"id":12224,"url":"https:\/\/www.entremundos.org\/revista\/mujer\/derechos-sexuales-y-reproductivos-tema-pendiente-en-guatemala\/","url_meta":{"origin":8564,"position":3},"title":"Derechos sexuales y reproductivos; tema pendiente en Guatemala","author":"EntreMundos","date":"15 julio, 2024","format":false,"excerpt":"POR EMMA G\u00d3MEZ Seg\u00fan La Organizaci\u00f3n de las Naciones Unidas de los Derechos Humanos, (ONU-DH), los derechos sexuales y reproductivos est\u00e1n relacionados con la libertad de las personas a decidir sobre su sexualidad y el ejercicio libre de la misma. Algunos derechos pueden ser; ejercer la sexualidad de manera independiente\u2026","rel":"","context":"En \u00abFrontPage\u00bb","block_context":{"text":"FrontPage","link":"https:\/\/www.entremundos.org\/revista\/category\/frontpage\/"},"img":{"alt_text":"","src":"https:\/\/i0.wp.com\/www.entremundos.org\/revista\/wp-content\/uploads\/2024\/07\/444487166_750607893953803_8829963883492089519_n.jpg?fit=1200%2C1158&ssl=1&resize=350%2C200","width":350,"height":200,"srcset":"https:\/\/i0.wp.com\/www.entremundos.org\/revista\/wp-content\/uploads\/2024\/07\/444487166_750607893953803_8829963883492089519_n.jpg?fit=1200%2C1158&ssl=1&resize=350%2C200 1x, https:\/\/i0.wp.com\/www.entremundos.org\/revista\/wp-content\/uploads\/2024\/07\/444487166_750607893953803_8829963883492089519_n.jpg?fit=1200%2C1158&ssl=1&resize=525%2C300 1.5x, https:\/\/i0.wp.com\/www.entremundos.org\/revista\/wp-content\/uploads\/2024\/07\/444487166_750607893953803_8829963883492089519_n.jpg?fit=1200%2C1158&ssl=1&resize=700%2C400 2x, https:\/\/i0.wp.com\/www.entremundos.org\/revista\/wp-content\/uploads\/2024\/07\/444487166_750607893953803_8829963883492089519_n.jpg?fit=1200%2C1158&ssl=1&resize=1050%2C600 3x"},"classes":[]},{"id":704,"url":"https:\/\/www.entremundos.org\/revista\/uncategorized-es\/resumen-de-la-edicion-cambio-climatico\/","url_meta":{"origin":8564,"position":4},"title":"Cambio Clim\u00e1tico &#8211; Resumen de la Edici\u00f3n","author":"EntreMundos","date":"8 mayo, 2015","format":false,"excerpt":"En estas p\u00e1ginas, varios expertos explican como el cambio clim\u00e1tico est\u00e1 afectando a Guatemala y que es lo que el futuro depara. El a\u00f1o pasado durante la temporada de lluvia hubo 45 d\u00edas de sequ\u00eda, lo que caus\u00f3 una crisis humanitaria.\u00a0 Como siempre los m\u00e1s afectados por el desastre medioambiental\u2026","rel":"","context":"En \u00abUncategorized\u00bb","block_context":{"text":"Uncategorized","link":"https:\/\/www.entremundos.org\/revista\/category\/uncategorized-es\/"},"img":{"alt_text":"","src":"https:\/\/i0.wp.com\/www.entremundos.org\/revista\/wp-content\/uploads\/2015\/05\/nota-editor-the-behive-collective-poster-500-years.jpg?fit=600%2C398&ssl=1&resize=350%2C200","width":350,"height":200,"srcset":"https:\/\/i0.wp.com\/www.entremundos.org\/revista\/wp-content\/uploads\/2015\/05\/nota-editor-the-behive-collective-poster-500-years.jpg?fit=600%2C398&ssl=1&resize=350%2C200 1x, https:\/\/i0.wp.com\/www.entremundos.org\/revista\/wp-content\/uploads\/2015\/05\/nota-editor-the-behive-collective-poster-500-years.jpg?fit=600%2C398&ssl=1&resize=525%2C300 1.5x"},"classes":[]},{"id":12734,"url":"https:\/\/www.entremundos.org\/revista\/politica\/deportacion-desinformacion-y-desafio-el-impacto-global-de-la-agenda-migratoria-de-trump\/","url_meta":{"origin":8564,"position":5},"title":"Deportaci\u00f3n, desinformaci\u00f3n y desaf\u00edo: El impacto global de la agenda migratoria de Trump","author":"EntreMundos","date":"17 marzo, 2025","format":false,"excerpt":"POR PATRICIA SCHWARTZ Unas 60 personas se sientan en un c\u00edrculo de sillas plegables un jueves por la noche en Tucson, Arizona, una ciudad estadounidense a una hora de la frontera con M\u00e9xico. La reuni\u00f3n semanal de la Coalici\u00f3n de Derechos Humanos se lleva a cabo en gran parte, en\u2026","rel":"","context":"En \u00abFrontPage\u00bb","block_context":{"text":"FrontPage","link":"https:\/\/www.entremundos.org\/revista\/category\/frontpage\/"},"img":{"alt_text":"","src":"https:\/\/i0.wp.com\/www.entremundos.org\/revista\/wp-content\/uploads\/2025\/03\/475088469_3067398756762538_3045668992826805668_n.jpg?fit=1100%2C666&ssl=1&resize=350%2C200","width":350,"height":200,"srcset":"https:\/\/i0.wp.com\/www.entremundos.org\/revista\/wp-content\/uploads\/2025\/03\/475088469_3067398756762538_3045668992826805668_n.jpg?fit=1100%2C666&ssl=1&resize=350%2C200 1x, https:\/\/i0.wp.com\/www.entremundos.org\/revista\/wp-content\/uploads\/2025\/03\/475088469_3067398756762538_3045668992826805668_n.jpg?fit=1100%2C666&ssl=1&resize=525%2C300 1.5x, https:\/\/i0.wp.com\/www.entremundos.org\/revista\/wp-content\/uploads\/2025\/03\/475088469_3067398756762538_3045668992826805668_n.jpg?fit=1100%2C666&ssl=1&resize=700%2C400 2x, https:\/\/i0.wp.com\/www.entremundos.org\/revista\/wp-content\/uploads\/2025\/03\/475088469_3067398756762538_3045668992826805668_n.jpg?fit=1100%2C666&ssl=1&resize=1050%2C600 3x"},"classes":[]}],"jetpack_sharing_enabled":true,"_links":{"self":[{"href":"https:\/\/www.entremundos.org\/revista\/wp-json\/wp\/v2\/posts\/8564","targetHints":{"allow":["GET"]}}],"collection":[{"href":"https:\/\/www.entremundos.org\/revista\/wp-json\/wp\/v2\/posts"}],"about":[{"href":"https:\/\/www.entremundos.org\/revista\/wp-json\/wp\/v2\/types\/post"}],"author":[{"embeddable":true,"href":"https:\/\/www.entremundos.org\/revista\/wp-json\/wp\/v2\/users\/13"}],"replies":[{"embeddable":true,"href":"https:\/\/www.entremundos.org\/revista\/wp-json\/wp\/v2\/comments?post=8564"}],"version-history":[{"count":2,"href":"https:\/\/www.entremundos.org\/revista\/wp-json\/wp\/v2\/posts\/8564\/revisions"}],"predecessor-version":[{"id":8568,"href":"https:\/\/www.entremundos.org\/revista\/wp-json\/wp\/v2\/posts\/8564\/revisions\/8568"}],"wp:featuredmedia":[{"embeddable":true,"href":"https:\/\/www.entremundos.org\/revista\/wp-json\/wp\/v2\/media\/8565"}],"wp:attachment":[{"href":"https:\/\/www.entremundos.org\/revista\/wp-json\/wp\/v2\/media?parent=8564"}],"wp:term":[{"taxonomy":"category","embeddable":true,"href":"https:\/\/www.entremundos.org\/revista\/wp-json\/wp\/v2\/categories?post=8564"},{"taxonomy":"post_tag","embeddable":true,"href":"https:\/\/www.entremundos.org\/revista\/wp-json\/wp\/v2\/tags?post=8564"}],"curies":[{"name":"wp","href":"https:\/\/api.w.org\/{rel}","templated":true}]}}