{"id":8585,"date":"2021-04-14T19:23:25","date_gmt":"2021-04-15T03:23:25","guid":{"rendered":"http:\/\/www.entremundos.org\/revista\/?p=8585"},"modified":"2021-04-14T19:23:25","modified_gmt":"2021-04-15T03:23:25","slug":"10-anos-de-la-alerta-alba-keneth-y-la-ninez-en-guatemala-sigue-desprotegida","status":"publish","type":"post","link":"https:\/\/www.entremundos.org\/revista\/frontpage\/10-anos-de-la-alerta-alba-keneth-y-la-ninez-en-guatemala-sigue-desprotegida\/","title":{"rendered":"10 a\u00f1os de la alerta Alba-Keneth \u2026y la ni\u00f1ez en Guatemala sigue desprotegida"},"content":{"rendered":"<p><b>Por: Mar\u00eda Recinos<\/b><\/p>\n<p><span style=\"font-weight: 400;\">El pasado 17 de enero, Hillary Sara\u00ed Arredondo de Le\u00f3n, de tan solo 3 a\u00f1os de edad fue reportada como desaparecida. Un d\u00eda despu\u00e9s, su cuerpo fue hallado semi enterrado, sin ropa y con se\u00f1ales de violencia sexual. Apenas unas semanas despu\u00e9s, el 10 de febrero fue encontrado el cuerpo de Sharon Figueroa Arriaza, de 8 a\u00f1os, quien hab\u00eda desaparecido un d\u00eda antes mientras jugaba con su bicicleta en la parte posterior de la vivienda, en el departamento de Pet\u00e9n. Fue estrangulada y golpeada.<\/span><\/p>\n<p><span style=\"font-weight: 400;\">En el caso de Hillary, la Polic\u00eda Nacional Civil (PNC) captur\u00f3 a un hombre, a quien se le acus\u00f3 del atroz crimen. Dos d\u00edas despu\u00e9s, se declar\u00f3 que 3 hombres podr\u00edan estar implicados. Mientras, el Ministerio Publico (MP) solicit\u00f3 la reserva del caso y la procuradur\u00eda de Derechos Humanos (PDH) abri\u00f3 un expediente para verificar las acciones de las autoridades por el asesinato de la menor. En el crimen de Sharon, la polic\u00eda captur\u00f3 a una mujer y a su hijo como posibles responsables del asesinato. Ambas ni\u00f1as fueron reportadas bajo la alerta Alba-Kenneth, que permite reportar a menores como desaparecidos antes de que pasen 24 horas.<\/span><\/p>\n<p><span style=\"font-weight: 400;\">El Congreso de la Rep\u00fablica cre\u00f3 la Ley Sistema de Alerta Alba-Kenneth en el 2010, gracias a la lucha de los padres de Alba Michelle D\u00edaz, quien desapareci\u00f3 un 14 de junio de 2007 y cuyo cuerpo fue hallado sin vida y con se\u00f1ales de violencia; y de Kenneth Alexis L\u00f3pez de 4 a\u00f1os de edad, quien desapareci\u00f3 el 16 de diciembre de 2009 y fue encontrado enterrado en el patio de una casa vecina. Las responsables de dichos cr\u00edmenes fueron mujeres, quienes enfrentaron juicio y fueron condenadas a prisi\u00f3n por el secuestro y asesinato de los menores.<\/span><\/p>\n<figure id=\"attachment_8586\" aria-describedby=\"caption-attachment-8586\" style=\"width: 960px\" class=\"wp-caption alignright\"><a href=\"https:\/\/i0.wp.com\/www.entremundos.org\/revista\/wp-content\/uploads\/2021\/04\/pag.-24-photo-flickr-amslerpix-scaled.jpg\"><img data-recalc-dims=\"1\" loading=\"lazy\" decoding=\"async\" class=\"wp-image-8586 size-large\" src=\"https:\/\/i0.wp.com\/www.entremundos.org\/revista\/wp-content\/uploads\/2021\/04\/pag.-24-photo-flickr-amslerpix-1024x682.jpg?resize=640%2C426\" alt=\"\" width=\"640\" height=\"426\" srcset=\"https:\/\/i0.wp.com\/www.entremundos.org\/revista\/wp-content\/uploads\/2021\/04\/pag.-24-photo-flickr-amslerpix-scaled.jpg?resize=1024%2C682&amp;ssl=1 1024w, https:\/\/i0.wp.com\/www.entremundos.org\/revista\/wp-content\/uploads\/2021\/04\/pag.-24-photo-flickr-amslerpix-scaled.jpg?resize=300%2C200&amp;ssl=1 300w, https:\/\/i0.wp.com\/www.entremundos.org\/revista\/wp-content\/uploads\/2021\/04\/pag.-24-photo-flickr-amslerpix-scaled.jpg?resize=768%2C512&amp;ssl=1 768w, https:\/\/i0.wp.com\/www.entremundos.org\/revista\/wp-content\/uploads\/2021\/04\/pag.-24-photo-flickr-amslerpix-scaled.jpg?resize=1536%2C1023&amp;ssl=1 1536w, https:\/\/i0.wp.com\/www.entremundos.org\/revista\/wp-content\/uploads\/2021\/04\/pag.-24-photo-flickr-amslerpix-scaled.jpg?resize=2048%2C1365&amp;ssl=1 2048w, https:\/\/i0.wp.com\/www.entremundos.org\/revista\/wp-content\/uploads\/2021\/04\/pag.-24-photo-flickr-amslerpix-scaled.jpg?resize=335%2C223&amp;ssl=1 335w, https:\/\/i0.wp.com\/www.entremundos.org\/revista\/wp-content\/uploads\/2021\/04\/pag.-24-photo-flickr-amslerpix-scaled.jpg?resize=1050%2C700&amp;ssl=1 1050w, https:\/\/i0.wp.com\/www.entremundos.org\/revista\/wp-content\/uploads\/2021\/04\/pag.-24-photo-flickr-amslerpix-scaled.jpg?w=1280&amp;ssl=1 1280w, https:\/\/i0.wp.com\/www.entremundos.org\/revista\/wp-content\/uploads\/2021\/04\/pag.-24-photo-flickr-amslerpix-scaled.jpg?w=1920&amp;ssl=1 1920w\" sizes=\"auto, (max-width: 640px) 100vw, 640px\" \/><\/a><figcaption id=\"caption-attachment-8586\" class=\"wp-caption-text\">Foto: Flickb AmslerPIX<\/figcaption><\/figure>\n<p><span style=\"font-weight: 400;\">A pesar de la creaci\u00f3n de esta ley, se repite la historia de los asesinatos de ni\u00f1as y ni\u00f1os a\u00f1o tras a\u00f1o. De acuerdo a la Unidad del Sistema de dicha alerta, del 11 al 24 de febrero del 2021 se han activado 141 alertas por la desaparici\u00f3n de ni\u00f1as, ni\u00f1os y adolescentes en el territorio nacional. A finales de febrero, 86 de estas alertas permanec\u00edan activas. La tendencia de alertas de desaparici\u00f3n de mujeres menores es evidente: por cada diez veces que se activa, siete son casos de ni\u00f1as y adolescentes mujeres.<\/span><\/p>\n<p><span style=\"font-weight: 400;\">\u00bfCu\u00e1ntas alertas Alba-Kenneth se necesitan activar para que el Estado priorice la seguridad de los ni\u00f1os y ni\u00f1as? \u00bfCu\u00e1nta violencia debe haber en contra de ellos y cu\u00e1nto dolor deben sufrir algunas familias guatemaltecas para que la sociedad reaccione ante el problema? (y no s\u00f3lo en redes sociales). Exigimos fortalecer el sistema de protecci\u00f3n de los ni\u00f1os y ni\u00f1as y adolescentes, y castigar a los responsables de los cr\u00edmenes cometidos hacia ellos. Como guatemaltecos, debemos exigir que las autoridades y las instancias encargadas act\u00faen lo m\u00e1s pronto posible cuando se active una alerta. Sabemos que el trabajo y esfuerzo que realizan es de suma importancia para su pronta localizaci\u00f3n, pero se necesita la coordinaci\u00f3n eficiente y eficaz de todas las instancias involucradas no s\u00f3lo para resolver casos, sino para prevenirlos.<\/span><\/p>\n<p><span style=\"font-weight: 400;\">Las organizaciones no lucrativas que trabajan y velan por los derechos y protecci\u00f3n de los ni\u00f1os no deben perder las esperanzas por ver un mundo mejor para ellos. El trabajo es duro y la transformaci\u00f3n se sigue construyendo. Estamos conscientes que el sistema en Guatemala necesita grandes cambios, como tambi\u00e9n verdaderas mentes para que la ni\u00f1ez y adolescencia crezca segura y con oportunidades. A las comunidades, a las ciudades, a usted que lee este art\u00edculo, hacemos un llamado para hacer un esfuerzo y organizarse para evitar este tipo de hechos, con el fin de proteger la integridad y denunciar cualquier tipo de violencia en contra de los ni\u00f1os y ni\u00f1as y adolescentes.<\/span><\/p>\n<p><em><strong>Foto de Portada: Ingmar Zahorsky<\/strong><\/em><\/p>\n","protected":false},"excerpt":{"rendered":"<p>Por: Mar\u00eda Recinos El pasado 17 de enero, Hillary Sara\u00ed Arredondo de Le\u00f3n, de tan solo 3 a\u00f1os de edad fue reportada como desaparecida. Un d\u00eda despu\u00e9s, su cuerpo fue hallado semi enterrado, sin ropa y con se\u00f1ales de violencia sexual. Apenas unas semanas despu\u00e9s, el 10 de febrero fue encontrado el cuerpo de Sharon [&hellip;]<\/p>\n","protected":false},"author":13,"featured_media":8588,"comment_status":"closed","ping_status":"closed","sticky":false,"template":"","format":"standard","meta":{"_exactmetrics_skip_tracking":false,"_exactmetrics_sitenote_active":false,"_exactmetrics_sitenote_note":"","_exactmetrics_sitenote_category":0,"jetpack_post_was_ever_published":false,"_jetpack_newsletter_access":"","_jetpack_dont_email_post_to_subs":false,"_jetpack_newsletter_tier_id":0,"_jetpack_memberships_contains_paywalled_content":false,"_jetpack_memberships_contains_paid_content":false,"footnotes":""},"categories":[452,1772],"tags":[2949,2948,2950,2952,2951,2953,2954],"class_list":["post-8585","post","type-post","status-publish","format-standard","has-post-thumbnail","hentry","category-frontpage","category-situacion-social","tag-10-anos-de-la-alerta-alba-keneth","tag-alerta-alba-keneth-en-guatemala","tag-caso-de-hillary-sarai-arredondo","tag-caso-de-kenneth-alexis-lopez","tag-ley-sistema-de-alerta-alba-kenneth","tag-violencia-en-contra-de-los-ninos","tag-violencia-en-cotra-de-los-ninos-guatemala"],"jetpack_featured_media_url":"https:\/\/i0.wp.com\/www.entremundos.org\/revista\/wp-content\/uploads\/2021\/04\/pag.-25-photo-ingmar-zahorsky-scaled.jpg?fit=2560%2C1707&ssl=1","jetpack_shortlink":"https:\/\/wp.me\/p7ljt7-2et","jetpack-related-posts":[{"id":8591,"url":"https:\/\/www.entremundos.org\/revista\/frontpage-en\/10-years-of-the-alba-keneth-alert-and-childhood-in-guatemala-remains-unprotected\/?lang=en","url_meta":{"origin":8585,"position":0},"title":"10 years of the Alba-Keneth Alert  \u2026 and childhood in Guatemala remains unprotected","author":"Majo Recinos","date":"14 abril, 2021","format":false,"excerpt":"By: Mar\u00eda Recinos On the 17th of January 2021, Hillary Sara\u00ed Arredondo de Le\u00f3n, only 3 years of age, was reposted missing. One day later, her body was discovered half-buried, without clothes and showing signs of sexual abuse. Just a few weeks later on the 10th of February, the body\u2026","rel":"","context":"En \u00abFrontPage\u00bb","block_context":{"text":"FrontPage","link":"https:\/\/www.entremundos.org\/revista\/category\/frontpage-en\/?lang=en"},"img":{"alt_text":"","src":"https:\/\/i0.wp.com\/www.entremundos.org\/revista\/wp-content\/uploads\/2021\/04\/pag.-25-photo-ingmar-zahorsky-scaled.jpg?fit=1200%2C800&ssl=1&resize=350%2C200","width":350,"height":200,"srcset":"https:\/\/i0.wp.com\/www.entremundos.org\/revista\/wp-content\/uploads\/2021\/04\/pag.-25-photo-ingmar-zahorsky-scaled.jpg?fit=1200%2C800&ssl=1&resize=350%2C200 1x, https:\/\/i0.wp.com\/www.entremundos.org\/revista\/wp-content\/uploads\/2021\/04\/pag.-25-photo-ingmar-zahorsky-scaled.jpg?fit=1200%2C800&ssl=1&resize=525%2C300 1.5x, https:\/\/i0.wp.com\/www.entremundos.org\/revista\/wp-content\/uploads\/2021\/04\/pag.-25-photo-ingmar-zahorsky-scaled.jpg?fit=1200%2C800&ssl=1&resize=700%2C400 2x, https:\/\/i0.wp.com\/www.entremundos.org\/revista\/wp-content\/uploads\/2021\/04\/pag.-25-photo-ingmar-zahorsky-scaled.jpg?fit=1200%2C800&ssl=1&resize=1050%2C600 3x"},"classes":[]},{"id":10588,"url":"https:\/\/www.entremundos.org\/revista\/politica\/ley-de-mujeres-desaparecidas\/","url_meta":{"origin":8585,"position":1},"title":"Ley de mujeres desaparecidas","author":"EntreMundos","date":"9 marzo, 2023","format":false,"excerpt":"Emma G\u00f3mez\u00a0 En Guatemala, cada d\u00eda desaparecen unas 5 mujeres. La desaparici\u00f3n de mujeres est\u00e1 ligada fuertemente con alg\u00fan tipo de violencia de g\u00e9nero.\u00a0 Hace 3 a\u00f1os se implement\u00f3 un mecanismo de b\u00fasqueda inmediata de mujeres desaparecidas, Isabel-Claudina, mecanismo que tiene como base la Ley de Mujeres Desaparecidas que fue\u2026","rel":"","context":"En \u00abFrontPage\u00bb","block_context":{"text":"FrontPage","link":"https:\/\/www.entremundos.org\/revista\/category\/frontpage\/"},"img":{"alt_text":"","src":"https:\/\/i0.wp.com\/www.entremundos.org\/revista\/wp-content\/uploads\/2023\/03\/isable-claudina-justicia.png?fit=1200%2C789&ssl=1&resize=350%2C200","width":350,"height":200,"srcset":"https:\/\/i0.wp.com\/www.entremundos.org\/revista\/wp-content\/uploads\/2023\/03\/isable-claudina-justicia.png?fit=1200%2C789&ssl=1&resize=350%2C200 1x, https:\/\/i0.wp.com\/www.entremundos.org\/revista\/wp-content\/uploads\/2023\/03\/isable-claudina-justicia.png?fit=1200%2C789&ssl=1&resize=525%2C300 1.5x, https:\/\/i0.wp.com\/www.entremundos.org\/revista\/wp-content\/uploads\/2023\/03\/isable-claudina-justicia.png?fit=1200%2C789&ssl=1&resize=700%2C400 2x, https:\/\/i0.wp.com\/www.entremundos.org\/revista\/wp-content\/uploads\/2023\/03\/isable-claudina-justicia.png?fit=1200%2C789&ssl=1&resize=1050%2C600 3x"},"classes":[]},{"id":10833,"url":"https:\/\/www.entremundos.org\/revista\/politica\/violencia-contra-las-mujeres-dominio-masculino-en-la-politica\/","url_meta":{"origin":8585,"position":2},"title":"Violencia contra las mujeres: dominio masculino en la pol\u00edtica","author":"EntreMundos","date":"29 mayo, 2023","format":false,"excerpt":"Silvia Lilian Trujillo La violencia pol\u00edtica es sistem\u00e1tica y permanente, se produce para inhibir, ralentizar o restringir la participaci\u00f3n pol\u00edtica de mujeres, en el marco de un sistema que se resiste a aceptar su igualdad de derechos. Mientras no se trabaje para acabar con esta violencia espec\u00edfica la calidad de\u2026","rel":"","context":"En \u00abFrontPage\u00bb","block_context":{"text":"FrontPage","link":"https:\/\/www.entremundos.org\/revista\/category\/frontpage\/"},"img":{"alt_text":"","src":"https:\/\/i0.wp.com\/www.entremundos.org\/revista\/wp-content\/uploads\/2023\/05\/000_16w772-1.jpg?fit=1200%2C799&ssl=1&resize=350%2C200","width":350,"height":200,"srcset":"https:\/\/i0.wp.com\/www.entremundos.org\/revista\/wp-content\/uploads\/2023\/05\/000_16w772-1.jpg?fit=1200%2C799&ssl=1&resize=350%2C200 1x, https:\/\/i0.wp.com\/www.entremundos.org\/revista\/wp-content\/uploads\/2023\/05\/000_16w772-1.jpg?fit=1200%2C799&ssl=1&resize=525%2C300 1.5x, https:\/\/i0.wp.com\/www.entremundos.org\/revista\/wp-content\/uploads\/2023\/05\/000_16w772-1.jpg?fit=1200%2C799&ssl=1&resize=700%2C400 2x, https:\/\/i0.wp.com\/www.entremundos.org\/revista\/wp-content\/uploads\/2023\/05\/000_16w772-1.jpg?fit=1200%2C799&ssl=1&resize=1050%2C600 3x"},"classes":[]},{"id":13644,"url":"https:\/\/www.entremundos.org\/revista\/politica\/fortaleciendo-la-comunidad-desde-dentro-un-nuevo-capitulo-para-caras-alegres\/","url_meta":{"origin":8585,"position":3},"title":"Fortaleciendo la comunidad desde dentro: Un nuevo cap\u00edtulo para Caras Alegres","author":"EntreMundos","date":"4 abril, 2026","format":false,"excerpt":"POR VER\u00d3NICA DI MAGGIO Caras Alegres reabri\u00f3 sus puertas con una renovada claridad y enfoque estrat\u00e9gico. Despu\u00e9s de meses dedicados a la evaluaci\u00f3n y planificaci\u00f3n, este 2026 inicia no simplemente como un nuevo a\u00f1o operativo, sino como una expansi\u00f3n estructurada de nuestro impacto comunitario. El a\u00f1o pasado demostr\u00f3 que el\u2026","rel":"","context":"En \u00abFrontPage\u00bb","block_context":{"text":"FrontPage","link":"https:\/\/www.entremundos.org\/revista\/category\/frontpage\/"},"img":{"alt_text":"","src":"https:\/\/i0.wp.com\/www.entremundos.org\/revista\/wp-content\/uploads\/2026\/03\/633353323_1320877706749036_6826896970194983908_n.jpg?fit=1200%2C963&ssl=1&resize=350%2C200","width":350,"height":200,"srcset":"https:\/\/i0.wp.com\/www.entremundos.org\/revista\/wp-content\/uploads\/2026\/03\/633353323_1320877706749036_6826896970194983908_n.jpg?fit=1200%2C963&ssl=1&resize=350%2C200 1x, https:\/\/i0.wp.com\/www.entremundos.org\/revista\/wp-content\/uploads\/2026\/03\/633353323_1320877706749036_6826896970194983908_n.jpg?fit=1200%2C963&ssl=1&resize=525%2C300 1.5x, https:\/\/i0.wp.com\/www.entremundos.org\/revista\/wp-content\/uploads\/2026\/03\/633353323_1320877706749036_6826896970194983908_n.jpg?fit=1200%2C963&ssl=1&resize=700%2C400 2x, https:\/\/i0.wp.com\/www.entremundos.org\/revista\/wp-content\/uploads\/2026\/03\/633353323_1320877706749036_6826896970194983908_n.jpg?fit=1200%2C963&ssl=1&resize=1050%2C600 3x"},"classes":[]},{"id":13241,"url":"https:\/\/www.entremundos.org\/revista\/politica\/crimen-de-estado-primera-sentencia\/","url_meta":{"origin":8585,"position":4},"title":"Crimen De Estado: Primera Sentencia\u00a0","author":"EntreMundos","date":"17 septiembre, 2025","format":false,"excerpt":"Por Carolina Escobar Sarti Durante el gobierno de Jimmy Morales se cometi\u00f3 un crimen de Estado. Fue el 8 de marzo de 2017, cuando 56 ni\u00f1as y adolescentes fueron colocadas, por horas, en un aula de 7 x 6.8 metros donde no hab\u00eda ni siquiera un ba\u00f1o. Despu\u00e9s del desayuno\u2026","rel":"","context":"En \u00abFrontPage\u00bb","block_context":{"text":"FrontPage","link":"https:\/\/www.entremundos.org\/revista\/category\/frontpage\/"},"img":{"alt_text":"","src":"https:\/\/i0.wp.com\/www.entremundos.org\/revista\/wp-content\/uploads\/2025\/09\/img66.jpg?fit=960%2C1200&ssl=1&resize=350%2C200","width":350,"height":200,"srcset":"https:\/\/i0.wp.com\/www.entremundos.org\/revista\/wp-content\/uploads\/2025\/09\/img66.jpg?fit=960%2C1200&ssl=1&resize=350%2C200 1x, https:\/\/i0.wp.com\/www.entremundos.org\/revista\/wp-content\/uploads\/2025\/09\/img66.jpg?fit=960%2C1200&ssl=1&resize=525%2C300 1.5x, https:\/\/i0.wp.com\/www.entremundos.org\/revista\/wp-content\/uploads\/2025\/09\/img66.jpg?fit=960%2C1200&ssl=1&resize=700%2C400 2x"},"classes":[]},{"id":12488,"url":"https:\/\/www.entremundos.org\/revista\/politica\/de-la-lucha-a-la-agricultura-en-las-montanas-de-guatemala\/","url_meta":{"origin":8585,"position":5},"title":"De la lucha a la agricultura en las monta\u00f1as de Guatemala","author":"EntreMundos","date":"13 noviembre, 2024","format":false,"excerpt":"POR JONATHAN LOTT A la sombra de las monta\u00f1as selv\u00e1ticas de Guatemala, anta\u00f1o cargadas del espectro del conflicto, el olor del caf\u00e9 flota en el aire. Una generaci\u00f3n despu\u00e9s del hist\u00f3rico acuerdo de paz que puso fin a la guerra civil guatemalteca (1960-1996), decenas de exguerrilleros trabajan ahora la tierra\u2026","rel":"","context":"En \u00abFrontPage\u00bb","block_context":{"text":"FrontPage","link":"https:\/\/www.entremundos.org\/revista\/category\/frontpage\/"},"img":{"alt_text":"","src":"https:\/\/i0.wp.com\/www.entremundos.org\/revista\/wp-content\/uploads\/2024\/11\/anita2-e1731543808410.jpg?fit=910%2C671&ssl=1&resize=350%2C200","width":350,"height":200,"srcset":"https:\/\/i0.wp.com\/www.entremundos.org\/revista\/wp-content\/uploads\/2024\/11\/anita2-e1731543808410.jpg?fit=910%2C671&ssl=1&resize=350%2C200 1x, https:\/\/i0.wp.com\/www.entremundos.org\/revista\/wp-content\/uploads\/2024\/11\/anita2-e1731543808410.jpg?fit=910%2C671&ssl=1&resize=525%2C300 1.5x, https:\/\/i0.wp.com\/www.entremundos.org\/revista\/wp-content\/uploads\/2024\/11\/anita2-e1731543808410.jpg?fit=910%2C671&ssl=1&resize=700%2C400 2x"},"classes":[]}],"jetpack_sharing_enabled":true,"_links":{"self":[{"href":"https:\/\/www.entremundos.org\/revista\/wp-json\/wp\/v2\/posts\/8585","targetHints":{"allow":["GET"]}}],"collection":[{"href":"https:\/\/www.entremundos.org\/revista\/wp-json\/wp\/v2\/posts"}],"about":[{"href":"https:\/\/www.entremundos.org\/revista\/wp-json\/wp\/v2\/types\/post"}],"author":[{"embeddable":true,"href":"https:\/\/www.entremundos.org\/revista\/wp-json\/wp\/v2\/users\/13"}],"replies":[{"embeddable":true,"href":"https:\/\/www.entremundos.org\/revista\/wp-json\/wp\/v2\/comments?post=8585"}],"version-history":[{"count":1,"href":"https:\/\/www.entremundos.org\/revista\/wp-json\/wp\/v2\/posts\/8585\/revisions"}],"predecessor-version":[{"id":8590,"href":"https:\/\/www.entremundos.org\/revista\/wp-json\/wp\/v2\/posts\/8585\/revisions\/8590"}],"wp:featuredmedia":[{"embeddable":true,"href":"https:\/\/www.entremundos.org\/revista\/wp-json\/wp\/v2\/media\/8588"}],"wp:attachment":[{"href":"https:\/\/www.entremundos.org\/revista\/wp-json\/wp\/v2\/media?parent=8585"}],"wp:term":[{"taxonomy":"category","embeddable":true,"href":"https:\/\/www.entremundos.org\/revista\/wp-json\/wp\/v2\/categories?post=8585"},{"taxonomy":"post_tag","embeddable":true,"href":"https:\/\/www.entremundos.org\/revista\/wp-json\/wp\/v2\/tags?post=8585"}],"curies":[{"name":"wp","href":"https:\/\/api.w.org\/{rel}","templated":true}]}}