{"id":8595,"date":"2021-04-05T15:17:15","date_gmt":"2021-04-05T23:17:15","guid":{"rendered":"http:\/\/www.entremundos.org\/revista\/?p=8595"},"modified":"2021-04-18T21:44:31","modified_gmt":"2021-04-19T05:44:31","slug":"herramientas-online-gratuitas-usando-google-my-business","status":"publish","type":"post","link":"https:\/\/www.entremundos.org\/revista\/pagetwo\/herramientas-online-gratuitas-usando-google-my-business\/","title":{"rendered":"Herramientas online gratuitas: Usando google My Business"},"content":{"rendered":"<p><b>Por: Rosendo Castillo<\/b><\/p>\n<p><span style=\"font-weight: 400;\"><a href=\"https:\/\/i0.wp.com\/www.entremundos.org\/revista\/wp-content\/uploads\/2021\/04\/pag.-26.jpg\"><img data-recalc-dims=\"1\" loading=\"lazy\" decoding=\"async\" class=\"alignright wp-image-8598\" src=\"https:\/\/i0.wp.com\/www.entremundos.org\/revista\/wp-content\/uploads\/2021\/04\/pag.-26.jpg?resize=191%2C191\" alt=\"\" width=\"191\" height=\"191\" srcset=\"https:\/\/i0.wp.com\/www.entremundos.org\/revista\/wp-content\/uploads\/2021\/04\/pag.-26.jpg?w=626&amp;ssl=1 626w, https:\/\/i0.wp.com\/www.entremundos.org\/revista\/wp-content\/uploads\/2021\/04\/pag.-26.jpg?resize=300%2C300&amp;ssl=1 300w, https:\/\/i0.wp.com\/www.entremundos.org\/revista\/wp-content\/uploads\/2021\/04\/pag.-26.jpg?resize=150%2C150&amp;ssl=1 150w, https:\/\/i0.wp.com\/www.entremundos.org\/revista\/wp-content\/uploads\/2021\/04\/pag.-26.jpg?resize=335%2C335&amp;ssl=1 335w\" sizes=\"auto, (max-width: 191px) 100vw, 191px\" \/><\/a>Una de las tareas m\u00e1s dif\u00edciles para cualquier empredimiento es promocionarse y tener presencia en l\u00ednea. Muchos optan por redes sociales como Facebook o Instagram por la gran cantidad de usuarios que estas tienen, dejando a un lado una herramienta muy poderosa llamada Google My Business, olvidando que Google, el gigante de las b\u00fasquedas, da preferencia a los negocios que cuentan con las redes sociales de su marca (Youtube, Google Maps, Google My Business, etc.)<\/span><\/p>\n<p><b>\u00bfQu\u00e9 ventajas nos da el tener Google My Business?<\/b><\/p>\n<ol>\n<li style=\"font-weight: 400;\" aria-level=\"1\"><span style=\"font-weight: 400;\">Los primeros resultados de b\u00fasquedas en Google, suelen ser de empresas que est\u00e1n dadas de alta en Google Maps y que tienen una ficha en Google My\u00a0 Business.<\/span><\/li>\n<li style=\"font-weight: 400;\" aria-level=\"1\"><span style=\"font-weight: 400;\">En la ficha de tu negocio puedes poner desde el horario de atenci\u00f3n hasta un men\u00fa en l\u00ednea, publicar novedades, productos y ofertas de tu negocio.<\/span><\/li>\n<li style=\"font-weight: 400;\" aria-level=\"1\"><span style=\"font-weight: 400;\">Los clientes dejan sus propias rese\u00f1as, si son positivas ayudan a que otros clientes conf\u00eden en tu producto o servicio, si son negativas te ayudan a mejorar tu negocio.<\/span><\/li>\n<li style=\"font-weight: 400;\" aria-level=\"1\"><span style=\"font-weight: 400;\">Permite que los clientes suban fotograf\u00edas y\/o videos de tu negocio y productos, esto ayuda a promocionar todo lo que estas vendiendo, y recuerda que los clientes confiar\u00e1n mas en las im\u00e1genes de otros clientes y en las opiniones que dejan, que en cualquier publicidad que puedas pagar.<\/span><\/li>\n<li style=\"font-weight: 400;\" aria-level=\"1\"><span style=\"font-weight: 400;\">Puedes descubrir c\u00f3mo es que los clientes encuentran tu emprendimiento, es decir si lo hacen por medio de la ficha de Google, la ficha de Google Maps, una llamada telef\u00f3nica o una visita a tu sitio web.<\/span><\/li>\n<li style=\"font-weight: 400;\" aria-level=\"1\"><span style=\"font-weight: 400;\">Puedes conocer la ubicaci\u00f3n geogr\u00e1fica desde la cual te est\u00e1n visitando f\u00edsicamente, Google My Business te ayuda a conocer la ciudad o departamento desde el cual los clientes viajan para visitarte. Esto es una herramienta poderosa para crear campa\u00f1as de marketing exitosas.<\/span><\/li>\n<li style=\"font-weight: 400;\" aria-level=\"1\"><span style=\"font-weight: 400;\">Si por la pandemia cerraste tu negocio, podr\u00e1s informar a todos los clientes que te est\u00e9n buscando por medio de Google, de tu nueva ubicaci\u00f3n o modalidad de servicio.<\/span><\/li>\n<li style=\"font-weight: 400;\" aria-level=\"1\"><span style=\"font-weight: 400;\">Puedes mostrar a tus clientes fechas especiales en las cuales estar\u00e1s abierto, como por ejemplo d\u00edas festivos o feriados.<\/span><\/li>\n<li style=\"font-weight: 400;\" aria-level=\"1\"><span style=\"font-weight: 400;\">Google My Business tambi\u00e9n te permite crear una sencilla p\u00e1gina web que te permitir\u00e1 contactar a tus clientes y mostrarles cualquier producto servicio que est\u00e9s ofreciendo.<\/span><\/li>\n<\/ol>\n<p><b>\u00bfC\u00f3mo puedo dar de alta mi negocio en Google My Business?<\/b><\/p>\n<p><span style=\"font-weight: 400;\">Realmente es un proceso muy sencillo que puedes hacer desde una computadora, tel\u00e9fono m\u00f3vil o tablet. Basta con que tengas instalado en tu dispositivo Google Maps, y cuando est\u00e9s ubicado f\u00edsicamente en tu negocio sigas los siguientes pasos:<\/span><\/p>\n<ol>\n<li style=\"font-weight: 400;\" aria-level=\"1\"><span style=\"font-weight: 400;\">Si la ficha de tu negocio a\u00fan no existe, puedes hacer clic en la opci\u00f3n de agregar un negocio. A continuaci\u00f3n te pedir\u00e1 ciertos datos b\u00e1sicos para poder agregarlo.<\/span><\/li>\n<li style=\"font-weight: 400;\" aria-level=\"1\"><span style=\"font-weight: 400;\">No olvides agregar correctamente tu direcci\u00f3n exacta y un\u00a0 tel\u00e9fono m\u00f3vil activo, porque utilizar\u00e1 cualquiera de esos medios para verificar la propiedad de tu negocio.<\/span><\/li>\n<li style=\"font-weight: 400;\" aria-level=\"1\"><span style=\"font-weight: 400;\">Si tu negocio ya ha sido creado por alguien m\u00e1s, podr\u00e1s reclamarlo mediante dos posibles m\u00e9todos:<\/span>\n<ol>\n<li style=\"font-weight: 400;\" aria-level=\"2\"><span style=\"font-weight: 400;\">Un correo a la direcci\u00f3n f\u00edsica que registraste, tardar\u00e1 de 15 a 20 d\u00edas en llegar y adentro del sobre vendr\u00e1 un c\u00f3digo el cual deber\u00e1s de ingresar en tu ficha de Google My Business.<\/span><\/li>\n<li style=\"font-weight: 400;\" aria-level=\"2\"><span style=\"font-weight: 400;\">Si la opci\u00f3n est\u00e1 activada, podr\u00e1s verificar tu negocio por medio de un mensaje de texto al tel\u00e9fono m\u00f3vil que registraste, este ser\u00e1 inmediato y tendr\u00e1s un tiempo limitado para ingresarlo.<\/span><\/li>\n<\/ol>\n<\/li>\n<\/ol>\n<p><span style=\"font-weight: 400;\">Realmente es muy sencillo dar de alta tu negocio en Google My Business, y los beneficios son muchos y sobre todo gratuitos. \u00bfYa tiene tu negocio en Google My Business?<\/span><\/p>\n","protected":false},"excerpt":{"rendered":"<p>Por: Rosendo Castillo Una de las tareas m\u00e1s dif\u00edciles para cualquier empredimiento es promocionarse y tener presencia en l\u00ednea. Muchos optan por redes sociales como Facebook o Instagram por la gran cantidad de usuarios que estas tienen, dejando a un lado una herramienta muy poderosa llamada Google My Business, olvidando que Google, el gigante de [&hellip;]<\/p>\n","protected":false},"author":13,"featured_media":8596,"comment_status":"closed","ping_status":"closed","sticky":false,"template":"","format":"standard","meta":{"_exactmetrics_skip_tracking":false,"_exactmetrics_sitenote_active":false,"_exactmetrics_sitenote_note":"","_exactmetrics_sitenote_category":0,"jetpack_post_was_ever_published":false,"_jetpack_newsletter_access":"","_jetpack_dont_email_post_to_subs":false,"_jetpack_newsletter_tier_id":0,"_jetpack_memberships_contains_paywalled_content":false,"_jetpack_memberships_contains_paid_content":false,"footnotes":""},"categories":[454],"tags":[2964,2963,2962,2965],"class_list":["post-8595","post","type-post","status-publish","format-standard","has-post-thumbnail","hentry","category-pagetwo","tag-google-my-business","tag-herramientas-online","tag-herramientas-online-gratuitas","tag-ventajas-del-google-my-business"],"jetpack_featured_media_url":"https:\/\/i0.wp.com\/www.entremundos.org\/revista\/wp-content\/uploads\/2021\/04\/pag.-27.png?fit=1200%2C628&ssl=1","jetpack_shortlink":"https:\/\/wp.me\/p7ljt7-2eD","jetpack-related-posts":[{"id":12859,"url":"https:\/\/www.entremundos.org\/revista\/politica\/mujeres-indigenas-y-rurales-en-defensa-del-territorio-frente-al-extractivismo-en-guatemala\/","url_meta":{"origin":8595,"position":0},"title":"Mujeres ind\u00edgenas y rurales en defensa del territorio frente al extractivismo en Guatemala","author":"EntreMundos","date":"21 mayo, 2025","format":false,"excerpt":"Por Asociadas Por lo Justo (JASS) Este es un resumen de un mapeo realizado por JASS, para compartir sus an\u00e1lisis, sus luchas y los impactos en sus vidas. El objetivo es contar las luchas por el territorio frente al extractivismo en Guatemala e identificar el papel y el impacto en\u2026","rel":"","context":"En \u00abFrontPage\u00bb","block_context":{"text":"FrontPage","link":"https:\/\/www.entremundos.org\/revista\/category\/frontpage\/"},"img":{"alt_text":"","src":"https:\/\/i0.wp.com\/www.entremundos.org\/revista\/wp-content\/uploads\/2025\/05\/2-scaled.png?fit=1200%2C843&ssl=1&resize=350%2C200","width":350,"height":200,"srcset":"https:\/\/i0.wp.com\/www.entremundos.org\/revista\/wp-content\/uploads\/2025\/05\/2-scaled.png?fit=1200%2C843&ssl=1&resize=350%2C200 1x, https:\/\/i0.wp.com\/www.entremundos.org\/revista\/wp-content\/uploads\/2025\/05\/2-scaled.png?fit=1200%2C843&ssl=1&resize=525%2C300 1.5x, https:\/\/i0.wp.com\/www.entremundos.org\/revista\/wp-content\/uploads\/2025\/05\/2-scaled.png?fit=1200%2C843&ssl=1&resize=700%2C400 2x, https:\/\/i0.wp.com\/www.entremundos.org\/revista\/wp-content\/uploads\/2025\/05\/2-scaled.png?fit=1200%2C843&ssl=1&resize=1050%2C600 3x"},"classes":[]},{"id":13644,"url":"https:\/\/www.entremundos.org\/revista\/politica\/fortaleciendo-la-comunidad-desde-dentro-un-nuevo-capitulo-para-caras-alegres\/","url_meta":{"origin":8595,"position":1},"title":"Fortaleciendo la comunidad desde dentro: Un nuevo cap\u00edtulo para Caras Alegres","author":"EntreMundos","date":"4 abril, 2026","format":false,"excerpt":"POR VER\u00d3NICA DI MAGGIO Caras Alegres reabri\u00f3 sus puertas con una renovada claridad y enfoque estrat\u00e9gico. Despu\u00e9s de meses dedicados a la evaluaci\u00f3n y planificaci\u00f3n, este 2026 inicia no simplemente como un nuevo a\u00f1o operativo, sino como una expansi\u00f3n estructurada de nuestro impacto comunitario. El a\u00f1o pasado demostr\u00f3 que el\u2026","rel":"","context":"En \u00abFrontPage\u00bb","block_context":{"text":"FrontPage","link":"https:\/\/www.entremundos.org\/revista\/category\/frontpage\/"},"img":{"alt_text":"","src":"https:\/\/i0.wp.com\/www.entremundos.org\/revista\/wp-content\/uploads\/2026\/03\/633353323_1320877706749036_6826896970194983908_n.jpg?fit=1200%2C963&ssl=1&resize=350%2C200","width":350,"height":200,"srcset":"https:\/\/i0.wp.com\/www.entremundos.org\/revista\/wp-content\/uploads\/2026\/03\/633353323_1320877706749036_6826896970194983908_n.jpg?fit=1200%2C963&ssl=1&resize=350%2C200 1x, https:\/\/i0.wp.com\/www.entremundos.org\/revista\/wp-content\/uploads\/2026\/03\/633353323_1320877706749036_6826896970194983908_n.jpg?fit=1200%2C963&ssl=1&resize=525%2C300 1.5x, https:\/\/i0.wp.com\/www.entremundos.org\/revista\/wp-content\/uploads\/2026\/03\/633353323_1320877706749036_6826896970194983908_n.jpg?fit=1200%2C963&ssl=1&resize=700%2C400 2x, https:\/\/i0.wp.com\/www.entremundos.org\/revista\/wp-content\/uploads\/2026\/03\/633353323_1320877706749036_6826896970194983908_n.jpg?fit=1200%2C963&ssl=1&resize=1050%2C600 3x"},"classes":[]},{"id":12622,"url":"https:\/\/www.entremundos.org\/revista\/politica\/presupuesto-nacional-procesos-y-elementos-importantes\/","url_meta":{"origin":8595,"position":2},"title":"Presupuesto nacional; Procesos y elementos importantes","author":"EntreMundos","date":"16 enero, 2025","format":false,"excerpt":"POR YESSICA PASTOR El siguiente es un extracto de una de las conversaciones sostenidas dentro de la serie de encuentros virtuales sobre incidencia pol\u00edtica del Directorio Guatemala. A continuaci\u00f3n, la intervenci\u00f3n de Ricardo Barrientos, director ejecutivo del Instituto Centroamericano de Estudios Fiscales (ICEFI). \u00bfQu\u00e9 factores pol\u00edticos considera que influyeron en\u2026","rel":"","context":"En \u00abPol\u00edtica\u00bb","block_context":{"text":"Pol\u00edtica","link":"https:\/\/www.entremundos.org\/revista\/category\/politica\/"},"img":{"alt_text":"","src":"https:\/\/i0.wp.com\/www.entremundos.org\/revista\/wp-content\/uploads\/2025\/01\/minifi.jpg?fit=1200%2C900&ssl=1&resize=350%2C200","width":350,"height":200,"srcset":"https:\/\/i0.wp.com\/www.entremundos.org\/revista\/wp-content\/uploads\/2025\/01\/minifi.jpg?fit=1200%2C900&ssl=1&resize=350%2C200 1x, https:\/\/i0.wp.com\/www.entremundos.org\/revista\/wp-content\/uploads\/2025\/01\/minifi.jpg?fit=1200%2C900&ssl=1&resize=525%2C300 1.5x, https:\/\/i0.wp.com\/www.entremundos.org\/revista\/wp-content\/uploads\/2025\/01\/minifi.jpg?fit=1200%2C900&ssl=1&resize=700%2C400 2x, https:\/\/i0.wp.com\/www.entremundos.org\/revista\/wp-content\/uploads\/2025\/01\/minifi.jpg?fit=1200%2C900&ssl=1&resize=1050%2C600 3x"},"classes":[]},{"id":13004,"url":"https:\/\/www.entremundos.org\/revista\/politica\/la-valentia-de-elegir-nuestros-suenos\/","url_meta":{"origin":8595,"position":3},"title":"La valent\u00eda de elegir nuestros sue\u00f1os","author":"EntreMundos","date":"23 julio, 2025","format":false,"excerpt":"Por Teresa Lucas Hay t\u00e9rminos en econom\u00eda y finanzas que, aunque t\u00e9cnicos, encierran verdades profundamente humanas. Uno de ellos es el costo de oportunidad. Este concepto se refiere a todo aquello que dejamos de hacer, recibir o disfrutar cuando tomamos una decisi\u00f3n determinada. En otras palabras, cada vez que elegimos\u2026","rel":"","context":"En \u00abFrontPage\u00bb","block_context":{"text":"FrontPage","link":"https:\/\/www.entremundos.org\/revista\/category\/frontpage\/"},"img":{"alt_text":"","src":"https:\/\/i0.wp.com\/www.entremundos.org\/revista\/wp-content\/uploads\/2025\/07\/whatsapp-image-2025-06-11-at-10.12.40-pm-scaled.png?fit=675%2C1200&ssl=1&resize=350%2C200","width":350,"height":200,"srcset":"https:\/\/i0.wp.com\/www.entremundos.org\/revista\/wp-content\/uploads\/2025\/07\/whatsapp-image-2025-06-11-at-10.12.40-pm-scaled.png?fit=675%2C1200&ssl=1&resize=350%2C200 1x, https:\/\/i0.wp.com\/www.entremundos.org\/revista\/wp-content\/uploads\/2025\/07\/whatsapp-image-2025-06-11-at-10.12.40-pm-scaled.png?fit=675%2C1200&ssl=1&resize=525%2C300 1.5x"},"classes":[]},{"id":12224,"url":"https:\/\/www.entremundos.org\/revista\/mujer\/derechos-sexuales-y-reproductivos-tema-pendiente-en-guatemala\/","url_meta":{"origin":8595,"position":4},"title":"Derechos sexuales y reproductivos; tema pendiente en Guatemala","author":"EntreMundos","date":"15 julio, 2024","format":false,"excerpt":"POR EMMA G\u00d3MEZ Seg\u00fan La Organizaci\u00f3n de las Naciones Unidas de los Derechos Humanos, (ONU-DH), los derechos sexuales y reproductivos est\u00e1n relacionados con la libertad de las personas a decidir sobre su sexualidad y el ejercicio libre de la misma. Algunos derechos pueden ser; ejercer la sexualidad de manera independiente\u2026","rel":"","context":"En \u00abFrontPage\u00bb","block_context":{"text":"FrontPage","link":"https:\/\/www.entremundos.org\/revista\/category\/frontpage\/"},"img":{"alt_text":"","src":"https:\/\/i0.wp.com\/www.entremundos.org\/revista\/wp-content\/uploads\/2024\/07\/444487166_750607893953803_8829963883492089519_n.jpg?fit=1200%2C1158&ssl=1&resize=350%2C200","width":350,"height":200,"srcset":"https:\/\/i0.wp.com\/www.entremundos.org\/revista\/wp-content\/uploads\/2024\/07\/444487166_750607893953803_8829963883492089519_n.jpg?fit=1200%2C1158&ssl=1&resize=350%2C200 1x, https:\/\/i0.wp.com\/www.entremundos.org\/revista\/wp-content\/uploads\/2024\/07\/444487166_750607893953803_8829963883492089519_n.jpg?fit=1200%2C1158&ssl=1&resize=525%2C300 1.5x, https:\/\/i0.wp.com\/www.entremundos.org\/revista\/wp-content\/uploads\/2024\/07\/444487166_750607893953803_8829963883492089519_n.jpg?fit=1200%2C1158&ssl=1&resize=700%2C400 2x, https:\/\/i0.wp.com\/www.entremundos.org\/revista\/wp-content\/uploads\/2024\/07\/444487166_750607893953803_8829963883492089519_n.jpg?fit=1200%2C1158&ssl=1&resize=1050%2C600 3x"},"classes":[]},{"id":11407,"url":"https:\/\/www.entremundos.org\/revista\/politica\/del-papel-a-la-pantalla\/","url_meta":{"origin":8595,"position":5},"title":"Del papel a la pantalla","author":"EntreMundos","date":"10 noviembre, 2023","format":false,"excerpt":"POR EMMA G\u00d3MEZ Dos pa\u00edses golpeados por la corrupci\u00f3n, violaci\u00f3n de los derechos humanos, injusticias, persecuciones y despojos, por mencionar algunos de los males que tienen en com\u00fan Guatemala y El Salvador. El proyecto, Del Papel a la Pantalla, presenta dos propuestas visuales para reflexionar sobre la educaci\u00f3n sexual y\u2026","rel":"","context":"En \u00abAccion Comunitaria\u00bb","block_context":{"text":"Accion Comunitaria","link":"https:\/\/www.entremundos.org\/revista\/category\/politica\/accion-comunitaria-3\/"},"img":{"alt_text":"","src":"https:\/\/i0.wp.com\/www.entremundos.org\/revista\/wp-content\/uploads\/2023\/11\/whatsapp-image-2023-10-23-at-9.54.45-am-2.jpeg?fit=1200%2C800&ssl=1&resize=350%2C200","width":350,"height":200,"srcset":"https:\/\/i0.wp.com\/www.entremundos.org\/revista\/wp-content\/uploads\/2023\/11\/whatsapp-image-2023-10-23-at-9.54.45-am-2.jpeg?fit=1200%2C800&ssl=1&resize=350%2C200 1x, https:\/\/i0.wp.com\/www.entremundos.org\/revista\/wp-content\/uploads\/2023\/11\/whatsapp-image-2023-10-23-at-9.54.45-am-2.jpeg?fit=1200%2C800&ssl=1&resize=525%2C300 1.5x, https:\/\/i0.wp.com\/www.entremundos.org\/revista\/wp-content\/uploads\/2023\/11\/whatsapp-image-2023-10-23-at-9.54.45-am-2.jpeg?fit=1200%2C800&ssl=1&resize=700%2C400 2x, https:\/\/i0.wp.com\/www.entremundos.org\/revista\/wp-content\/uploads\/2023\/11\/whatsapp-image-2023-10-23-at-9.54.45-am-2.jpeg?fit=1200%2C800&ssl=1&resize=1050%2C600 3x"},"classes":[]}],"jetpack_sharing_enabled":true,"_links":{"self":[{"href":"https:\/\/www.entremundos.org\/revista\/wp-json\/wp\/v2\/posts\/8595","targetHints":{"allow":["GET"]}}],"collection":[{"href":"https:\/\/www.entremundos.org\/revista\/wp-json\/wp\/v2\/posts"}],"about":[{"href":"https:\/\/www.entremundos.org\/revista\/wp-json\/wp\/v2\/types\/post"}],"author":[{"embeddable":true,"href":"https:\/\/www.entremundos.org\/revista\/wp-json\/wp\/v2\/users\/13"}],"replies":[{"embeddable":true,"href":"https:\/\/www.entremundos.org\/revista\/wp-json\/wp\/v2\/comments?post=8595"}],"version-history":[{"count":3,"href":"https:\/\/www.entremundos.org\/revista\/wp-json\/wp\/v2\/posts\/8595\/revisions"}],"predecessor-version":[{"id":8612,"href":"https:\/\/www.entremundos.org\/revista\/wp-json\/wp\/v2\/posts\/8595\/revisions\/8612"}],"wp:featuredmedia":[{"embeddable":true,"href":"https:\/\/www.entremundos.org\/revista\/wp-json\/wp\/v2\/media\/8596"}],"wp:attachment":[{"href":"https:\/\/www.entremundos.org\/revista\/wp-json\/wp\/v2\/media?parent=8595"}],"wp:term":[{"taxonomy":"category","embeddable":true,"href":"https:\/\/www.entremundos.org\/revista\/wp-json\/wp\/v2\/categories?post=8595"},{"taxonomy":"post_tag","embeddable":true,"href":"https:\/\/www.entremundos.org\/revista\/wp-json\/wp\/v2\/tags?post=8595"}],"curies":[{"name":"wp","href":"https:\/\/api.w.org\/{rel}","templated":true}]}}