{"id":8724,"date":"2021-04-30T17:41:22","date_gmt":"2021-05-01T01:41:22","guid":{"rendered":"http:\/\/www.entremundos.org\/revista\/?p=8724"},"modified":"2021-05-06T09:10:13","modified_gmt":"2021-05-06T17:10:13","slug":"la-organizacion-ciudadana-base-para-la-participacion","status":"publish","type":"post","link":"https:\/\/www.entremundos.org\/revista\/politica\/la-organizacion-ciudadana-base-para-la-participacion\/","title":{"rendered":"La organizaci\u00f3n ciudadana: Base para la participaci\u00f3n."},"content":{"rendered":"<p><strong>Por: Lila Icks<\/strong><\/p>\n<p><i><span style=\"font-weight: 400;\">La Constituci\u00f3n Pol\u00edtica de la Rep\u00fablica de Guatemala art 141, reduce el concepto de ciudadano a todo guatemalteco mayor de 18 a\u00f1os, siendo este un concepto jur\u00eddico-pol\u00edtico. En un sentido m\u00e1s amplio, vi\u00e9ndolo como un concepto \u00e9tico-sociopol\u00edtico,\u00a0 <\/span><\/i><i><span style=\"font-weight: 400;\">ciudadano\/a<\/span><\/i><i><span style=\"font-weight: 400;\"> es todo <\/span><\/i><i><span style=\"font-weight: 400;\">poblador\/a.<\/span><\/i><\/p>\n<p><span style=\"font-weight: 400;\">Aunque el t\u00e9rmino \u201cciudadano\u201d <\/span><span style=\"font-weight: 400;\">en donde cabe resaltar solo el hombre era considerado como tal<\/span><span style=\"font-weight: 400;\"> viene desde la llamada cuna de la democracia (Atenas, Grecia) y dota desde a\u00f1os a.c., se ha mantenido en la historia con la evoluci\u00f3n de las sociedades, ligado al concepto de democracia y siendo este relativo al contexto, cultura y sistemas en los que se expresa. A pesar de la no existencia de un Estado universal se reconoce el rol que juegan los acuerdos y tratados internacionales para la regulaci\u00f3n de un Sistema Internacional y es en este entorno que la Libertad de Asociaci\u00f3n se reconoce <\/span><span style=\"font-weight: 400;\">como Derecho Universal y se expresa en el art. 20 de la Declaraci\u00f3n Universal de los Derechos Humanos y art. 22 del Pacto de los Derechos Civiles y Pol\u00edticos<\/span><span style=\"font-weight: 400;\">, entendi\u00e9ndose como el derecho de toda persona a asociarse con otras y organizarse para procurar fines de inter\u00e9s com\u00fan.\u00a0<\/span><\/p>\n<p><span style=\"font-weight: 400;\">La historia de la humanidad ha venido ligada a constantes luchas y conflictos, pugnas <\/span><span style=\"font-weight: 400;\">entre grupos,<\/span><span style=\"font-weight: 400;\"> regiones, Estados, sectores que como unidad primaria tienen al individuo y este como actor social responde a estructuras que se han creado para responder a grandes intereses de poder. Si damos un vistazo hac\u00eda atr\u00e1s nos damos cuenta que de manera natural la humanidad ha tendido a agruparse, organizarse para su supervivencia, aunque tambi\u00e9n podemos ver que hemos experimentado grandes periodos de violencia abrupta en donde la guerra ha sido la soluci\u00f3n de todo, pero cabe preguntarnos \u00bfla soluci\u00f3n de qu\u00e9 ha sido?.<\/span><\/p>\n<p><span style=\"font-weight: 400;\">El poder econ\u00f3mico, pol\u00edtico, social y cultural, es fabuloso cuando entendemos que el todo viene compuesto por cada una de sus partes particulares que lo fortalecen y enriquecen porque responden a contextos espec\u00edficos, pero coexisten y se interrelacionan para formar procesos que deber\u00edan ser cada vez m\u00e1s interdependientes, (no dependientes<\/span><span style=\"font-weight: 400;\">).<\/span><span style=\"font-weight: 400;\"> Esto a nivel local, nacional e internacional generando un sistema interconectado y en equilibrio. Sobre todo cuando hablamos de un sistema democr\u00e1tico como en Guatemala que se basa en la democracia representativa y participativa, \u00bfse <\/span><span style=\"font-weight: 400;\">ven expresados de estos<\/span><span style=\"font-weight: 400;\"> mecanismos en Guatemala? \u2013sin reducirlo a la \u201cacci\u00f3n\u201d <\/span><span style=\"font-weight: 400;\">superflua de votar (sin<\/span><span style=\"font-weight: 400;\"> quitarle la importancia y determinaci\u00f3n a este derecho\/obligaci\u00f3n ciudadana) o a la existencia de una ley-.<\/span><\/p>\n<p><span style=\"font-weight: 400;\">La \u201cdemocracia\u201d en Guatemala da a luz con la firma de los acuerdos de paz en 1996. Estos acuerdos responden a la necesidad de romper con la guerra como <\/span><span style=\"font-weight: 400;\">soluci\u00f3n y\u00a0 darle<\/span><span style=\"font-weight: 400;\"> fin a 36 a\u00f1os de enfrentamiento armado y salvaje. Para as\u00ed buscar otras maneras de organizaci\u00f3n social que se supone <\/span><span style=\"font-weight: 400;\">deber\u00edan ser inclusivas<\/span><span style=\"font-weight: 400;\"> hablando desde lo end\u00f3geno en donde lo local toma relevancia. La Sociedad Civil se encamina a organizarse para velar por reformas institucionales y el gobierno responde con la creaci\u00f3n del <\/span><span style=\"font-weight: 400;\">Marco Legal para la Descentralizaci\u00f3n del Estado y la Participaci\u00f3n Ciudadana.<\/span><span style=\"font-weight: 400;\">\u00a0<\/span><\/p>\n<p><span style=\"font-weight: 400;\">Esto se ve reflejado en lo que conocemos como los <\/span><span style=\"font-weight: 400;\">Consejos de Desarrollo Urbano y Rural<\/span><span style=\"font-weight: 400;\">, <\/span><span style=\"font-weight: 400;\">que permi<\/span><span style=\"font-weight: 400;\">ten a la poblaci\u00f3n organizarse de acuerdo a su sector de incidencia: nacional, regional, departamental, municipal o comunitario. A pesar de ello prevalece un Estado centralizado, excluyente, inequitativo <\/span><span style=\"font-weight: 400;\">entre otros<\/span><span style=\"font-weight: 400;\">\u2026 problemas sociales que predominan y da\u00f1an el tejido social de un pa\u00eds tan rico en recursos, cultura, gente como lo es Guatemala.\u00a0<\/span><\/p>\n<p><span style=\"font-weight: 400;\">Es por ello que la organizaci\u00f3n <\/span><span style=\"font-weight: 400;\">ciudadana \u2013responsable- es<\/span><span style=\"font-weight: 400;\"> esencial para el mantenimiento de un equilibrio<\/span><span style=\"font-weight: 400;\">. Otras formas de organizaci\u00f3n y participaci\u00f3n ciudadana<\/span><span style=\"font-weight: 400;\"> son a trav\u00e9s de la organizaci\u00f3n cooperativa, entendida como entidad colectiva o para Tarrow sin\u00f3nimo de movimientos sociales. As\u00ed por medio <\/span><span style=\"font-weight: 400;\">de la interacci\u00f3n entre actores sociales en sus estructuras<\/span><span style=\"font-weight: 400;\">, se puede lograr una mayor articulaci\u00f3n y la transformaci\u00f3n a una correlaci\u00f3n de fuerzas m\u00e1s sostenible para el desarrollo del pa\u00eds, cabe resaltar que el entorno local es ideal para la incidencia ciudadana pero conectado con la estructura del todo.<\/span><span style=\"font-weight: 400;\">\u00a0<\/span><\/p>\n<p><span style=\"font-weight: 400;\">La organizaci\u00f3n ciudadana permite una participaci\u00f3n m\u00e1s efectiva, siendo el\/la ciudadano\/a un individuo parte de una sociedad, de una colectividad que aunque este tenga intereses particulares \u2013como hecho<\/span><span style=\"font-weight: 400;\"> inherente al ser humano-, trascienda su capacidad de an\u00e1lisis, de sentimiento, de visi\u00f3n y por ende de agencia como actor social no \u00fanicamente para el bien propio pero la obtenci\u00f3n del mismo a trav\u00e9s de la b\u00fasqueda del bien com\u00fan. <\/span><\/p>\n","protected":false},"excerpt":{"rendered":"<p>Por: Lila Icks La Constituci\u00f3n Pol\u00edtica de la Rep\u00fablica de Guatemala art 141, reduce el concepto de ciudadano a todo guatemalteco mayor de 18 a\u00f1os, siendo este un concepto jur\u00eddico-pol\u00edtico. En un sentido m\u00e1s amplio, vi\u00e9ndolo como un concepto \u00e9tico-sociopol\u00edtico,\u00a0 ciudadano\/a es todo poblador\/a. Aunque el t\u00e9rmino \u201cciudadano\u201d en donde cabe resaltar solo el hombre [&hellip;]<\/p>\n","protected":false},"author":13,"featured_media":8725,"comment_status":"closed","ping_status":"closed","sticky":false,"template":"","format":"standard","meta":{"_exactmetrics_skip_tracking":false,"_exactmetrics_sitenote_active":false,"_exactmetrics_sitenote_note":"","_exactmetrics_sitenote_category":0,"jetpack_post_was_ever_published":false,"_jetpack_newsletter_access":"","_jetpack_dont_email_post_to_subs":false,"_jetpack_newsletter_tier_id":0,"_jetpack_memberships_contains_paywalled_content":false,"_jetpack_memberships_contains_paid_content":false,"footnotes":""},"categories":[452,378],"tags":[3015,3017,3014,3016],"class_list":["post-8724","post","type-post","status-publish","format-standard","has-post-thumbnail","hentry","category-frontpage","category-politica","tag-base-para-la-participacion-ciudadana","tag-incidencia-ciudadana","tag-organizacion-ciudadana","tag-participacion-ciudadana-guatemala"],"jetpack_featured_media_url":"https:\/\/i0.wp.com\/www.entremundos.org\/revista\/wp-content\/uploads\/2021\/05\/2-2.jpg?fit=1000%2C437&ssl=1","jetpack_shortlink":"https:\/\/wp.me\/p7ljt7-2gI","jetpack-related-posts":[{"id":12999,"url":"https:\/\/www.entremundos.org\/revista\/politica\/romper-el-cemento\/","url_meta":{"origin":8724,"position":0},"title":"Romper el cemento","author":"EntreMundos","date":"23 julio, 2025","format":false,"excerpt":"By Valeria Leiva La recuperaci\u00f3n de espacios verdes en la ciudad de Quetzaltenango. La ciudad de Quetzaltenango, como muchos municipios, ha sido v\u00edctima de decisiones pol\u00edticas irresponsables que han afectado el bienestar colectivo. La tala de m\u00e1s de 400 \u00e1rboles sin un plan de transici\u00f3n a largo plazo dej\u00f3 a\u2026","rel":"","context":"En \u00abAccion Comunitaria\u00bb","block_context":{"text":"Accion Comunitaria","link":"https:\/\/www.entremundos.org\/revista\/category\/politica\/accion-comunitaria-3\/"},"img":{"alt_text":"","src":"https:\/\/i0.wp.com\/www.entremundos.org\/revista\/wp-content\/uploads\/2025\/07\/despues2.jpg?fit=1200%2C900&ssl=1&resize=350%2C200","width":350,"height":200,"srcset":"https:\/\/i0.wp.com\/www.entremundos.org\/revista\/wp-content\/uploads\/2025\/07\/despues2.jpg?fit=1200%2C900&ssl=1&resize=350%2C200 1x, https:\/\/i0.wp.com\/www.entremundos.org\/revista\/wp-content\/uploads\/2025\/07\/despues2.jpg?fit=1200%2C900&ssl=1&resize=525%2C300 1.5x, https:\/\/i0.wp.com\/www.entremundos.org\/revista\/wp-content\/uploads\/2025\/07\/despues2.jpg?fit=1200%2C900&ssl=1&resize=700%2C400 2x, https:\/\/i0.wp.com\/www.entremundos.org\/revista\/wp-content\/uploads\/2025\/07\/despues2.jpg?fit=1200%2C900&ssl=1&resize=1050%2C600 3x"},"classes":[]},{"id":12038,"url":"https:\/\/www.entremundos.org\/revista\/politica\/quetzaltenango-500-anos-de-historia-desafios-y-esperanza\/","url_meta":{"origin":8724,"position":1},"title":"Quetzaltenango: 500 a\u00f1os de historia, desaf\u00edos y esperanza","author":"EntreMundos","date":"16 mayo, 2024","format":false,"excerpt":"POR SAMUEL ALVAREZ MORALES La historia de la ciudad se remonta a la \u00e9poca precolombina. Desde entonces, fue un importante centro comercial y cultural para la regi\u00f3n. Sus primeros habitantes fueron los Mam, quienes la llamar\u00edan Kulaja; los Quich\u00e9s la conquistaron y la nombraron Xelajuj No\u2019j. Finalmente, el 15 de\u2026","rel":"","context":"En \u00abFrontPage\u00bb","block_context":{"text":"FrontPage","link":"https:\/\/www.entremundos.org\/revista\/category\/frontpage\/"},"img":{"alt_text":"","src":"https:\/\/i0.wp.com\/www.entremundos.org\/revista\/wp-content\/uploads\/2024\/05\/whatsapp-image-2024-05-03-at-5.26.36-pm-scaled.jpeg?fit=632%2C1200&ssl=1&resize=350%2C200","width":350,"height":200,"srcset":"https:\/\/i0.wp.com\/www.entremundos.org\/revista\/wp-content\/uploads\/2024\/05\/whatsapp-image-2024-05-03-at-5.26.36-pm-scaled.jpeg?fit=632%2C1200&ssl=1&resize=350%2C200 1x, https:\/\/i0.wp.com\/www.entremundos.org\/revista\/wp-content\/uploads\/2024\/05\/whatsapp-image-2024-05-03-at-5.26.36-pm-scaled.jpeg?fit=632%2C1200&ssl=1&resize=525%2C300 1.5x"},"classes":[]},{"id":12859,"url":"https:\/\/www.entremundos.org\/revista\/politica\/mujeres-indigenas-y-rurales-en-defensa-del-territorio-frente-al-extractivismo-en-guatemala\/","url_meta":{"origin":8724,"position":2},"title":"Mujeres ind\u00edgenas y rurales en defensa del territorio frente al extractivismo en Guatemala","author":"EntreMundos","date":"21 mayo, 2025","format":false,"excerpt":"Por Asociadas Por lo Justo (JASS) Este es un resumen de un mapeo realizado por JASS, para compartir sus an\u00e1lisis, sus luchas y los impactos en sus vidas. El objetivo es contar las luchas por el territorio frente al extractivismo en Guatemala e identificar el papel y el impacto en\u2026","rel":"","context":"En \u00abFrontPage\u00bb","block_context":{"text":"FrontPage","link":"https:\/\/www.entremundos.org\/revista\/category\/frontpage\/"},"img":{"alt_text":"","src":"https:\/\/i0.wp.com\/www.entremundos.org\/revista\/wp-content\/uploads\/2025\/05\/2-scaled.png?fit=1200%2C843&ssl=1&resize=350%2C200","width":350,"height":200,"srcset":"https:\/\/i0.wp.com\/www.entremundos.org\/revista\/wp-content\/uploads\/2025\/05\/2-scaled.png?fit=1200%2C843&ssl=1&resize=350%2C200 1x, https:\/\/i0.wp.com\/www.entremundos.org\/revista\/wp-content\/uploads\/2025\/05\/2-scaled.png?fit=1200%2C843&ssl=1&resize=525%2C300 1.5x, https:\/\/i0.wp.com\/www.entremundos.org\/revista\/wp-content\/uploads\/2025\/05\/2-scaled.png?fit=1200%2C843&ssl=1&resize=700%2C400 2x, https:\/\/i0.wp.com\/www.entremundos.org\/revista\/wp-content\/uploads\/2025\/05\/2-scaled.png?fit=1200%2C843&ssl=1&resize=1050%2C600 3x"},"classes":[]},{"id":10833,"url":"https:\/\/www.entremundos.org\/revista\/politica\/violencia-contra-las-mujeres-dominio-masculino-en-la-politica\/","url_meta":{"origin":8724,"position":3},"title":"Violencia contra las mujeres: dominio masculino en la pol\u00edtica","author":"EntreMundos","date":"29 mayo, 2023","format":false,"excerpt":"Silvia Lilian Trujillo La violencia pol\u00edtica es sistem\u00e1tica y permanente, se produce para inhibir, ralentizar o restringir la participaci\u00f3n pol\u00edtica de mujeres, en el marco de un sistema que se resiste a aceptar su igualdad de derechos. Mientras no se trabaje para acabar con esta violencia espec\u00edfica la calidad de\u2026","rel":"","context":"En \u00abFrontPage\u00bb","block_context":{"text":"FrontPage","link":"https:\/\/www.entremundos.org\/revista\/category\/frontpage\/"},"img":{"alt_text":"","src":"https:\/\/i0.wp.com\/www.entremundos.org\/revista\/wp-content\/uploads\/2023\/05\/000_16w772-1.jpg?fit=1200%2C799&ssl=1&resize=350%2C200","width":350,"height":200,"srcset":"https:\/\/i0.wp.com\/www.entremundos.org\/revista\/wp-content\/uploads\/2023\/05\/000_16w772-1.jpg?fit=1200%2C799&ssl=1&resize=350%2C200 1x, https:\/\/i0.wp.com\/www.entremundos.org\/revista\/wp-content\/uploads\/2023\/05\/000_16w772-1.jpg?fit=1200%2C799&ssl=1&resize=525%2C300 1.5x, https:\/\/i0.wp.com\/www.entremundos.org\/revista\/wp-content\/uploads\/2023\/05\/000_16w772-1.jpg?fit=1200%2C799&ssl=1&resize=700%2C400 2x, https:\/\/i0.wp.com\/www.entremundos.org\/revista\/wp-content\/uploads\/2023\/05\/000_16w772-1.jpg?fit=1200%2C799&ssl=1&resize=1050%2C600 3x"},"classes":[]},{"id":11847,"url":"https:\/\/www.entremundos.org\/revista\/politica\/cuando-la-tierra-se-movio\/","url_meta":{"origin":8724,"position":4},"title":"Cuando la tierra se movi\u00f3","author":"EntreMundos","date":"26 marzo, 2024","format":false,"excerpt":"POR CECILIA REED Estaba profundamente dormida, unos minutos despu\u00e9s de la medianoche; cuando de repente, \u00a1mi cuerpo entr\u00f3 en modo de p\u00e1nico y me despert\u00e9! Mi cama se balanceaba vigorosamente de izquierda a derecha, y las paredes a mi alrededor se balanceaban en direcci\u00f3n opuesta a un ritmo similar. Nunca\u2026","rel":"","context":"En \u00abAccion Comunitaria\u00bb","block_context":{"text":"Accion Comunitaria","link":"https:\/\/www.entremundos.org\/revista\/category\/politica\/accion-comunitaria-3\/"},"img":{"alt_text":"","src":"https:\/\/i0.wp.com\/www.entremundos.org\/revista\/wp-content\/uploads\/2024\/03\/20240124_080747-scaled.jpg?fit=1200%2C900&ssl=1&resize=350%2C200","width":350,"height":200,"srcset":"https:\/\/i0.wp.com\/www.entremundos.org\/revista\/wp-content\/uploads\/2024\/03\/20240124_080747-scaled.jpg?fit=1200%2C900&ssl=1&resize=350%2C200 1x, https:\/\/i0.wp.com\/www.entremundos.org\/revista\/wp-content\/uploads\/2024\/03\/20240124_080747-scaled.jpg?fit=1200%2C900&ssl=1&resize=525%2C300 1.5x, https:\/\/i0.wp.com\/www.entremundos.org\/revista\/wp-content\/uploads\/2024\/03\/20240124_080747-scaled.jpg?fit=1200%2C900&ssl=1&resize=700%2C400 2x, https:\/\/i0.wp.com\/www.entremundos.org\/revista\/wp-content\/uploads\/2024\/03\/20240124_080747-scaled.jpg?fit=1200%2C900&ssl=1&resize=1050%2C600 3x"},"classes":[]},{"id":13644,"url":"https:\/\/www.entremundos.org\/revista\/politica\/fortaleciendo-la-comunidad-desde-dentro-un-nuevo-capitulo-para-caras-alegres\/","url_meta":{"origin":8724,"position":5},"title":"Fortaleciendo la comunidad desde dentro: Un nuevo cap\u00edtulo para Caras Alegres","author":"EntreMundos","date":"4 abril, 2026","format":false,"excerpt":"POR VER\u00d3NICA DI MAGGIO Caras Alegres reabri\u00f3 sus puertas con una renovada claridad y enfoque estrat\u00e9gico. Despu\u00e9s de meses dedicados a la evaluaci\u00f3n y planificaci\u00f3n, este 2026 inicia no simplemente como un nuevo a\u00f1o operativo, sino como una expansi\u00f3n estructurada de nuestro impacto comunitario. El a\u00f1o pasado demostr\u00f3 que el\u2026","rel":"","context":"En \u00abFrontPage\u00bb","block_context":{"text":"FrontPage","link":"https:\/\/www.entremundos.org\/revista\/category\/frontpage\/"},"img":{"alt_text":"","src":"https:\/\/i0.wp.com\/www.entremundos.org\/revista\/wp-content\/uploads\/2026\/03\/633353323_1320877706749036_6826896970194983908_n.jpg?fit=1200%2C963&ssl=1&resize=350%2C200","width":350,"height":200,"srcset":"https:\/\/i0.wp.com\/www.entremundos.org\/revista\/wp-content\/uploads\/2026\/03\/633353323_1320877706749036_6826896970194983908_n.jpg?fit=1200%2C963&ssl=1&resize=350%2C200 1x, https:\/\/i0.wp.com\/www.entremundos.org\/revista\/wp-content\/uploads\/2026\/03\/633353323_1320877706749036_6826896970194983908_n.jpg?fit=1200%2C963&ssl=1&resize=525%2C300 1.5x, https:\/\/i0.wp.com\/www.entremundos.org\/revista\/wp-content\/uploads\/2026\/03\/633353323_1320877706749036_6826896970194983908_n.jpg?fit=1200%2C963&ssl=1&resize=700%2C400 2x, https:\/\/i0.wp.com\/www.entremundos.org\/revista\/wp-content\/uploads\/2026\/03\/633353323_1320877706749036_6826896970194983908_n.jpg?fit=1200%2C963&ssl=1&resize=1050%2C600 3x"},"classes":[]}],"jetpack_sharing_enabled":true,"_links":{"self":[{"href":"https:\/\/www.entremundos.org\/revista\/wp-json\/wp\/v2\/posts\/8724","targetHints":{"allow":["GET"]}}],"collection":[{"href":"https:\/\/www.entremundos.org\/revista\/wp-json\/wp\/v2\/posts"}],"about":[{"href":"https:\/\/www.entremundos.org\/revista\/wp-json\/wp\/v2\/types\/post"}],"author":[{"embeddable":true,"href":"https:\/\/www.entremundos.org\/revista\/wp-json\/wp\/v2\/users\/13"}],"replies":[{"embeddable":true,"href":"https:\/\/www.entremundos.org\/revista\/wp-json\/wp\/v2\/comments?post=8724"}],"version-history":[{"count":1,"href":"https:\/\/www.entremundos.org\/revista\/wp-json\/wp\/v2\/posts\/8724\/revisions"}],"predecessor-version":[{"id":8727,"href":"https:\/\/www.entremundos.org\/revista\/wp-json\/wp\/v2\/posts\/8724\/revisions\/8727"}],"wp:featuredmedia":[{"embeddable":true,"href":"https:\/\/www.entremundos.org\/revista\/wp-json\/wp\/v2\/media\/8725"}],"wp:attachment":[{"href":"https:\/\/www.entremundos.org\/revista\/wp-json\/wp\/v2\/media?parent=8724"}],"wp:term":[{"taxonomy":"category","embeddable":true,"href":"https:\/\/www.entremundos.org\/revista\/wp-json\/wp\/v2\/categories?post=8724"},{"taxonomy":"post_tag","embeddable":true,"href":"https:\/\/www.entremundos.org\/revista\/wp-json\/wp\/v2\/tags?post=8724"}],"curies":[{"name":"wp","href":"https:\/\/api.w.org\/{rel}","templated":true}]}}