{"id":8784,"date":"2021-06-03T08:37:05","date_gmt":"2021-06-03T16:37:05","guid":{"rendered":"http:\/\/www.entremundos.org\/revista\/?p=8784"},"modified":"2021-07-01T15:28:50","modified_gmt":"2021-07-01T23:28:50","slug":"contaminacion-acustica-un-problema-de-salud-publica-en-guatemala","status":"publish","type":"post","link":"https:\/\/www.entremundos.org\/revista\/cultura\/contaminacion-acustica-un-problema-de-salud-publica-en-guatemala\/","title":{"rendered":"Contaminaci\u00f3n Ac\u00fastica: Un problema de salud p\u00fablica en Guatemala"},"content":{"rendered":"<p><b>Por: Carol Ixtabal\u00e1n y Diana Pastor<\/b><\/p>\n<p><span style=\"font-weight: 400;\">Respiramos y emitimos un sonido, caminamos y emitimos sonidos, comemos, vemos televisi\u00f3n, escuchamos m\u00fasica\u2026cualquier actividad que hagamos tendr\u00e1 como resultado la emisi\u00f3n de alg\u00fan tipo de sonido, que muchas veces puede ser desagradable y convertirse en ruido, el cual no es m\u00e1s que un sonido inarticulado, sin ritmo y armon\u00eda, o un alboroto o mezcla de sonidos que por lo general son indeseados.\u00a0<\/span><\/p>\n<p><span style=\"font-weight: 400;\">La exposici\u00f3n al ruido afecta la salud del ser humano dependiendo de su intensidad y frecuencia. Seg\u00fan la OMS (Organizaci\u00f3n Mundial de la Salud) los sonidos mayores a 55 decibeles dB (unidad de medida del sonido) ya son inadecuados para el o\u00eddo humano. La exposici\u00f3n larga y frecuente a ruidos de m\u00e1s de 65 dB puede conducir a la p\u00e9rdida auditiva gradual, y sonidos como el estallido de balas o bombas a poca distancia podr\u00edan conducir a una perdida m\u00e1s r\u00e1pida de la audici\u00f3n o producir acufenos, que es la sensaci\u00f3n de zumbido en los o\u00eddos. El l\u00edmite de tolerancia del o\u00eddo humano al sonido constante es entre 65 a 80dB y hasta un m\u00e1ximo de 85\u00a0dB durante un m\u00e1ximo\u00a0de\u00a08 horas.<\/span><\/p>\n<p><span style=\"font-weight: 400;\">Para tener referencias de la tolerancia del ruido, se exponen los siguientes ejemplos: El sonido de la respiraci\u00f3n tranquila abarca de 0 a 10 dB y el de una conversaci\u00f3n tranquila en una biblioteca ronda entre los 30dB; por lo tanto, se consideran como sonidos normales. El sonido de una discoteca est\u00e1 entre los 110 dB a 150dB, por lo cual, excede lo permitido porque el umbral de dolor ac\u00fastico es de 120 a 140 dB. En los animales el umbral es a\u00fan m\u00e1s bajo, de manera que, en las ciudades, el ruido afecta a los animales del zool\u00f3gico, y cuando el ruido se produce en las \u00e1reas rurales, afecta a los animales silvestres. Los ruidos de las actividades humanas tambi\u00e9n afectan a los animales dom\u00e9sticos que se encuentran en nuestras casas.<\/span><\/p>\n<p><span style=\"font-weight: 400;\">Lourdes Aguilar, ingeniera ambiental de Quetzaltenango, realiz\u00f3 un estudio de contaminaci\u00f3n auditiva en el a\u00f1o 2016 en el \u00e1rea del parque zool\u00f3gico de Quetzaltenango. Ella concluy\u00f3 en que, en d\u00edas normales, los niveles de ruido se manten\u00edan en promedio alrededor de los 59 dB dentro del parque, y fuera del parque llegaba hasta los 70 dB. Teniendo en cuenta que en el zool\u00f3gico se encuentran aves cuya capacidad auditiva llega a los 10 dB, el ruido interior y por supuesto, el exterior, afectan enormemente a estos animales.\u00a0<\/span><\/p>\n<h4><b>La Contaminaci\u00f3n Auditiva en Guatemala\u00a0<\/b><\/h4>\n<figure id=\"attachment_8791\" aria-describedby=\"caption-attachment-8791\" style=\"width: 300px\" class=\"wp-caption alignleft\"><a href=\"https:\/\/i0.wp.com\/www.entremundos.org\/revista\/wp-content\/uploads\/2021\/05\/cohetillos-foto-fb-marcas-de-cohetes-guatemaltecas.jpg\"><img data-recalc-dims=\"1\" loading=\"lazy\" decoding=\"async\" class=\"wp-image-8791 size-medium\" src=\"https:\/\/i0.wp.com\/www.entremundos.org\/revista\/wp-content\/uploads\/2021\/05\/cohetillos-foto-fb-marcas-de-cohetes-guatemaltecas-300x157.jpg?resize=300%2C157\" alt=\"\" width=\"300\" height=\"157\" srcset=\"https:\/\/i0.wp.com\/www.entremundos.org\/revista\/wp-content\/uploads\/2021\/05\/cohetillos-foto-fb-marcas-de-cohetes-guatemaltecas.jpg?resize=300%2C157&amp;ssl=1 300w, https:\/\/i0.wp.com\/www.entremundos.org\/revista\/wp-content\/uploads\/2021\/05\/cohetillos-foto-fb-marcas-de-cohetes-guatemaltecas.jpg?resize=1024%2C536&amp;ssl=1 1024w, https:\/\/i0.wp.com\/www.entremundos.org\/revista\/wp-content\/uploads\/2021\/05\/cohetillos-foto-fb-marcas-de-cohetes-guatemaltecas.jpg?resize=768%2C402&amp;ssl=1 768w, https:\/\/i0.wp.com\/www.entremundos.org\/revista\/wp-content\/uploads\/2021\/05\/cohetillos-foto-fb-marcas-de-cohetes-guatemaltecas.jpg?resize=1536%2C804&amp;ssl=1 1536w, https:\/\/i0.wp.com\/www.entremundos.org\/revista\/wp-content\/uploads\/2021\/05\/cohetillos-foto-fb-marcas-de-cohetes-guatemaltecas.jpg?resize=335%2C175&amp;ssl=1 335w, https:\/\/i0.wp.com\/www.entremundos.org\/revista\/wp-content\/uploads\/2021\/05\/cohetillos-foto-fb-marcas-de-cohetes-guatemaltecas.jpg?resize=1050%2C550&amp;ssl=1 1050w, https:\/\/i0.wp.com\/www.entremundos.org\/revista\/wp-content\/uploads\/2021\/05\/cohetillos-foto-fb-marcas-de-cohetes-guatemaltecas.jpg?w=1574&amp;ssl=1 1574w, https:\/\/i0.wp.com\/www.entremundos.org\/revista\/wp-content\/uploads\/2021\/05\/cohetillos-foto-fb-marcas-de-cohetes-guatemaltecas.jpg?w=1280&amp;ssl=1 1280w\" sizes=\"auto, (max-width: 300px) 100vw, 300px\" \/><\/a><figcaption id=\"caption-attachment-8791\" class=\"wp-caption-text\">Fireworks. Photo: FB Guatemalan Rocket Brands<\/figcaption><\/figure>\n<p><span style=\"font-weight: 400;\">Los niveles de ruido en las zonas m\u00e1s pobladas de Guatemala son comunes, en donde se escucha desde el ruido de las bocinas de carros hasta los tradicionales cohetillos que no faltan para celebrar alguna ocasi\u00f3n. Seg\u00fan un art\u00edculo de Prensa Libre, en las ciudades de Guatemala, la poblaci\u00f3n est\u00e1 expuesta frecuentemente a ruidos por arriba de los 100 decibeles (dB), m\u00e1s de lo recomendable que para el o\u00eddo del ser humano. Incluso se han encontrado emisiones de sonido que alcanzan hasta los 120 dB en un d\u00eda normal. Un estudio del MARN estableci\u00f3 que en la capital se pueden registrar ruidos de hasta 150 dB en las zonas 1, 8, 9, 10 y 11, es decir, m\u00e1s del doble de lo normal para el o\u00eddo.<\/span><\/p>\n<p><span style=\"font-weight: 400;\">No s\u00f3lo los cohetillos y el ruido de los autom\u00f3viles aportan a la contaminaci\u00f3n auditiva; las motos, las turbinas de los aviones despegando y aterrizando, los comerciales que atraen a la clientela con bocinas, as\u00ed como las iglesias, fiestas particulares o discotecas que ponen m\u00fasica con altos niveles de volumen, tambi\u00e9n incrementan el problema. A pesar de todo, en Guatemala no existe una ley nacional general que regule esta problem\u00e1tica; sin embargo, s\u00ed existen acuerdos municipales contra el ruido establecidos en algunos municipios. Se han realizado innumerables denuncias, pero debido a la falta de regulaci\u00f3n, no se ha podido darles un seguimiento a dichas quejas.\u00a0<\/span><\/p>\n<h4><b>El ruido en el mundo<\/b><\/h4>\n<p><span style=\"font-weight: 400;\">A nivel de pa\u00eds, ciudad de Guatemala es el municipio m\u00e1s ruidoso, seguido de Quetzaltenango. A nivel mundial, las ciudades con m\u00e1s ruido se encuentran en China, India, Egipto, Turqu\u00eda y Espa\u00f1a y a nivel de Latinoam\u00e9rica son Buenos Aires en Argentina y ciudad de M\u00e9xico las m\u00e1s contaminadas auditivamente. El ruido tiene una relaci\u00f3n directa con el estr\u00e9s en la poblaci\u00f3n; a mayor ruido, mayor liberaci\u00f3n de hormonas, aumentando as\u00ed la presi\u00f3n arterial, alterando nuestro humor, y a largo plazo, nuestro comportamiento. Incluso cuando no percibimos el ruido, \u00e9ste va a afectarnos de igual manera. Esto pasa cuando dormimos en un ambiente con ruido, alterando nuestros patrones de sue\u00f1o.<\/span><\/p>\n<figure id=\"attachment_8793\" aria-describedby=\"caption-attachment-8793\" style=\"width: 1024px\" class=\"wp-caption alignright\"><a href=\"https:\/\/i0.wp.com\/www.entremundos.org\/revista\/wp-content\/uploads\/2021\/05\/india.jpg\"><img data-recalc-dims=\"1\" loading=\"lazy\" decoding=\"async\" class=\"wp-image-8793 size-full\" src=\"https:\/\/i0.wp.com\/www.entremundos.org\/revista\/wp-content\/uploads\/2021\/05\/india.jpg?resize=640%2C480\" alt=\"\" width=\"640\" height=\"480\" srcset=\"https:\/\/i0.wp.com\/www.entremundos.org\/revista\/wp-content\/uploads\/2021\/05\/india.jpg?w=1024&amp;ssl=1 1024w, https:\/\/i0.wp.com\/www.entremundos.org\/revista\/wp-content\/uploads\/2021\/05\/india.jpg?resize=300%2C225&amp;ssl=1 300w, https:\/\/i0.wp.com\/www.entremundos.org\/revista\/wp-content\/uploads\/2021\/05\/india.jpg?resize=768%2C576&amp;ssl=1 768w, https:\/\/i0.wp.com\/www.entremundos.org\/revista\/wp-content\/uploads\/2021\/05\/india.jpg?resize=72%2C54&amp;ssl=1 72w, https:\/\/i0.wp.com\/www.entremundos.org\/revista\/wp-content\/uploads\/2021\/05\/india.jpg?resize=335%2C251&amp;ssl=1 335w\" sizes=\"auto, (max-width: 640px) 100vw, 640px\" \/><\/a><figcaption id=\"caption-attachment-8793\" class=\"wp-caption-text\">India<\/figcaption><\/figure>\n<p><span style=\"font-weight: 400;\">La alteraci\u00f3n del sue\u00f1o, causa a su vez otros problemas, ya que se interrumpe el metabolismo de la glucosa y se desregula el apetito, lo que puede desencadenar enfermedades cardiovasculares, diabetes y obesidad.<\/span> <span style=\"font-weight: 400;\">Otros efectos de la exposici\u00f3n al ruido constante pueden incluir v\u00e9rtigo, p\u00e9rdida del equilibrio, afectaci\u00f3n del sistema circulatorio, digestivo, respiratorio y endocrino, e incluso alteraciones psicopatol\u00f3gicas como el insomnio, p\u00e9rdida de la memoria, depresi\u00f3n, ansiedad, entro otros efectos.<\/span><\/p>\n<p><span style=\"font-weight: 400;\">No s\u00f3lo el ruido en el ambiente provoca efectos en nuestro organismo. El uso excesivo de aparatos electr\u00f3nicos puede provocar la p\u00e9rdida de la audici\u00f3n. En Estados Unidos, esta es la tercera enfermedad cr\u00f3nica m\u00e1s com\u00fan, lo cual es alarmante.\u00a0 Este pa\u00eds del norte, tiene un acceso total a la tecnolog\u00eda, por lo que el uso desmedido de aparatos como aud\u00edfonos y bocinas a vol\u00famenes inadecuados es com\u00fan, provocando problemas de audici\u00f3n que se van desarrollando a largo plazo hasta llegar a la deficiencia severa de la audici\u00f3n, en casos extremos.\u00a0<\/span><\/p>\n<h4><b>P\u00e9rdida de la Audici\u00f3n en Guatemala\u00a0<\/b><\/h4>\n<p>&nbsp;<\/p>\n<figure id=\"attachment_8789\" aria-describedby=\"caption-attachment-8789\" style=\"width: 300px\" class=\"wp-caption alignright\"><a href=\"https:\/\/i0.wp.com\/www.entremundos.org\/revista\/wp-content\/uploads\/2021\/05\/pngegg-1-1.png\"><img data-recalc-dims=\"1\" loading=\"lazy\" decoding=\"async\" class=\"wp-image-8789 size-medium\" src=\"https:\/\/i0.wp.com\/www.entremundos.org\/revista\/wp-content\/uploads\/2021\/05\/pngegg-1-1-300x183.png?resize=300%2C183\" alt=\"\" width=\"300\" height=\"183\" srcset=\"https:\/\/i0.wp.com\/www.entremundos.org\/revista\/wp-content\/uploads\/2021\/05\/pngegg-1-1.png?resize=300%2C183&amp;ssl=1 300w, https:\/\/i0.wp.com\/www.entremundos.org\/revista\/wp-content\/uploads\/2021\/05\/pngegg-1-1.png?resize=768%2C469&amp;ssl=1 768w, https:\/\/i0.wp.com\/www.entremundos.org\/revista\/wp-content\/uploads\/2021\/05\/pngegg-1-1.png?resize=335%2C205&amp;ssl=1 335w, https:\/\/i0.wp.com\/www.entremundos.org\/revista\/wp-content\/uploads\/2021\/05\/pngegg-1-1.png?w=1000&amp;ssl=1 1000w\" sizes=\"auto, (max-width: 300px) 100vw, 300px\" \/><\/a><figcaption id=\"caption-attachment-8789\" class=\"wp-caption-text\">Las celulas pilosas, en la c\u00f3clea, cumplen una funci\u00f3n importante para \u201cprocesar el sonido\u201d.<br \/>Cuando est\u00e1n expuestas a ruidos fuertes de forma permanente, pueden da\u00f1arse de por vida, porque<br \/>a diferencia de los animales, \u00e9stas nose regeneran en los humanos. Es comosi caminara por el pasto<br \/>una y otra vez sin descanso; despu\u00e9s de un tiempo, \u00e9ste se quedar\u00e1 aplastado permanentemente.<\/figcaption><\/figure>\n<p><span style=\"font-weight: 400;\">En Guatemala se tiene poca informaci\u00f3n y poco precisa sobre las poblaciones que padecen de sordera. Ana Beatriz Su\u00e1rez, int\u00e9rprete de lengua de se\u00f1as expone la siguiente informaci\u00f3n en el blog del sitio de Gibson Research Consultancy: (<\/span><a href=\"https:\/\/www.grc-salud.com\/blog\/comunidad-sorda-y-acceso-a-la-salud\"><span style=\"font-weight: 400;\">La comunidad sorda y el acceso a la salud en Guatemala \u2014 GRC-Salud<\/span><\/a><span style=\"font-weight: 400;\">)<\/span><\/p>\n<p><i><span style=\"font-weight: 400;\">En 2016, se realiz\u00f3 la II Encuesta Nacional de Discapacidad en Guatemala (ENDIS 2016), la cual presenta informaci\u00f3n m\u00e1s espec\u00edfica al respecto. El informe indica que la prevalencia general de discapacidad en los participantes fue de 10.2 %; y que el 31 % de todos los hogares en Guatemala inclu\u00edan al menos una persona con discapacidad. Este informe tambi\u00e9n indica que el estimado de prevalencia (combinado) de personas con deficiencia de la audici\u00f3n fue del 4.0 % en adultos mayores de 18 a\u00f1os, y del 0.6 % en ni\u00f1os y ni\u00f1as entre 2 y 17 a\u00f1os. Otro dato que arroj\u00f3 la encuesta fue la prevalencia cl\u00ednica de la deficiencia auditiva, siendo esta de 2.4 %; distribuy\u00e9ndose en moderada (38 %), severa (35 %) y sordera profunda (27 %).<\/span><\/i><\/p>\n<h4><b>D\u00eda Mundial de la Contaminaci\u00f3n Auditiva<\/b><\/h4>\n<p><span style=\"font-weight: 400;\">Debido a que con el tiempo han ido incrementando los problemas de la escucha, el 12 de abril se celebra el d\u00eda mundial de la contaminaci\u00f3n ac\u00fastica, <\/span><span style=\"font-weight: 400;\">establecido en 1996 por el Centro de Audici\u00f3n y Comunicaci\u00f3n (CHC)<\/span><span style=\"font-weight: 400;\">, <\/span><span style=\"font-weight: 400;\">el cual tiene como fin hacer conciencia a la poblaci\u00f3n mundial de los riesgos y problemas a la salud que se derivan de este tipo de contaminaci\u00f3n. Este d\u00eda tambi\u00e9n tiene como objetivo motivar a la poblaci\u00f3n a mantener mejores h\u00e1bitos o pr\u00e1cticas diarias en las diferentes actividades que se realizan, pues la p\u00e9rdida auditiva es un problema irreversible. Desde EntreMundos esperamos que, con el tiempo, m\u00e1s personas est\u00e1n conscientes y dispuestas a reducir este \u201cproblema invisible\u201d de salud p\u00fablica.<\/span><\/p>\n<h4 style=\"text-align: center;\"><b>Algunos de los ruidos m\u00e1s peligrosos (valores aproximados)<\/b><\/h4>\n<p style=\"text-align: center;\"><span style=\"font-weight: 400;\">La m\u00fasica de fiestas o iglesias produce de 80 a 100 dB.<\/span><\/p>\n<p style=\"text-align: center;\"><span style=\"font-weight: 400;\">Los camiones, de 115 a 130 dB.<\/span><\/p>\n<p style=\"text-align: center;\"><span style=\"font-weight: 400;\">Las\u00a0discotecas emiten de 110 a m\u00e1s dB.<\/span><\/p>\n<p style=\"text-align: center;\"><span style=\"font-weight: 400;\">Los cohetillos (si estallan cerca) 120 dB o m\u00e1s.\u00a0<\/span><\/p>\n<p style=\"text-align: center;\"><span style=\"font-weight: 400;\">Las turbinas de aviones 120 dB o m\u00e1s.<\/span><\/p>\n<p style=\"text-align: center;\"><span style=\"font-weight: 400;\">Una moto puede emitir 88 dB<\/span><\/p>\n","protected":false},"excerpt":{"rendered":"<p>Por: Carol Ixtabal\u00e1n y Diana Pastor Respiramos y emitimos un sonido, caminamos y emitimos sonidos, comemos, vemos televisi\u00f3n, escuchamos m\u00fasica\u2026cualquier actividad que hagamos tendr\u00e1 como resultado la emisi\u00f3n de alg\u00fan tipo de sonido, que muchas veces puede ser desagradable y convertirse en ruido, el cual no es m\u00e1s que un sonido inarticulado, sin ritmo y [&hellip;]<\/p>\n","protected":false},"author":13,"featured_media":8787,"comment_status":"closed","ping_status":"closed","sticky":false,"template":"","format":"standard","meta":{"_exactmetrics_skip_tracking":false,"_exactmetrics_sitenote_active":false,"_exactmetrics_sitenote_note":"","_exactmetrics_sitenote_category":0,"jetpack_post_was_ever_published":false,"_jetpack_newsletter_access":"","_jetpack_dont_email_post_to_subs":false,"_jetpack_newsletter_tier_id":0,"_jetpack_memberships_contains_paywalled_content":false,"_jetpack_memberships_contains_paid_content":false,"footnotes":""},"categories":[388,1772],"tags":[3044,3045,3048,3047,3046,3049],"class_list":["post-8784","post","type-post","status-publish","format-standard","has-post-thumbnail","hentry","category-cultura","category-situacion-social","tag-contaminacion-acustica","tag-contaminacion-auditiva-en-guatemala","tag-dia-mundial-de-la-contaminacion-auditiva","tag-perdida-de-la-audicion-en-guatemala","tag-ruido-en-el-mundo","tag-ruidos-mas-peligrosos"],"jetpack_featured_media_url":"https:\/\/i0.wp.com\/www.entremundos.org\/revista\/wp-content\/uploads\/2021\/05\/ciudad-de-guatemala.-foto-flickr-un-women.jpg?fit=799%2C544&ssl=1","jetpack_shortlink":"https:\/\/wp.me\/p7ljt7-2hG","jetpack-related-posts":[{"id":12224,"url":"https:\/\/www.entremundos.org\/revista\/mujer\/derechos-sexuales-y-reproductivos-tema-pendiente-en-guatemala\/","url_meta":{"origin":8784,"position":0},"title":"Derechos sexuales y reproductivos; tema pendiente en Guatemala","author":"EntreMundos","date":"15 julio, 2024","format":false,"excerpt":"POR EMMA G\u00d3MEZ Seg\u00fan La Organizaci\u00f3n de las Naciones Unidas de los Derechos Humanos, (ONU-DH), los derechos sexuales y reproductivos est\u00e1n relacionados con la libertad de las personas a decidir sobre su sexualidad y el ejercicio libre de la misma. Algunos derechos pueden ser; ejercer la sexualidad de manera independiente\u2026","rel":"","context":"En \u00abFrontPage\u00bb","block_context":{"text":"FrontPage","link":"https:\/\/www.entremundos.org\/revista\/category\/frontpage\/"},"img":{"alt_text":"","src":"https:\/\/i0.wp.com\/www.entremundos.org\/revista\/wp-content\/uploads\/2024\/07\/444487166_750607893953803_8829963883492089519_n.jpg?fit=1200%2C1158&ssl=1&resize=350%2C200","width":350,"height":200,"srcset":"https:\/\/i0.wp.com\/www.entremundos.org\/revista\/wp-content\/uploads\/2024\/07\/444487166_750607893953803_8829963883492089519_n.jpg?fit=1200%2C1158&ssl=1&resize=350%2C200 1x, https:\/\/i0.wp.com\/www.entremundos.org\/revista\/wp-content\/uploads\/2024\/07\/444487166_750607893953803_8829963883492089519_n.jpg?fit=1200%2C1158&ssl=1&resize=525%2C300 1.5x, https:\/\/i0.wp.com\/www.entremundos.org\/revista\/wp-content\/uploads\/2024\/07\/444487166_750607893953803_8829963883492089519_n.jpg?fit=1200%2C1158&ssl=1&resize=700%2C400 2x, https:\/\/i0.wp.com\/www.entremundos.org\/revista\/wp-content\/uploads\/2024\/07\/444487166_750607893953803_8829963883492089519_n.jpg?fit=1200%2C1158&ssl=1&resize=1050%2C600 3x"},"classes":[]},{"id":13014,"url":"https:\/\/www.entremundos.org\/revista\/politica\/donar-no-es-negociar\/","url_meta":{"origin":8784,"position":1},"title":"Donar no es negociar","author":"EntreMundos","date":"30 julio, 2025","format":false,"excerpt":"Donar no es negociar Por Lisseth Santos De acuerdo a lo que se conoce respecto a la donaci\u00f3n, esta se refiere a una forma voluntaria de dar sin recibir nada a cambio. Sin embargo, el modelo\u00a0 econ\u00f3mico capitalista, en su fase neoliberal, ha convertido a la salud en un negocio\u2026","rel":"","context":"En \u00abFrontPage\u00bb","block_context":{"text":"FrontPage","link":"https:\/\/www.entremundos.org\/revista\/category\/frontpage\/"},"img":{"alt_text":"","src":"https:\/\/i0.wp.com\/www.entremundos.org\/revista\/wp-content\/uploads\/2025\/07\/20250702_150242-scaled.jpg?fit=1200%2C900&ssl=1&resize=350%2C200","width":350,"height":200,"srcset":"https:\/\/i0.wp.com\/www.entremundos.org\/revista\/wp-content\/uploads\/2025\/07\/20250702_150242-scaled.jpg?fit=1200%2C900&ssl=1&resize=350%2C200 1x, https:\/\/i0.wp.com\/www.entremundos.org\/revista\/wp-content\/uploads\/2025\/07\/20250702_150242-scaled.jpg?fit=1200%2C900&ssl=1&resize=525%2C300 1.5x, https:\/\/i0.wp.com\/www.entremundos.org\/revista\/wp-content\/uploads\/2025\/07\/20250702_150242-scaled.jpg?fit=1200%2C900&ssl=1&resize=700%2C400 2x, https:\/\/i0.wp.com\/www.entremundos.org\/revista\/wp-content\/uploads\/2025\/07\/20250702_150242-scaled.jpg?fit=1200%2C900&ssl=1&resize=1050%2C600 3x"},"classes":[]},{"id":13646,"url":"https:\/\/www.entremundos.org\/revista\/politica\/14-horas-en-la-emergencia-del-san-juan\/","url_meta":{"origin":8784,"position":2},"title":"14 Horas en la emergencia del San Juan","author":"EntreMundos","date":"4 abril, 2026","format":false,"excerpt":"POR JOS\u00c9 RUB\u00c9N ZAMORA A continuaci\u00f3n, un relato vivido el lunes 30 de diciembre de 2025, el experimentado y eficaz m\u00e9dico de Mariscal Zavala y Matamoros tuvo la deferencia de pasar a visitarme y preguntar por mi salud. A grandes rasgos le describ\u00ed la evoluci\u00f3n de mis achaques y c\u00f3mo\u2026","rel":"","context":"En \u00abFrontPage\u00bb","block_context":{"text":"FrontPage","link":"https:\/\/www.entremundos.org\/revista\/category\/frontpage\/"},"img":{"alt_text":"","src":"https:\/\/i0.wp.com\/www.entremundos.org\/revista\/wp-content\/uploads\/2026\/03\/634915345_122122712199038307_404958608411572897_n.jpg?fit=1200%2C802&ssl=1&resize=350%2C200","width":350,"height":200,"srcset":"https:\/\/i0.wp.com\/www.entremundos.org\/revista\/wp-content\/uploads\/2026\/03\/634915345_122122712199038307_404958608411572897_n.jpg?fit=1200%2C802&ssl=1&resize=350%2C200 1x, https:\/\/i0.wp.com\/www.entremundos.org\/revista\/wp-content\/uploads\/2026\/03\/634915345_122122712199038307_404958608411572897_n.jpg?fit=1200%2C802&ssl=1&resize=525%2C300 1.5x, https:\/\/i0.wp.com\/www.entremundos.org\/revista\/wp-content\/uploads\/2026\/03\/634915345_122122712199038307_404958608411572897_n.jpg?fit=1200%2C802&ssl=1&resize=700%2C400 2x, https:\/\/i0.wp.com\/www.entremundos.org\/revista\/wp-content\/uploads\/2026\/03\/634915345_122122712199038307_404958608411572897_n.jpg?fit=1200%2C802&ssl=1&resize=1050%2C600 3x"},"classes":[]},{"id":11083,"url":"https:\/\/www.entremundos.org\/revista\/medio-ambiente\/sin-abejas-no-hay-vida\/","url_meta":{"origin":8784,"position":3},"title":"Sin abejas no hay vida","author":"EntreMundos","date":"20 julio, 2023","format":false,"excerpt":"Ma\u00edz de Vida\u00a0 \u00bfSab\u00edas que a nivel global existen m\u00e1s de 20 mil especies de abejas? Su vida es fundamental para los ecosistemas y la producci\u00f3n de alimentos. Sab\u00edas que una abeja vive menos de 40 d\u00edas, visita al menos 1000 flores y produce menos de una cucharadita de miel,\u2026","rel":"","context":"En \u00abAccion Comunitaria\u00bb","block_context":{"text":"Accion Comunitaria","link":"https:\/\/www.entremundos.org\/revista\/category\/politica\/accion-comunitaria-3\/"},"img":{"alt_text":"","src":"https:\/\/i0.wp.com\/www.entremundos.org\/revista\/wp-content\/uploads\/2023\/07\/a6d4e38f-ec55-4772-bcd2-36fc346e048c-1.jpg?fit=901%2C1200&ssl=1&resize=350%2C200","width":350,"height":200,"srcset":"https:\/\/i0.wp.com\/www.entremundos.org\/revista\/wp-content\/uploads\/2023\/07\/a6d4e38f-ec55-4772-bcd2-36fc346e048c-1.jpg?fit=901%2C1200&ssl=1&resize=350%2C200 1x, https:\/\/i0.wp.com\/www.entremundos.org\/revista\/wp-content\/uploads\/2023\/07\/a6d4e38f-ec55-4772-bcd2-36fc346e048c-1.jpg?fit=901%2C1200&ssl=1&resize=525%2C300 1.5x, https:\/\/i0.wp.com\/www.entremundos.org\/revista\/wp-content\/uploads\/2023\/07\/a6d4e38f-ec55-4772-bcd2-36fc346e048c-1.jpg?fit=901%2C1200&ssl=1&resize=700%2C400 2x"},"classes":[]},{"id":12734,"url":"https:\/\/www.entremundos.org\/revista\/politica\/deportacion-desinformacion-y-desafio-el-impacto-global-de-la-agenda-migratoria-de-trump\/","url_meta":{"origin":8784,"position":4},"title":"Deportaci\u00f3n, desinformaci\u00f3n y desaf\u00edo: El impacto global de la agenda migratoria de Trump","author":"EntreMundos","date":"17 marzo, 2025","format":false,"excerpt":"POR PATRICIA SCHWARTZ Unas 60 personas se sientan en un c\u00edrculo de sillas plegables un jueves por la noche en Tucson, Arizona, una ciudad estadounidense a una hora de la frontera con M\u00e9xico. La reuni\u00f3n semanal de la Coalici\u00f3n de Derechos Humanos se lleva a cabo en gran parte, en\u2026","rel":"","context":"En \u00abFrontPage\u00bb","block_context":{"text":"FrontPage","link":"https:\/\/www.entremundos.org\/revista\/category\/frontpage\/"},"img":{"alt_text":"","src":"https:\/\/i0.wp.com\/www.entremundos.org\/revista\/wp-content\/uploads\/2025\/03\/475088469_3067398756762538_3045668992826805668_n.jpg?fit=1100%2C666&ssl=1&resize=350%2C200","width":350,"height":200,"srcset":"https:\/\/i0.wp.com\/www.entremundos.org\/revista\/wp-content\/uploads\/2025\/03\/475088469_3067398756762538_3045668992826805668_n.jpg?fit=1100%2C666&ssl=1&resize=350%2C200 1x, https:\/\/i0.wp.com\/www.entremundos.org\/revista\/wp-content\/uploads\/2025\/03\/475088469_3067398756762538_3045668992826805668_n.jpg?fit=1100%2C666&ssl=1&resize=525%2C300 1.5x, https:\/\/i0.wp.com\/www.entremundos.org\/revista\/wp-content\/uploads\/2025\/03\/475088469_3067398756762538_3045668992826805668_n.jpg?fit=1100%2C666&ssl=1&resize=700%2C400 2x, https:\/\/i0.wp.com\/www.entremundos.org\/revista\/wp-content\/uploads\/2025\/03\/475088469_3067398756762538_3045668992826805668_n.jpg?fit=1100%2C666&ssl=1&resize=1050%2C600 3x"},"classes":[]},{"id":13250,"url":"https:\/\/www.entremundos.org\/revista\/politica\/pymes-migracion-y-el-reto-de-la-informalidad-en-guatemala-una-economia-que-resiste-desde-abajo\/","url_meta":{"origin":8784,"position":5},"title":"PYMES, migraci\u00f3n y el reto de la informalidad en Guatemala: Una econom\u00eda que resiste desde abajo","author":"EntreMundos","date":"17 septiembre, 2025","format":false,"excerpt":"Por Alexander Castillo Este art\u00edculo analiza el papel crucial que juegan las Peque\u00f1as y Medianas Empresas (PYMES) y la migraci\u00f3n en la econom\u00eda guatemalteca. Con base en datos actuales, se resalta que m\u00e1s del 90\u202f% de las empresas del pa\u00eds son peque\u00f1as o medianas, y que las remesas representan cerca\u2026","rel":"","context":"En \u00abFrontPage\u00bb","block_context":{"text":"FrontPage","link":"https:\/\/www.entremundos.org\/revista\/category\/frontpage\/"},"img":{"alt_text":"","src":"","width":0,"height":0},"classes":[]}],"jetpack_sharing_enabled":true,"_links":{"self":[{"href":"https:\/\/www.entremundos.org\/revista\/wp-json\/wp\/v2\/posts\/8784","targetHints":{"allow":["GET"]}}],"collection":[{"href":"https:\/\/www.entremundos.org\/revista\/wp-json\/wp\/v2\/posts"}],"about":[{"href":"https:\/\/www.entremundos.org\/revista\/wp-json\/wp\/v2\/types\/post"}],"author":[{"embeddable":true,"href":"https:\/\/www.entremundos.org\/revista\/wp-json\/wp\/v2\/users\/13"}],"replies":[{"embeddable":true,"href":"https:\/\/www.entremundos.org\/revista\/wp-json\/wp\/v2\/comments?post=8784"}],"version-history":[{"count":2,"href":"https:\/\/www.entremundos.org\/revista\/wp-json\/wp\/v2\/posts\/8784\/revisions"}],"predecessor-version":[{"id":8796,"href":"https:\/\/www.entremundos.org\/revista\/wp-json\/wp\/v2\/posts\/8784\/revisions\/8796"}],"wp:featuredmedia":[{"embeddable":true,"href":"https:\/\/www.entremundos.org\/revista\/wp-json\/wp\/v2\/media\/8787"}],"wp:attachment":[{"href":"https:\/\/www.entremundos.org\/revista\/wp-json\/wp\/v2\/media?parent=8784"}],"wp:term":[{"taxonomy":"category","embeddable":true,"href":"https:\/\/www.entremundos.org\/revista\/wp-json\/wp\/v2\/categories?post=8784"},{"taxonomy":"post_tag","embeddable":true,"href":"https:\/\/www.entremundos.org\/revista\/wp-json\/wp\/v2\/tags?post=8784"}],"curies":[{"name":"wp","href":"https:\/\/api.w.org\/{rel}","templated":true}]}}