{"id":8802,"date":"2021-06-27T09:01:00","date_gmt":"2021-06-27T17:01:00","guid":{"rendered":"http:\/\/www.entremundos.org\/revista\/?p=8802"},"modified":"2021-07-01T15:21:12","modified_gmt":"2021-07-01T23:21:12","slug":"podcast-radio-entremundos-tercera-emision","status":"publish","type":"post","link":"https:\/\/www.entremundos.org\/revista\/multimedia\/podcast-radio-entremundos-tercera-emision\/","title":{"rendered":"Podcast: Radio EntreMundos &#8211; Tercera Emisi\u00f3n"},"content":{"rendered":"\n<p>\u00a1Escucha nuestro podcast con interesantes temas desde la comodidad de tu casa!  En esta tercera edici\u00f3n hablaremos del veganismo, de lo que (a prop\u00f3sito de el pr\u00f3ximo 15 de septiembre) se podr\u00eda hacer con el dinero de los parques bicentenarios y tendremos una entrevista con Felipe Sarti, un psic\u00f3logo social comunitario quien tiene mucho que compartir.  \u00a1Gracias por seguirnos!<\/p>\n\n\n<audio class=\"wp-audio-shortcode\" id=\"audio-8802-1\" preload=\"none\" style=\"width: 100%;\" controls=\"controls\"><source type=\"audio\/mpeg\" src=\"https:\/\/archive.org\/download\/radio-entremundos-edicion-mayo-junio-2021\/radio-entremundos-edicion-mayo-junio-002.mp3?_=1\" \/><a href=\"https:\/\/archive.org\/download\/radio-entremundos-edicion-mayo-junio-2021\/radio-entremundos-edicion-mayo-junio-002.mp3\">https:\/\/archive.org\/download\/radio-entremundos-edicion-mayo-junio-2021\/radio-entremundos-edicion-mayo-junio-002.mp3<\/a><\/audio>\n\n\n<p><em>Musica:&nbsp;<a href=\"http:\/\/dig.ccmixter.org\/files\/DoKashiteru\/19795\">Maybe<\/a>&nbsp;by DoKashiteru (c) copyright 2009 Licensed under a Creative Commons&nbsp;<a href=\"http:\/\/creativecommons.org\/licenses\/by-nc\/3.0\/\">Attribution Noncommercial (3.0)<\/a>&nbsp;license. Ft: AlexBeroza<\/em><\/p>\n","protected":false},"excerpt":{"rendered":"<p>\u00a1Escucha nuestro podcast con interesantes temas desde la comodidad de tu casa! En esta tercera edici\u00f3n hablaremos del veganismo, de lo que (a prop\u00f3sito de el pr\u00f3ximo 15 de septiembre) se podr\u00eda hacer con el dinero de los parques bicentenarios y tendremos una entrevista con Felipe Sarti, un psic\u00f3logo social comunitario quien tiene mucho que [&hellip;]<\/p>\n","protected":false},"author":24,"featured_media":8803,"comment_status":"closed","ping_status":"closed","sticky":false,"template":"","format":"audio","meta":{"_exactmetrics_skip_tracking":false,"_exactmetrics_sitenote_active":false,"_exactmetrics_sitenote_note":"","_exactmetrics_sitenote_category":0,"jetpack_post_was_ever_published":false,"_jetpack_newsletter_access":"","_jetpack_dont_email_post_to_subs":false,"_jetpack_newsletter_tier_id":0,"_jetpack_memberships_contains_paywalled_content":false,"_jetpack_memberships_contains_paid_content":false,"footnotes":""},"categories":[392],"tags":[2914,648,657,2969],"class_list":["post-8802","post","type-post","status-publish","format-audio","has-post-thumbnail","hentry","category-multimedia","tag-podcasts-revista-entremundos","tag-radio","tag-radio-comunitaria","tag-radio-entremundos","post_format-post-format-audio"],"jetpack_featured_media_url":"https:\/\/i0.wp.com\/www.entremundos.org\/revista\/wp-content\/uploads\/2021\/05\/mundito-reading-nook-compressed.jpeg?fit=1920%2C1440&ssl=1","jetpack_shortlink":"https:\/\/wp.me\/p7ljt7-2hY","jetpack-related-posts":[{"id":8560,"url":"https:\/\/www.entremundos.org\/revista\/frontpage-en\/entremundos-is-now-in-audio-on-the-year-of-our-20th-anniversary-we-launch-our-podcast-project\/?lang=en","url_meta":{"origin":8802,"position":0},"title":"EntreMundos is now in audio!  On the year of our 20th anniversary, we launch our podcast project","author":"Majo Recinos","date":"1 abril, 2021","format":false,"excerpt":"Working for the past 20 years on this magazine, we\u2019ve realized that time generates inevitable changes.\u00a0 On occasion, these changes have allowed us to re-invent ourselves and improve our work, but they have also brought us difficulties to continue as an independent media source in a world that generally consumes\u2026","rel":"","context":"En \u00abFrontPage\u00bb","block_context":{"text":"FrontPage","link":"https:\/\/www.entremundos.org\/revista\/category\/frontpage-en\/?lang=en"},"img":{"alt_text":"","src":"https:\/\/i0.wp.com\/www.entremundos.org\/revista\/wp-content\/uploads\/2021\/04\/pag.-20.jpg?fit=597%2C334&ssl=1&resize=350%2C200","width":350,"height":200,"srcset":"https:\/\/i0.wp.com\/www.entremundos.org\/revista\/wp-content\/uploads\/2021\/04\/pag.-20.jpg?fit=597%2C334&ssl=1&resize=350%2C200 1x, https:\/\/i0.wp.com\/www.entremundos.org\/revista\/wp-content\/uploads\/2021\/04\/pag.-20.jpg?fit=597%2C334&ssl=1&resize=525%2C300 1.5x"},"classes":[]},{"id":9435,"url":"https:\/\/www.entremundos.org\/revista\/frontpage-en\/whats-in-the-5th-edition-of-radio-entremundos-celebrating-20-years-of-community-service\/?lang=en","url_meta":{"origin":8802,"position":1},"title":"What\u2019s in the 5th Edition of Radio EntreMundos | Celebrating 20 Years of Community Service:","author":"EntreMundos","date":"25 diciembre, 2021","format":false,"excerpt":"On the occasion of our 20th Anniversary, EntreMundos will be presenting its team, who contribute\u00a0 their time, talent and heart to advance human rights and development in Guatemala.\u00a0 In this 5th edition of Radio EntreMundos you\u2019ll hear reflections from both our current staff members and volunteers.\u00a0 Also, in observance of\u2026","rel":"","context":"En \u00abFrontPage\u00bb","block_context":{"text":"FrontPage","link":"https:\/\/www.entremundos.org\/revista\/category\/frontpage-en\/?lang=en"},"img":{"alt_text":"","src":"https:\/\/i0.wp.com\/www.entremundos.org\/revista\/wp-content\/uploads\/2021\/11\/em-20-anyos-min-scaled.jpeg?fit=1200%2C900&ssl=1&resize=350%2C200","width":350,"height":200,"srcset":"https:\/\/i0.wp.com\/www.entremundos.org\/revista\/wp-content\/uploads\/2021\/11\/em-20-anyos-min-scaled.jpeg?fit=1200%2C900&ssl=1&resize=350%2C200 1x, https:\/\/i0.wp.com\/www.entremundos.org\/revista\/wp-content\/uploads\/2021\/11\/em-20-anyos-min-scaled.jpeg?fit=1200%2C900&ssl=1&resize=525%2C300 1.5x, https:\/\/i0.wp.com\/www.entremundos.org\/revista\/wp-content\/uploads\/2021\/11\/em-20-anyos-min-scaled.jpeg?fit=1200%2C900&ssl=1&resize=700%2C400 2x, https:\/\/i0.wp.com\/www.entremundos.org\/revista\/wp-content\/uploads\/2021\/11\/em-20-anyos-min-scaled.jpeg?fit=1200%2C900&ssl=1&resize=1050%2C600 3x"},"classes":[]},{"id":9843,"url":"https:\/\/www.entremundos.org\/revista\/women\/hello-nice-to-meet-you\/?lang=en","url_meta":{"origin":8802,"position":2},"title":"Hello, nice to meet you!","author":"EntreMundos","date":"18 mayo, 2022","format":false,"excerpt":"My name is Mar\u00eda Jos\u00e9 Longo Bautista. Starting in May I will be coordinating EntreMundos Magazine, which is a reason or maybe an excuse for you to get to know me, so I think it's only appropriate that I introduce myself to the readers' community. I enjoy eating chocolates, reading,\u2026","rel":"","context":"En \u00abFrontPage\u00bb","block_context":{"text":"FrontPage","link":"https:\/\/www.entremundos.org\/revista\/category\/frontpage-en\/?lang=en"},"img":{"alt_text":"","src":"https:\/\/i0.wp.com\/www.entremundos.org\/revista\/wp-content\/uploads\/2022\/05\/whatsapp-image-2022-05-10-at-2.35.25-pm-1024x768.jpeg?resize=350%2C200&ssl=1","width":350,"height":200,"srcset":"https:\/\/i0.wp.com\/www.entremundos.org\/revista\/wp-content\/uploads\/2022\/05\/whatsapp-image-2022-05-10-at-2.35.25-pm-1024x768.jpeg?resize=350%2C200&ssl=1 1x, https:\/\/i0.wp.com\/www.entremundos.org\/revista\/wp-content\/uploads\/2022\/05\/whatsapp-image-2022-05-10-at-2.35.25-pm-1024x768.jpeg?resize=525%2C300&ssl=1 1.5x, https:\/\/i0.wp.com\/www.entremundos.org\/revista\/wp-content\/uploads\/2022\/05\/whatsapp-image-2022-05-10-at-2.35.25-pm-1024x768.jpeg?resize=700%2C400&ssl=1 2x"},"classes":[]},{"id":6252,"url":"https:\/\/www.entremundos.org\/revista\/politics\/community-action-en-2\/6252\/?lang=en","url_meta":{"origin":8802,"position":3},"title":"Call for Indigenous Writers of Mexico and Central America","author":"EntreMundos","date":"28 junio, 2020","format":false,"excerpt":"Are you passionate about writing? Do you want to share your opinions on matters that affect your Indigenous community in Mexico and Central America? Do you think that your elected officials are doing good things for Indigenous Peoples in your country? Do you think that Indigenous Peoples are migrating because\u2026","rel":"","context":"En \u00abCine\u00bb","block_context":{"text":"Cine","link":"https:\/\/www.entremundos.org\/revista\/category\/cine\/"},"img":{"alt_text":"","src":"https:\/\/i0.wp.com\/www.entremundos.org\/revista\/wp-content\/uploads\/2019\/12\/convocatoria-1.png?fit=1200%2C675&ssl=1&resize=350%2C200","width":350,"height":200,"srcset":"https:\/\/i0.wp.com\/www.entremundos.org\/revista\/wp-content\/uploads\/2019\/12\/convocatoria-1.png?fit=1200%2C675&ssl=1&resize=350%2C200 1x, https:\/\/i0.wp.com\/www.entremundos.org\/revista\/wp-content\/uploads\/2019\/12\/convocatoria-1.png?fit=1200%2C675&ssl=1&resize=525%2C300 1.5x, https:\/\/i0.wp.com\/www.entremundos.org\/revista\/wp-content\/uploads\/2019\/12\/convocatoria-1.png?fit=1200%2C675&ssl=1&resize=700%2C400 2x, https:\/\/i0.wp.com\/www.entremundos.org\/revista\/wp-content\/uploads\/2019\/12\/convocatoria-1.png?fit=1200%2C675&ssl=1&resize=1050%2C600 3x"},"classes":[]},{"id":9421,"url":"https:\/\/www.entremundos.org\/revista\/uncategorized\/in-our-20th-anniversary-meet-the-entremundos-team\/?lang=en","url_meta":{"origin":8802,"position":4},"title":"In our 20th Anniversary, meet the EntreMundos team","author":"EntreMundos","date":"14 diciembre, 2021","format":false,"excerpt":"We would like to introduce you to each of the members of the EntreMundos family, their Yessica Pastor - Director Yessica has a degree in Local Environmental Management from the Universidad San Carlos de Guatemala and studied Regional Development at FLACSO. She has worked with development and human rights organizations\u2026","rel":"","context":"En \u00ab20 ANNIVERSARY OF ENTREMUNDOS\u00bb","block_context":{"text":"20 ANNIVERSARY OF ENTREMUNDOS","link":"https:\/\/www.entremundos.org\/revista\/tag\/20-anniversary-of-entremundos\/?lang=en"},"img":{"alt_text":"","src":"https:\/\/i0.wp.com\/www.entremundos.org\/revista\/wp-content\/uploads\/2021\/12\/definitivo.png?fit=1200%2C960&ssl=1&resize=350%2C200","width":350,"height":200,"srcset":"https:\/\/i0.wp.com\/www.entremundos.org\/revista\/wp-content\/uploads\/2021\/12\/definitivo.png?fit=1200%2C960&ssl=1&resize=350%2C200 1x, https:\/\/i0.wp.com\/www.entremundos.org\/revista\/wp-content\/uploads\/2021\/12\/definitivo.png?fit=1200%2C960&ssl=1&resize=525%2C300 1.5x, https:\/\/i0.wp.com\/www.entremundos.org\/revista\/wp-content\/uploads\/2021\/12\/definitivo.png?fit=1200%2C960&ssl=1&resize=700%2C400 2x, https:\/\/i0.wp.com\/www.entremundos.org\/revista\/wp-content\/uploads\/2021\/12\/definitivo.png?fit=1200%2C960&ssl=1&resize=1050%2C600 3x"},"classes":[]},{"id":9803,"url":"https:\/\/www.entremundos.org\/revista\/women\/see-you-soon\/?lang=en","url_meta":{"origin":8802,"position":5},"title":"See you soon!","author":"EntreMundos","date":"12 mayo, 2022","format":false,"excerpt":"Observing the variety of framed EntreMundos cover pages hung on the walls of our organization's headquarters makes me feel nostalgic and at the same time satisfied.\u00a0 Those title pages represent five years of work during which I've had the honor, the pleasure and the luck of having lead this publication.\u00a0\u2026","rel":"","context":"En \u00abFrontPage\u00bb","block_context":{"text":"FrontPage","link":"https:\/\/www.entremundos.org\/revista\/category\/frontpage-en\/?lang=en"},"img":{"alt_text":"","src":"https:\/\/i0.wp.com\/www.entremundos.org\/revista\/wp-content\/uploads\/2022\/05\/whatsapp-image-2022-03-07-at-9.27.52-pm-1.jpg?fit=597%2C705&ssl=1&resize=350%2C200","width":350,"height":200,"srcset":"https:\/\/i0.wp.com\/www.entremundos.org\/revista\/wp-content\/uploads\/2022\/05\/whatsapp-image-2022-03-07-at-9.27.52-pm-1.jpg?fit=597%2C705&ssl=1&resize=350%2C200 1x, https:\/\/i0.wp.com\/www.entremundos.org\/revista\/wp-content\/uploads\/2022\/05\/whatsapp-image-2022-03-07-at-9.27.52-pm-1.jpg?fit=597%2C705&ssl=1&resize=525%2C300 1.5x"},"classes":[]}],"jetpack_sharing_enabled":true,"_links":{"self":[{"href":"https:\/\/www.entremundos.org\/revista\/wp-json\/wp\/v2\/posts\/8802","targetHints":{"allow":["GET"]}}],"collection":[{"href":"https:\/\/www.entremundos.org\/revista\/wp-json\/wp\/v2\/posts"}],"about":[{"href":"https:\/\/www.entremundos.org\/revista\/wp-json\/wp\/v2\/types\/post"}],"author":[{"embeddable":true,"href":"https:\/\/www.entremundos.org\/revista\/wp-json\/wp\/v2\/users\/24"}],"replies":[{"embeddable":true,"href":"https:\/\/www.entremundos.org\/revista\/wp-json\/wp\/v2\/comments?post=8802"}],"version-history":[{"count":4,"href":"https:\/\/www.entremundos.org\/revista\/wp-json\/wp\/v2\/posts\/8802\/revisions"}],"predecessor-version":[{"id":8929,"href":"https:\/\/www.entremundos.org\/revista\/wp-json\/wp\/v2\/posts\/8802\/revisions\/8929"}],"wp:featuredmedia":[{"embeddable":true,"href":"https:\/\/www.entremundos.org\/revista\/wp-json\/wp\/v2\/media\/8803"}],"wp:attachment":[{"href":"https:\/\/www.entremundos.org\/revista\/wp-json\/wp\/v2\/media?parent=8802"}],"wp:term":[{"taxonomy":"category","embeddable":true,"href":"https:\/\/www.entremundos.org\/revista\/wp-json\/wp\/v2\/categories?post=8802"},{"taxonomy":"post_tag","embeddable":true,"href":"https:\/\/www.entremundos.org\/revista\/wp-json\/wp\/v2\/tags?post=8802"}],"curies":[{"name":"wp","href":"https:\/\/api.w.org\/{rel}","templated":true}]}}